{"id":32580,"date":"2023-05-31T12:30:38","date_gmt":"2023-05-31T10:30:38","guid":{"rendered":"https:\/\/www.proes.es\/?p=32580"},"modified":"2025-05-29T10:00:38","modified_gmt":"2025-05-29T08:00:38","slug":"diseno-definitivo-del-nuevo-muelle-y-estudios-de-clima-maritimo-de-puerto-bilwi-nicaragua","status":"publish","type":"post","link":"https:\/\/www.proes.es\/en\/diseno-definitivo-del-nuevo-muelle-y-estudios-de-clima-maritimo-de-puerto-bilwi-nicaragua\/","title":{"rendered":"Final design of the new pier and maritime climate studies of Puerto Bilwi, Nicaragua"},"content":{"rendered":"<div data-elementor-type=\"wp-post\" data-elementor-id=\"32580\" class=\"elementor elementor-32580\" data-elementor-post-type=\"post\">\n\t\t\t\t<div class=\"elementor-element elementor-element-7b0a3f7 e-flex e-con-boxed e-con e-parent\" data-id=\"7b0a3f7\" data-element_type=\"container\">\n\t\t\t\t\t<div class=\"e-con-inner\">\n\t\t\t\t<div class=\"elementor-element elementor-element-6af9f2d elementor-widget elementor-widget-image\" data-id=\"6af9f2d\" data-element_type=\"widget\" data-widget_type=\"image.default\">\n\t\t\t\t<div class=\"elementor-widget-container\">\n\t\t\t\t\t\t\t\t\t\t\t\t\t\t\t<img fetchpriority=\"high\" decoding=\"async\" width=\"1062\" height=\"708\" src=\"https:\/\/www.proes.es\/wp-content\/uploads\/2023\/05\/Muelle-de-Bilwi_puertocabezas_arquitectura1.jpg\" class=\"attachment-full size-full wp-image-42753\" alt=\"\" srcset=\"https:\/\/www.proes.es\/wp-content\/uploads\/2023\/05\/Muelle-de-Bilwi_puertocabezas_arquitectura1.jpg 1062w, https:\/\/www.proes.es\/wp-content\/uploads\/2023\/05\/Muelle-de-Bilwi_puertocabezas_arquitectura1-300x200.jpg 300w, https:\/\/www.proes.es\/wp-content\/uploads\/2023\/05\/Muelle-de-Bilwi_puertocabezas_arquitectura1-1024x683.jpg 1024w, https:\/\/www.proes.es\/wp-content\/uploads\/2023\/05\/Muelle-de-Bilwi_puertocabezas_arquitectura1-768x512.jpg 768w, https:\/\/www.proes.es\/wp-content\/uploads\/2023\/05\/Muelle-de-Bilwi_puertocabezas_arquitectura1-18x12.jpg 18w\" sizes=\"(max-width: 1062px) 100vw, 1062px\" \/>\t\t\t\t\t\t\t\t\t\t\t\t\t\t\t<\/div>\n\t\t\t\t<\/div>\n\t\t<div class=\"elementor-element elementor-element-5bd7c8d e-flex e-con-boxed e-con e-child\" data-id=\"5bd7c8d\" data-element_type=\"container\">\n\t\t\t\t\t<div class=\"e-con-inner\">\n\t\t<div class=\"elementor-element elementor-element-3af56a1 e-con-full e-flex e-con e-child\" data-id=\"3af56a1\" data-element_type=\"container\">\n\t\t<div class=\"elementor-element elementor-element-05ce0cc e-con-full e-flex e-con e-child\" data-id=\"05ce0cc\" data-element_type=\"container\">\n\t\t\t\t<div class=\"elementor-element elementor-element-626218b elementor-widget elementor-widget-text-editor\" data-id=\"626218b\" data-element_type=\"widget\" data-widget_type=\"text-editor.default\">\n\t\t\t\t<div class=\"elementor-widget-container\">\n\t\t\t\t\t\t\t\t\t<p style=\"text-align: center;\">1.058 m\u00a0<\/p>\t\t\t\t\t\t\t\t<\/div>\n\t\t\t\t<\/div>\n\t\t\t\t<div class=\"elementor-element elementor-element-3acf74b elementor-widget-divider--view-line elementor-widget elementor-widget-divider\" data-id=\"3acf74b\" data-element_type=\"widget\" data-widget_type=\"divider.default\">\n\t\t\t\t<div class=\"elementor-widget-container\">\n\t\t\t\t\t\t\t<div class=\"elementor-divider\">\n\t\t\t<span class=\"elementor-divider-separator\">\n\t\t\t\t\t\t<\/span>\n\t\t<\/div>\n\t\t\t\t\t\t<\/div>\n\t\t\t\t<\/div>\n\t\t\t\t<div class=\"elementor-element elementor-element-4b680a2 elementor-widget elementor-widget-text-editor\" data-id=\"4b680a2\" data-element_type=\"widget\" data-widget_type=\"text-editor.default\">\n\t\t\t\t<div class=\"elementor-widget-container\">\n\t\t\t\t\t\t\t\t\t<p style=\"text-align: center;\">puente de acceso<\/p>\t\t\t\t\t\t\t\t<\/div>\n\t\t\t\t<\/div>\n\t\t\t\t<\/div>\n\t\t\t\t<\/div>\n\t\t<div class=\"elementor-element elementor-element-c703096 e-con-full e-flex e-con e-child\" data-id=\"c703096\" data-element_type=\"container\">\n\t\t<div class=\"elementor-element elementor-element-ceaa728 e-con-full e-flex e-con e-child\" data-id=\"ceaa728\" data-element_type=\"container\">\n\t\t\t\t<div class=\"elementor-element elementor-element-8b6b55d elementor-widget elementor-widget-text-editor\" data-id=\"8b6b55d\" data-element_type=\"widget\" data-widget_type=\"text-editor.default\">\n\t\t\t\t<div class=\"elementor-widget-container\">\n\t\t\t\t\t\t\t\t\t<p style=\"text-align: center;\">15.000 TDW<\/p>\t\t\t\t\t\t\t\t<\/div>\n\t\t\t\t<\/div>\n\t\t\t\t<div class=\"elementor-element elementor-element-4ca0f9a elementor-widget-divider--view-line elementor-widget elementor-widget-divider\" data-id=\"4ca0f9a\" data-element_type=\"widget\" data-widget_type=\"divider.default\">\n\t\t\t\t<div class=\"elementor-widget-container\">\n\t\t\t\t\t\t\t<div class=\"elementor-divider\">\n\t\t\t<span class=\"elementor-divider-separator\">\n\t\t\t\t\t\t<\/span>\n\t\t<\/div>\n\t\t\t\t\t\t<\/div>\n\t\t\t\t<\/div>\n\t\t\t\t<div class=\"elementor-element elementor-element-ac1a16d elementor-widget elementor-widget-text-editor\" data-id=\"ac1a16d\" data-element_type=\"widget\" data-widget_type=\"text-editor.default\">\n\t\t\t\t<div class=\"elementor-widget-container\">\n\t\t\t\t\t\t\t\t\t<p style=\"text-align: center;\">muelle atraque a dos caras\u00a0<\/p>\t\t\t\t\t\t\t\t<\/div>\n\t\t\t\t<\/div>\n\t\t\t\t<\/div>\n\t\t\t\t<\/div>\n\t\t\t\t\t<\/div>\n\t\t\t\t<\/div>\n\t\t\t\t\t<\/div>\n\t\t\t\t<\/div>\n\t\t\t\t<section class=\"elementor-section elementor-top-section elementor-element elementor-element-61e6804 elementor-section-boxed elementor-section-height-default elementor-section-height-default\" data-id=\"61e6804\" data-element_type=\"section\">\n\t\t\t\t\t\t<div class=\"elementor-container elementor-column-gap-default\">\n\t\t\t\t\t<div class=\"elementor-column elementor-col-100 elementor-top-column elementor-element elementor-element-42a08a29\" data-id=\"42a08a29\" data-element_type=\"column\">\n\t\t\t<div class=\"elementor-widget-wrap elementor-element-populated\">\n\t\t\t\t\t\t<div class=\"elementor-element elementor-element-68807215 elementor-widget__width-initial elementor-widget elementor-widget-text-editor\" data-id=\"68807215\" data-element_type=\"widget\" data-widget_type=\"text-editor.default\">\n\t\t\t\t<div class=\"elementor-widget-container\">\n\t\t\t\t\t\t\t\t\t<p><span style=\"color: var( --e-global-color-text ); letter-spacing: 0px; word-spacing: 0em;\">The project for the new pier,  located in the North Atlantic Autonomous Region (RAAN), consisted of the detailed development of a 1,058-meter-long access bridge supported by metal piles with spans of 17,5 meters in length; a general cargo pier with two-sided docking for ships of up to 15.000 DWT, measuring 212 meters in length and 30 meters in width; and a hydrocarbons pier for ships of up to 5,000 DWT.<\/span><\/p><p>It is a multipurpose terminal that allows the handling of breakbulk, containerized, liquid, and bulk cargoes, and whose traffic will increase depending on the level of the port's involvement in Nicaragua's trade.<\/p><p>\u00a0<\/p><p class=\"translation-block\"><strong>Localizaci\u00f3n:<\/strong>\u00a0puerto Cabezas, Bilwi, Nicaragua<\/p><p><span style=\"color: #002f53;\"><strong>Date:<\/strong><\/span> 2011<\/p><p><span style=\"color: #002f53;\"><strong>Scope of the project:<\/strong><\/span>\u00a0Execution of Detailed Engineering. Maritime Climate Study, Completion of Wave and Current Actions, and Persistence Studies.<\/p>\t\t\t\t\t\t\t\t<\/div>\n\t\t\t\t<\/div>\n\t\t\t\t\t<\/div>\n\t\t<\/div>\n\t\t\t\t\t<\/div>\n\t\t<\/section>\n\t\t\t\t<\/div>","protected":false},"excerpt":{"rendered":"<p>1.058 m\u00a0 puente de acceso 15.000 TDW muelle atraque a dos caras\u00a0 El proyecto del nuevo muelle, localizado en la Regi\u00f3n Aut\u00f3noma del Atl\u00e1ntico Norte (RAAN), consisti\u00f3 en el desarrollo, a nivel de detalle, de un puente de acceso de 1.058 m de longitud apoyado sobre pilotes met\u00e1licos con vanos de 17,5 m de longitud; [&hellip;]<\/p>","protected":false},"author":14,"featured_media":42753,"comment_status":"closed","ping_status":"closed","sticky":false,"template":"","format":"standard","meta":{"footnotes":""},"categories":[77],"tags":[50],"class_list":["post-32580","post","type-post","status-publish","format-standard","has-post-thumbnail","hentry","category-infraestructuras-maritimas-y-fluviales","tag-nicaragua"],"yoast_head":"<!-- This site is optimized with the Yoast SEO plugin v26.8 - https:\/\/yoast.com\/product\/yoast-seo-wordpress\/ -->\n<title>Dise\u00f1o definitivo del nuevo muelle y estudios de clima mar\u00edtimo de Puerto Bilwi, Nicaragua - Proes<\/title>\n<meta name=\"robots\" content=\"index, follow, max-snippet:-1, max-image-preview:large, max-video-preview:-1\" \/>\n<link rel=\"canonical\" href=\"https:\/\/www.proes.es\/en\/diseno-definitivo-del-nuevo-muelle-y-estudios-de-clima-maritimo-de-puerto-bilwi-nicaragua\/\" \/>\n<meta property=\"og:locale\" content=\"en_GB\" \/>\n<meta property=\"og:type\" content=\"article\" \/>\n<meta property=\"og:title\" content=\"Dise\u00f1o definitivo del nuevo muelle y estudios de clima mar\u00edtimo de Puerto Bilwi, Nicaragua - Proes\" \/>\n<meta property=\"og:description\" content=\"1.058 m\u00a0 puente de acceso 15.000 TDW muelle atraque a dos caras\u00a0 El proyecto del nuevo muelle, localizado en la Regi\u00f3n Aut\u00f3noma del Atl\u00e1ntico Norte (RAAN), consisti\u00f3 en el desarrollo, a nivel de detalle, de un puente de acceso de 1.058 m de longitud apoyado sobre pilotes met\u00e1licos con vanos de 17,5 m de longitud; [&hellip;]\" \/>\n<meta property=\"og:url\" content=\"https:\/\/www.proes.es\/en\/diseno-definitivo-del-nuevo-muelle-y-estudios-de-clima-maritimo-de-puerto-bilwi-nicaragua\/\" \/>\n<meta property=\"og:site_name\" content=\"Proes\" \/>\n<meta property=\"article:published_time\" content=\"2023-05-31T10:30:38+00:00\" \/>\n<meta property=\"article:modified_time\" content=\"2025-05-29T08:00:38+00:00\" \/>\n<meta property=\"og:image\" content=\"https:\/\/www.proes.es\/wp-content\/uploads\/2023\/05\/Muelle-de-Bilwi_puertocabezas_arquitectura1.jpg\" \/>\n\t<meta property=\"og:image:width\" content=\"1062\" \/>\n\t<meta property=\"og:image:height\" content=\"708\" \/>\n\t<meta property=\"og:image:type\" content=\"image\/jpeg\" \/>\n<meta name=\"author\" content=\"Isabel.Caruana\" \/>\n<meta name=\"twitter:card\" content=\"summary_large_image\" \/>\n<meta name=\"twitter:label1\" content=\"Written by\" \/>\n\t<meta name=\"twitter:data1\" content=\"Isabel.Caruana\" \/>\n\t<meta name=\"twitter:label2\" content=\"Estimated reading time\" \/>\n\t<meta name=\"twitter:data2\" content=\"1 minute\" \/>\n<script type=\"application\/ld+json\" class=\"yoast-schema-graph\">{\"@context\":\"https:\/\/schema.org\",\"@graph\":[{\"@type\":\"Article\",\"@id\":\"https:\/\/www.proes.es\/en\/diseno-definitivo-del-nuevo-muelle-y-estudios-de-clima-maritimo-de-puerto-bilwi-nicaragua\/#article\",\"isPartOf\":{\"@id\":\"https:\/\/www.proes.es\/en\/diseno-definitivo-del-nuevo-muelle-y-estudios-de-clima-maritimo-de-puerto-bilwi-nicaragua\/\"},\"author\":{\"name\":\"Isabel.Caruana\",\"@id\":\"https:\/\/p28223.grupoamper.com\/#\/schema\/person\/36e57a12577f759f8f2836cd8fba1c03\"},\"headline\":\"Dise\u00f1o definitivo del nuevo muelle y estudios de clima mar\u00edtimo de Puerto Bilwi, Nicaragua\",\"datePublished\":\"2023-05-31T10:30:38+00:00\",\"dateModified\":\"2025-05-29T08:00:38+00:00\",\"mainEntityOfPage\":{\"@id\":\"https:\/\/www.proes.es\/en\/diseno-definitivo-del-nuevo-muelle-y-estudios-de-clima-maritimo-de-puerto-bilwi-nicaragua\/\"},\"wordCount\":183,\"publisher\":{\"@id\":\"https:\/\/p28223.grupoamper.com\/#organization\"},\"image\":{\"@id\":\"https:\/\/www.proes.es\/en\/diseno-definitivo-del-nuevo-muelle-y-estudios-de-clima-maritimo-de-puerto-bilwi-nicaragua\/#primaryimage\"},\"thumbnailUrl\":\"https:\/\/www.proes.es\/wp-content\/uploads\/2023\/05\/Muelle-de-Bilwi_puertocabezas_arquitectura1.jpg\",\"keywords\":[\"Nicaragua\"],\"articleSection\":[\"Infraestructuras mar\u00edtimas y fluviales\"],\"inLanguage\":\"en-GB\"},{\"@type\":\"WebPage\",\"@id\":\"https:\/\/www.proes.es\/en\/diseno-definitivo-del-nuevo-muelle-y-estudios-de-clima-maritimo-de-puerto-bilwi-nicaragua\/\",\"url\":\"https:\/\/www.proes.es\/en\/diseno-definitivo-del-nuevo-muelle-y-estudios-de-clima-maritimo-de-puerto-bilwi-nicaragua\/\",\"name\":\"Dise\u00f1o definitivo del nuevo muelle y estudios de clima mar\u00edtimo de Puerto Bilwi, Nicaragua - Proes\",\"isPartOf\":{\"@id\":\"https:\/\/p28223.grupoamper.com\/#website\"},\"primaryImageOfPage\":{\"@id\":\"https:\/\/www.proes.es\/en\/diseno-definitivo-del-nuevo-muelle-y-estudios-de-clima-maritimo-de-puerto-bilwi-nicaragua\/#primaryimage\"},\"image\":{\"@id\":\"https:\/\/www.proes.es\/en\/diseno-definitivo-del-nuevo-muelle-y-estudios-de-clima-maritimo-de-puerto-bilwi-nicaragua\/#primaryimage\"},\"thumbnailUrl\":\"https:\/\/www.proes.es\/wp-content\/uploads\/2023\/05\/Muelle-de-Bilwi_puertocabezas_arquitectura1.jpg\",\"datePublished\":\"2023-05-31T10:30:38+00:00\",\"dateModified\":\"2025-05-29T08:00:38+00:00\",\"breadcrumb\":{\"@id\":\"https:\/\/www.proes.es\/en\/diseno-definitivo-del-nuevo-muelle-y-estudios-de-clima-maritimo-de-puerto-bilwi-nicaragua\/#breadcrumb\"},\"inLanguage\":\"en-GB\",\"potentialAction\":[{\"@type\":\"ReadAction\",\"target\":[\"https:\/\/www.proes.es\/en\/diseno-definitivo-del-nuevo-muelle-y-estudios-de-clima-maritimo-de-puerto-bilwi-nicaragua\/\"]}]},{\"@type\":\"ImageObject\",\"inLanguage\":\"en-GB\",\"@id\":\"https:\/\/www.proes.es\/en\/diseno-definitivo-del-nuevo-muelle-y-estudios-de-clima-maritimo-de-puerto-bilwi-nicaragua\/#primaryimage\",\"url\":\"https:\/\/www.proes.es\/wp-content\/uploads\/2023\/05\/Muelle-de-Bilwi_puertocabezas_arquitectura1.jpg\",\"contentUrl\":\"https:\/\/www.proes.es\/wp-content\/uploads\/2023\/05\/Muelle-de-Bilwi_puertocabezas_arquitectura1.jpg\",\"width\":1062,\"height\":708},{\"@type\":\"BreadcrumbList\",\"@id\":\"https:\/\/www.proes.es\/en\/diseno-definitivo-del-nuevo-muelle-y-estudios-de-clima-maritimo-de-puerto-bilwi-nicaragua\/#breadcrumb\",\"itemListElement\":[{\"@type\":\"ListItem\",\"position\":1,\"name\":\"Portada\",\"item\":\"https:\/\/p28223.grupoamper.com\/\"},{\"@type\":\"ListItem\",\"position\":2,\"name\":\"Dise\u00f1o definitivo del nuevo muelle y estudios de clima mar\u00edtimo de Puerto Bilwi, Nicaragua\"}]},{\"@type\":\"WebSite\",\"@id\":\"https:\/\/p28223.grupoamper.com\/#website\",\"url\":\"https:\/\/p28223.grupoamper.com\/\",\"name\":\"Proes\",\"description\":\"\",\"publisher\":{\"@id\":\"https:\/\/p28223.grupoamper.com\/#organization\"},\"potentialAction\":[{\"@type\":\"SearchAction\",\"target\":{\"@type\":\"EntryPoint\",\"urlTemplate\":\"https:\/\/p28223.grupoamper.com\/?s={search_term_string}\"},\"query-input\":{\"@type\":\"PropertyValueSpecification\",\"valueRequired\":true,\"valueName\":\"search_term_string\"}}],\"inLanguage\":\"en-GB\"},{\"@type\":\"Organization\",\"@id\":\"https:\/\/p28223.grupoamper.com\/#organization\",\"name\":\"Proes\",\"url\":\"https:\/\/p28223.grupoamper.com\/\",\"logo\":{\"@type\":\"ImageObject\",\"inLanguage\":\"en-GB\",\"@id\":\"https:\/\/p28223.grupoamper.com\/#\/schema\/logo\/image\/\",\"url\":\"https:\/\/www.proes.es\/wp-content\/uploads\/2023\/05\/Logo-Proes.png\",\"contentUrl\":\"https:\/\/www.proes.es\/wp-content\/uploads\/2023\/05\/Logo-Proes.png\",\"width\":520,\"height\":140,\"caption\":\"Proes\"},\"image\":{\"@id\":\"https:\/\/p28223.grupoamper.com\/#\/schema\/logo\/image\/\"}},{\"@type\":\"Person\",\"@id\":\"https:\/\/p28223.grupoamper.com\/#\/schema\/person\/36e57a12577f759f8f2836cd8fba1c03\",\"name\":\"Isabel.Caruana\",\"image\":{\"@type\":\"ImageObject\",\"inLanguage\":\"en-GB\",\"@id\":\"https:\/\/p28223.grupoamper.com\/#\/schema\/person\/image\/\",\"url\":\"https:\/\/secure.gravatar.com\/avatar\/4a350cf9d30b1b93d55c0b1fca1bdc4539442248717055d1a3bb3f1d49dff91d?s=96&d=mm&r=g\",\"contentUrl\":\"https:\/\/secure.gravatar.com\/avatar\/4a350cf9d30b1b93d55c0b1fca1bdc4539442248717055d1a3bb3f1d49dff91d?s=96&d=mm&r=g\",\"caption\":\"Isabel.Caruana\"},\"sameAs\":[\"https:\/\/Proes\"],\"url\":\"https:\/\/www.proes.es\/en\/author\/isabel-caruana\/\"}]}<\/script>\n<!-- \/ Yoast SEO plugin. -->","yoast_head_json":{"title":"Dise\u00f1o definitivo del nuevo muelle y estudios de clima mar\u00edtimo de Puerto Bilwi, Nicaragua - Proes","robots":{"index":"index","follow":"follow","max-snippet":"max-snippet:-1","max-image-preview":"max-image-preview:large","max-video-preview":"max-video-preview:-1"},"canonical":"https:\/\/www.proes.es\/en\/diseno-definitivo-del-nuevo-muelle-y-estudios-de-clima-maritimo-de-puerto-bilwi-nicaragua\/","og_locale":"en_GB","og_type":"article","og_title":"Dise\u00f1o definitivo del nuevo muelle y estudios de clima mar\u00edtimo de Puerto Bilwi, Nicaragua - Proes","og_description":"1.058 m\u00a0 puente de acceso 15.000 TDW muelle atraque a dos caras\u00a0 El proyecto del nuevo muelle, localizado en la Regi\u00f3n Aut\u00f3noma del Atl\u00e1ntico Norte (RAAN), consisti\u00f3 en el desarrollo, a nivel de detalle, de un puente de acceso de 1.058 m de longitud apoyado sobre pilotes met\u00e1licos con vanos de 17,5 m de longitud; [&hellip;]","og_url":"https:\/\/www.proes.es\/en\/diseno-definitivo-del-nuevo-muelle-y-estudios-de-clima-maritimo-de-puerto-bilwi-nicaragua\/","og_site_name":"Proes","article_published_time":"2023-05-31T10:30:38+00:00","article_modified_time":"2025-05-29T08:00:38+00:00","og_image":[{"width":1062,"height":708,"url":"https:\/\/www.proes.es\/wp-content\/uploads\/2023\/05\/Muelle-de-Bilwi_puertocabezas_arquitectura1.jpg","type":"image\/jpeg"}],"author":"Isabel.Caruana","twitter_card":"summary_large_image","twitter_misc":{"Written by":"Isabel.Caruana","Estimated reading time":"1 minute"},"schema":{"@context":"https:\/\/schema.org","@graph":[{"@type":"Article","@id":"https:\/\/www.proes.es\/en\/diseno-definitivo-del-nuevo-muelle-y-estudios-de-clima-maritimo-de-puerto-bilwi-nicaragua\/#article","isPartOf":{"@id":"https:\/\/www.proes.es\/en\/diseno-definitivo-del-nuevo-muelle-y-estudios-de-clima-maritimo-de-puerto-bilwi-nicaragua\/"},"author":{"name":"Isabel.Caruana","@id":"https:\/\/p28223.grupoamper.com\/#\/schema\/person\/36e57a12577f759f8f2836cd8fba1c03"},"headline":"Dise\u00f1o definitivo del nuevo muelle y estudios de clima mar\u00edtimo de Puerto Bilwi, Nicaragua","datePublished":"2023-05-31T10:30:38+00:00","dateModified":"2025-05-29T08:00:38+00:00","mainEntityOfPage":{"@id":"https:\/\/www.proes.es\/en\/diseno-definitivo-del-nuevo-muelle-y-estudios-de-clima-maritimo-de-puerto-bilwi-nicaragua\/"},"wordCount":183,"publisher":{"@id":"https:\/\/p28223.grupoamper.com\/#organization"},"image":{"@id":"https:\/\/www.proes.es\/en\/diseno-definitivo-del-nuevo-muelle-y-estudios-de-clima-maritimo-de-puerto-bilwi-nicaragua\/#primaryimage"},"thumbnailUrl":"https:\/\/www.proes.es\/wp-content\/uploads\/2023\/05\/Muelle-de-Bilwi_puertocabezas_arquitectura1.jpg","keywords":["Nicaragua"],"articleSection":["Infraestructuras mar\u00edtimas y fluviales"],"inLanguage":"en-GB"},{"@type":"WebPage","@id":"https:\/\/www.proes.es\/en\/diseno-definitivo-del-nuevo-muelle-y-estudios-de-clima-maritimo-de-puerto-bilwi-nicaragua\/","url":"https:\/\/www.proes.es\/en\/diseno-definitivo-del-nuevo-muelle-y-estudios-de-clima-maritimo-de-puerto-bilwi-nicaragua\/","name":"Dise\u00f1o definitivo del nuevo muelle y estudios de clima mar\u00edtimo de Puerto Bilwi, Nicaragua - Proes","isPartOf":{"@id":"https:\/\/p28223.grupoamper.com\/#website"},"primaryImageOfPage":{"@id":"https:\/\/www.proes.es\/en\/diseno-definitivo-del-nuevo-muelle-y-estudios-de-clima-maritimo-de-puerto-bilwi-nicaragua\/#primaryimage"},"image":{"@id":"https:\/\/www.proes.es\/en\/diseno-definitivo-del-nuevo-muelle-y-estudios-de-clima-maritimo-de-puerto-bilwi-nicaragua\/#primaryimage"},"thumbnailUrl":"https:\/\/www.proes.es\/wp-content\/uploads\/2023\/05\/Muelle-de-Bilwi_puertocabezas_arquitectura1.jpg","datePublished":"2023-05-31T10:30:38+00:00","dateModified":"2025-05-29T08:00:38+00:00","breadcrumb":{"@id":"https:\/\/www.proes.es\/en\/diseno-definitivo-del-nuevo-muelle-y-estudios-de-clima-maritimo-de-puerto-bilwi-nicaragua\/#breadcrumb"},"inLanguage":"en-GB","potentialAction":[{"@type":"ReadAction","target":["https:\/\/www.proes.es\/en\/diseno-definitivo-del-nuevo-muelle-y-estudios-de-clima-maritimo-de-puerto-bilwi-nicaragua\/"]}]},{"@type":"ImageObject","inLanguage":"en-GB","@id":"https:\/\/www.proes.es\/en\/diseno-definitivo-del-nuevo-muelle-y-estudios-de-clima-maritimo-de-puerto-bilwi-nicaragua\/#primaryimage","url":"https:\/\/www.proes.es\/wp-content\/uploads\/2023\/05\/Muelle-de-Bilwi_puertocabezas_arquitectura1.jpg","contentUrl":"https:\/\/www.proes.es\/wp-content\/uploads\/2023\/05\/Muelle-de-Bilwi_puertocabezas_arquitectura1.jpg","width":1062,"height":708},{"@type":"BreadcrumbList","@id":"https:\/\/www.proes.es\/en\/diseno-definitivo-del-nuevo-muelle-y-estudios-de-clima-maritimo-de-puerto-bilwi-nicaragua\/#breadcrumb","itemListElement":[{"@type":"ListItem","position":1,"name":"Portada","item":"https:\/\/p28223.grupoamper.com\/"},{"@type":"ListItem","position":2,"name":"Dise\u00f1o definitivo del nuevo muelle y estudios de clima mar\u00edtimo de Puerto Bilwi, Nicaragua"}]},{"@type":"WebSite","@id":"https:\/\/p28223.grupoamper.com\/#website","url":"https:\/\/p28223.grupoamper.com\/","name":"Proes,","description":"","publisher":{"@id":"https:\/\/p28223.grupoamper.com\/#organization"},"potentialAction":[{"@type":"SearchAction","target":{"@type":"EntryPoint","urlTemplate":"https:\/\/p28223.grupoamper.com\/?s={search_term_string}"},"query-input":{"@type":"PropertyValueSpecification","valueRequired":true,"valueName":"search_term_string"}}],"inLanguage":"en-GB"},{"@type":"Organization","@id":"https:\/\/p28223.grupoamper.com\/#organization","name":"Proes,","url":"https:\/\/p28223.grupoamper.com\/","logo":{"@type":"ImageObject","inLanguage":"en-GB","@id":"https:\/\/p28223.grupoamper.com\/#\/schema\/logo\/image\/","url":"https:\/\/www.proes.es\/wp-content\/uploads\/2023\/05\/Logo-Proes.png","contentUrl":"https:\/\/www.proes.es\/wp-content\/uploads\/2023\/05\/Logo-Proes.png","width":520,"height":140,"caption":"Proes"},"image":{"@id":"https:\/\/p28223.grupoamper.com\/#\/schema\/logo\/image\/"}},{"@type":"Person","@id":"https:\/\/p28223.grupoamper.com\/#\/schema\/person\/36e57a12577f759f8f2836cd8fba1c03","name":"Isabel.Caruana","image":{"@type":"ImageObject","inLanguage":"en-GB","@id":"https:\/\/p28223.grupoamper.com\/#\/schema\/person\/image\/","url":"https:\/\/secure.gravatar.com\/avatar\/4a350cf9d30b1b93d55c0b1fca1bdc4539442248717055d1a3bb3f1d49dff91d?s=96&d=mm&r=g","contentUrl":"https:\/\/secure.gravatar.com\/avatar\/4a350cf9d30b1b93d55c0b1fca1bdc4539442248717055d1a3bb3f1d49dff91d?s=96&d=mm&r=g","caption":"Isabel.Caruana"},"sameAs":["https:\/\/Proes"],"url":"https:\/\/www.proes.es\/en\/author\/isabel-caruana\/"}]}},"_links":{"self":[{"href":"https:\/\/www.proes.es\/en\/wp-json\/wp\/v2\/posts\/32580","targetHints":{"allow":["GET"]}}],"collection":[{"href":"https:\/\/www.proes.es\/en\/wp-json\/wp\/v2\/posts"}],"about":[{"href":"https:\/\/www.proes.es\/en\/wp-json\/wp\/v2\/types\/post"}],"author":[{"embeddable":true,"href":"https:\/\/www.proes.es\/en\/wp-json\/wp\/v2\/users\/14"}],"replies":[{"embeddable":true,"href":"https:\/\/www.proes.es\/en\/wp-json\/wp\/v2\/comments?post=32580"}],"version-history":[{"count":31,"href":"https:\/\/www.proes.es\/en\/wp-json\/wp\/v2\/posts\/32580\/revisions"}],"predecessor-version":[{"id":49044,"href":"https:\/\/www.proes.es\/en\/wp-json\/wp\/v2\/posts\/32580\/revisions\/49044"}],"wp:featuredmedia":[{"embeddable":true,"href":"https:\/\/www.proes.es\/en\/wp-json\/wp\/v2\/media\/42753"}],"wp:attachment":[{"href":"https:\/\/www.proes.es\/en\/wp-json\/wp\/v2\/media?parent=32580"}],"wp:term":[{"taxonomy":"category","embeddable":true,"href":"https:\/\/www.proes.es\/en\/wp-json\/wp\/v2\/categories?post=32580"},{"taxonomy":"post_tag","embeddable":true,"href":"https:\/\/www.proes.es\/en\/wp-json\/wp\/v2\/tags?post=32580"}],"curies":[{"name":"wp","href":"https:\/\/api.w.org\/{rel}","templated":true}]}}