{"id":39665,"date":"2023-08-29T09:38:09","date_gmt":"2023-08-29T07:38:09","guid":{"rendered":"https:\/\/www.proes.es\/?p=39665"},"modified":"2024-07-03T12:33:18","modified_gmt":"2024-07-03T10:33:18","slug":"cubierta-del-palau-blau-grana","status":"publish","type":"post","link":"https:\/\/www.proes.es\/en\/cubierta-del-palau-blau-grana\/","title":{"rendered":"Roof of Palau Blau Grana"},"content":{"rendered":"<div data-elementor-type=\"wp-post\" data-elementor-id=\"39665\" class=\"elementor elementor-39665\" data-elementor-post-type=\"post\">\n\t\t\t\t<div class=\"elementor-element elementor-element-5e67f87 e-flex e-con-boxed e-con e-parent\" data-id=\"5e67f87\" data-element_type=\"container\">\n\t\t\t\t\t<div class=\"e-con-inner\">\n\t\t\t\t<div class=\"elementor-element elementor-element-8dfede0 elementor-widget elementor-widget-image\" data-id=\"8dfede0\" data-element_type=\"widget\" data-widget_type=\"image.default\">\n\t\t\t\t<div class=\"elementor-widget-container\">\n\t\t\t\t\t\t\t\t\t\t\t\t\t\t\t<img fetchpriority=\"high\" decoding=\"async\" width=\"1000\" height=\"453\" src=\"https:\/\/www.proes.es\/wp-content\/uploads\/2023\/07\/Palau-Blau-Grana.png\" class=\"attachment-full size-full wp-image-37534\" alt=\"\" srcset=\"https:\/\/www.proes.es\/wp-content\/uploads\/2023\/07\/Palau-Blau-Grana.png 1000w, https:\/\/www.proes.es\/wp-content\/uploads\/2023\/07\/Palau-Blau-Grana-300x136.png 300w, https:\/\/www.proes.es\/wp-content\/uploads\/2023\/07\/Palau-Blau-Grana-768x348.png 768w, https:\/\/www.proes.es\/wp-content\/uploads\/2023\/07\/Palau-Blau-Grana-18x8.png 18w\" sizes=\"(max-width: 1000px) 100vw, 1000px\" \/>\t\t\t\t\t\t\t\t\t\t\t\t\t\t\t<\/div>\n\t\t\t\t<\/div>\n\t\t\t\t\t<\/div>\n\t\t\t\t<\/div>\n\t\t<div class=\"elementor-element elementor-element-9dadc4f e-flex e-con-boxed e-con e-parent\" data-id=\"9dadc4f\" data-element_type=\"container\">\n\t\t\t\t\t<div class=\"e-con-inner\">\n\t\t<div class=\"elementor-element elementor-element-bb6f40d e-con-full e-flex e-con e-child\" data-id=\"bb6f40d\" data-element_type=\"container\">\n\t\t<div class=\"elementor-element elementor-element-ad69231 e-con-full e-flex e-con e-child\" data-id=\"ad69231\" data-element_type=\"container\">\n\t\t\t\t<div class=\"elementor-element elementor-element-d0805b8 elementor-widget elementor-widget-text-editor\" data-id=\"d0805b8\" data-element_type=\"widget\" data-widget_type=\"text-editor.default\">\n\t\t\t\t<div class=\"elementor-widget-container\">\n\t\t\t\t\t\t\t\t\t<p style=\"text-align: center;\">3 cm<\/p>\t\t\t\t\t\t\t\t<\/div>\n\t\t\t\t<\/div>\n\t\t\t\t<div class=\"elementor-element elementor-element-3f1f9c8 elementor-widget-divider--view-line elementor-widget elementor-widget-divider\" data-id=\"3f1f9c8\" data-element_type=\"widget\" data-widget_type=\"divider.default\">\n\t\t\t\t<div class=\"elementor-widget-container\">\n\t\t\t\t\t\t\t<div class=\"elementor-divider\">\n\t\t\t<span class=\"elementor-divider-separator\">\n\t\t\t\t\t\t<\/span>\n\t\t<\/div>\n\t\t\t\t\t\t<\/div>\n\t\t\t\t<\/div>\n\t\t\t\t<div class=\"elementor-element elementor-element-821c98d elementor-widget elementor-widget-text-editor\" data-id=\"821c98d\" data-element_type=\"widget\" data-widget_type=\"text-editor.default\">\n\t\t\t\t<div class=\"elementor-widget-container\">\n\t\t\t\t\t\t\t\t\t<p style=\"text-align: center;\">de espesor de la c\u00fapula<\/p>\t\t\t\t\t\t\t\t<\/div>\n\t\t\t\t<\/div>\n\t\t\t\t<\/div>\n\t\t\t\t<\/div>\n\t\t<div class=\"elementor-element elementor-element-d10284d e-con-full e-flex e-con e-child\" data-id=\"d10284d\" data-element_type=\"container\">\n\t\t<div class=\"elementor-element elementor-element-d35efd0 e-con-full e-flex e-con e-child\" data-id=\"d35efd0\" data-element_type=\"container\">\n\t\t\t\t<div class=\"elementor-element elementor-element-b1d0c16 elementor-widget elementor-widget-text-editor\" data-id=\"b1d0c16\" data-element_type=\"widget\" data-widget_type=\"text-editor.default\">\n\t\t\t\t<div class=\"elementor-widget-container\">\n\t\t\t\t\t\t\t\t\t<p style=\"text-align: center;\">5.696<\/p>\t\t\t\t\t\t\t\t<\/div>\n\t\t\t\t<\/div>\n\t\t\t\t<div class=\"elementor-element elementor-element-e117670 elementor-widget-divider--view-line elementor-widget elementor-widget-divider\" data-id=\"e117670\" data-element_type=\"widget\" data-widget_type=\"divider.default\">\n\t\t\t\t<div class=\"elementor-widget-container\">\n\t\t\t\t\t\t\t<div class=\"elementor-divider\">\n\t\t\t<span class=\"elementor-divider-separator\">\n\t\t\t\t\t\t<\/span>\n\t\t<\/div>\n\t\t\t\t\t\t<\/div>\n\t\t\t\t<\/div>\n\t\t\t\t<div class=\"elementor-element elementor-element-9f187f9 elementor-widget elementor-widget-text-editor\" data-id=\"9f187f9\" data-element_type=\"widget\" data-widget_type=\"text-editor.default\">\n\t\t\t\t<div class=\"elementor-widget-container\">\n\t\t\t\t\t\t\t\t\t<p style=\"text-align: center;\">espectadores (capacidad original)<\/p>\t\t\t\t\t\t\t\t<\/div>\n\t\t\t\t<\/div>\n\t\t\t\t<\/div>\n\t\t\t\t<\/div>\n\t\t\t\t\t<\/div>\n\t\t\t\t<\/div>\n\t\t\t\t<section class=\"elementor-section elementor-top-section elementor-element elementor-element-48c2fc65 elementor-section-boxed elementor-section-height-default elementor-section-height-default\" data-id=\"48c2fc65\" data-element_type=\"section\">\n\t\t\t\t\t\t<div class=\"elementor-container elementor-column-gap-default\">\n\t\t\t\t\t<div class=\"elementor-column elementor-col-100 elementor-top-column elementor-element elementor-element-7486c993\" data-id=\"7486c993\" data-element_type=\"column\">\n\t\t\t<div class=\"elementor-widget-wrap elementor-element-populated\">\n\t\t\t\t\t\t<div class=\"elementor-element elementor-element-3dfcc98a elementor-widget elementor-widget-text-editor\" data-id=\"3dfcc98a\" data-element_type=\"widget\" data-widget_type=\"text-editor.default\">\n\t\t\t\t<div class=\"elementor-widget-container\">\n\t\t\t\t\t\t\t\t\t<p>Palau Blau Grana, is an sports pavilion for Barcelona FC (Basketball) with a capacity for 6,000 spectators, and needed a cover area of \u200b\u200b5,000 m\u00b2. The architectural distribution in plan, octagon-shaped, required a structure,  supported in 8 points.<\/p><p>The chosen structure was a lowered dome. Conditions such as the execution time (four months), a reasonable cost and aesthetics, decisively influenced the chosen structure: prefabricated and lightweight concrete pieces; Only 3 cm thick, which served as formwork for subsequent concreting of the ribs, and a continuous compression layer 7 cm thick.\u00a0\u00a0<\/p><p>\u00a0<\/p><p><span style=\"color: #002f53;\"><strong>Location:<\/strong> <\/span>Palau Blau Grana, Barcelona<\/p><p><span style=\"color: #002f53;\"><strong>Date:<\/strong><\/span> 1971<\/p><p><span style=\"color: #002f53;\"><strong>Scope of the project:<\/strong><\/span> Basic and Execution projects for the dome<\/p><p><span style=\"color: #002f53;\"><strong>Significant data:<\/strong><\/span> The spherical dome has a 78 m diameter, with maximum flight visors of 3 m that had 28.7 m of light. The ribbed part corresponds to a diameter of 68.40 m.<\/p>\t\t\t\t\t\t\t\t<\/div>\n\t\t\t\t<\/div>\n\t\t\t\t\t<\/div>\n\t\t<\/div>\n\t\t\t\t\t<\/div>\n\t\t<\/section>\n\t\t\t\t<\/div>","protected":false},"excerpt":{"rendered":"<p>3 cm de espesor de la c\u00fapula 5.696 espectadores (capacidad original) El pabell\u00f3n para el Palau Blau Grana, con capacidad para 6.000 espectadores, necesitaba una cubierta de 5.000 m\u00b2 de superficie. La distribuci\u00f3n arquitect\u00f3nica en planta, con forma de oct\u00f3gono, precisaba de una estructura, obligaba al apoyo de la misma en 8 puntos. La estructura [&hellip;]<\/p>","protected":false},"author":14,"featured_media":37534,"comment_status":"closed","ping_status":"closed","sticky":false,"template":"","format":"standard","meta":{"footnotes":""},"categories":[69],"tags":[10],"class_list":["post-39665","post","type-post","status-publish","format-standard","has-post-thumbnail","hentry","category-edificacion","tag-espana"],"yoast_head":"<!-- This site is optimized with the Yoast SEO plugin v26.8 - https:\/\/yoast.com\/product\/yoast-seo-wordpress\/ -->\n<title>Cubierta del Palau Blau Grana - Proes<\/title>\n<meta name=\"robots\" content=\"index, follow, max-snippet:-1, max-image-preview:large, max-video-preview:-1\" \/>\n<link rel=\"canonical\" href=\"https:\/\/www.proes.es\/en\/cubierta-del-palau-blau-grana\/\" \/>\n<meta property=\"og:locale\" content=\"en_GB\" \/>\n<meta property=\"og:type\" content=\"article\" \/>\n<meta property=\"og:title\" content=\"Cubierta del Palau Blau Grana - Proes\" \/>\n<meta property=\"og:description\" content=\"3 cm de espesor de la c\u00fapula 5.696 espectadores (capacidad original) El pabell\u00f3n para el Palau Blau Grana, con capacidad para 6.000 espectadores, necesitaba una cubierta de 5.000 m\u00b2 de superficie. La distribuci\u00f3n arquitect\u00f3nica en planta, con forma de oct\u00f3gono, precisaba de una estructura, obligaba al apoyo de la misma en 8 puntos. La estructura [&hellip;]\" \/>\n<meta property=\"og:url\" content=\"https:\/\/www.proes.es\/en\/cubierta-del-palau-blau-grana\/\" \/>\n<meta property=\"og:site_name\" content=\"Proes\" \/>\n<meta property=\"article:published_time\" content=\"2023-08-29T07:38:09+00:00\" \/>\n<meta property=\"article:modified_time\" content=\"2024-07-03T10:33:18+00:00\" \/>\n<meta property=\"og:image\" content=\"https:\/\/www.proes.es\/wp-content\/uploads\/2023\/07\/Palau-Blau-Grana.png\" \/>\n\t<meta property=\"og:image:width\" content=\"1000\" \/>\n\t<meta property=\"og:image:height\" content=\"453\" \/>\n\t<meta property=\"og:image:type\" content=\"image\/png\" \/>\n<meta name=\"author\" content=\"Isabel.Caruana\" \/>\n<meta name=\"twitter:card\" content=\"summary_large_image\" \/>\n<meta name=\"twitter:label1\" content=\"Written by\" \/>\n\t<meta name=\"twitter:data1\" content=\"Isabel.Caruana\" \/>\n\t<meta name=\"twitter:label2\" content=\"Estimated reading time\" \/>\n\t<meta name=\"twitter:data2\" content=\"1 minute\" \/>\n<script type=\"application\/ld+json\" class=\"yoast-schema-graph\">{\"@context\":\"https:\/\/schema.org\",\"@graph\":[{\"@type\":\"Article\",\"@id\":\"https:\/\/www.proes.es\/en\/cubierta-del-palau-blau-grana\/#article\",\"isPartOf\":{\"@id\":\"https:\/\/www.proes.es\/en\/cubierta-del-palau-blau-grana\/\"},\"author\":{\"name\":\"Isabel.Caruana\",\"@id\":\"https:\/\/p28223.grupoamper.com\/en\/#\/schema\/person\/36e57a12577f759f8f2836cd8fba1c03\"},\"headline\":\"Cubierta del Palau Blau Grana\",\"datePublished\":\"2023-08-29T07:38:09+00:00\",\"dateModified\":\"2024-07-03T10:33:18+00:00\",\"mainEntityOfPage\":{\"@id\":\"https:\/\/www.proes.es\/en\/cubierta-del-palau-blau-grana\/\"},\"wordCount\":182,\"publisher\":{\"@id\":\"https:\/\/p28223.grupoamper.com\/en\/#organization\"},\"image\":{\"@id\":\"https:\/\/www.proes.es\/en\/cubierta-del-palau-blau-grana\/#primaryimage\"},\"thumbnailUrl\":\"https:\/\/www.proes.es\/wp-content\/uploads\/2023\/07\/Palau-Blau-Grana.png\",\"keywords\":[\"Espa\u00f1a\"],\"articleSection\":[\"Edificaci\u00f3n\"],\"inLanguage\":\"en-GB\"},{\"@type\":\"WebPage\",\"@id\":\"https:\/\/www.proes.es\/en\/cubierta-del-palau-blau-grana\/\",\"url\":\"https:\/\/www.proes.es\/en\/cubierta-del-palau-blau-grana\/\",\"name\":\"Cubierta del Palau Blau Grana - Proes\",\"isPartOf\":{\"@id\":\"https:\/\/p28223.grupoamper.com\/en\/#website\"},\"primaryImageOfPage\":{\"@id\":\"https:\/\/www.proes.es\/en\/cubierta-del-palau-blau-grana\/#primaryimage\"},\"image\":{\"@id\":\"https:\/\/www.proes.es\/en\/cubierta-del-palau-blau-grana\/#primaryimage\"},\"thumbnailUrl\":\"https:\/\/www.proes.es\/wp-content\/uploads\/2023\/07\/Palau-Blau-Grana.png\",\"datePublished\":\"2023-08-29T07:38:09+00:00\",\"dateModified\":\"2024-07-03T10:33:18+00:00\",\"breadcrumb\":{\"@id\":\"https:\/\/www.proes.es\/en\/cubierta-del-palau-blau-grana\/#breadcrumb\"},\"inLanguage\":\"en-GB\",\"potentialAction\":[{\"@type\":\"ReadAction\",\"target\":[\"https:\/\/www.proes.es\/en\/cubierta-del-palau-blau-grana\/\"]}]},{\"@type\":\"ImageObject\",\"inLanguage\":\"en-GB\",\"@id\":\"https:\/\/www.proes.es\/en\/cubierta-del-palau-blau-grana\/#primaryimage\",\"url\":\"https:\/\/www.proes.es\/wp-content\/uploads\/2023\/07\/Palau-Blau-Grana.png\",\"contentUrl\":\"https:\/\/www.proes.es\/wp-content\/uploads\/2023\/07\/Palau-Blau-Grana.png\",\"width\":1000,\"height\":453},{\"@type\":\"BreadcrumbList\",\"@id\":\"https:\/\/www.proes.es\/en\/cubierta-del-palau-blau-grana\/#breadcrumb\",\"itemListElement\":[{\"@type\":\"ListItem\",\"position\":1,\"name\":\"Portada\",\"item\":\"https:\/\/p28223.grupoamper.com\/en\/\"},{\"@type\":\"ListItem\",\"position\":2,\"name\":\"Cubierta del Palau Blau Grana\"}]},{\"@type\":\"WebSite\",\"@id\":\"https:\/\/p28223.grupoamper.com\/en\/#website\",\"url\":\"https:\/\/p28223.grupoamper.com\/en\/\",\"name\":\"Proes\",\"description\":\"\",\"publisher\":{\"@id\":\"https:\/\/p28223.grupoamper.com\/en\/#organization\"},\"potentialAction\":[{\"@type\":\"SearchAction\",\"target\":{\"@type\":\"EntryPoint\",\"urlTemplate\":\"https:\/\/p28223.grupoamper.com\/en\/?s={search_term_string}\"},\"query-input\":{\"@type\":\"PropertyValueSpecification\",\"valueRequired\":true,\"valueName\":\"search_term_string\"}}],\"inLanguage\":\"en-GB\"},{\"@type\":\"Organization\",\"@id\":\"https:\/\/p28223.grupoamper.com\/en\/#organization\",\"name\":\"Proes\",\"url\":\"https:\/\/p28223.grupoamper.com\/en\/\",\"logo\":{\"@type\":\"ImageObject\",\"inLanguage\":\"en-GB\",\"@id\":\"https:\/\/p28223.grupoamper.com\/en\/#\/schema\/logo\/image\/\",\"url\":\"https:\/\/www.proes.es\/wp-content\/uploads\/2023\/05\/Logo-Proes.png\",\"contentUrl\":\"https:\/\/www.proes.es\/wp-content\/uploads\/2023\/05\/Logo-Proes.png\",\"width\":520,\"height\":140,\"caption\":\"Proes\"},\"image\":{\"@id\":\"https:\/\/p28223.grupoamper.com\/en\/#\/schema\/logo\/image\/\"}},{\"@type\":\"Person\",\"@id\":\"https:\/\/p28223.grupoamper.com\/en\/#\/schema\/person\/36e57a12577f759f8f2836cd8fba1c03\",\"name\":\"Isabel.Caruana\",\"image\":{\"@type\":\"ImageObject\",\"inLanguage\":\"en-GB\",\"@id\":\"https:\/\/p28223.grupoamper.com\/en\/#\/schema\/person\/image\/\",\"url\":\"https:\/\/secure.gravatar.com\/avatar\/4a350cf9d30b1b93d55c0b1fca1bdc4539442248717055d1a3bb3f1d49dff91d?s=96&d=mm&r=g\",\"contentUrl\":\"https:\/\/secure.gravatar.com\/avatar\/4a350cf9d30b1b93d55c0b1fca1bdc4539442248717055d1a3bb3f1d49dff91d?s=96&d=mm&r=g\",\"caption\":\"Isabel.Caruana\"},\"sameAs\":[\"https:\/\/Proes\"],\"url\":\"https:\/\/www.proes.es\/en\/author\/isabel-caruana\/\"}]}<\/script>\n<!-- \/ Yoast SEO plugin. -->","yoast_head_json":{"title":"Cubierta del Palau Blau Grana - Proes","robots":{"index":"index","follow":"follow","max-snippet":"max-snippet:-1","max-image-preview":"max-image-preview:large","max-video-preview":"max-video-preview:-1"},"canonical":"https:\/\/www.proes.es\/en\/cubierta-del-palau-blau-grana\/","og_locale":"en_GB","og_type":"article","og_title":"Cubierta del Palau Blau Grana - Proes","og_description":"3 cm de espesor de la c\u00fapula 5.696 espectadores (capacidad original) El pabell\u00f3n para el Palau Blau Grana, con capacidad para 6.000 espectadores, necesitaba una cubierta de 5.000 m\u00b2 de superficie. La distribuci\u00f3n arquitect\u00f3nica en planta, con forma de oct\u00f3gono, precisaba de una estructura, obligaba al apoyo de la misma en 8 puntos. La estructura [&hellip;]","og_url":"https:\/\/www.proes.es\/en\/cubierta-del-palau-blau-grana\/","og_site_name":"Proes","article_published_time":"2023-08-29T07:38:09+00:00","article_modified_time":"2024-07-03T10:33:18+00:00","og_image":[{"width":1000,"height":453,"url":"https:\/\/www.proes.es\/wp-content\/uploads\/2023\/07\/Palau-Blau-Grana.png","type":"image\/png"}],"author":"Isabel.Caruana","twitter_card":"summary_large_image","twitter_misc":{"Written by":"Isabel.Caruana","Estimated reading time":"1 minute"},"schema":{"@context":"https:\/\/schema.org","@graph":[{"@type":"Article","@id":"https:\/\/www.proes.es\/en\/cubierta-del-palau-blau-grana\/#article","isPartOf":{"@id":"https:\/\/www.proes.es\/en\/cubierta-del-palau-blau-grana\/"},"author":{"name":"Isabel.Caruana","@id":"https:\/\/p28223.grupoamper.com\/en\/#\/schema\/person\/36e57a12577f759f8f2836cd8fba1c03"},"headline":"Cubierta del Palau Blau Grana","datePublished":"2023-08-29T07:38:09+00:00","dateModified":"2024-07-03T10:33:18+00:00","mainEntityOfPage":{"@id":"https:\/\/www.proes.es\/en\/cubierta-del-palau-blau-grana\/"},"wordCount":182,"publisher":{"@id":"https:\/\/p28223.grupoamper.com\/en\/#organization"},"image":{"@id":"https:\/\/www.proes.es\/en\/cubierta-del-palau-blau-grana\/#primaryimage"},"thumbnailUrl":"https:\/\/www.proes.es\/wp-content\/uploads\/2023\/07\/Palau-Blau-Grana.png","keywords":["Espa\u00f1a"],"articleSection":["Edificaci\u00f3n"],"inLanguage":"en-GB"},{"@type":"WebPage","@id":"https:\/\/www.proes.es\/en\/cubierta-del-palau-blau-grana\/","url":"https:\/\/www.proes.es\/en\/cubierta-del-palau-blau-grana\/","name":"Cubierta del Palau Blau Grana - Proes","isPartOf":{"@id":"https:\/\/p28223.grupoamper.com\/en\/#website"},"primaryImageOfPage":{"@id":"https:\/\/www.proes.es\/en\/cubierta-del-palau-blau-grana\/#primaryimage"},"image":{"@id":"https:\/\/www.proes.es\/en\/cubierta-del-palau-blau-grana\/#primaryimage"},"thumbnailUrl":"https:\/\/www.proes.es\/wp-content\/uploads\/2023\/07\/Palau-Blau-Grana.png","datePublished":"2023-08-29T07:38:09+00:00","dateModified":"2024-07-03T10:33:18+00:00","breadcrumb":{"@id":"https:\/\/www.proes.es\/en\/cubierta-del-palau-blau-grana\/#breadcrumb"},"inLanguage":"en-GB","potentialAction":[{"@type":"ReadAction","target":["https:\/\/www.proes.es\/en\/cubierta-del-palau-blau-grana\/"]}]},{"@type":"ImageObject","inLanguage":"en-GB","@id":"https:\/\/www.proes.es\/en\/cubierta-del-palau-blau-grana\/#primaryimage","url":"https:\/\/www.proes.es\/wp-content\/uploads\/2023\/07\/Palau-Blau-Grana.png","contentUrl":"https:\/\/www.proes.es\/wp-content\/uploads\/2023\/07\/Palau-Blau-Grana.png","width":1000,"height":453},{"@type":"BreadcrumbList","@id":"https:\/\/www.proes.es\/en\/cubierta-del-palau-blau-grana\/#breadcrumb","itemListElement":[{"@type":"ListItem","position":1,"name":"Portada","item":"https:\/\/p28223.grupoamper.com\/en\/"},{"@type":"ListItem","position":2,"name":"Cubierta del Palau Blau Grana"}]},{"@type":"WebSite","@id":"https:\/\/p28223.grupoamper.com\/en\/#website","url":"https:\/\/p28223.grupoamper.com\/en\/","name":"Proes,","description":"","publisher":{"@id":"https:\/\/p28223.grupoamper.com\/en\/#organization"},"potentialAction":[{"@type":"SearchAction","target":{"@type":"EntryPoint","urlTemplate":"https:\/\/p28223.grupoamper.com\/en\/?s={search_term_string}"},"query-input":{"@type":"PropertyValueSpecification","valueRequired":true,"valueName":"search_term_string"}}],"inLanguage":"en-GB"},{"@type":"Organization","@id":"https:\/\/p28223.grupoamper.com\/en\/#organization","name":"Proes,","url":"https:\/\/p28223.grupoamper.com\/en\/","logo":{"@type":"ImageObject","inLanguage":"en-GB","@id":"https:\/\/p28223.grupoamper.com\/en\/#\/schema\/logo\/image\/","url":"https:\/\/www.proes.es\/wp-content\/uploads\/2023\/05\/Logo-Proes.png","contentUrl":"https:\/\/www.proes.es\/wp-content\/uploads\/2023\/05\/Logo-Proes.png","width":520,"height":140,"caption":"Proes"},"image":{"@id":"https:\/\/p28223.grupoamper.com\/en\/#\/schema\/logo\/image\/"}},{"@type":"Person","@id":"https:\/\/p28223.grupoamper.com\/en\/#\/schema\/person\/36e57a12577f759f8f2836cd8fba1c03","name":"Isabel.Caruana","image":{"@type":"ImageObject","inLanguage":"en-GB","@id":"https:\/\/p28223.grupoamper.com\/en\/#\/schema\/person\/image\/","url":"https:\/\/secure.gravatar.com\/avatar\/4a350cf9d30b1b93d55c0b1fca1bdc4539442248717055d1a3bb3f1d49dff91d?s=96&d=mm&r=g","contentUrl":"https:\/\/secure.gravatar.com\/avatar\/4a350cf9d30b1b93d55c0b1fca1bdc4539442248717055d1a3bb3f1d49dff91d?s=96&d=mm&r=g","caption":"Isabel.Caruana"},"sameAs":["https:\/\/Proes"],"url":"https:\/\/www.proes.es\/en\/author\/isabel-caruana\/"}]}},"_links":{"self":[{"href":"https:\/\/www.proes.es\/en\/wp-json\/wp\/v2\/posts\/39665","targetHints":{"allow":["GET"]}}],"collection":[{"href":"https:\/\/www.proes.es\/en\/wp-json\/wp\/v2\/posts"}],"about":[{"href":"https:\/\/www.proes.es\/en\/wp-json\/wp\/v2\/types\/post"}],"author":[{"embeddable":true,"href":"https:\/\/www.proes.es\/en\/wp-json\/wp\/v2\/users\/14"}],"replies":[{"embeddable":true,"href":"https:\/\/www.proes.es\/en\/wp-json\/wp\/v2\/comments?post=39665"}],"version-history":[{"count":16,"href":"https:\/\/www.proes.es\/en\/wp-json\/wp\/v2\/posts\/39665\/revisions"}],"predecessor-version":[{"id":48762,"href":"https:\/\/www.proes.es\/en\/wp-json\/wp\/v2\/posts\/39665\/revisions\/48762"}],"wp:featuredmedia":[{"embeddable":true,"href":"https:\/\/www.proes.es\/en\/wp-json\/wp\/v2\/media\/37534"}],"wp:attachment":[{"href":"https:\/\/www.proes.es\/en\/wp-json\/wp\/v2\/media?parent=39665"}],"wp:term":[{"taxonomy":"category","embeddable":true,"href":"https:\/\/www.proes.es\/en\/wp-json\/wp\/v2\/categories?post=39665"},{"taxonomy":"post_tag","embeddable":true,"href":"https:\/\/www.proes.es\/en\/wp-json\/wp\/v2\/tags?post=39665"}],"curies":[{"name":"wp","href":"https:\/\/api.w.org\/{rel}","templated":true}]}}