{"id":40312,"date":"2023-09-01T11:25:55","date_gmt":"2023-09-01T09:25:55","guid":{"rendered":"https:\/\/www.proes.es\/?p=40312"},"modified":"2025-06-03T10:03:44","modified_gmt":"2025-06-03T08:03:44","slug":"planta-de-ensamblaje-de-estructuras-de-energia-eolica-en-el-puerto-de-ferrol","status":"publish","type":"post","link":"https:\/\/www.proes.es\/en\/planta-de-ensamblaje-de-estructuras-de-energia-eolica-en-el-puerto-de-ferrol\/","title":{"rendered":"Assembly plant for wind energy structures in the port of Ferrol"},"content":{"rendered":"<div data-elementor-type=\"wp-post\" data-elementor-id=\"40312\" class=\"elementor elementor-40312\" data-elementor-post-type=\"post\">\n\t\t\t\t<div class=\"elementor-element elementor-element-3cdfe8a e-flex e-con-boxed e-con e-parent\" data-id=\"3cdfe8a\" data-element_type=\"container\">\n\t\t\t\t\t<div class=\"e-con-inner\">\n\t\t\t\t<div class=\"elementor-element elementor-element-13ef1ec elementor-widget elementor-widget-image\" data-id=\"13ef1ec\" data-element_type=\"widget\" data-widget_type=\"image.default\">\n\t\t\t\t<div class=\"elementor-widget-container\">\n\t\t\t\t\t\t\t\t\t\t\t\t\t\t\t<img fetchpriority=\"high\" decoding=\"async\" width=\"1280\" height=\"720\" src=\"https:\/\/www.proes.es\/wp-content\/uploads\/2023\/09\/ferrol-offshore.jpg\" class=\"attachment-full size-full wp-image-41780\" alt=\"\" srcset=\"https:\/\/www.proes.es\/wp-content\/uploads\/2023\/09\/ferrol-offshore.jpg 1280w, https:\/\/www.proes.es\/wp-content\/uploads\/2023\/09\/ferrol-offshore-300x169.jpg 300w, https:\/\/www.proes.es\/wp-content\/uploads\/2023\/09\/ferrol-offshore-1024x576.jpg 1024w, https:\/\/www.proes.es\/wp-content\/uploads\/2023\/09\/ferrol-offshore-768x432.jpg 768w, https:\/\/www.proes.es\/wp-content\/uploads\/2023\/09\/ferrol-offshore-18x10.jpg 18w\" sizes=\"(max-width: 1280px) 100vw, 1280px\" \/>\t\t\t\t\t\t\t\t\t\t\t\t\t\t\t<\/div>\n\t\t\t\t<\/div>\n\t\t\t\t\t<\/div>\n\t\t\t\t<\/div>\n\t\t<div class=\"elementor-element elementor-element-c51584c e-flex e-con-boxed e-con e-parent\" data-id=\"c51584c\" data-element_type=\"container\">\n\t\t\t\t\t<div class=\"e-con-inner\">\n\t\t<div class=\"elementor-element elementor-element-bf738c7 e-con-full e-flex e-con e-child\" data-id=\"bf738c7\" data-element_type=\"container\">\n\t\t<div class=\"elementor-element elementor-element-048dacf e-con-full e-flex e-con e-child\" data-id=\"048dacf\" data-element_type=\"container\">\n\t\t\t\t<div class=\"elementor-element elementor-element-567c2bd elementor-widget elementor-widget-text-editor\" data-id=\"567c2bd\" data-element_type=\"widget\" data-widget_type=\"text-editor.default\">\n\t\t\t\t<div class=\"elementor-widget-container\">\n\t\t\t\t\t\t\t\t\t<p style=\"text-align: center;\">75.000 m\u00b2<\/p>\t\t\t\t\t\t\t\t<\/div>\n\t\t\t\t<\/div>\n\t\t\t\t<div class=\"elementor-element elementor-element-4450362 elementor-widget-divider--view-line elementor-widget elementor-widget-divider\" data-id=\"4450362\" data-element_type=\"widget\" data-widget_type=\"divider.default\">\n\t\t\t\t<div class=\"elementor-widget-container\">\n\t\t\t\t\t\t\t<div class=\"elementor-divider\">\n\t\t\t<span class=\"elementor-divider-separator\">\n\t\t\t\t\t\t<\/span>\n\t\t<\/div>\n\t\t\t\t\t\t<\/div>\n\t\t\t\t<\/div>\n\t\t\t\t<div class=\"elementor-element elementor-element-421fe0a elementor-widget elementor-widget-text-editor\" data-id=\"421fe0a\" data-element_type=\"widget\" data-widget_type=\"text-editor.default\">\n\t\t\t\t<div class=\"elementor-widget-container\">\n\t\t\t\t\t\t\t\t\t<p style=\"text-align: center;\">total surface area<\/p>\t\t\t\t\t\t\t\t<\/div>\n\t\t\t\t<\/div>\n\t\t\t\t<\/div>\n\t\t\t\t<\/div>\n\t\t<div class=\"elementor-element elementor-element-83a1ab0 e-con-full e-flex e-con e-child\" data-id=\"83a1ab0\" data-element_type=\"container\">\n\t\t<div class=\"elementor-element elementor-element-23af81c e-con-full e-flex e-con e-child\" data-id=\"23af81c\" data-element_type=\"container\">\n\t\t\t\t<div class=\"elementor-element elementor-element-c985aed elementor-widget elementor-widget-text-editor\" data-id=\"c985aed\" data-element_type=\"widget\" data-widget_type=\"text-editor.default\">\n\t\t\t\t<div class=\"elementor-widget-container\">\n\t\t\t\t\t\t\t\t\t<p style=\"text-align: center;\">400<\/p>\t\t\t\t\t\t\t\t<\/div>\n\t\t\t\t<\/div>\n\t\t\t\t<div class=\"elementor-element elementor-element-519b1d7 elementor-widget-divider--view-line elementor-widget elementor-widget-divider\" data-id=\"519b1d7\" data-element_type=\"widget\" data-widget_type=\"divider.default\">\n\t\t\t\t<div class=\"elementor-widget-container\">\n\t\t\t\t\t\t\t<div class=\"elementor-divider\">\n\t\t\t<span class=\"elementor-divider-separator\">\n\t\t\t\t\t\t<\/span>\n\t\t<\/div>\n\t\t\t\t\t\t<\/div>\n\t\t\t\t<\/div>\n\t\t\t\t<div class=\"elementor-element elementor-element-d74b609 elementor-widget elementor-widget-text-editor\" data-id=\"d74b609\" data-element_type=\"widget\" data-widget_type=\"text-editor.default\">\n\t\t\t\t<div class=\"elementor-widget-container\">\n\t\t\t\t\t\t\t\t\t<p style=\"text-align: center;\">nuevos puestos de trabajo<\/p>\t\t\t\t\t\t\t\t<\/div>\n\t\t\t\t<\/div>\n\t\t\t\t<\/div>\n\t\t\t\t<\/div>\n\t\t\t\t\t<\/div>\n\t\t\t\t<\/div>\n\t\t\t\t<section class=\"elementor-section elementor-top-section elementor-element elementor-element-c4062e elementor-section-boxed elementor-section-height-default elementor-section-height-default\" data-id=\"c4062e\" data-element_type=\"section\">\n\t\t\t\t\t\t<div class=\"elementor-container elementor-column-gap-default\">\n\t\t\t\t\t<div class=\"elementor-column elementor-col-100 elementor-top-column elementor-element elementor-element-44854256\" data-id=\"44854256\" data-element_type=\"column\">\n\t\t\t<div class=\"elementor-widget-wrap elementor-element-populated\">\n\t\t\t\t\t\t<div class=\"elementor-element elementor-element-1145e5e elementor-widget elementor-widget-text-editor\" data-id=\"1145e5e\" data-element_type=\"widget\" data-widget_type=\"text-editor.default\">\n\t\t\t\t<div class=\"elementor-widget-container\">\n\t\t\t\t\t\t\t\t\t<p>The project involves the construction of an assembly plant for offshore wind turbine structures for the company Nervi\u00f3n at the facilities of the Ferrol Outer Port.<\/p><p>Proes develops the engineering part, including both the project drafting phase (basic, execution and activity project) and the construction phase (project management, execution management and health and safety coordination).<\/p><p>\u00a0<\/p><p><span style=\"color: #002f53;\"><strong>Location:<\/strong> <\/span>Ferrol outer harbour, La Coru\u00f1a<\/p><p><span style=\"color: #002f53;\"><strong>Date:<\/strong><\/span> 2022<\/p><p><span style=\"color: #002f53;\"><strong>Scope of the project:<\/strong><\/span>\u00a0<span style=\"color: var( --e-global-color-text ); letter-spacing: 0px; word-spacing: 0em;\">Basic, Execution, and Activity Project\u00a0<\/span><span style=\"color: var( --e-global-color-text ); letter-spacing: 0px; word-spacing: 0em;\">works and execution management, health and safety coordination<\/span><\/p>\t\t\t\t\t\t\t\t<\/div>\n\t\t\t\t<\/div>\n\t\t\t\t\t<\/div>\n\t\t<\/div>\n\t\t\t\t\t<\/div>\n\t\t<\/section>\n\t\t\t\t<\/div>","protected":false},"excerpt":{"rendered":"<p>75.000 m\u00b2 superficie total 400 nuevos puestos de trabajo El proyecto desarrolla la construcci\u00f3n de una planta de ensamblaje de estructuras de e\u00f3lica marina para la empresa Nervi\u00f3n en las instalaciones del Puerto Exterior de Ferrol. Proes desarrolla la ingenier\u00eda, incluyendo tanto la fase de redacci\u00f3n de proyecto (proyecto b\u00e1sico, de ejecuci\u00f3n y de actividad), [&hellip;]<\/p>","protected":false},"author":13,"featured_media":41780,"comment_status":"closed","ping_status":"closed","sticky":false,"template":"","format":"standard","meta":{"footnotes":""},"categories":[69],"tags":[10],"class_list":["post-40312","post","type-post","status-publish","format-standard","has-post-thumbnail","hentry","category-edificacion","tag-espana"],"yoast_head":"<!-- This site is optimized with the Yoast SEO plugin v26.8 - https:\/\/yoast.com\/product\/yoast-seo-wordpress\/ -->\n<title>Planta de ensamblaje de estructuras de energ\u00eda e\u00f3lica en el puerto de Ferrol - Proes<\/title>\n<meta name=\"robots\" content=\"index, follow, max-snippet:-1, max-image-preview:large, max-video-preview:-1\" \/>\n<link rel=\"canonical\" href=\"https:\/\/www.proes.es:443\/en\/planta-de-ensamblaje-de-estructuras-de-energia-eolica-en-el-puerto-de-ferrol\/\" \/>\n<meta property=\"og:locale\" content=\"en_GB\" \/>\n<meta property=\"og:type\" content=\"article\" \/>\n<meta property=\"og:title\" content=\"Planta de ensamblaje de estructuras de energ\u00eda e\u00f3lica en el puerto de Ferrol - Proes\" \/>\n<meta property=\"og:description\" content=\"75.000 m\u00b2 superficie total 400 nuevos puestos de trabajo El proyecto desarrolla la construcci\u00f3n de una planta de ensamblaje de estructuras de e\u00f3lica marina para la empresa Nervi\u00f3n en las instalaciones del Puerto Exterior de Ferrol. Proes desarrolla la ingenier\u00eda, incluyendo tanto la fase de redacci\u00f3n de proyecto (proyecto b\u00e1sico, de ejecuci\u00f3n y de actividad), [&hellip;]\" \/>\n<meta property=\"og:url\" content=\"https:\/\/www.proes.es:443\/en\/planta-de-ensamblaje-de-estructuras-de-energia-eolica-en-el-puerto-de-ferrol\/\" \/>\n<meta property=\"og:site_name\" content=\"Proes\" \/>\n<meta property=\"article:published_time\" content=\"2023-09-01T09:25:55+00:00\" \/>\n<meta property=\"article:modified_time\" content=\"2025-06-03T08:03:44+00:00\" \/>\n<meta property=\"og:image\" content=\"https:\/\/www.proes.es:443\/wp-content\/uploads\/2023\/09\/ferrol-offshore.jpg\" \/>\n\t<meta property=\"og:image:width\" content=\"1280\" \/>\n\t<meta property=\"og:image:height\" content=\"720\" \/>\n\t<meta property=\"og:image:type\" content=\"image\/jpeg\" \/>\n<meta name=\"author\" content=\"Maria Victoria Del Pozo Vindel\" \/>\n<meta name=\"twitter:card\" content=\"summary_large_image\" \/>\n<meta name=\"twitter:label1\" content=\"Written by\" \/>\n\t<meta name=\"twitter:data1\" content=\"Maria Victoria Del Pozo Vindel\" \/>\n\t<meta name=\"twitter:label2\" content=\"Estimated reading time\" \/>\n\t<meta name=\"twitter:data2\" content=\"1 minute\" \/>\n<script type=\"application\/ld+json\" class=\"yoast-schema-graph\">{\"@context\":\"https:\/\/schema.org\",\"@graph\":[{\"@type\":\"Article\",\"@id\":\"https:\/\/www.proes.es:443\/planta-de-ensamblaje-de-estructuras-de-energia-eolica-en-el-puerto-de-ferrol\/#article\",\"isPartOf\":{\"@id\":\"https:\/\/www.proes.es:443\/planta-de-ensamblaje-de-estructuras-de-energia-eolica-en-el-puerto-de-ferrol\/\"},\"author\":{\"name\":\"Maria Victoria Del Pozo Vindel\",\"@id\":\"https:\/\/p28223.grupoamper.com\/en\/#\/schema\/person\/97e415e7296dfb24d5c9c8cca875e830\"},\"headline\":\"Planta de ensamblaje de estructuras de energ\u00eda e\u00f3lica en el puerto de Ferrol\",\"datePublished\":\"2023-09-01T09:25:55+00:00\",\"dateModified\":\"2025-06-03T08:03:44+00:00\",\"mainEntityOfPage\":{\"@id\":\"https:\/\/www.proes.es:443\/planta-de-ensamblaje-de-estructuras-de-energia-eolica-en-el-puerto-de-ferrol\/\"},\"wordCount\":134,\"publisher\":{\"@id\":\"https:\/\/p28223.grupoamper.com\/en\/#organization\"},\"image\":{\"@id\":\"https:\/\/www.proes.es:443\/planta-de-ensamblaje-de-estructuras-de-energia-eolica-en-el-puerto-de-ferrol\/#primaryimage\"},\"thumbnailUrl\":\"https:\/\/www.proes.es\/wp-content\/uploads\/2023\/09\/ferrol-offshore.jpg\",\"keywords\":[\"Espa\u00f1a\"],\"articleSection\":[\"Edificaci\u00f3n\"],\"inLanguage\":\"en-GB\"},{\"@type\":\"WebPage\",\"@id\":\"https:\/\/www.proes.es:443\/planta-de-ensamblaje-de-estructuras-de-energia-eolica-en-el-puerto-de-ferrol\/\",\"url\":\"https:\/\/www.proes.es:443\/planta-de-ensamblaje-de-estructuras-de-energia-eolica-en-el-puerto-de-ferrol\/\",\"name\":\"Planta de ensamblaje de estructuras de energ\u00eda e\u00f3lica en el puerto de Ferrol - Proes\",\"isPartOf\":{\"@id\":\"https:\/\/p28223.grupoamper.com\/en\/#website\"},\"primaryImageOfPage\":{\"@id\":\"https:\/\/www.proes.es:443\/planta-de-ensamblaje-de-estructuras-de-energia-eolica-en-el-puerto-de-ferrol\/#primaryimage\"},\"image\":{\"@id\":\"https:\/\/www.proes.es:443\/planta-de-ensamblaje-de-estructuras-de-energia-eolica-en-el-puerto-de-ferrol\/#primaryimage\"},\"thumbnailUrl\":\"https:\/\/www.proes.es\/wp-content\/uploads\/2023\/09\/ferrol-offshore.jpg\",\"datePublished\":\"2023-09-01T09:25:55+00:00\",\"dateModified\":\"2025-06-03T08:03:44+00:00\",\"breadcrumb\":{\"@id\":\"https:\/\/www.proes.es:443\/planta-de-ensamblaje-de-estructuras-de-energia-eolica-en-el-puerto-de-ferrol\/#breadcrumb\"},\"inLanguage\":\"en-GB\",\"potentialAction\":[{\"@type\":\"ReadAction\",\"target\":[\"https:\/\/www.proes.es:443\/planta-de-ensamblaje-de-estructuras-de-energia-eolica-en-el-puerto-de-ferrol\/\"]}]},{\"@type\":\"ImageObject\",\"inLanguage\":\"en-GB\",\"@id\":\"https:\/\/www.proes.es:443\/planta-de-ensamblaje-de-estructuras-de-energia-eolica-en-el-puerto-de-ferrol\/#primaryimage\",\"url\":\"https:\/\/www.proes.es\/wp-content\/uploads\/2023\/09\/ferrol-offshore.jpg\",\"contentUrl\":\"https:\/\/www.proes.es\/wp-content\/uploads\/2023\/09\/ferrol-offshore.jpg\",\"width\":1280,\"height\":720},{\"@type\":\"BreadcrumbList\",\"@id\":\"https:\/\/www.proes.es:443\/planta-de-ensamblaje-de-estructuras-de-energia-eolica-en-el-puerto-de-ferrol\/#breadcrumb\",\"itemListElement\":[{\"@type\":\"ListItem\",\"position\":1,\"name\":\"Portada\",\"item\":\"https:\/\/p28223.grupoamper.com\/en\/\"},{\"@type\":\"ListItem\",\"position\":2,\"name\":\"Planta de ensamblaje de estructuras de energ\u00eda e\u00f3lica en el puerto de Ferrol\"}]},{\"@type\":\"WebSite\",\"@id\":\"https:\/\/p28223.grupoamper.com\/en\/#website\",\"url\":\"https:\/\/p28223.grupoamper.com\/en\/\",\"name\":\"Proes\",\"description\":\"\",\"publisher\":{\"@id\":\"https:\/\/p28223.grupoamper.com\/en\/#organization\"},\"potentialAction\":[{\"@type\":\"SearchAction\",\"target\":{\"@type\":\"EntryPoint\",\"urlTemplate\":\"https:\/\/p28223.grupoamper.com\/en\/?s={search_term_string}\"},\"query-input\":{\"@type\":\"PropertyValueSpecification\",\"valueRequired\":true,\"valueName\":\"search_term_string\"}}],\"inLanguage\":\"en-GB\"},{\"@type\":\"Organization\",\"@id\":\"https:\/\/p28223.grupoamper.com\/en\/#organization\",\"name\":\"Proes\",\"url\":\"https:\/\/p28223.grupoamper.com\/en\/\",\"logo\":{\"@type\":\"ImageObject\",\"inLanguage\":\"en-GB\",\"@id\":\"https:\/\/p28223.grupoamper.com\/en\/#\/schema\/logo\/image\/\",\"url\":\"https:\/\/www.proes.es\/wp-content\/uploads\/2023\/05\/Logo-Proes.png\",\"contentUrl\":\"https:\/\/www.proes.es\/wp-content\/uploads\/2023\/05\/Logo-Proes.png\",\"width\":520,\"height\":140,\"caption\":\"Proes\"},\"image\":{\"@id\":\"https:\/\/p28223.grupoamper.com\/en\/#\/schema\/logo\/image\/\"}},{\"@type\":\"Person\",\"@id\":\"https:\/\/p28223.grupoamper.com\/en\/#\/schema\/person\/97e415e7296dfb24d5c9c8cca875e830\",\"name\":\"Maria Victoria Del Pozo Vindel\",\"image\":{\"@type\":\"ImageObject\",\"inLanguage\":\"en-GB\",\"@id\":\"https:\/\/p28223.grupoamper.com\/en\/#\/schema\/person\/image\/\",\"url\":\"https:\/\/secure.gravatar.com\/avatar\/c8eb3a2abdf0e175fcb40a96a47283720040014ac5fb9b6ea4658d8d6b726bda?s=96&d=mm&r=g\",\"contentUrl\":\"https:\/\/secure.gravatar.com\/avatar\/c8eb3a2abdf0e175fcb40a96a47283720040014ac5fb9b6ea4658d8d6b726bda?s=96&d=mm&r=g\",\"caption\":\"Maria Victoria Del Pozo Vindel\"},\"sameAs\":[\"https:\/\/Proes\"],\"url\":\"https:\/\/www.proes.es\/en\/author\/marivi-pozo\/\"}]}<\/script>\n<!-- \/ Yoast SEO plugin. -->","yoast_head_json":{"title":"Planta de ensamblaje de estructuras de energ\u00eda e\u00f3lica en el puerto de Ferrol - Proes","robots":{"index":"index","follow":"follow","max-snippet":"max-snippet:-1","max-image-preview":"max-image-preview:large","max-video-preview":"max-video-preview:-1"},"canonical":"https:\/\/www.proes.es:443\/en\/planta-de-ensamblaje-de-estructuras-de-energia-eolica-en-el-puerto-de-ferrol\/","og_locale":"en_GB","og_type":"article","og_title":"Planta de ensamblaje de estructuras de energ\u00eda e\u00f3lica en el puerto de Ferrol - Proes","og_description":"75.000 m\u00b2 superficie total 400 nuevos puestos de trabajo El proyecto desarrolla la construcci\u00f3n de una planta de ensamblaje de estructuras de e\u00f3lica marina para la empresa Nervi\u00f3n en las instalaciones del Puerto Exterior de Ferrol. Proes desarrolla la ingenier\u00eda, incluyendo tanto la fase de redacci\u00f3n de proyecto (proyecto b\u00e1sico, de ejecuci\u00f3n y de actividad), [&hellip;]","og_url":"https:\/\/www.proes.es:443\/en\/planta-de-ensamblaje-de-estructuras-de-energia-eolica-en-el-puerto-de-ferrol\/","og_site_name":"Proes","article_published_time":"2023-09-01T09:25:55+00:00","article_modified_time":"2025-06-03T08:03:44+00:00","og_image":[{"width":1280,"height":720,"url":"https:\/\/www.proes.es:443\/wp-content\/uploads\/2023\/09\/ferrol-offshore.jpg","type":"image\/jpeg"}],"author":"Maria Victoria Del Pozo Vindel","twitter_card":"summary_large_image","twitter_misc":{"Written by":"Maria Victoria Del Pozo Vindel","Estimated reading time":"1 minute"},"schema":{"@context":"https:\/\/schema.org","@graph":[{"@type":"Article","@id":"https:\/\/www.proes.es:443\/planta-de-ensamblaje-de-estructuras-de-energia-eolica-en-el-puerto-de-ferrol\/#article","isPartOf":{"@id":"https:\/\/www.proes.es:443\/planta-de-ensamblaje-de-estructuras-de-energia-eolica-en-el-puerto-de-ferrol\/"},"author":{"name":"Maria Victoria Del Pozo Vindel","@id":"https:\/\/p28223.grupoamper.com\/en\/#\/schema\/person\/97e415e7296dfb24d5c9c8cca875e830"},"headline":"Planta de ensamblaje de estructuras de energ\u00eda e\u00f3lica en el puerto de Ferrol","datePublished":"2023-09-01T09:25:55+00:00","dateModified":"2025-06-03T08:03:44+00:00","mainEntityOfPage":{"@id":"https:\/\/www.proes.es:443\/planta-de-ensamblaje-de-estructuras-de-energia-eolica-en-el-puerto-de-ferrol\/"},"wordCount":134,"publisher":{"@id":"https:\/\/p28223.grupoamper.com\/en\/#organization"},"image":{"@id":"https:\/\/www.proes.es:443\/planta-de-ensamblaje-de-estructuras-de-energia-eolica-en-el-puerto-de-ferrol\/#primaryimage"},"thumbnailUrl":"https:\/\/www.proes.es\/wp-content\/uploads\/2023\/09\/ferrol-offshore.jpg","keywords":["Espa\u00f1a"],"articleSection":["Edificaci\u00f3n"],"inLanguage":"en-GB"},{"@type":"WebPage","@id":"https:\/\/www.proes.es:443\/planta-de-ensamblaje-de-estructuras-de-energia-eolica-en-el-puerto-de-ferrol\/","url":"https:\/\/www.proes.es:443\/planta-de-ensamblaje-de-estructuras-de-energia-eolica-en-el-puerto-de-ferrol\/","name":"Planta de ensamblaje de estructuras de energ\u00eda e\u00f3lica en el puerto de Ferrol - Proes","isPartOf":{"@id":"https:\/\/p28223.grupoamper.com\/en\/#website"},"primaryImageOfPage":{"@id":"https:\/\/www.proes.es:443\/planta-de-ensamblaje-de-estructuras-de-energia-eolica-en-el-puerto-de-ferrol\/#primaryimage"},"image":{"@id":"https:\/\/www.proes.es:443\/planta-de-ensamblaje-de-estructuras-de-energia-eolica-en-el-puerto-de-ferrol\/#primaryimage"},"thumbnailUrl":"https:\/\/www.proes.es\/wp-content\/uploads\/2023\/09\/ferrol-offshore.jpg","datePublished":"2023-09-01T09:25:55+00:00","dateModified":"2025-06-03T08:03:44+00:00","breadcrumb":{"@id":"https:\/\/www.proes.es:443\/planta-de-ensamblaje-de-estructuras-de-energia-eolica-en-el-puerto-de-ferrol\/#breadcrumb"},"inLanguage":"en-GB","potentialAction":[{"@type":"ReadAction","target":["https:\/\/www.proes.es:443\/planta-de-ensamblaje-de-estructuras-de-energia-eolica-en-el-puerto-de-ferrol\/"]}]},{"@type":"ImageObject","inLanguage":"en-GB","@id":"https:\/\/www.proes.es:443\/planta-de-ensamblaje-de-estructuras-de-energia-eolica-en-el-puerto-de-ferrol\/#primaryimage","url":"https:\/\/www.proes.es\/wp-content\/uploads\/2023\/09\/ferrol-offshore.jpg","contentUrl":"https:\/\/www.proes.es\/wp-content\/uploads\/2023\/09\/ferrol-offshore.jpg","width":1280,"height":720},{"@type":"BreadcrumbList","@id":"https:\/\/www.proes.es:443\/planta-de-ensamblaje-de-estructuras-de-energia-eolica-en-el-puerto-de-ferrol\/#breadcrumb","itemListElement":[{"@type":"ListItem","position":1,"name":"Portada","item":"https:\/\/p28223.grupoamper.com\/en\/"},{"@type":"ListItem","position":2,"name":"Planta de ensamblaje de estructuras de energ\u00eda e\u00f3lica en el puerto de Ferrol"}]},{"@type":"WebSite","@id":"https:\/\/p28223.grupoamper.com\/en\/#website","url":"https:\/\/p28223.grupoamper.com\/en\/","name":"Proes,","description":"","publisher":{"@id":"https:\/\/p28223.grupoamper.com\/en\/#organization"},"potentialAction":[{"@type":"SearchAction","target":{"@type":"EntryPoint","urlTemplate":"https:\/\/p28223.grupoamper.com\/en\/?s={search_term_string}"},"query-input":{"@type":"PropertyValueSpecification","valueRequired":true,"valueName":"search_term_string"}}],"inLanguage":"en-GB"},{"@type":"Organization","@id":"https:\/\/p28223.grupoamper.com\/en\/#organization","name":"Proes,","url":"https:\/\/p28223.grupoamper.com\/en\/","logo":{"@type":"ImageObject","inLanguage":"en-GB","@id":"https:\/\/p28223.grupoamper.com\/en\/#\/schema\/logo\/image\/","url":"https:\/\/www.proes.es\/wp-content\/uploads\/2023\/05\/Logo-Proes.png","contentUrl":"https:\/\/www.proes.es\/wp-content\/uploads\/2023\/05\/Logo-Proes.png","width":520,"height":140,"caption":"Proes"},"image":{"@id":"https:\/\/p28223.grupoamper.com\/en\/#\/schema\/logo\/image\/"}},{"@type":"Person","@id":"https:\/\/p28223.grupoamper.com\/en\/#\/schema\/person\/97e415e7296dfb24d5c9c8cca875e830","name":"Maria Victoria Del Pozo Vindel","image":{"@type":"ImageObject","inLanguage":"en-GB","@id":"https:\/\/p28223.grupoamper.com\/en\/#\/schema\/person\/image\/","url":"https:\/\/secure.gravatar.com\/avatar\/c8eb3a2abdf0e175fcb40a96a47283720040014ac5fb9b6ea4658d8d6b726bda?s=96&d=mm&r=g","contentUrl":"https:\/\/secure.gravatar.com\/avatar\/c8eb3a2abdf0e175fcb40a96a47283720040014ac5fb9b6ea4658d8d6b726bda?s=96&d=mm&r=g","caption":"Maria Victoria Del Pozo Vindel"},"sameAs":["https:\/\/Proes"],"url":"https:\/\/www.proes.es\/en\/author\/marivi-pozo\/"}]}},"_links":{"self":[{"href":"https:\/\/www.proes.es\/en\/wp-json\/wp\/v2\/posts\/40312","targetHints":{"allow":["GET"]}}],"collection":[{"href":"https:\/\/www.proes.es\/en\/wp-json\/wp\/v2\/posts"}],"about":[{"href":"https:\/\/www.proes.es\/en\/wp-json\/wp\/v2\/types\/post"}],"author":[{"embeddable":true,"href":"https:\/\/www.proes.es\/en\/wp-json\/wp\/v2\/users\/13"}],"replies":[{"embeddable":true,"href":"https:\/\/www.proes.es\/en\/wp-json\/wp\/v2\/comments?post=40312"}],"version-history":[{"count":25,"href":"https:\/\/www.proes.es\/en\/wp-json\/wp\/v2\/posts\/40312\/revisions"}],"predecessor-version":[{"id":47570,"href":"https:\/\/www.proes.es\/en\/wp-json\/wp\/v2\/posts\/40312\/revisions\/47570"}],"wp:featuredmedia":[{"embeddable":true,"href":"https:\/\/www.proes.es\/en\/wp-json\/wp\/v2\/media\/41780"}],"wp:attachment":[{"href":"https:\/\/www.proes.es\/en\/wp-json\/wp\/v2\/media?parent=40312"}],"wp:term":[{"taxonomy":"category","embeddable":true,"href":"https:\/\/www.proes.es\/en\/wp-json\/wp\/v2\/categories?post=40312"},{"taxonomy":"post_tag","embeddable":true,"href":"https:\/\/www.proes.es\/en\/wp-json\/wp\/v2\/tags?post=40312"}],"curies":[{"name":"wp","href":"https:\/\/api.w.org\/{rel}","templated":true}]}}