{"id":43972,"date":"2024-01-29T12:45:43","date_gmt":"2024-01-29T11:45:43","guid":{"rendered":"https:\/\/www.proes.es\/?p=43972"},"modified":"2025-05-20T13:21:13","modified_gmt":"2025-05-20T11:21:13","slug":"proyecto-y-direccion-de-obra-del-colegio-publico-de-preescolar-infantil-y-primaria-en-reinosa-cantabria","status":"publish","type":"post","link":"https:\/\/www.proes.es\/en\/proyecto-y-direccion-de-obra-del-colegio-publico-de-preescolar-infantil-y-primaria-en-reinosa-cantabria\/","title":{"rendered":"Project and construction management of the public pre-school, infant and primary school in Reinosa, Cantabria."},"content":{"rendered":"<div data-elementor-type=\"wp-post\" data-elementor-id=\"43972\" class=\"elementor elementor-43972\" data-elementor-post-type=\"post\">\n\t\t\t\t<div class=\"elementor-element elementor-element-710f419 e-con-full e-flex e-con e-parent\" data-id=\"710f419\" data-element_type=\"container\">\n\t\t\t\t<div class=\"elementor-element elementor-element-98f81df elementor-widget elementor-widget-image\" data-id=\"98f81df\" data-element_type=\"widget\" data-widget_type=\"image.default\">\n\t\t\t\t<div class=\"elementor-widget-container\">\n\t\t\t\t\t\t\t\t\t\t\t\t\t\t\t<img fetchpriority=\"high\" decoding=\"async\" width=\"640\" height=\"198\" src=\"https:\/\/www.proes.es\/wp-content\/uploads\/2022\/06\/REINOSA-1024x316.jpg\" class=\"attachment-large size-large wp-image-30961\" alt=\"\" srcset=\"https:\/\/www.proes.es\/wp-content\/uploads\/2022\/06\/REINOSA-1024x316.jpg 1024w, https:\/\/www.proes.es\/wp-content\/uploads\/2022\/06\/REINOSA-300x93.jpg 300w, https:\/\/www.proes.es\/wp-content\/uploads\/2022\/06\/REINOSA-768x237.jpg 768w, https:\/\/www.proes.es\/wp-content\/uploads\/2022\/06\/REINOSA-1536x474.jpg 1536w, https:\/\/www.proes.es\/wp-content\/uploads\/2022\/06\/REINOSA.jpg 1621w\" sizes=\"(max-width: 640px) 100vw, 640px\" \/>\t\t\t\t\t\t\t\t\t\t\t\t\t\t\t<\/div>\n\t\t\t\t<\/div>\n\t\t\t\t<\/div>\n\t\t<div class=\"elementor-element elementor-element-2ba0dca e-flex e-con-boxed e-con e-child\" data-id=\"2ba0dca\" data-element_type=\"container\">\n\t\t\t\t\t<div class=\"e-con-inner\">\n\t\t<div class=\"elementor-element elementor-element-dd81b51 e-con-full e-flex e-con e-child\" data-id=\"dd81b51\" data-element_type=\"container\">\n\t\t<div class=\"elementor-element elementor-element-4bf7bd7 e-con-full e-flex e-con e-child\" data-id=\"4bf7bd7\" data-element_type=\"container\">\n\t\t\t\t<div class=\"elementor-element elementor-element-985e961 elementor-widget elementor-widget-text-editor\" data-id=\"985e961\" data-element_type=\"widget\" data-widget_type=\"text-editor.default\">\n\t\t\t\t<div class=\"elementor-widget-container\">\n\t\t\t\t\t\t\t\t\t<p style=\"text-align: center;\">5.890 m\u00b2<\/p>\t\t\t\t\t\t\t\t<\/div>\n\t\t\t\t<\/div>\n\t\t\t\t<div class=\"elementor-element elementor-element-0dcb8fb elementor-widget-divider--view-line elementor-widget elementor-widget-divider\" data-id=\"0dcb8fb\" data-element_type=\"widget\" data-widget_type=\"divider.default\">\n\t\t\t\t<div class=\"elementor-widget-container\">\n\t\t\t\t\t\t\t<div class=\"elementor-divider\">\n\t\t\t<span class=\"elementor-divider-separator\">\n\t\t\t\t\t\t<\/span>\n\t\t<\/div>\n\t\t\t\t\t\t<\/div>\n\t\t\t\t<\/div>\n\t\t\t\t<div class=\"elementor-element elementor-element-ca04e0b elementor-widget elementor-widget-text-editor\" data-id=\"ca04e0b\" data-element_type=\"widget\" data-widget_type=\"text-editor.default\">\n\t\t\t\t<div class=\"elementor-widget-container\">\n\t\t\t\t\t\t\t\t\t<p style=\"text-align: center;\">built<\/p>\t\t\t\t\t\t\t\t<\/div>\n\t\t\t\t<\/div>\n\t\t\t\t<\/div>\n\t\t\t\t<\/div>\n\t\t<div class=\"elementor-element elementor-element-0489db8 e-con-full e-flex e-con e-child\" data-id=\"0489db8\" data-element_type=\"container\">\n\t\t<div class=\"elementor-element elementor-element-cea4dc0 e-con-full e-flex e-con e-child\" data-id=\"cea4dc0\" data-element_type=\"container\">\n\t\t\t\t<div class=\"elementor-element elementor-element-b41cc6f elementor-widget elementor-widget-text-editor\" data-id=\"b41cc6f\" data-element_type=\"widget\" data-widget_type=\"text-editor.default\">\n\t\t\t\t<div class=\"elementor-widget-container\">\n\t\t\t\t\t\t\t\t\t<p style=\"text-align: center;\">5 millones de \u20ac<\/p>\t\t\t\t\t\t\t\t<\/div>\n\t\t\t\t<\/div>\n\t\t\t\t<div class=\"elementor-element elementor-element-6791b83 elementor-widget-divider--view-line elementor-widget elementor-widget-divider\" data-id=\"6791b83\" data-element_type=\"widget\" data-widget_type=\"divider.default\">\n\t\t\t\t<div class=\"elementor-widget-container\">\n\t\t\t\t\t\t\t<div class=\"elementor-divider\">\n\t\t\t<span class=\"elementor-divider-separator\">\n\t\t\t\t\t\t<\/span>\n\t\t<\/div>\n\t\t\t\t\t\t<\/div>\n\t\t\t\t<\/div>\n\t\t\t\t<div class=\"elementor-element elementor-element-031c5da elementor-widget elementor-widget-text-editor\" data-id=\"031c5da\" data-element_type=\"widget\" data-widget_type=\"text-editor.default\">\n\t\t\t\t<div class=\"elementor-widget-container\">\n\t\t\t\t\t\t\t\t\t<p style=\"text-align: center;\">of budget<\/p>\t\t\t\t\t\t\t\t<\/div>\n\t\t\t\t<\/div>\n\t\t\t\t<\/div>\n\t\t\t\t<\/div>\n\t\t\t\t\t<\/div>\n\t\t\t\t<\/div>\n\t\t\t\t<section class=\"elementor-section elementor-top-section elementor-element elementor-element-6fa4a04f elementor-section-boxed elementor-section-height-default elementor-section-height-default\" data-id=\"6fa4a04f\" data-element_type=\"section\">\n\t\t\t\t\t\t<div class=\"elementor-container elementor-column-gap-default\">\n\t\t\t\t\t<div class=\"elementor-column elementor-col-100 elementor-top-column elementor-element elementor-element-678e3b88\" data-id=\"678e3b88\" data-element_type=\"column\">\n\t\t\t<div class=\"elementor-widget-wrap elementor-element-populated\">\n\t\t\t\t\t\t<div class=\"elementor-element elementor-element-156afcc4 elementor-widget__width-initial elementor-widget elementor-widget-text-editor\" data-id=\"156afcc4\" data-element_type=\"widget\" data-widget_type=\"text-editor.default\">\n\t\t\t\t<div class=\"elementor-widget-container\">\n\t\t\t\t\t\t\t\t\t<p>The new school is located in a highly developed urban environment dominated by open buildings in narrow blocks oriented North-South, with sloping roofs. The building is adapted to the plot, optimizing it. A general solution of longitudinal strips of variable width, parallel to the longer side, is adopted to organize the entire plot.<\/p><p>The building opens up to the exterior with an open entrance hall on the sunny south facade. From there, you can access the main distribution axis that runs transversely through the building, allowing for greater freedom and independence of use. The large gymnasium space, covered by a post-tensioned slab, forms the core of the project. Above it is the outdoor sports field.<\/p><p>\u00a0<\/p><p><span style=\"color: #002f53;\"><strong>Location:<\/strong><\/span> Reinosa, Cantabria<\/p><p><span style=\"color: #002f53;\"><strong>Date:<\/strong><\/span> 2006-2008<\/p><p><span style=\"color: #002f53;\"><strong>Scope of the project:<\/strong><\/span> basic and execution project. Project management<\/p><p><span style=\"color: #002f53;\"><strong>Significant data:<\/strong><\/span>\u00a0Tipolog\u00eda estructural de pantalla de pilotes y estructura mixta de pilares de acero<\/p>\t\t\t\t\t\t\t\t<\/div>\n\t\t\t\t<\/div>\n\t\t\t\t\t<\/div>\n\t\t<\/div>\n\t\t\t\t\t<\/div>\n\t\t<\/section>\n\t\t\t\t<\/div>","protected":false},"excerpt":{"rendered":"<p>5.890 m\u00b2 construidos 5 millones de \u20ac de presupuesto El nuevo colegio est\u00e1 situado en un entorno urbano muy consolidado en el que predomina la edificaci\u00f3n abierta, en bloques estrechos orientados Norte Sur, con cubierta inclinada. El edificio se adec\u00faa a la parcela optimiz\u00e1ndola. Se adopta una soluci\u00f3n general de franjas longitudinales de ancho variable, [&hellip;]<\/p>","protected":false},"author":14,"featured_media":30961,"comment_status":"closed","ping_status":"closed","sticky":false,"template":"","format":"standard","meta":{"footnotes":""},"categories":[69],"tags":[10],"class_list":["post-43972","post","type-post","status-publish","format-standard","has-post-thumbnail","hentry","category-edificacion","tag-espana"],"yoast_head":"<!-- This site is optimized with the Yoast SEO plugin v26.8 - https:\/\/yoast.com\/product\/yoast-seo-wordpress\/ -->\n<title>Proyecto y direcci\u00f3n de obra del colegio p\u00fablico de preescolar, infantil y primaria en Reinosa, Cantabria - Proes<\/title>\n<meta name=\"robots\" content=\"index, follow, max-snippet:-1, max-image-preview:large, max-video-preview:-1\" \/>\n<link rel=\"canonical\" href=\"https:\/\/p28223.grupoamper.com:443\/proyecto-y-direccion-de-obra-del-colegio-publico-de-preescolar-infantil-y-primaria-en-reinosa-cantabria\/\" \/>\n<meta property=\"og:locale\" content=\"en_GB\" \/>\n<meta property=\"og:type\" content=\"article\" \/>\n<meta property=\"og:title\" content=\"Proyecto y direcci\u00f3n de obra del colegio p\u00fablico de preescolar, infantil y primaria en Reinosa, Cantabria - Proes\" \/>\n<meta property=\"og:description\" content=\"5.890 m\u00b2 construidos 5 millones de \u20ac de presupuesto El nuevo colegio est\u00e1 situado en un entorno urbano muy consolidado en el que predomina la edificaci\u00f3n abierta, en bloques estrechos orientados Norte Sur, con cubierta inclinada. El edificio se adec\u00faa a la parcela optimiz\u00e1ndola. Se adopta una soluci\u00f3n general de franjas longitudinales de ancho variable, [&hellip;]\" \/>\n<meta property=\"og:url\" content=\"https:\/\/p28223.grupoamper.com:443\/proyecto-y-direccion-de-obra-del-colegio-publico-de-preescolar-infantil-y-primaria-en-reinosa-cantabria\/\" \/>\n<meta property=\"og:site_name\" content=\"Proes\" \/>\n<meta property=\"article:published_time\" content=\"2024-01-29T11:45:43+00:00\" \/>\n<meta property=\"article:modified_time\" content=\"2025-05-20T11:21:13+00:00\" \/>\n<meta property=\"og:image\" content=\"https:\/\/p28223.grupoamper.com:443\/wp-content\/uploads\/2022\/06\/REINOSA.jpg\" \/>\n\t<meta property=\"og:image:width\" content=\"1621\" \/>\n\t<meta property=\"og:image:height\" content=\"500\" \/>\n\t<meta property=\"og:image:type\" content=\"image\/jpeg\" \/>\n<meta name=\"author\" content=\"Isabel.Caruana\" \/>\n<meta name=\"twitter:card\" content=\"summary_large_image\" \/>\n<meta name=\"twitter:label1\" content=\"Written by\" \/>\n\t<meta name=\"twitter:data1\" content=\"Isabel.Caruana\" \/>\n\t<meta name=\"twitter:label2\" content=\"Estimated reading time\" \/>\n\t<meta name=\"twitter:data2\" content=\"1 minute\" \/>\n<script type=\"application\/ld+json\" class=\"yoast-schema-graph\">{\"@context\":\"https:\/\/schema.org\",\"@graph\":[{\"@type\":\"Article\",\"@id\":\"https:\/\/p28223.grupoamper.com:443\/proyecto-y-direccion-de-obra-del-colegio-publico-de-preescolar-infantil-y-primaria-en-reinosa-cantabria\/#article\",\"isPartOf\":{\"@id\":\"https:\/\/p28223.grupoamper.com:443\/proyecto-y-direccion-de-obra-del-colegio-publico-de-preescolar-infantil-y-primaria-en-reinosa-cantabria\/\"},\"author\":{\"name\":\"Isabel.Caruana\",\"@id\":\"https:\/\/p28223.grupoamper.com\/en\/#\/schema\/person\/36e57a12577f759f8f2836cd8fba1c03\"},\"headline\":\"Proyecto y direcci\u00f3n de obra del colegio p\u00fablico de preescolar, infantil y primaria en Reinosa, Cantabria\",\"datePublished\":\"2024-01-29T11:45:43+00:00\",\"dateModified\":\"2025-05-20T11:21:13+00:00\",\"mainEntityOfPage\":{\"@id\":\"https:\/\/p28223.grupoamper.com:443\/proyecto-y-direccion-de-obra-del-colegio-publico-de-preescolar-infantil-y-primaria-en-reinosa-cantabria\/\"},\"wordCount\":183,\"publisher\":{\"@id\":\"https:\/\/p28223.grupoamper.com\/en\/#organization\"},\"image\":{\"@id\":\"https:\/\/p28223.grupoamper.com:443\/proyecto-y-direccion-de-obra-del-colegio-publico-de-preescolar-infantil-y-primaria-en-reinosa-cantabria\/#primaryimage\"},\"thumbnailUrl\":\"https:\/\/www.proes.es\/wp-content\/uploads\/2022\/06\/REINOSA.jpg\",\"keywords\":[\"Espa\u00f1a\"],\"articleSection\":[\"Edificaci\u00f3n\"],\"inLanguage\":\"en-GB\"},{\"@type\":\"WebPage\",\"@id\":\"https:\/\/p28223.grupoamper.com:443\/proyecto-y-direccion-de-obra-del-colegio-publico-de-preescolar-infantil-y-primaria-en-reinosa-cantabria\/\",\"url\":\"https:\/\/p28223.grupoamper.com:443\/proyecto-y-direccion-de-obra-del-colegio-publico-de-preescolar-infantil-y-primaria-en-reinosa-cantabria\/\",\"name\":\"Proyecto y direcci\u00f3n de obra del colegio p\u00fablico de preescolar, infantil y primaria en Reinosa, Cantabria - Proes\",\"isPartOf\":{\"@id\":\"https:\/\/p28223.grupoamper.com\/en\/#website\"},\"primaryImageOfPage\":{\"@id\":\"https:\/\/p28223.grupoamper.com:443\/proyecto-y-direccion-de-obra-del-colegio-publico-de-preescolar-infantil-y-primaria-en-reinosa-cantabria\/#primaryimage\"},\"image\":{\"@id\":\"https:\/\/p28223.grupoamper.com:443\/proyecto-y-direccion-de-obra-del-colegio-publico-de-preescolar-infantil-y-primaria-en-reinosa-cantabria\/#primaryimage\"},\"thumbnailUrl\":\"https:\/\/www.proes.es\/wp-content\/uploads\/2022\/06\/REINOSA.jpg\",\"datePublished\":\"2024-01-29T11:45:43+00:00\",\"dateModified\":\"2025-05-20T11:21:13+00:00\",\"breadcrumb\":{\"@id\":\"https:\/\/p28223.grupoamper.com:443\/proyecto-y-direccion-de-obra-del-colegio-publico-de-preescolar-infantil-y-primaria-en-reinosa-cantabria\/#breadcrumb\"},\"inLanguage\":\"en-GB\",\"potentialAction\":[{\"@type\":\"ReadAction\",\"target\":[\"https:\/\/p28223.grupoamper.com:443\/proyecto-y-direccion-de-obra-del-colegio-publico-de-preescolar-infantil-y-primaria-en-reinosa-cantabria\/\"]}]},{\"@type\":\"ImageObject\",\"inLanguage\":\"en-GB\",\"@id\":\"https:\/\/p28223.grupoamper.com:443\/proyecto-y-direccion-de-obra-del-colegio-publico-de-preescolar-infantil-y-primaria-en-reinosa-cantabria\/#primaryimage\",\"url\":\"https:\/\/www.proes.es\/wp-content\/uploads\/2022\/06\/REINOSA.jpg\",\"contentUrl\":\"https:\/\/www.proes.es\/wp-content\/uploads\/2022\/06\/REINOSA.jpg\",\"width\":1621,\"height\":500},{\"@type\":\"BreadcrumbList\",\"@id\":\"https:\/\/p28223.grupoamper.com:443\/proyecto-y-direccion-de-obra-del-colegio-publico-de-preescolar-infantil-y-primaria-en-reinosa-cantabria\/#breadcrumb\",\"itemListElement\":[{\"@type\":\"ListItem\",\"position\":1,\"name\":\"Portada\",\"item\":\"https:\/\/p28223.grupoamper.com\/en\/\"},{\"@type\":\"ListItem\",\"position\":2,\"name\":\"Proyecto y direcci\u00f3n de obra del colegio p\u00fablico de preescolar, infantil y primaria en Reinosa, Cantabria\"}]},{\"@type\":\"WebSite\",\"@id\":\"https:\/\/p28223.grupoamper.com\/en\/#website\",\"url\":\"https:\/\/p28223.grupoamper.com\/en\/\",\"name\":\"Proes\",\"description\":\"\",\"publisher\":{\"@id\":\"https:\/\/p28223.grupoamper.com\/en\/#organization\"},\"potentialAction\":[{\"@type\":\"SearchAction\",\"target\":{\"@type\":\"EntryPoint\",\"urlTemplate\":\"https:\/\/p28223.grupoamper.com\/en\/?s={search_term_string}\"},\"query-input\":{\"@type\":\"PropertyValueSpecification\",\"valueRequired\":true,\"valueName\":\"search_term_string\"}}],\"inLanguage\":\"en-GB\"},{\"@type\":\"Organization\",\"@id\":\"https:\/\/p28223.grupoamper.com\/en\/#organization\",\"name\":\"Proes\",\"url\":\"https:\/\/p28223.grupoamper.com\/en\/\",\"logo\":{\"@type\":\"ImageObject\",\"inLanguage\":\"en-GB\",\"@id\":\"https:\/\/p28223.grupoamper.com\/en\/#\/schema\/logo\/image\/\",\"url\":\"https:\/\/www.proes.es\/wp-content\/uploads\/2023\/05\/Logo-Proes.png\",\"contentUrl\":\"https:\/\/www.proes.es\/wp-content\/uploads\/2023\/05\/Logo-Proes.png\",\"width\":520,\"height\":140,\"caption\":\"Proes\"},\"image\":{\"@id\":\"https:\/\/p28223.grupoamper.com\/en\/#\/schema\/logo\/image\/\"}},{\"@type\":\"Person\",\"@id\":\"https:\/\/p28223.grupoamper.com\/en\/#\/schema\/person\/36e57a12577f759f8f2836cd8fba1c03\",\"name\":\"Isabel.Caruana\",\"image\":{\"@type\":\"ImageObject\",\"inLanguage\":\"en-GB\",\"@id\":\"https:\/\/p28223.grupoamper.com\/en\/#\/schema\/person\/image\/\",\"url\":\"https:\/\/secure.gravatar.com\/avatar\/4a350cf9d30b1b93d55c0b1fca1bdc4539442248717055d1a3bb3f1d49dff91d?s=96&d=mm&r=g\",\"contentUrl\":\"https:\/\/secure.gravatar.com\/avatar\/4a350cf9d30b1b93d55c0b1fca1bdc4539442248717055d1a3bb3f1d49dff91d?s=96&d=mm&r=g\",\"caption\":\"Isabel.Caruana\"},\"sameAs\":[\"https:\/\/Proes\"],\"url\":\"https:\/\/www.proes.es\/en\/author\/isabel-caruana\/\"}]}<\/script>\n<!-- \/ Yoast SEO plugin. -->","yoast_head_json":{"title":"Proyecto y direcci\u00f3n de obra del colegio p\u00fablico de preescolar, infantil y primaria en Reinosa, Cantabria - Proes","robots":{"index":"index","follow":"follow","max-snippet":"max-snippet:-1","max-image-preview":"max-image-preview:large","max-video-preview":"max-video-preview:-1"},"canonical":"https:\/\/p28223.grupoamper.com:443\/proyecto-y-direccion-de-obra-del-colegio-publico-de-preescolar-infantil-y-primaria-en-reinosa-cantabria\/","og_locale":"en_GB","og_type":"article","og_title":"Proyecto y direcci\u00f3n de obra del colegio p\u00fablico de preescolar, infantil y primaria en Reinosa, Cantabria - Proes","og_description":"5.890 m\u00b2 construidos 5 millones de \u20ac de presupuesto El nuevo colegio est\u00e1 situado en un entorno urbano muy consolidado en el que predomina la edificaci\u00f3n abierta, en bloques estrechos orientados Norte Sur, con cubierta inclinada. El edificio se adec\u00faa a la parcela optimiz\u00e1ndola. Se adopta una soluci\u00f3n general de franjas longitudinales de ancho variable, [&hellip;]","og_url":"https:\/\/p28223.grupoamper.com:443\/proyecto-y-direccion-de-obra-del-colegio-publico-de-preescolar-infantil-y-primaria-en-reinosa-cantabria\/","og_site_name":"Proes","article_published_time":"2024-01-29T11:45:43+00:00","article_modified_time":"2025-05-20T11:21:13+00:00","og_image":[{"width":1621,"height":500,"url":"https:\/\/p28223.grupoamper.com:443\/wp-content\/uploads\/2022\/06\/REINOSA.jpg","type":"image\/jpeg"}],"author":"Isabel.Caruana","twitter_card":"summary_large_image","twitter_misc":{"Written by":"Isabel.Caruana","Estimated reading time":"1 minute"},"schema":{"@context":"https:\/\/schema.org","@graph":[{"@type":"Article","@id":"https:\/\/p28223.grupoamper.com:443\/proyecto-y-direccion-de-obra-del-colegio-publico-de-preescolar-infantil-y-primaria-en-reinosa-cantabria\/#article","isPartOf":{"@id":"https:\/\/p28223.grupoamper.com:443\/proyecto-y-direccion-de-obra-del-colegio-publico-de-preescolar-infantil-y-primaria-en-reinosa-cantabria\/"},"author":{"name":"Isabel.Caruana","@id":"https:\/\/p28223.grupoamper.com\/en\/#\/schema\/person\/36e57a12577f759f8f2836cd8fba1c03"},"headline":"Proyecto y direcci\u00f3n de obra del colegio p\u00fablico de preescolar, infantil y primaria en Reinosa, Cantabria","datePublished":"2024-01-29T11:45:43+00:00","dateModified":"2025-05-20T11:21:13+00:00","mainEntityOfPage":{"@id":"https:\/\/p28223.grupoamper.com:443\/proyecto-y-direccion-de-obra-del-colegio-publico-de-preescolar-infantil-y-primaria-en-reinosa-cantabria\/"},"wordCount":183,"publisher":{"@id":"https:\/\/p28223.grupoamper.com\/en\/#organization"},"image":{"@id":"https:\/\/p28223.grupoamper.com:443\/proyecto-y-direccion-de-obra-del-colegio-publico-de-preescolar-infantil-y-primaria-en-reinosa-cantabria\/#primaryimage"},"thumbnailUrl":"https:\/\/www.proes.es\/wp-content\/uploads\/2022\/06\/REINOSA.jpg","keywords":["Espa\u00f1a"],"articleSection":["Edificaci\u00f3n"],"inLanguage":"en-GB"},{"@type":"WebPage","@id":"https:\/\/p28223.grupoamper.com:443\/proyecto-y-direccion-de-obra-del-colegio-publico-de-preescolar-infantil-y-primaria-en-reinosa-cantabria\/","url":"https:\/\/p28223.grupoamper.com:443\/proyecto-y-direccion-de-obra-del-colegio-publico-de-preescolar-infantil-y-primaria-en-reinosa-cantabria\/","name":"Proyecto y direcci\u00f3n de obra del colegio p\u00fablico de preescolar, infantil y primaria en Reinosa, Cantabria - Proes","isPartOf":{"@id":"https:\/\/p28223.grupoamper.com\/en\/#website"},"primaryImageOfPage":{"@id":"https:\/\/p28223.grupoamper.com:443\/proyecto-y-direccion-de-obra-del-colegio-publico-de-preescolar-infantil-y-primaria-en-reinosa-cantabria\/#primaryimage"},"image":{"@id":"https:\/\/p28223.grupoamper.com:443\/proyecto-y-direccion-de-obra-del-colegio-publico-de-preescolar-infantil-y-primaria-en-reinosa-cantabria\/#primaryimage"},"thumbnailUrl":"https:\/\/www.proes.es\/wp-content\/uploads\/2022\/06\/REINOSA.jpg","datePublished":"2024-01-29T11:45:43+00:00","dateModified":"2025-05-20T11:21:13+00:00","breadcrumb":{"@id":"https:\/\/p28223.grupoamper.com:443\/proyecto-y-direccion-de-obra-del-colegio-publico-de-preescolar-infantil-y-primaria-en-reinosa-cantabria\/#breadcrumb"},"inLanguage":"en-GB","potentialAction":[{"@type":"ReadAction","target":["https:\/\/p28223.grupoamper.com:443\/proyecto-y-direccion-de-obra-del-colegio-publico-de-preescolar-infantil-y-primaria-en-reinosa-cantabria\/"]}]},{"@type":"ImageObject","inLanguage":"en-GB","@id":"https:\/\/p28223.grupoamper.com:443\/proyecto-y-direccion-de-obra-del-colegio-publico-de-preescolar-infantil-y-primaria-en-reinosa-cantabria\/#primaryimage","url":"https:\/\/www.proes.es\/wp-content\/uploads\/2022\/06\/REINOSA.jpg","contentUrl":"https:\/\/www.proes.es\/wp-content\/uploads\/2022\/06\/REINOSA.jpg","width":1621,"height":500},{"@type":"BreadcrumbList","@id":"https:\/\/p28223.grupoamper.com:443\/proyecto-y-direccion-de-obra-del-colegio-publico-de-preescolar-infantil-y-primaria-en-reinosa-cantabria\/#breadcrumb","itemListElement":[{"@type":"ListItem","position":1,"name":"Portada","item":"https:\/\/p28223.grupoamper.com\/en\/"},{"@type":"ListItem","position":2,"name":"Proyecto y direcci\u00f3n de obra del colegio p\u00fablico de preescolar, infantil y primaria en Reinosa, Cantabria"}]},{"@type":"WebSite","@id":"https:\/\/p28223.grupoamper.com\/en\/#website","url":"https:\/\/p28223.grupoamper.com\/en\/","name":"Proes,","description":"","publisher":{"@id":"https:\/\/p28223.grupoamper.com\/en\/#organization"},"potentialAction":[{"@type":"SearchAction","target":{"@type":"EntryPoint","urlTemplate":"https:\/\/p28223.grupoamper.com\/en\/?s={search_term_string}"},"query-input":{"@type":"PropertyValueSpecification","valueRequired":true,"valueName":"search_term_string"}}],"inLanguage":"en-GB"},{"@type":"Organization","@id":"https:\/\/p28223.grupoamper.com\/en\/#organization","name":"Proes,","url":"https:\/\/p28223.grupoamper.com\/en\/","logo":{"@type":"ImageObject","inLanguage":"en-GB","@id":"https:\/\/p28223.grupoamper.com\/en\/#\/schema\/logo\/image\/","url":"https:\/\/www.proes.es\/wp-content\/uploads\/2023\/05\/Logo-Proes.png","contentUrl":"https:\/\/www.proes.es\/wp-content\/uploads\/2023\/05\/Logo-Proes.png","width":520,"height":140,"caption":"Proes"},"image":{"@id":"https:\/\/p28223.grupoamper.com\/en\/#\/schema\/logo\/image\/"}},{"@type":"Person","@id":"https:\/\/p28223.grupoamper.com\/en\/#\/schema\/person\/36e57a12577f759f8f2836cd8fba1c03","name":"Isabel.Caruana","image":{"@type":"ImageObject","inLanguage":"en-GB","@id":"https:\/\/p28223.grupoamper.com\/en\/#\/schema\/person\/image\/","url":"https:\/\/secure.gravatar.com\/avatar\/4a350cf9d30b1b93d55c0b1fca1bdc4539442248717055d1a3bb3f1d49dff91d?s=96&d=mm&r=g","contentUrl":"https:\/\/secure.gravatar.com\/avatar\/4a350cf9d30b1b93d55c0b1fca1bdc4539442248717055d1a3bb3f1d49dff91d?s=96&d=mm&r=g","caption":"Isabel.Caruana"},"sameAs":["https:\/\/Proes"],"url":"https:\/\/www.proes.es\/en\/author\/isabel-caruana\/"}]}},"_links":{"self":[{"href":"https:\/\/www.proes.es\/en\/wp-json\/wp\/v2\/posts\/43972","targetHints":{"allow":["GET"]}}],"collection":[{"href":"https:\/\/www.proes.es\/en\/wp-json\/wp\/v2\/posts"}],"about":[{"href":"https:\/\/www.proes.es\/en\/wp-json\/wp\/v2\/types\/post"}],"author":[{"embeddable":true,"href":"https:\/\/www.proes.es\/en\/wp-json\/wp\/v2\/users\/14"}],"replies":[{"embeddable":true,"href":"https:\/\/www.proes.es\/en\/wp-json\/wp\/v2\/comments?post=43972"}],"version-history":[{"count":18,"href":"https:\/\/www.proes.es\/en\/wp-json\/wp\/v2\/posts\/43972\/revisions"}],"predecessor-version":[{"id":48760,"href":"https:\/\/www.proes.es\/en\/wp-json\/wp\/v2\/posts\/43972\/revisions\/48760"}],"wp:featuredmedia":[{"embeddable":true,"href":"https:\/\/www.proes.es\/en\/wp-json\/wp\/v2\/media\/30961"}],"wp:attachment":[{"href":"https:\/\/www.proes.es\/en\/wp-json\/wp\/v2\/media?parent=43972"}],"wp:term":[{"taxonomy":"category","embeddable":true,"href":"https:\/\/www.proes.es\/en\/wp-json\/wp\/v2\/categories?post=43972"},{"taxonomy":"post_tag","embeddable":true,"href":"https:\/\/www.proes.es\/en\/wp-json\/wp\/v2\/tags?post=43972"}],"curies":[{"name":"wp","href":"https:\/\/api.w.org\/{rel}","templated":true}]}}