{"id":43985,"date":"2024-01-29T13:10:45","date_gmt":"2024-01-29T12:10:45","guid":{"rendered":"https:\/\/www.proes.es\/?p=43985"},"modified":"2025-06-02T16:44:28","modified_gmt":"2025-06-02T14:44:28","slug":"marina-moll-vell","status":"publish","type":"post","link":"https:\/\/www.proes.es\/en\/marina-moll-vell\/","title":{"rendered":"Moll Vell Marina"},"content":{"rendered":"<div data-elementor-type=\"wp-post\" data-elementor-id=\"43985\" class=\"elementor elementor-43985\" data-elementor-post-type=\"post\">\n\t\t\t\t<div class=\"elementor-element elementor-element-710f419 e-con-full e-flex e-con e-parent\" data-id=\"710f419\" data-element_type=\"container\">\n\t\t\t\t<div class=\"elementor-element elementor-element-98f81df elementor-widget elementor-widget-image\" data-id=\"98f81df\" data-element_type=\"widget\" data-widget_type=\"image.default\">\n\t\t\t\t<div class=\"elementor-widget-container\">\n\t\t\t\t\t\t\t\t\t\t\t\t\t\t\t<img fetchpriority=\"high\" decoding=\"async\" width=\"640\" height=\"324\" src=\"https:\/\/www.proes.es\/wp-content\/uploads\/2022\/06\/Muelle-Moll-Vell-1024x519.jpg\" class=\"attachment-large size-large wp-image-30951\" alt=\"\" srcset=\"https:\/\/www.proes.es\/wp-content\/uploads\/2022\/06\/Muelle-Moll-Vell-1024x519.jpg 1024w, https:\/\/www.proes.es\/wp-content\/uploads\/2022\/06\/Muelle-Moll-Vell-300x152.jpg 300w, https:\/\/www.proes.es\/wp-content\/uploads\/2022\/06\/Muelle-Moll-Vell-768x389.jpg 768w, https:\/\/www.proes.es\/wp-content\/uploads\/2022\/06\/Muelle-Moll-Vell-1536x778.jpg 1536w, https:\/\/www.proes.es\/wp-content\/uploads\/2022\/06\/Muelle-Moll-Vell.jpg 1544w\" sizes=\"(max-width: 640px) 100vw, 640px\" \/>\t\t\t\t\t\t\t\t\t\t\t\t\t\t\t<\/div>\n\t\t\t\t<\/div>\n\t\t\t\t<\/div>\n\t\t<div class=\"elementor-element elementor-element-f0297ec e-flex e-con-boxed e-con e-parent\" data-id=\"f0297ec\" data-element_type=\"container\">\n\t\t\t\t\t<div class=\"e-con-inner\">\n\t\t<div class=\"elementor-element elementor-element-7035a2b e-con-full e-flex e-con e-child\" data-id=\"7035a2b\" data-element_type=\"container\">\n\t\t\t\t<div class=\"elementor-element elementor-element-4287cef elementor-widget elementor-widget-text-editor\" data-id=\"4287cef\" data-element_type=\"widget\" data-widget_type=\"text-editor.default\">\n\t\t\t\t<div class=\"elementor-widget-container\">\n\t\t\t\t\t\t\t\t\t<p style=\"text-align: center;\">370 M\u20ac\u00a0<\/p>\t\t\t\t\t\t\t\t<\/div>\n\t\t\t\t<\/div>\n\t\t\t\t<div class=\"elementor-element elementor-element-d7a5fbc elementor-widget-divider--view-line elementor-widget elementor-widget-divider\" data-id=\"d7a5fbc\" data-element_type=\"widget\" data-widget_type=\"divider.default\">\n\t\t\t\t<div class=\"elementor-widget-container\">\n\t\t\t\t\t\t\t<div class=\"elementor-divider\">\n\t\t\t<span class=\"elementor-divider-separator\">\n\t\t\t\t\t\t<\/span>\n\t\t<\/div>\n\t\t\t\t\t\t<\/div>\n\t\t\t\t<\/div>\n\t\t\t\t<div class=\"elementor-element elementor-element-5911079 elementor-widget elementor-widget-text-editor\" data-id=\"5911079\" data-element_type=\"widget\" data-widget_type=\"text-editor.default\">\n\t\t\t\t<div class=\"elementor-widget-container\">\n\t\t\t\t\t\t\t\t\t<p style=\"text-align: center;\">of budget<\/p>\t\t\t\t\t\t\t\t<\/div>\n\t\t\t\t<\/div>\n\t\t\t\t<\/div>\n\t\t\t\t\t<\/div>\n\t\t\t\t<\/div>\n\t\t\t\t<section class=\"elementor-section elementor-top-section elementor-element elementor-element-6fa4a04f elementor-section-boxed elementor-section-height-default elementor-section-height-default\" data-id=\"6fa4a04f\" data-element_type=\"section\">\n\t\t\t\t\t\t<div class=\"elementor-container elementor-column-gap-default\">\n\t\t\t\t\t<div class=\"elementor-column elementor-col-100 elementor-top-column elementor-element elementor-element-678e3b88\" data-id=\"678e3b88\" data-element_type=\"column\">\n\t\t\t<div class=\"elementor-widget-wrap elementor-element-populated\">\n\t\t\t\t\t\t<div class=\"elementor-element elementor-element-156afcc4 elementor-widget__width-initial elementor-widget elementor-widget-text-editor\" data-id=\"156afcc4\" data-element_type=\"widget\" data-widget_type=\"text-editor.default\">\n\t\t\t\t<div class=\"elementor-widget-container\">\n\t\t\t\t\t\t\t\t\t<p><span style=\"color: var( --e-global-color-text ); letter-spacing: 0px; word-spacing: 0em;\">A feasibility study is carried out for the establishment of a marina with 418 berths at Moll Vell. A complete proposal is developed at the basic project level, which includes all necessary maritime works (breakwaters, pontoons, docks) as well as various land-based structures (commercial area, restaurants, etc.). <i>yacht<\/i> club, escuela de vela, capitan\u00eda mar\u00edtima&#8230;).<\/span><\/p><p>The necessary calculations are carried out for the design of the maritime project, including wave analysis, ship traffic assessments, and so on. Additionally, a plan is developed for the construction of access roads to ensure a 100% viable proposal.<\/p><p>\u00a0<\/p><p><span style=\"color: #002f53;\"><strong>Location:<\/strong><\/span> Marina Riva Nova, Palma de Mallorca<\/p><p><strong><span style=\"color: #002f53;\">Date:<\/span> <\/strong>2015<\/p><p><span style=\"color: #002f53;\"><strong>Scope of the project: <\/strong><\/span>feasability study and basic project<\/p>\t\t\t\t\t\t\t\t<\/div>\n\t\t\t\t<\/div>\n\t\t\t\t\t<\/div>\n\t\t<\/div>\n\t\t\t\t\t<\/div>\n\t\t<\/section>\n\t\t\t\t<\/div>","protected":false},"excerpt":{"rendered":"<p>370 M\u20ac\u00a0 de presupuesto Se realiza estudio de viabilidad para la implantaci\u00f3n de una Marina de 418 atraques en el Moll Vell. Se desarrolla a nivel de proyecto b\u00e1sico una propuesta completa que incluye todas las obras mar\u00edtimas necesarias (diques de abrigo, pantalanes, muelles) as\u00ed como m\u00faltiples edificaciones en tierra (zona comercial, restaurantes, yacht club, [&hellip;]<\/p>","protected":false},"author":14,"featured_media":30951,"comment_status":"closed","ping_status":"closed","sticky":false,"template":"","format":"standard","meta":{"footnotes":""},"categories":[69],"tags":[10],"class_list":["post-43985","post","type-post","status-publish","format-standard","has-post-thumbnail","hentry","category-edificacion","tag-espana"],"yoast_head":"<!-- This site is optimized with the Yoast SEO plugin v26.8 - https:\/\/yoast.com\/product\/yoast-seo-wordpress\/ -->\n<title>Marina Moll Vell - Proes<\/title>\n<meta name=\"robots\" content=\"index, follow, max-snippet:-1, max-image-preview:large, max-video-preview:-1\" \/>\n<link rel=\"canonical\" href=\"https:\/\/www.proes.es\/en\/marina-moll-vell\/\" \/>\n<meta property=\"og:locale\" content=\"en_GB\" \/>\n<meta property=\"og:type\" content=\"article\" \/>\n<meta property=\"og:title\" content=\"Marina Moll Vell - Proes\" \/>\n<meta property=\"og:description\" content=\"370 M\u20ac\u00a0 de presupuesto Se realiza estudio de viabilidad para la implantaci\u00f3n de una Marina de 418 atraques en el Moll Vell. Se desarrolla a nivel de proyecto b\u00e1sico una propuesta completa que incluye todas las obras mar\u00edtimas necesarias (diques de abrigo, pantalanes, muelles) as\u00ed como m\u00faltiples edificaciones en tierra (zona comercial, restaurantes, yacht club, [&hellip;]\" \/>\n<meta property=\"og:url\" content=\"https:\/\/www.proes.es\/en\/marina-moll-vell\/\" \/>\n<meta property=\"og:site_name\" content=\"Proes\" \/>\n<meta property=\"article:published_time\" content=\"2024-01-29T12:10:45+00:00\" \/>\n<meta property=\"article:modified_time\" content=\"2025-06-02T14:44:28+00:00\" \/>\n<meta property=\"og:image\" content=\"https:\/\/www.proes.es\/wp-content\/uploads\/2022\/06\/Muelle-Moll-Vell.jpg\" \/>\n\t<meta property=\"og:image:width\" content=\"1544\" \/>\n\t<meta property=\"og:image:height\" content=\"782\" \/>\n\t<meta property=\"og:image:type\" content=\"image\/jpeg\" \/>\n<meta name=\"author\" content=\"Isabel.Caruana\" \/>\n<meta name=\"twitter:card\" content=\"summary_large_image\" \/>\n<meta name=\"twitter:label1\" content=\"Written by\" \/>\n\t<meta name=\"twitter:data1\" content=\"Isabel.Caruana\" \/>\n\t<meta name=\"twitter:label2\" content=\"Estimated reading time\" \/>\n\t<meta name=\"twitter:data2\" content=\"1 minute\" \/>\n<script type=\"application\/ld+json\" class=\"yoast-schema-graph\">{\"@context\":\"https:\/\/schema.org\",\"@graph\":[{\"@type\":\"Article\",\"@id\":\"https:\/\/www.proes.es\/en\/marina-moll-vell\/#article\",\"isPartOf\":{\"@id\":\"https:\/\/www.proes.es\/en\/marina-moll-vell\/\"},\"author\":{\"name\":\"Isabel.Caruana\",\"@id\":\"https:\/\/p28223.grupoamper.com\/en\/#\/schema\/person\/36e57a12577f759f8f2836cd8fba1c03\"},\"headline\":\"Marina Moll Vell\",\"datePublished\":\"2024-01-29T12:10:45+00:00\",\"dateModified\":\"2025-06-02T14:44:28+00:00\",\"mainEntityOfPage\":{\"@id\":\"https:\/\/www.proes.es\/en\/marina-moll-vell\/\"},\"wordCount\":128,\"publisher\":{\"@id\":\"https:\/\/p28223.grupoamper.com\/en\/#organization\"},\"image\":{\"@id\":\"https:\/\/www.proes.es\/en\/marina-moll-vell\/#primaryimage\"},\"thumbnailUrl\":\"https:\/\/www.proes.es\/wp-content\/uploads\/2022\/06\/Muelle-Moll-Vell.jpg\",\"keywords\":[\"Espa\u00f1a\"],\"articleSection\":[\"Edificaci\u00f3n\"],\"inLanguage\":\"en-GB\"},{\"@type\":\"WebPage\",\"@id\":\"https:\/\/www.proes.es\/en\/marina-moll-vell\/\",\"url\":\"https:\/\/www.proes.es\/en\/marina-moll-vell\/\",\"name\":\"Marina Moll Vell - Proes\",\"isPartOf\":{\"@id\":\"https:\/\/p28223.grupoamper.com\/en\/#website\"},\"primaryImageOfPage\":{\"@id\":\"https:\/\/www.proes.es\/en\/marina-moll-vell\/#primaryimage\"},\"image\":{\"@id\":\"https:\/\/www.proes.es\/en\/marina-moll-vell\/#primaryimage\"},\"thumbnailUrl\":\"https:\/\/www.proes.es\/wp-content\/uploads\/2022\/06\/Muelle-Moll-Vell.jpg\",\"datePublished\":\"2024-01-29T12:10:45+00:00\",\"dateModified\":\"2025-06-02T14:44:28+00:00\",\"breadcrumb\":{\"@id\":\"https:\/\/www.proes.es\/en\/marina-moll-vell\/#breadcrumb\"},\"inLanguage\":\"en-GB\",\"potentialAction\":[{\"@type\":\"ReadAction\",\"target\":[\"https:\/\/www.proes.es\/en\/marina-moll-vell\/\"]}]},{\"@type\":\"ImageObject\",\"inLanguage\":\"en-GB\",\"@id\":\"https:\/\/www.proes.es\/en\/marina-moll-vell\/#primaryimage\",\"url\":\"https:\/\/www.proes.es\/wp-content\/uploads\/2022\/06\/Muelle-Moll-Vell.jpg\",\"contentUrl\":\"https:\/\/www.proes.es\/wp-content\/uploads\/2022\/06\/Muelle-Moll-Vell.jpg\",\"width\":1544,\"height\":782},{\"@type\":\"BreadcrumbList\",\"@id\":\"https:\/\/www.proes.es\/en\/marina-moll-vell\/#breadcrumb\",\"itemListElement\":[{\"@type\":\"ListItem\",\"position\":1,\"name\":\"Portada\",\"item\":\"https:\/\/p28223.grupoamper.com\/en\/\"},{\"@type\":\"ListItem\",\"position\":2,\"name\":\"Marina Moll Vell\"}]},{\"@type\":\"WebSite\",\"@id\":\"https:\/\/p28223.grupoamper.com\/en\/#website\",\"url\":\"https:\/\/p28223.grupoamper.com\/en\/\",\"name\":\"Proes\",\"description\":\"\",\"publisher\":{\"@id\":\"https:\/\/p28223.grupoamper.com\/en\/#organization\"},\"potentialAction\":[{\"@type\":\"SearchAction\",\"target\":{\"@type\":\"EntryPoint\",\"urlTemplate\":\"https:\/\/p28223.grupoamper.com\/en\/?s={search_term_string}\"},\"query-input\":{\"@type\":\"PropertyValueSpecification\",\"valueRequired\":true,\"valueName\":\"search_term_string\"}}],\"inLanguage\":\"en-GB\"},{\"@type\":\"Organization\",\"@id\":\"https:\/\/p28223.grupoamper.com\/en\/#organization\",\"name\":\"Proes\",\"url\":\"https:\/\/p28223.grupoamper.com\/en\/\",\"logo\":{\"@type\":\"ImageObject\",\"inLanguage\":\"en-GB\",\"@id\":\"https:\/\/p28223.grupoamper.com\/en\/#\/schema\/logo\/image\/\",\"url\":\"https:\/\/www.proes.es\/wp-content\/uploads\/2023\/05\/Logo-Proes.png\",\"contentUrl\":\"https:\/\/www.proes.es\/wp-content\/uploads\/2023\/05\/Logo-Proes.png\",\"width\":520,\"height\":140,\"caption\":\"Proes\"},\"image\":{\"@id\":\"https:\/\/p28223.grupoamper.com\/en\/#\/schema\/logo\/image\/\"}},{\"@type\":\"Person\",\"@id\":\"https:\/\/p28223.grupoamper.com\/en\/#\/schema\/person\/36e57a12577f759f8f2836cd8fba1c03\",\"name\":\"Isabel.Caruana\",\"image\":{\"@type\":\"ImageObject\",\"inLanguage\":\"en-GB\",\"@id\":\"https:\/\/p28223.grupoamper.com\/en\/#\/schema\/person\/image\/\",\"url\":\"https:\/\/secure.gravatar.com\/avatar\/4a350cf9d30b1b93d55c0b1fca1bdc4539442248717055d1a3bb3f1d49dff91d?s=96&d=mm&r=g\",\"contentUrl\":\"https:\/\/secure.gravatar.com\/avatar\/4a350cf9d30b1b93d55c0b1fca1bdc4539442248717055d1a3bb3f1d49dff91d?s=96&d=mm&r=g\",\"caption\":\"Isabel.Caruana\"},\"sameAs\":[\"https:\/\/Proes\"],\"url\":\"https:\/\/www.proes.es\/en\/author\/isabel-caruana\/\"}]}<\/script>\n<!-- \/ Yoast SEO plugin. -->","yoast_head_json":{"title":"Marina Moll Vell - Proes","robots":{"index":"index","follow":"follow","max-snippet":"max-snippet:-1","max-image-preview":"max-image-preview:large","max-video-preview":"max-video-preview:-1"},"canonical":"https:\/\/www.proes.es\/en\/marina-moll-vell\/","og_locale":"en_GB","og_type":"article","og_title":"Marina Moll Vell - Proes","og_description":"370 M\u20ac\u00a0 de presupuesto Se realiza estudio de viabilidad para la implantaci\u00f3n de una Marina de 418 atraques en el Moll Vell. Se desarrolla a nivel de proyecto b\u00e1sico una propuesta completa que incluye todas las obras mar\u00edtimas necesarias (diques de abrigo, pantalanes, muelles) as\u00ed como m\u00faltiples edificaciones en tierra (zona comercial, restaurantes, yacht club, [&hellip;]","og_url":"https:\/\/www.proes.es\/en\/marina-moll-vell\/","og_site_name":"Proes","article_published_time":"2024-01-29T12:10:45+00:00","article_modified_time":"2025-06-02T14:44:28+00:00","og_image":[{"width":1544,"height":782,"url":"https:\/\/www.proes.es\/wp-content\/uploads\/2022\/06\/Muelle-Moll-Vell.jpg","type":"image\/jpeg"}],"author":"Isabel.Caruana","twitter_card":"summary_large_image","twitter_misc":{"Written by":"Isabel.Caruana","Estimated reading time":"1 minute"},"schema":{"@context":"https:\/\/schema.org","@graph":[{"@type":"Article","@id":"https:\/\/www.proes.es\/en\/marina-moll-vell\/#article","isPartOf":{"@id":"https:\/\/www.proes.es\/en\/marina-moll-vell\/"},"author":{"name":"Isabel.Caruana","@id":"https:\/\/p28223.grupoamper.com\/en\/#\/schema\/person\/36e57a12577f759f8f2836cd8fba1c03"},"headline":"Marina Moll Vell","datePublished":"2024-01-29T12:10:45+00:00","dateModified":"2025-06-02T14:44:28+00:00","mainEntityOfPage":{"@id":"https:\/\/www.proes.es\/en\/marina-moll-vell\/"},"wordCount":128,"publisher":{"@id":"https:\/\/p28223.grupoamper.com\/en\/#organization"},"image":{"@id":"https:\/\/www.proes.es\/en\/marina-moll-vell\/#primaryimage"},"thumbnailUrl":"https:\/\/www.proes.es\/wp-content\/uploads\/2022\/06\/Muelle-Moll-Vell.jpg","keywords":["Espa\u00f1a"],"articleSection":["Edificaci\u00f3n"],"inLanguage":"en-GB"},{"@type":"WebPage","@id":"https:\/\/www.proes.es\/en\/marina-moll-vell\/","url":"https:\/\/www.proes.es\/en\/marina-moll-vell\/","name":"Marina Moll Vell - Proes","isPartOf":{"@id":"https:\/\/p28223.grupoamper.com\/en\/#website"},"primaryImageOfPage":{"@id":"https:\/\/www.proes.es\/en\/marina-moll-vell\/#primaryimage"},"image":{"@id":"https:\/\/www.proes.es\/en\/marina-moll-vell\/#primaryimage"},"thumbnailUrl":"https:\/\/www.proes.es\/wp-content\/uploads\/2022\/06\/Muelle-Moll-Vell.jpg","datePublished":"2024-01-29T12:10:45+00:00","dateModified":"2025-06-02T14:44:28+00:00","breadcrumb":{"@id":"https:\/\/www.proes.es\/en\/marina-moll-vell\/#breadcrumb"},"inLanguage":"en-GB","potentialAction":[{"@type":"ReadAction","target":["https:\/\/www.proes.es\/en\/marina-moll-vell\/"]}]},{"@type":"ImageObject","inLanguage":"en-GB","@id":"https:\/\/www.proes.es\/en\/marina-moll-vell\/#primaryimage","url":"https:\/\/www.proes.es\/wp-content\/uploads\/2022\/06\/Muelle-Moll-Vell.jpg","contentUrl":"https:\/\/www.proes.es\/wp-content\/uploads\/2022\/06\/Muelle-Moll-Vell.jpg","width":1544,"height":782},{"@type":"BreadcrumbList","@id":"https:\/\/www.proes.es\/en\/marina-moll-vell\/#breadcrumb","itemListElement":[{"@type":"ListItem","position":1,"name":"Portada","item":"https:\/\/p28223.grupoamper.com\/en\/"},{"@type":"ListItem","position":2,"name":"Marina Moll Vell"}]},{"@type":"WebSite","@id":"https:\/\/p28223.grupoamper.com\/en\/#website","url":"https:\/\/p28223.grupoamper.com\/en\/","name":"Proes,","description":"","publisher":{"@id":"https:\/\/p28223.grupoamper.com\/en\/#organization"},"potentialAction":[{"@type":"SearchAction","target":{"@type":"EntryPoint","urlTemplate":"https:\/\/p28223.grupoamper.com\/en\/?s={search_term_string}"},"query-input":{"@type":"PropertyValueSpecification","valueRequired":true,"valueName":"search_term_string"}}],"inLanguage":"en-GB"},{"@type":"Organization","@id":"https:\/\/p28223.grupoamper.com\/en\/#organization","name":"Proes,","url":"https:\/\/p28223.grupoamper.com\/en\/","logo":{"@type":"ImageObject","inLanguage":"en-GB","@id":"https:\/\/p28223.grupoamper.com\/en\/#\/schema\/logo\/image\/","url":"https:\/\/www.proes.es\/wp-content\/uploads\/2023\/05\/Logo-Proes.png","contentUrl":"https:\/\/www.proes.es\/wp-content\/uploads\/2023\/05\/Logo-Proes.png","width":520,"height":140,"caption":"Proes"},"image":{"@id":"https:\/\/p28223.grupoamper.com\/en\/#\/schema\/logo\/image\/"}},{"@type":"Person","@id":"https:\/\/p28223.grupoamper.com\/en\/#\/schema\/person\/36e57a12577f759f8f2836cd8fba1c03","name":"Isabel.Caruana","image":{"@type":"ImageObject","inLanguage":"en-GB","@id":"https:\/\/p28223.grupoamper.com\/en\/#\/schema\/person\/image\/","url":"https:\/\/secure.gravatar.com\/avatar\/4a350cf9d30b1b93d55c0b1fca1bdc4539442248717055d1a3bb3f1d49dff91d?s=96&d=mm&r=g","contentUrl":"https:\/\/secure.gravatar.com\/avatar\/4a350cf9d30b1b93d55c0b1fca1bdc4539442248717055d1a3bb3f1d49dff91d?s=96&d=mm&r=g","caption":"Isabel.Caruana"},"sameAs":["https:\/\/Proes"],"url":"https:\/\/www.proes.es\/en\/author\/isabel-caruana\/"}]}},"_links":{"self":[{"href":"https:\/\/www.proes.es\/en\/wp-json\/wp\/v2\/posts\/43985","targetHints":{"allow":["GET"]}}],"collection":[{"href":"https:\/\/www.proes.es\/en\/wp-json\/wp\/v2\/posts"}],"about":[{"href":"https:\/\/www.proes.es\/en\/wp-json\/wp\/v2\/types\/post"}],"author":[{"embeddable":true,"href":"https:\/\/www.proes.es\/en\/wp-json\/wp\/v2\/users\/14"}],"replies":[{"embeddable":true,"href":"https:\/\/www.proes.es\/en\/wp-json\/wp\/v2\/comments?post=43985"}],"version-history":[{"count":14,"href":"https:\/\/www.proes.es\/en\/wp-json\/wp\/v2\/posts\/43985\/revisions"}],"predecessor-version":[{"id":48844,"href":"https:\/\/www.proes.es\/en\/wp-json\/wp\/v2\/posts\/43985\/revisions\/48844"}],"wp:featuredmedia":[{"embeddable":true,"href":"https:\/\/www.proes.es\/en\/wp-json\/wp\/v2\/media\/30951"}],"wp:attachment":[{"href":"https:\/\/www.proes.es\/en\/wp-json\/wp\/v2\/media?parent=43985"}],"wp:term":[{"taxonomy":"category","embeddable":true,"href":"https:\/\/www.proes.es\/en\/wp-json\/wp\/v2\/categories?post=43985"},{"taxonomy":"post_tag","embeddable":true,"href":"https:\/\/www.proes.es\/en\/wp-json\/wp\/v2\/tags?post=43985"}],"curies":[{"name":"wp","href":"https:\/\/api.w.org\/{rel}","templated":true}]}}