{"id":44009,"date":"2024-01-29T13:34:15","date_gmt":"2024-01-29T12:34:15","guid":{"rendered":"https:\/\/www.proes.es\/?p=44009"},"modified":"2025-05-20T13:10:55","modified_gmt":"2025-05-20T11:10:55","slug":"edificio-multiusos-y-plaza-publica-en-cabo-huertas-alicante-2","status":"publish","type":"post","link":"https:\/\/www.proes.es\/en\/edificio-multiusos-y-plaza-publica-en-cabo-huertas-alicante-2\/","title":{"rendered":"Multi-purpose building and public square in cabo Huertas, Alicante"},"content":{"rendered":"<div data-elementor-type=\"wp-post\" data-elementor-id=\"44009\" class=\"elementor elementor-44009\" data-elementor-post-type=\"post\">\n\t\t\t\t<div class=\"elementor-element elementor-element-710f419 e-con-full e-flex e-con e-parent\" data-id=\"710f419\" data-element_type=\"container\">\n\t\t\t\t<div class=\"elementor-element elementor-element-98f81df elementor-widget elementor-widget-image\" data-id=\"98f81df\" data-element_type=\"widget\" data-widget_type=\"image.default\">\n\t\t\t\t<div class=\"elementor-widget-container\">\n\t\t\t\t\t\t\t\t\t\t\t\t\t\t\t<img fetchpriority=\"high\" decoding=\"async\" width=\"640\" height=\"359\" src=\"https:\/\/p28223.grupoamper.com\/wp-content\/uploads\/2023\/07\/05084.-Puerto-deportivo-Alicante2-scaled-e1706531919965-1024x575.jpg\" class=\"attachment-large size-large wp-image-35766\" alt=\"\" srcset=\"https:\/\/p28223.grupoamper.com\/wp-content\/uploads\/2023\/07\/05084.-Puerto-deportivo-Alicante2-scaled-e1706531919965-1024x575.jpg 1024w, https:\/\/p28223.grupoamper.com\/wp-content\/uploads\/2023\/07\/05084.-Puerto-deportivo-Alicante2-scaled-e1706531919965-300x168.jpg 300w, https:\/\/p28223.grupoamper.com\/wp-content\/uploads\/2023\/07\/05084.-Puerto-deportivo-Alicante2-scaled-e1706531919965-768x431.jpg 768w, https:\/\/p28223.grupoamper.com\/wp-content\/uploads\/2023\/07\/05084.-Puerto-deportivo-Alicante2-scaled-e1706531919965-1536x862.jpg 1536w, https:\/\/p28223.grupoamper.com\/wp-content\/uploads\/2023\/07\/05084.-Puerto-deportivo-Alicante2-scaled-e1706531919965-2048x1150.jpg 2048w, https:\/\/p28223.grupoamper.com\/wp-content\/uploads\/2023\/07\/05084.-Puerto-deportivo-Alicante2-scaled-e1706531919965-18x10.jpg 18w\" sizes=\"(max-width: 640px) 100vw, 640px\" \/>\t\t\t\t\t\t\t\t\t\t\t\t\t\t\t<\/div>\n\t\t\t\t<\/div>\n\t\t\t\t<\/div>\n\t\t<div class=\"elementor-element elementor-element-972e15d e-flex e-con-boxed e-con e-child\" data-id=\"972e15d\" data-element_type=\"container\">\n\t\t\t\t\t<div class=\"e-con-inner\">\n\t\t<div class=\"elementor-element elementor-element-a04f9ee e-con-full e-flex e-con e-child\" data-id=\"a04f9ee\" data-element_type=\"container\">\n\t\t<div class=\"elementor-element elementor-element-5ea4f0d e-con-full e-flex e-con e-child\" data-id=\"5ea4f0d\" data-element_type=\"container\">\n\t\t\t\t<div class=\"elementor-element elementor-element-93d18cd elementor-widget elementor-widget-text-editor\" data-id=\"93d18cd\" data-element_type=\"widget\" data-widget_type=\"text-editor.default\">\n\t\t\t\t<div class=\"elementor-widget-container\">\n\t\t\t\t\t\t\t\t\t<p style=\"text-align: center;\">480 M\u20ac<\/p>\t\t\t\t\t\t\t\t<\/div>\n\t\t\t\t<\/div>\n\t\t\t\t<div class=\"elementor-element elementor-element-47a6731 elementor-widget-divider--view-line elementor-widget elementor-widget-divider\" data-id=\"47a6731\" data-element_type=\"widget\" data-widget_type=\"divider.default\">\n\t\t\t\t<div class=\"elementor-widget-container\">\n\t\t\t\t\t\t\t<div class=\"elementor-divider\">\n\t\t\t<span class=\"elementor-divider-separator\">\n\t\t\t\t\t\t<\/span>\n\t\t<\/div>\n\t\t\t\t\t\t<\/div>\n\t\t\t\t<\/div>\n\t\t\t\t<div class=\"elementor-element elementor-element-acff16f elementor-widget elementor-widget-text-editor\" data-id=\"acff16f\" data-element_type=\"widget\" data-widget_type=\"text-editor.default\">\n\t\t\t\t<div class=\"elementor-widget-container\">\n\t\t\t\t\t\t\t\t\t<p style=\"text-align: center;\">of budget<\/p>\t\t\t\t\t\t\t\t<\/div>\n\t\t\t\t<\/div>\n\t\t\t\t<\/div>\n\t\t\t\t<\/div>\n\t\t<div class=\"elementor-element elementor-element-9eacc0e e-con-full e-flex e-con e-child\" data-id=\"9eacc0e\" data-element_type=\"container\">\n\t\t<div class=\"elementor-element elementor-element-ee70c1b e-con-full e-flex e-con e-child\" data-id=\"ee70c1b\" data-element_type=\"container\">\n\t\t\t\t<div class=\"elementor-element elementor-element-3fe2fe9 elementor-widget elementor-widget-text-editor\" data-id=\"3fe2fe9\" data-element_type=\"widget\" data-widget_type=\"text-editor.default\">\n\t\t\t\t<div class=\"elementor-widget-container\">\n\t\t\t\t\t\t\t\t\t<p style=\"text-align: center;\">33.000 m\u00b2<\/p>\t\t\t\t\t\t\t\t<\/div>\n\t\t\t\t<\/div>\n\t\t\t\t<div class=\"elementor-element elementor-element-4f4a393 elementor-widget-divider--view-line elementor-widget elementor-widget-divider\" data-id=\"4f4a393\" data-element_type=\"widget\" data-widget_type=\"divider.default\">\n\t\t\t\t<div class=\"elementor-widget-container\">\n\t\t\t\t\t\t\t<div class=\"elementor-divider\">\n\t\t\t<span class=\"elementor-divider-separator\">\n\t\t\t\t\t\t<\/span>\n\t\t<\/div>\n\t\t\t\t\t\t<\/div>\n\t\t\t\t<\/div>\n\t\t\t\t<div class=\"elementor-element elementor-element-3fc2689 elementor-widget elementor-widget-text-editor\" data-id=\"3fc2689\" data-element_type=\"widget\" data-widget_type=\"text-editor.default\">\n\t\t\t\t<div class=\"elementor-widget-container\">\n\t\t\t\t\t\t\t\t\t<p style=\"text-align: center;\">of constructed area<\/p>\t\t\t\t\t\t\t\t<\/div>\n\t\t\t\t<\/div>\n\t\t\t\t<\/div>\n\t\t\t\t<\/div>\n\t\t\t\t\t<\/div>\n\t\t\t\t<\/div>\n\t\t\t\t<section class=\"elementor-section elementor-top-section elementor-element elementor-element-6fa4a04f elementor-section-boxed elementor-section-height-default elementor-section-height-default\" data-id=\"6fa4a04f\" data-element_type=\"section\">\n\t\t\t\t\t\t<div class=\"elementor-container elementor-column-gap-default\">\n\t\t\t\t\t<div class=\"elementor-column elementor-col-100 elementor-top-column elementor-element elementor-element-678e3b88\" data-id=\"678e3b88\" data-element_type=\"column\">\n\t\t\t<div class=\"elementor-widget-wrap elementor-element-populated\">\n\t\t\t\t\t\t<div class=\"elementor-element elementor-element-156afcc4 elementor-widget__width-initial elementor-widget elementor-widget-text-editor\" data-id=\"156afcc4\" data-element_type=\"widget\" data-widget_type=\"text-editor.default\">\n\t\t\t\t<div class=\"elementor-widget-container\">\n\t\t\t\t\t\t\t\t\t<p>This complex project seeks the transformation of an old concession, dating from the 1980s, into a modern design, with the creation of more green areas, regeneration of the beach, reduction of land reclaimed from the sea, and so on.<\/p><p>A large multi-purpose service building is created, with a dry marina for boat storage, large commercial and restaurant areas, and a large public square-viewpoint crowning the project.<\/p><p>\u00a0<\/p><p><span style=\"color: #002f53;\"><strong>Location:<\/strong><\/span> cabo Huertas, Alicante<\/p><p><span style=\"color: #002f53;\"><strong>Date:<\/strong><\/span> 2005-2009<\/p><p><span style=\"color: #002f53;\"><strong>Scope of the project:<\/strong>\u00a0<\/span>basic project<\/p><p><span style=\"color: #002f53;\"><strong>Significant data:<\/strong>\u00a0<\/span>Constructed area 33,000 m\u00b2. Development area 23,759 m\u00b2.<\/p>\t\t\t\t\t\t\t\t<\/div>\n\t\t\t\t<\/div>\n\t\t\t\t\t<\/div>\n\t\t<\/div>\n\t\t\t\t\t<\/div>\n\t\t<\/section>\n\t\t\t\t<\/div>","protected":false},"excerpt":{"rendered":"<p>480 M\u20ac de presupuesto 33.000 m\u00b2 de superficie construida Este complejo proyecto busca la transformaci\u00f3n de una antigua concesi\u00f3n, de los a\u00f1os 80, en un dise\u00f1o moderno, y con creaci\u00f3n de mayor n\u00famero de zonas verdes, regeneraci\u00f3n de la playa, reducci\u00f3n de terrenos ganados al mar, etc\u00e9tera. Se crea un gran edificio de servicios, multiusos, [&hellip;]<\/p>","protected":false},"author":14,"featured_media":35766,"comment_status":"closed","ping_status":"closed","sticky":false,"template":"","format":"standard","meta":{"footnotes":""},"categories":[69],"tags":[10],"class_list":["post-44009","post","type-post","status-publish","format-standard","has-post-thumbnail","hentry","category-edificacion","tag-espana"],"yoast_head":"<!-- This site is optimized with the Yoast SEO plugin v26.8 - https:\/\/yoast.com\/product\/yoast-seo-wordpress\/ -->\n<title>Edificio multiusos y plaza p\u00fablica en cabo Huertas, Alicante - Proes<\/title>\n<meta name=\"robots\" content=\"index, follow, max-snippet:-1, max-image-preview:large, max-video-preview:-1\" \/>\n<link rel=\"canonical\" href=\"https:\/\/p28223.grupoamper.com\/en\/edificio-multiusos-y-plaza-publica-en-cabo-huertas-alicante-2\/\" \/>\n<meta property=\"og:locale\" content=\"en_GB\" \/>\n<meta property=\"og:type\" content=\"article\" \/>\n<meta property=\"og:title\" content=\"Edificio multiusos y plaza p\u00fablica en cabo Huertas, Alicante - Proes\" \/>\n<meta property=\"og:description\" content=\"480 M\u20ac de presupuesto 33.000 m\u00b2 de superficie construida Este complejo proyecto busca la transformaci\u00f3n de una antigua concesi\u00f3n, de los a\u00f1os 80, en un dise\u00f1o moderno, y con creaci\u00f3n de mayor n\u00famero de zonas verdes, regeneraci\u00f3n de la playa, reducci\u00f3n de terrenos ganados al mar, etc\u00e9tera. Se crea un gran edificio de servicios, multiusos, [&hellip;]\" \/>\n<meta property=\"og:url\" content=\"https:\/\/p28223.grupoamper.com\/en\/edificio-multiusos-y-plaza-publica-en-cabo-huertas-alicante-2\/\" \/>\n<meta property=\"og:site_name\" content=\"Proes\" \/>\n<meta property=\"article:published_time\" content=\"2024-01-29T12:34:15+00:00\" \/>\n<meta property=\"article:modified_time\" content=\"2025-05-20T11:10:55+00:00\" \/>\n<meta property=\"og:image\" content=\"https:\/\/p28223.grupoamper.com\/wp-content\/uploads\/2023\/07\/05084.-Puerto-deportivo-Alicante2-scaled-e1706531919965.jpg\" \/>\n\t<meta property=\"og:image:width\" content=\"2560\" \/>\n\t<meta property=\"og:image:height\" content=\"1437\" \/>\n\t<meta property=\"og:image:type\" content=\"image\/jpeg\" \/>\n<meta name=\"author\" content=\"Isabel.Caruana\" \/>\n<meta name=\"twitter:card\" content=\"summary_large_image\" \/>\n<meta name=\"twitter:label1\" content=\"Written by\" \/>\n\t<meta name=\"twitter:data1\" content=\"Isabel.Caruana\" \/>\n\t<meta name=\"twitter:label2\" content=\"Estimated reading time\" \/>\n\t<meta name=\"twitter:data2\" content=\"1 minute\" \/>\n<script type=\"application\/ld+json\" class=\"yoast-schema-graph\">{\"@context\":\"https:\/\/schema.org\",\"@graph\":[{\"@type\":\"Article\",\"@id\":\"https:\/\/p28223.grupoamper.com\/en\/edificio-multiusos-y-plaza-publica-en-cabo-huertas-alicante-2\/#article\",\"isPartOf\":{\"@id\":\"https:\/\/p28223.grupoamper.com\/en\/edificio-multiusos-y-plaza-publica-en-cabo-huertas-alicante-2\/\"},\"author\":{\"name\":\"Isabel.Caruana\",\"@id\":\"https:\/\/p28223.grupoamper.com\/en\/#\/schema\/person\/36e57a12577f759f8f2836cd8fba1c03\"},\"headline\":\"Edificio multiusos y plaza p\u00fablica en cabo Huertas, Alicante\",\"datePublished\":\"2024-01-29T12:34:15+00:00\",\"dateModified\":\"2025-05-20T11:10:55+00:00\",\"mainEntityOfPage\":{\"@id\":\"https:\/\/p28223.grupoamper.com\/en\/edificio-multiusos-y-plaza-publica-en-cabo-huertas-alicante-2\/\"},\"wordCount\":119,\"publisher\":{\"@id\":\"https:\/\/p28223.grupoamper.com\/en\/#organization\"},\"image\":{\"@id\":\"https:\/\/p28223.grupoamper.com\/en\/edificio-multiusos-y-plaza-publica-en-cabo-huertas-alicante-2\/#primaryimage\"},\"thumbnailUrl\":\"https:\/\/www.proes.es\/wp-content\/uploads\/2023\/07\/05084.-Puerto-deportivo-Alicante2-scaled-e1706531919965.jpg\",\"keywords\":[\"Espa\u00f1a\"],\"articleSection\":[\"Edificaci\u00f3n\"],\"inLanguage\":\"en-GB\"},{\"@type\":\"WebPage\",\"@id\":\"https:\/\/p28223.grupoamper.com\/en\/edificio-multiusos-y-plaza-publica-en-cabo-huertas-alicante-2\/\",\"url\":\"https:\/\/p28223.grupoamper.com\/en\/edificio-multiusos-y-plaza-publica-en-cabo-huertas-alicante-2\/\",\"name\":\"Edificio multiusos y plaza p\u00fablica en cabo Huertas, Alicante - Proes\",\"isPartOf\":{\"@id\":\"https:\/\/p28223.grupoamper.com\/en\/#website\"},\"primaryImageOfPage\":{\"@id\":\"https:\/\/p28223.grupoamper.com\/en\/edificio-multiusos-y-plaza-publica-en-cabo-huertas-alicante-2\/#primaryimage\"},\"image\":{\"@id\":\"https:\/\/p28223.grupoamper.com\/en\/edificio-multiusos-y-plaza-publica-en-cabo-huertas-alicante-2\/#primaryimage\"},\"thumbnailUrl\":\"https:\/\/www.proes.es\/wp-content\/uploads\/2023\/07\/05084.-Puerto-deportivo-Alicante2-scaled-e1706531919965.jpg\",\"datePublished\":\"2024-01-29T12:34:15+00:00\",\"dateModified\":\"2025-05-20T11:10:55+00:00\",\"breadcrumb\":{\"@id\":\"https:\/\/p28223.grupoamper.com\/en\/edificio-multiusos-y-plaza-publica-en-cabo-huertas-alicante-2\/#breadcrumb\"},\"inLanguage\":\"en-GB\",\"potentialAction\":[{\"@type\":\"ReadAction\",\"target\":[\"https:\/\/p28223.grupoamper.com\/en\/edificio-multiusos-y-plaza-publica-en-cabo-huertas-alicante-2\/\"]}]},{\"@type\":\"ImageObject\",\"inLanguage\":\"en-GB\",\"@id\":\"https:\/\/p28223.grupoamper.com\/en\/edificio-multiusos-y-plaza-publica-en-cabo-huertas-alicante-2\/#primaryimage\",\"url\":\"https:\/\/www.proes.es\/wp-content\/uploads\/2023\/07\/05084.-Puerto-deportivo-Alicante2-scaled-e1706531919965.jpg\",\"contentUrl\":\"https:\/\/www.proes.es\/wp-content\/uploads\/2023\/07\/05084.-Puerto-deportivo-Alicante2-scaled-e1706531919965.jpg\",\"width\":2560,\"height\":1437},{\"@type\":\"BreadcrumbList\",\"@id\":\"https:\/\/p28223.grupoamper.com\/en\/edificio-multiusos-y-plaza-publica-en-cabo-huertas-alicante-2\/#breadcrumb\",\"itemListElement\":[{\"@type\":\"ListItem\",\"position\":1,\"name\":\"Portada\",\"item\":\"https:\/\/p28223.grupoamper.com\/en\/\"},{\"@type\":\"ListItem\",\"position\":2,\"name\":\"Edificio multiusos y plaza p\u00fablica en cabo Huertas, Alicante\"}]},{\"@type\":\"WebSite\",\"@id\":\"https:\/\/p28223.grupoamper.com\/en\/#website\",\"url\":\"https:\/\/p28223.grupoamper.com\/en\/\",\"name\":\"Proes\",\"description\":\"\",\"publisher\":{\"@id\":\"https:\/\/p28223.grupoamper.com\/en\/#organization\"},\"potentialAction\":[{\"@type\":\"SearchAction\",\"target\":{\"@type\":\"EntryPoint\",\"urlTemplate\":\"https:\/\/p28223.grupoamper.com\/en\/?s={search_term_string}\"},\"query-input\":{\"@type\":\"PropertyValueSpecification\",\"valueRequired\":true,\"valueName\":\"search_term_string\"}}],\"inLanguage\":\"en-GB\"},{\"@type\":\"Organization\",\"@id\":\"https:\/\/p28223.grupoamper.com\/en\/#organization\",\"name\":\"Proes\",\"url\":\"https:\/\/p28223.grupoamper.com\/en\/\",\"logo\":{\"@type\":\"ImageObject\",\"inLanguage\":\"en-GB\",\"@id\":\"https:\/\/p28223.grupoamper.com\/en\/#\/schema\/logo\/image\/\",\"url\":\"https:\/\/www.proes.es\/wp-content\/uploads\/2023\/05\/Logo-Proes.png\",\"contentUrl\":\"https:\/\/www.proes.es\/wp-content\/uploads\/2023\/05\/Logo-Proes.png\",\"width\":520,\"height\":140,\"caption\":\"Proes\"},\"image\":{\"@id\":\"https:\/\/p28223.grupoamper.com\/en\/#\/schema\/logo\/image\/\"}},{\"@type\":\"Person\",\"@id\":\"https:\/\/p28223.grupoamper.com\/en\/#\/schema\/person\/36e57a12577f759f8f2836cd8fba1c03\",\"name\":\"Isabel.Caruana\",\"image\":{\"@type\":\"ImageObject\",\"inLanguage\":\"en-GB\",\"@id\":\"https:\/\/p28223.grupoamper.com\/en\/#\/schema\/person\/image\/\",\"url\":\"https:\/\/secure.gravatar.com\/avatar\/4a350cf9d30b1b93d55c0b1fca1bdc4539442248717055d1a3bb3f1d49dff91d?s=96&d=mm&r=g\",\"contentUrl\":\"https:\/\/secure.gravatar.com\/avatar\/4a350cf9d30b1b93d55c0b1fca1bdc4539442248717055d1a3bb3f1d49dff91d?s=96&d=mm&r=g\",\"caption\":\"Isabel.Caruana\"},\"sameAs\":[\"https:\/\/Proes\"],\"url\":\"https:\/\/www.proes.es\/en\/author\/isabel-caruana\/\"}]}<\/script>\n<!-- \/ Yoast SEO plugin. -->","yoast_head_json":{"title":"Edificio multiusos y plaza p\u00fablica en cabo Huertas, Alicante - Proes","robots":{"index":"index","follow":"follow","max-snippet":"max-snippet:-1","max-image-preview":"max-image-preview:large","max-video-preview":"max-video-preview:-1"},"canonical":"https:\/\/p28223.grupoamper.com\/en\/edificio-multiusos-y-plaza-publica-en-cabo-huertas-alicante-2\/","og_locale":"en_GB","og_type":"article","og_title":"Edificio multiusos y plaza p\u00fablica en cabo Huertas, Alicante - Proes","og_description":"480 M\u20ac de presupuesto 33.000 m\u00b2 de superficie construida Este complejo proyecto busca la transformaci\u00f3n de una antigua concesi\u00f3n, de los a\u00f1os 80, en un dise\u00f1o moderno, y con creaci\u00f3n de mayor n\u00famero de zonas verdes, regeneraci\u00f3n de la playa, reducci\u00f3n de terrenos ganados al mar, etc\u00e9tera. Se crea un gran edificio de servicios, multiusos, [&hellip;]","og_url":"https:\/\/p28223.grupoamper.com\/en\/edificio-multiusos-y-plaza-publica-en-cabo-huertas-alicante-2\/","og_site_name":"Proes","article_published_time":"2024-01-29T12:34:15+00:00","article_modified_time":"2025-05-20T11:10:55+00:00","og_image":[{"width":2560,"height":1437,"url":"https:\/\/p28223.grupoamper.com\/wp-content\/uploads\/2023\/07\/05084.-Puerto-deportivo-Alicante2-scaled-e1706531919965.jpg","type":"image\/jpeg"}],"author":"Isabel.Caruana","twitter_card":"summary_large_image","twitter_misc":{"Written by":"Isabel.Caruana","Estimated reading time":"1 minute"},"schema":{"@context":"https:\/\/schema.org","@graph":[{"@type":"Article","@id":"https:\/\/p28223.grupoamper.com\/en\/edificio-multiusos-y-plaza-publica-en-cabo-huertas-alicante-2\/#article","isPartOf":{"@id":"https:\/\/p28223.grupoamper.com\/en\/edificio-multiusos-y-plaza-publica-en-cabo-huertas-alicante-2\/"},"author":{"name":"Isabel.Caruana","@id":"https:\/\/p28223.grupoamper.com\/en\/#\/schema\/person\/36e57a12577f759f8f2836cd8fba1c03"},"headline":"Edificio multiusos y plaza p\u00fablica en cabo Huertas, Alicante","datePublished":"2024-01-29T12:34:15+00:00","dateModified":"2025-05-20T11:10:55+00:00","mainEntityOfPage":{"@id":"https:\/\/p28223.grupoamper.com\/en\/edificio-multiusos-y-plaza-publica-en-cabo-huertas-alicante-2\/"},"wordCount":119,"publisher":{"@id":"https:\/\/p28223.grupoamper.com\/en\/#organization"},"image":{"@id":"https:\/\/p28223.grupoamper.com\/en\/edificio-multiusos-y-plaza-publica-en-cabo-huertas-alicante-2\/#primaryimage"},"thumbnailUrl":"https:\/\/www.proes.es\/wp-content\/uploads\/2023\/07\/05084.-Puerto-deportivo-Alicante2-scaled-e1706531919965.jpg","keywords":["Espa\u00f1a"],"articleSection":["Edificaci\u00f3n"],"inLanguage":"en-GB"},{"@type":"WebPage","@id":"https:\/\/p28223.grupoamper.com\/en\/edificio-multiusos-y-plaza-publica-en-cabo-huertas-alicante-2\/","url":"https:\/\/p28223.grupoamper.com\/en\/edificio-multiusos-y-plaza-publica-en-cabo-huertas-alicante-2\/","name":"Edificio multiusos y plaza p\u00fablica en cabo Huertas, Alicante - Proes","isPartOf":{"@id":"https:\/\/p28223.grupoamper.com\/en\/#website"},"primaryImageOfPage":{"@id":"https:\/\/p28223.grupoamper.com\/en\/edificio-multiusos-y-plaza-publica-en-cabo-huertas-alicante-2\/#primaryimage"},"image":{"@id":"https:\/\/p28223.grupoamper.com\/en\/edificio-multiusos-y-plaza-publica-en-cabo-huertas-alicante-2\/#primaryimage"},"thumbnailUrl":"https:\/\/www.proes.es\/wp-content\/uploads\/2023\/07\/05084.-Puerto-deportivo-Alicante2-scaled-e1706531919965.jpg","datePublished":"2024-01-29T12:34:15+00:00","dateModified":"2025-05-20T11:10:55+00:00","breadcrumb":{"@id":"https:\/\/p28223.grupoamper.com\/en\/edificio-multiusos-y-plaza-publica-en-cabo-huertas-alicante-2\/#breadcrumb"},"inLanguage":"en-GB","potentialAction":[{"@type":"ReadAction","target":["https:\/\/p28223.grupoamper.com\/en\/edificio-multiusos-y-plaza-publica-en-cabo-huertas-alicante-2\/"]}]},{"@type":"ImageObject","inLanguage":"en-GB","@id":"https:\/\/p28223.grupoamper.com\/en\/edificio-multiusos-y-plaza-publica-en-cabo-huertas-alicante-2\/#primaryimage","url":"https:\/\/www.proes.es\/wp-content\/uploads\/2023\/07\/05084.-Puerto-deportivo-Alicante2-scaled-e1706531919965.jpg","contentUrl":"https:\/\/www.proes.es\/wp-content\/uploads\/2023\/07\/05084.-Puerto-deportivo-Alicante2-scaled-e1706531919965.jpg","width":2560,"height":1437},{"@type":"BreadcrumbList","@id":"https:\/\/p28223.grupoamper.com\/en\/edificio-multiusos-y-plaza-publica-en-cabo-huertas-alicante-2\/#breadcrumb","itemListElement":[{"@type":"ListItem","position":1,"name":"Portada","item":"https:\/\/p28223.grupoamper.com\/en\/"},{"@type":"ListItem","position":2,"name":"Edificio multiusos y plaza p\u00fablica en cabo Huertas, Alicante"}]},{"@type":"WebSite","@id":"https:\/\/p28223.grupoamper.com\/en\/#website","url":"https:\/\/p28223.grupoamper.com\/en\/","name":"Proes,","description":"","publisher":{"@id":"https:\/\/p28223.grupoamper.com\/en\/#organization"},"potentialAction":[{"@type":"SearchAction","target":{"@type":"EntryPoint","urlTemplate":"https:\/\/p28223.grupoamper.com\/en\/?s={search_term_string}"},"query-input":{"@type":"PropertyValueSpecification","valueRequired":true,"valueName":"search_term_string"}}],"inLanguage":"en-GB"},{"@type":"Organization","@id":"https:\/\/p28223.grupoamper.com\/en\/#organization","name":"Proes,","url":"https:\/\/p28223.grupoamper.com\/en\/","logo":{"@type":"ImageObject","inLanguage":"en-GB","@id":"https:\/\/p28223.grupoamper.com\/en\/#\/schema\/logo\/image\/","url":"https:\/\/www.proes.es\/wp-content\/uploads\/2023\/05\/Logo-Proes.png","contentUrl":"https:\/\/www.proes.es\/wp-content\/uploads\/2023\/05\/Logo-Proes.png","width":520,"height":140,"caption":"Proes"},"image":{"@id":"https:\/\/p28223.grupoamper.com\/en\/#\/schema\/logo\/image\/"}},{"@type":"Person","@id":"https:\/\/p28223.grupoamper.com\/en\/#\/schema\/person\/36e57a12577f759f8f2836cd8fba1c03","name":"Isabel.Caruana","image":{"@type":"ImageObject","inLanguage":"en-GB","@id":"https:\/\/p28223.grupoamper.com\/en\/#\/schema\/person\/image\/","url":"https:\/\/secure.gravatar.com\/avatar\/4a350cf9d30b1b93d55c0b1fca1bdc4539442248717055d1a3bb3f1d49dff91d?s=96&d=mm&r=g","contentUrl":"https:\/\/secure.gravatar.com\/avatar\/4a350cf9d30b1b93d55c0b1fca1bdc4539442248717055d1a3bb3f1d49dff91d?s=96&d=mm&r=g","caption":"Isabel.Caruana"},"sameAs":["https:\/\/Proes"],"url":"https:\/\/www.proes.es\/en\/author\/isabel-caruana\/"}]}},"_links":{"self":[{"href":"https:\/\/www.proes.es\/en\/wp-json\/wp\/v2\/posts\/44009","targetHints":{"allow":["GET"]}}],"collection":[{"href":"https:\/\/www.proes.es\/en\/wp-json\/wp\/v2\/posts"}],"about":[{"href":"https:\/\/www.proes.es\/en\/wp-json\/wp\/v2\/types\/post"}],"author":[{"embeddable":true,"href":"https:\/\/www.proes.es\/en\/wp-json\/wp\/v2\/users\/14"}],"replies":[{"embeddable":true,"href":"https:\/\/www.proes.es\/en\/wp-json\/wp\/v2\/comments?post=44009"}],"version-history":[{"count":14,"href":"https:\/\/www.proes.es\/en\/wp-json\/wp\/v2\/posts\/44009\/revisions"}],"predecessor-version":[{"id":48756,"href":"https:\/\/www.proes.es\/en\/wp-json\/wp\/v2\/posts\/44009\/revisions\/48756"}],"wp:featuredmedia":[{"embeddable":true,"href":"https:\/\/www.proes.es\/en\/wp-json\/wp\/v2\/media\/35766"}],"wp:attachment":[{"href":"https:\/\/www.proes.es\/en\/wp-json\/wp\/v2\/media?parent=44009"}],"wp:term":[{"taxonomy":"category","embeddable":true,"href":"https:\/\/www.proes.es\/en\/wp-json\/wp\/v2\/categories?post=44009"},{"taxonomy":"post_tag","embeddable":true,"href":"https:\/\/www.proes.es\/en\/wp-json\/wp\/v2\/tags?post=44009"}],"curies":[{"name":"wp","href":"https:\/\/api.w.org\/{rel}","templated":true}]}}