{"id":44011,"date":"2024-01-29T13:40:08","date_gmt":"2024-01-29T12:40:08","guid":{"rendered":"https:\/\/www.proes.es\/?p=44011"},"modified":"2025-06-03T10:46:02","modified_gmt":"2025-06-03T08:46:02","slug":"proyecto-de-reforma-y-rehabilitacion-del-complejo-hostelero-de-safir-argel-en-argelia-2","status":"publish","type":"post","link":"https:\/\/www.proes.es\/en\/proyecto-de-reforma-y-rehabilitacion-del-complejo-hostelero-de-safir-argel-en-argelia-2\/","title":{"rendered":"Refurbishment and rehabilitation project of the Safir Algiers hotel complex in Algeria"},"content":{"rendered":"<div data-elementor-type=\"wp-post\" data-elementor-id=\"44011\" class=\"elementor elementor-44011\" data-elementor-post-type=\"post\">\n\t\t\t\t<div class=\"elementor-element elementor-element-3cdfe8a e-flex e-con-boxed e-con e-parent\" data-id=\"3cdfe8a\" data-element_type=\"container\">\n\t\t\t\t\t<div class=\"e-con-inner\">\n\t\t\t\t<div class=\"elementor-element elementor-element-33d9f86 elementor-widget elementor-widget-image\" data-id=\"33d9f86\" data-element_type=\"widget\" data-widget_type=\"image.default\">\n\t\t\t\t<div class=\"elementor-widget-container\">\n\t\t\t\t\t\t\t\t\t\t\t\t\t\t\t<img fetchpriority=\"high\" decoding=\"async\" width=\"1200\" height=\"800\" src=\"https:\/\/p28223.grupoamper.com\/wp-content\/uploads\/2021\/01\/safir-hotel-alger.jpg\" class=\"attachment-full size-full wp-image-37951\" alt=\"\" srcset=\"https:\/\/p28223.grupoamper.com\/wp-content\/uploads\/2021\/01\/safir-hotel-alger.jpg 1200w, https:\/\/p28223.grupoamper.com\/wp-content\/uploads\/2021\/01\/safir-hotel-alger-300x200.jpg 300w, https:\/\/p28223.grupoamper.com\/wp-content\/uploads\/2021\/01\/safir-hotel-alger-1024x683.jpg 1024w, https:\/\/p28223.grupoamper.com\/wp-content\/uploads\/2021\/01\/safir-hotel-alger-768x512.jpg 768w, https:\/\/p28223.grupoamper.com\/wp-content\/uploads\/2021\/01\/safir-hotel-alger-18x12.jpg 18w\" sizes=\"(max-width: 1200px) 100vw, 1200px\" \/>\t\t\t\t\t\t\t\t\t\t\t\t\t\t\t<\/div>\n\t\t\t\t<\/div>\n\t\t\t\t\t<\/div>\n\t\t\t\t<\/div>\n\t\t<div class=\"elementor-element elementor-element-d37ad5a e-flex e-con-boxed e-con e-parent\" data-id=\"d37ad5a\" data-element_type=\"container\">\n\t\t\t\t\t<div class=\"e-con-inner\">\n\t\t<div class=\"elementor-element elementor-element-d49d1e0 e-con-full e-flex e-con e-child\" data-id=\"d49d1e0\" data-element_type=\"container\">\n\t\t\t\t<div class=\"elementor-element elementor-element-38c1739 elementor-widget elementor-widget-text-editor\" data-id=\"38c1739\" data-element_type=\"widget\" data-widget_type=\"text-editor.default\">\n\t\t\t\t<div class=\"elementor-widget-container\">\n\t\t\t\t\t\t\t\t\t<p style=\"text-align: center;\">21.300<\/p>\t\t\t\t\t\t\t\t<\/div>\n\t\t\t\t<\/div>\n\t\t\t\t<div class=\"elementor-element elementor-element-2ae89aa elementor-widget-divider--view-line elementor-widget elementor-widget-divider\" data-id=\"2ae89aa\" data-element_type=\"widget\" data-widget_type=\"divider.default\">\n\t\t\t\t<div class=\"elementor-widget-container\">\n\t\t\t\t\t\t\t<div class=\"elementor-divider\">\n\t\t\t<span class=\"elementor-divider-separator\">\n\t\t\t\t\t\t<\/span>\n\t\t<\/div>\n\t\t\t\t\t\t<\/div>\n\t\t\t\t<\/div>\n\t\t\t\t<div class=\"elementor-element elementor-element-facb681 elementor-widget elementor-widget-text-editor\" data-id=\"facb681\" data-element_type=\"widget\" data-widget_type=\"text-editor.default\">\n\t\t\t\t<div class=\"elementor-widget-container\">\n\t\t\t\t\t\t\t\t\t<p>m<sup>2<\/sup> built<\/p>\t\t\t\t\t\t\t\t<\/div>\n\t\t\t\t<\/div>\n\t\t\t\t<\/div>\n\t\t<div class=\"elementor-element elementor-element-2f9e185 e-con-full e-flex e-con e-child\" data-id=\"2f9e185\" data-element_type=\"container\">\n\t\t\t\t<div class=\"elementor-element elementor-element-5021c4d elementor-widget elementor-widget-text-editor\" data-id=\"5021c4d\" data-element_type=\"widget\" data-widget_type=\"text-editor.default\">\n\t\t\t\t<div class=\"elementor-widget-container\">\n\t\t\t\t\t\t\t\t\t<p style=\"text-align: center;\">155<\/p>\t\t\t\t\t\t\t\t<\/div>\n\t\t\t\t<\/div>\n\t\t\t\t<div class=\"elementor-element elementor-element-0f3f9ce elementor-widget-divider--view-line elementor-widget elementor-widget-divider\" data-id=\"0f3f9ce\" data-element_type=\"widget\" data-widget_type=\"divider.default\">\n\t\t\t\t<div class=\"elementor-widget-container\">\n\t\t\t\t\t\t\t<div class=\"elementor-divider\">\n\t\t\t<span class=\"elementor-divider-separator\">\n\t\t\t\t\t\t<\/span>\n\t\t<\/div>\n\t\t\t\t\t\t<\/div>\n\t\t\t\t<\/div>\n\t\t\t\t<div class=\"elementor-element elementor-element-e69e077 elementor-widget elementor-widget-text-editor\" data-id=\"e69e077\" data-element_type=\"widget\" data-widget_type=\"text-editor.default\">\n\t\t\t\t<div class=\"elementor-widget-container\">\n\t\t\t\t\t\t\t\t\t<p>Rooms<\/p>\t\t\t\t\t\t\t\t<\/div>\n\t\t\t\t<\/div>\n\t\t\t\t<\/div>\n\t\t\t\t\t<\/div>\n\t\t\t\t<\/div>\n\t\t<div class=\"elementor-element elementor-element-dac5cb7 e-flex e-con-boxed e-con e-parent\" data-id=\"dac5cb7\" data-element_type=\"container\">\n\t\t\t\t\t<div class=\"e-con-inner\">\n\t\t\t\t<div class=\"elementor-element elementor-element-a2134c5 elementor-widget__width-initial elementor-widget elementor-widget-text-editor\" data-id=\"a2134c5\" data-element_type=\"widget\" data-widget_type=\"text-editor.default\">\n\t\t\t\t<div class=\"elementor-widget-container\">\n\t\t\t\t\t\t\t\t\t<p>An iconic hotel, which has been frequented by the likes of Charles Chaplin. It was originally called the Hotel Aletti and was built between 1926 and 1930 in the Art Deco style. Initially it also included a cinema and the municipal casino. Subsequently it has undergone various alterations that have altered its original character.<\/p><p>The building occupies an entire city block and has a total built area of approximately 21,300 m\u00b2, with a total of 155 rooms. Located in the heart of the city centre, it is close to places of interest such as Emir Abdelkader Square, the Government Palace and the Post Office.<\/p><p><span style=\"color: #002f53;\"><strong>Location:<\/strong><\/span>\u00a0Argel, Algeria<\/p><p><span style=\"color: #002f53;\"><strong>Date:<\/strong>\u00a0<\/span>2013<\/p><p><span style=\"color: #002f53;\"><strong>Scope of the project:<\/strong><\/span>\u00a0Refurbishment and rehabilitation project<\/p><p><span style=\"color: #002f53;\"><strong>Significant data:<\/strong>\u00a0<\/span>The estimated time for drafting the projects is six months.<\/p>\t\t\t\t\t\t\t\t<\/div>\n\t\t\t\t<\/div>\n\t\t\t\t\t<\/div>\n\t\t\t\t<\/div>\n\t\t\t\t<\/div>","protected":false},"excerpt":{"rendered":"<p>21.300 m2 construidos 155 Habitaciones Hotel emblem\u00e1tico, por el que han pasado personajes como Charles Chaplin. Inicialmente fue llamado Hotel Aletti y fue construido entre 1926 y 1930 en el estilo Art Dec\u00f3. Inicialmente inclu\u00eda adem\u00e1s un cine y el casino municipal. Posteriormente ha sufrido diversas reformas que han alterado su car\u00e1cter original. El edificio [&hellip;]<\/p>","protected":false},"author":13,"featured_media":37951,"comment_status":"closed","ping_status":"closed","sticky":false,"template":"","format":"standard","meta":{"footnotes":""},"categories":[69],"tags":[38],"class_list":["post-44011","post","type-post","status-publish","format-standard","has-post-thumbnail","hentry","category-edificacion","tag-argelia"],"yoast_head":"<!-- This site is optimized with the Yoast SEO plugin v26.8 - https:\/\/yoast.com\/product\/yoast-seo-wordpress\/ -->\n<title>Proyecto de reforma y rehabilitaci\u00f3n del complejo hostelero de Safir Argel en Argelia - Proes<\/title>\n<meta name=\"robots\" content=\"index, follow, max-snippet:-1, max-image-preview:large, max-video-preview:-1\" \/>\n<link rel=\"canonical\" href=\"https:\/\/www.proes.es\/en\/proyecto-de-reforma-y-rehabilitacion-del-complejo-hostelero-de-safir-argel-en-argelia-2\/\" \/>\n<meta property=\"og:locale\" content=\"en_GB\" \/>\n<meta property=\"og:type\" content=\"article\" \/>\n<meta property=\"og:title\" content=\"Proyecto de reforma y rehabilitaci\u00f3n del complejo hostelero de Safir Argel en Argelia - Proes\" \/>\n<meta property=\"og:description\" content=\"21.300 m2 construidos 155 Habitaciones Hotel emblem\u00e1tico, por el que han pasado personajes como Charles Chaplin. Inicialmente fue llamado Hotel Aletti y fue construido entre 1926 y 1930 en el estilo Art Dec\u00f3. Inicialmente inclu\u00eda adem\u00e1s un cine y el casino municipal. Posteriormente ha sufrido diversas reformas que han alterado su car\u00e1cter original. El edificio [&hellip;]\" \/>\n<meta property=\"og:url\" content=\"https:\/\/www.proes.es\/en\/proyecto-de-reforma-y-rehabilitacion-del-complejo-hostelero-de-safir-argel-en-argelia-2\/\" \/>\n<meta property=\"og:site_name\" content=\"Proes\" \/>\n<meta property=\"article:published_time\" content=\"2024-01-29T12:40:08+00:00\" \/>\n<meta property=\"article:modified_time\" content=\"2025-06-03T08:46:02+00:00\" \/>\n<meta property=\"og:image\" content=\"https:\/\/www.proes.es\/wp-content\/uploads\/2021\/01\/safir-hotel-alger.jpg\" \/>\n\t<meta property=\"og:image:width\" content=\"1200\" \/>\n\t<meta property=\"og:image:height\" content=\"800\" \/>\n\t<meta property=\"og:image:type\" content=\"image\/jpeg\" \/>\n<meta name=\"author\" content=\"Maria Victoria Del Pozo Vindel\" \/>\n<meta name=\"twitter:card\" content=\"summary_large_image\" \/>\n<meta name=\"twitter:label1\" content=\"Written by\" \/>\n\t<meta name=\"twitter:data1\" content=\"Maria Victoria Del Pozo Vindel\" \/>\n\t<meta name=\"twitter:label2\" content=\"Estimated reading time\" \/>\n\t<meta name=\"twitter:data2\" content=\"1 minute\" \/>\n<script type=\"application\/ld+json\" class=\"yoast-schema-graph\">{\"@context\":\"https:\/\/schema.org\",\"@graph\":[{\"@type\":\"Article\",\"@id\":\"https:\/\/www.proes.es\/proyecto-de-reforma-y-rehabilitacion-del-complejo-hostelero-de-safir-argel-en-argelia-2\/#article\",\"isPartOf\":{\"@id\":\"https:\/\/www.proes.es\/proyecto-de-reforma-y-rehabilitacion-del-complejo-hostelero-de-safir-argel-en-argelia-2\/\"},\"author\":{\"name\":\"Maria Victoria Del Pozo Vindel\",\"@id\":\"https:\/\/p28223.grupoamper.com\/en\/#\/schema\/person\/97e415e7296dfb24d5c9c8cca875e830\"},\"headline\":\"Proyecto de reforma y rehabilitaci\u00f3n del complejo hostelero de Safir Argel en Argelia\",\"datePublished\":\"2024-01-29T12:40:08+00:00\",\"dateModified\":\"2025-06-03T08:46:02+00:00\",\"mainEntityOfPage\":{\"@id\":\"https:\/\/www.proes.es\/proyecto-de-reforma-y-rehabilitacion-del-complejo-hostelero-de-safir-argel-en-argelia-2\/\"},\"wordCount\":145,\"publisher\":{\"@id\":\"https:\/\/p28223.grupoamper.com\/en\/#organization\"},\"image\":{\"@id\":\"https:\/\/www.proes.es\/proyecto-de-reforma-y-rehabilitacion-del-complejo-hostelero-de-safir-argel-en-argelia-2\/#primaryimage\"},\"thumbnailUrl\":\"https:\/\/www.proes.es\/wp-content\/uploads\/2021\/01\/safir-hotel-alger.jpg\",\"keywords\":[\"Argelia\"],\"articleSection\":[\"Edificaci\u00f3n\"],\"inLanguage\":\"en-GB\"},{\"@type\":\"WebPage\",\"@id\":\"https:\/\/www.proes.es\/proyecto-de-reforma-y-rehabilitacion-del-complejo-hostelero-de-safir-argel-en-argelia-2\/\",\"url\":\"https:\/\/www.proes.es\/proyecto-de-reforma-y-rehabilitacion-del-complejo-hostelero-de-safir-argel-en-argelia-2\/\",\"name\":\"Proyecto de reforma y rehabilitaci\u00f3n del complejo hostelero de Safir Argel en Argelia - Proes\",\"isPartOf\":{\"@id\":\"https:\/\/p28223.grupoamper.com\/en\/#website\"},\"primaryImageOfPage\":{\"@id\":\"https:\/\/www.proes.es\/proyecto-de-reforma-y-rehabilitacion-del-complejo-hostelero-de-safir-argel-en-argelia-2\/#primaryimage\"},\"image\":{\"@id\":\"https:\/\/www.proes.es\/proyecto-de-reforma-y-rehabilitacion-del-complejo-hostelero-de-safir-argel-en-argelia-2\/#primaryimage\"},\"thumbnailUrl\":\"https:\/\/www.proes.es\/wp-content\/uploads\/2021\/01\/safir-hotel-alger.jpg\",\"datePublished\":\"2024-01-29T12:40:08+00:00\",\"dateModified\":\"2025-06-03T08:46:02+00:00\",\"breadcrumb\":{\"@id\":\"https:\/\/www.proes.es\/proyecto-de-reforma-y-rehabilitacion-del-complejo-hostelero-de-safir-argel-en-argelia-2\/#breadcrumb\"},\"inLanguage\":\"en-GB\",\"potentialAction\":[{\"@type\":\"ReadAction\",\"target\":[\"https:\/\/www.proes.es\/proyecto-de-reforma-y-rehabilitacion-del-complejo-hostelero-de-safir-argel-en-argelia-2\/\"]}]},{\"@type\":\"ImageObject\",\"inLanguage\":\"en-GB\",\"@id\":\"https:\/\/www.proes.es\/proyecto-de-reforma-y-rehabilitacion-del-complejo-hostelero-de-safir-argel-en-argelia-2\/#primaryimage\",\"url\":\"https:\/\/www.proes.es\/wp-content\/uploads\/2021\/01\/safir-hotel-alger.jpg\",\"contentUrl\":\"https:\/\/www.proes.es\/wp-content\/uploads\/2021\/01\/safir-hotel-alger.jpg\",\"width\":1200,\"height\":800},{\"@type\":\"BreadcrumbList\",\"@id\":\"https:\/\/www.proes.es\/proyecto-de-reforma-y-rehabilitacion-del-complejo-hostelero-de-safir-argel-en-argelia-2\/#breadcrumb\",\"itemListElement\":[{\"@type\":\"ListItem\",\"position\":1,\"name\":\"Portada\",\"item\":\"https:\/\/p28223.grupoamper.com\/en\/\"},{\"@type\":\"ListItem\",\"position\":2,\"name\":\"Proyecto de reforma y rehabilitaci\u00f3n del complejo hostelero de Safir Argel en Argelia\"}]},{\"@type\":\"WebSite\",\"@id\":\"https:\/\/p28223.grupoamper.com\/en\/#website\",\"url\":\"https:\/\/p28223.grupoamper.com\/en\/\",\"name\":\"Proes\",\"description\":\"\",\"publisher\":{\"@id\":\"https:\/\/p28223.grupoamper.com\/en\/#organization\"},\"potentialAction\":[{\"@type\":\"SearchAction\",\"target\":{\"@type\":\"EntryPoint\",\"urlTemplate\":\"https:\/\/p28223.grupoamper.com\/en\/?s={search_term_string}\"},\"query-input\":{\"@type\":\"PropertyValueSpecification\",\"valueRequired\":true,\"valueName\":\"search_term_string\"}}],\"inLanguage\":\"en-GB\"},{\"@type\":\"Organization\",\"@id\":\"https:\/\/p28223.grupoamper.com\/en\/#organization\",\"name\":\"Proes\",\"url\":\"https:\/\/p28223.grupoamper.com\/en\/\",\"logo\":{\"@type\":\"ImageObject\",\"inLanguage\":\"en-GB\",\"@id\":\"https:\/\/p28223.grupoamper.com\/en\/#\/schema\/logo\/image\/\",\"url\":\"https:\/\/www.proes.es\/wp-content\/uploads\/2023\/05\/Logo-Proes.png\",\"contentUrl\":\"https:\/\/www.proes.es\/wp-content\/uploads\/2023\/05\/Logo-Proes.png\",\"width\":520,\"height\":140,\"caption\":\"Proes\"},\"image\":{\"@id\":\"https:\/\/p28223.grupoamper.com\/en\/#\/schema\/logo\/image\/\"}},{\"@type\":\"Person\",\"@id\":\"https:\/\/p28223.grupoamper.com\/en\/#\/schema\/person\/97e415e7296dfb24d5c9c8cca875e830\",\"name\":\"Maria Victoria Del Pozo Vindel\",\"image\":{\"@type\":\"ImageObject\",\"inLanguage\":\"en-GB\",\"@id\":\"https:\/\/p28223.grupoamper.com\/en\/#\/schema\/person\/image\/\",\"url\":\"https:\/\/secure.gravatar.com\/avatar\/c8eb3a2abdf0e175fcb40a96a47283720040014ac5fb9b6ea4658d8d6b726bda?s=96&d=mm&r=g\",\"contentUrl\":\"https:\/\/secure.gravatar.com\/avatar\/c8eb3a2abdf0e175fcb40a96a47283720040014ac5fb9b6ea4658d8d6b726bda?s=96&d=mm&r=g\",\"caption\":\"Maria Victoria Del Pozo Vindel\"},\"sameAs\":[\"https:\/\/Proes\"],\"url\":\"https:\/\/www.proes.es\/en\/author\/marivi-pozo\/\"}]}<\/script>\n<!-- \/ Yoast SEO plugin. -->","yoast_head_json":{"title":"Proyecto de reforma y rehabilitaci\u00f3n del complejo hostelero de Safir Argel en Argelia - Proes","robots":{"index":"index","follow":"follow","max-snippet":"max-snippet:-1","max-image-preview":"max-image-preview:large","max-video-preview":"max-video-preview:-1"},"canonical":"https:\/\/www.proes.es\/en\/proyecto-de-reforma-y-rehabilitacion-del-complejo-hostelero-de-safir-argel-en-argelia-2\/","og_locale":"en_GB","og_type":"article","og_title":"Proyecto de reforma y rehabilitaci\u00f3n del complejo hostelero de Safir Argel en Argelia - Proes","og_description":"21.300 m2 construidos 155 Habitaciones Hotel emblem\u00e1tico, por el que han pasado personajes como Charles Chaplin. Inicialmente fue llamado Hotel Aletti y fue construido entre 1926 y 1930 en el estilo Art Dec\u00f3. Inicialmente inclu\u00eda adem\u00e1s un cine y el casino municipal. Posteriormente ha sufrido diversas reformas que han alterado su car\u00e1cter original. El edificio [&hellip;]","og_url":"https:\/\/www.proes.es\/en\/proyecto-de-reforma-y-rehabilitacion-del-complejo-hostelero-de-safir-argel-en-argelia-2\/","og_site_name":"Proes","article_published_time":"2024-01-29T12:40:08+00:00","article_modified_time":"2025-06-03T08:46:02+00:00","og_image":[{"width":1200,"height":800,"url":"https:\/\/www.proes.es\/wp-content\/uploads\/2021\/01\/safir-hotel-alger.jpg","type":"image\/jpeg"}],"author":"Maria Victoria Del Pozo Vindel","twitter_card":"summary_large_image","twitter_misc":{"Written by":"Maria Victoria Del Pozo Vindel","Estimated reading time":"1 minute"},"schema":{"@context":"https:\/\/schema.org","@graph":[{"@type":"Article","@id":"https:\/\/www.proes.es\/proyecto-de-reforma-y-rehabilitacion-del-complejo-hostelero-de-safir-argel-en-argelia-2\/#article","isPartOf":{"@id":"https:\/\/www.proes.es\/proyecto-de-reforma-y-rehabilitacion-del-complejo-hostelero-de-safir-argel-en-argelia-2\/"},"author":{"name":"Maria Victoria Del Pozo Vindel","@id":"https:\/\/p28223.grupoamper.com\/en\/#\/schema\/person\/97e415e7296dfb24d5c9c8cca875e830"},"headline":"Proyecto de reforma y rehabilitaci\u00f3n del complejo hostelero de Safir Argel en Argelia","datePublished":"2024-01-29T12:40:08+00:00","dateModified":"2025-06-03T08:46:02+00:00","mainEntityOfPage":{"@id":"https:\/\/www.proes.es\/proyecto-de-reforma-y-rehabilitacion-del-complejo-hostelero-de-safir-argel-en-argelia-2\/"},"wordCount":145,"publisher":{"@id":"https:\/\/p28223.grupoamper.com\/en\/#organization"},"image":{"@id":"https:\/\/www.proes.es\/proyecto-de-reforma-y-rehabilitacion-del-complejo-hostelero-de-safir-argel-en-argelia-2\/#primaryimage"},"thumbnailUrl":"https:\/\/www.proes.es\/wp-content\/uploads\/2021\/01\/safir-hotel-alger.jpg","keywords":["Argelia"],"articleSection":["Edificaci\u00f3n"],"inLanguage":"en-GB"},{"@type":"WebPage","@id":"https:\/\/www.proes.es\/proyecto-de-reforma-y-rehabilitacion-del-complejo-hostelero-de-safir-argel-en-argelia-2\/","url":"https:\/\/www.proes.es\/proyecto-de-reforma-y-rehabilitacion-del-complejo-hostelero-de-safir-argel-en-argelia-2\/","name":"Proyecto de reforma y rehabilitaci\u00f3n del complejo hostelero de Safir Argel en Argelia - Proes","isPartOf":{"@id":"https:\/\/p28223.grupoamper.com\/en\/#website"},"primaryImageOfPage":{"@id":"https:\/\/www.proes.es\/proyecto-de-reforma-y-rehabilitacion-del-complejo-hostelero-de-safir-argel-en-argelia-2\/#primaryimage"},"image":{"@id":"https:\/\/www.proes.es\/proyecto-de-reforma-y-rehabilitacion-del-complejo-hostelero-de-safir-argel-en-argelia-2\/#primaryimage"},"thumbnailUrl":"https:\/\/www.proes.es\/wp-content\/uploads\/2021\/01\/safir-hotel-alger.jpg","datePublished":"2024-01-29T12:40:08+00:00","dateModified":"2025-06-03T08:46:02+00:00","breadcrumb":{"@id":"https:\/\/www.proes.es\/proyecto-de-reforma-y-rehabilitacion-del-complejo-hostelero-de-safir-argel-en-argelia-2\/#breadcrumb"},"inLanguage":"en-GB","potentialAction":[{"@type":"ReadAction","target":["https:\/\/www.proes.es\/proyecto-de-reforma-y-rehabilitacion-del-complejo-hostelero-de-safir-argel-en-argelia-2\/"]}]},{"@type":"ImageObject","inLanguage":"en-GB","@id":"https:\/\/www.proes.es\/proyecto-de-reforma-y-rehabilitacion-del-complejo-hostelero-de-safir-argel-en-argelia-2\/#primaryimage","url":"https:\/\/www.proes.es\/wp-content\/uploads\/2021\/01\/safir-hotel-alger.jpg","contentUrl":"https:\/\/www.proes.es\/wp-content\/uploads\/2021\/01\/safir-hotel-alger.jpg","width":1200,"height":800},{"@type":"BreadcrumbList","@id":"https:\/\/www.proes.es\/proyecto-de-reforma-y-rehabilitacion-del-complejo-hostelero-de-safir-argel-en-argelia-2\/#breadcrumb","itemListElement":[{"@type":"ListItem","position":1,"name":"Portada","item":"https:\/\/p28223.grupoamper.com\/en\/"},{"@type":"ListItem","position":2,"name":"Proyecto de reforma y rehabilitaci\u00f3n del complejo hostelero de Safir Argel en Argelia"}]},{"@type":"WebSite","@id":"https:\/\/p28223.grupoamper.com\/en\/#website","url":"https:\/\/p28223.grupoamper.com\/en\/","name":"Proes,","description":"","publisher":{"@id":"https:\/\/p28223.grupoamper.com\/en\/#organization"},"potentialAction":[{"@type":"SearchAction","target":{"@type":"EntryPoint","urlTemplate":"https:\/\/p28223.grupoamper.com\/en\/?s={search_term_string}"},"query-input":{"@type":"PropertyValueSpecification","valueRequired":true,"valueName":"search_term_string"}}],"inLanguage":"en-GB"},{"@type":"Organization","@id":"https:\/\/p28223.grupoamper.com\/en\/#organization","name":"Proes,","url":"https:\/\/p28223.grupoamper.com\/en\/","logo":{"@type":"ImageObject","inLanguage":"en-GB","@id":"https:\/\/p28223.grupoamper.com\/en\/#\/schema\/logo\/image\/","url":"https:\/\/www.proes.es\/wp-content\/uploads\/2023\/05\/Logo-Proes.png","contentUrl":"https:\/\/www.proes.es\/wp-content\/uploads\/2023\/05\/Logo-Proes.png","width":520,"height":140,"caption":"Proes"},"image":{"@id":"https:\/\/p28223.grupoamper.com\/en\/#\/schema\/logo\/image\/"}},{"@type":"Person","@id":"https:\/\/p28223.grupoamper.com\/en\/#\/schema\/person\/97e415e7296dfb24d5c9c8cca875e830","name":"Maria Victoria Del Pozo Vindel","image":{"@type":"ImageObject","inLanguage":"en-GB","@id":"https:\/\/p28223.grupoamper.com\/en\/#\/schema\/person\/image\/","url":"https:\/\/secure.gravatar.com\/avatar\/c8eb3a2abdf0e175fcb40a96a47283720040014ac5fb9b6ea4658d8d6b726bda?s=96&d=mm&r=g","contentUrl":"https:\/\/secure.gravatar.com\/avatar\/c8eb3a2abdf0e175fcb40a96a47283720040014ac5fb9b6ea4658d8d6b726bda?s=96&d=mm&r=g","caption":"Maria Victoria Del Pozo Vindel"},"sameAs":["https:\/\/Proes"],"url":"https:\/\/www.proes.es\/en\/author\/marivi-pozo\/"}]}},"_links":{"self":[{"href":"https:\/\/www.proes.es\/en\/wp-json\/wp\/v2\/posts\/44011","targetHints":{"allow":["GET"]}}],"collection":[{"href":"https:\/\/www.proes.es\/en\/wp-json\/wp\/v2\/posts"}],"about":[{"href":"https:\/\/www.proes.es\/en\/wp-json\/wp\/v2\/types\/post"}],"author":[{"embeddable":true,"href":"https:\/\/www.proes.es\/en\/wp-json\/wp\/v2\/users\/13"}],"replies":[{"embeddable":true,"href":"https:\/\/www.proes.es\/en\/wp-json\/wp\/v2\/comments?post=44011"}],"version-history":[{"count":14,"href":"https:\/\/www.proes.es\/en\/wp-json\/wp\/v2\/posts\/44011\/revisions"}],"predecessor-version":[{"id":47500,"href":"https:\/\/www.proes.es\/en\/wp-json\/wp\/v2\/posts\/44011\/revisions\/47500"}],"wp:featuredmedia":[{"embeddable":true,"href":"https:\/\/www.proes.es\/en\/wp-json\/wp\/v2\/media\/37951"}],"wp:attachment":[{"href":"https:\/\/www.proes.es\/en\/wp-json\/wp\/v2\/media?parent=44011"}],"wp:term":[{"taxonomy":"category","embeddable":true,"href":"https:\/\/www.proes.es\/en\/wp-json\/wp\/v2\/categories?post=44011"},{"taxonomy":"post_tag","embeddable":true,"href":"https:\/\/www.proes.es\/en\/wp-json\/wp\/v2\/tags?post=44011"}],"curies":[{"name":"wp","href":"https:\/\/api.w.org\/{rel}","templated":true}]}}