{"id":44118,"date":"2024-01-29T15:39:41","date_gmt":"2024-01-29T14:39:41","guid":{"rendered":"https:\/\/www.proes.es\/?p=44118"},"modified":"2024-07-03T12:46:20","modified_gmt":"2024-07-03T10:46:20","slug":"plan-director-de-la-calzada-romana-via-nova-tramo-baixa-limia-orense-2","status":"publish","type":"post","link":"https:\/\/www.proes.es\/en\/plan-director-de-la-calzada-romana-via-nova-tramo-baixa-limia-orense-2\/","title":{"rendered":"Master plan of the Roman road Via Nova, Baixa Limia section, Orense"},"content":{"rendered":"<div data-elementor-type=\"wp-post\" data-elementor-id=\"44118\" class=\"elementor elementor-44118\" data-elementor-post-type=\"post\">\n\t\t\t\t<div class=\"elementor-element elementor-element-710f419 e-con-full e-flex e-con e-parent\" data-id=\"710f419\" data-element_type=\"container\">\n\t\t\t\t<div class=\"elementor-element elementor-element-98f81df elementor-widget elementor-widget-image\" data-id=\"98f81df\" data-element_type=\"widget\" data-widget_type=\"image.default\">\n\t\t\t\t<div class=\"elementor-widget-container\">\n\t\t\t\t\t\t\t\t\t\t\t\t\t\t\t<img fetchpriority=\"high\" decoding=\"async\" width=\"640\" height=\"375\" src=\"https:\/\/p28223.grupoamper.com\/wp-content\/uploads\/2021\/05\/2015083108514577273-1024x600.jpg\" class=\"attachment-large size-large wp-image-30365\" alt=\"\" srcset=\"https:\/\/p28223.grupoamper.com\/wp-content\/uploads\/2021\/05\/2015083108514577273-1024x600.jpg 1024w, https:\/\/p28223.grupoamper.com\/wp-content\/uploads\/2021\/05\/2015083108514577273-300x176.jpg 300w, https:\/\/p28223.grupoamper.com\/wp-content\/uploads\/2021\/05\/2015083108514577273-768x450.jpg 768w, https:\/\/p28223.grupoamper.com\/wp-content\/uploads\/2021\/05\/2015083108514577273.jpg 1366w\" sizes=\"(max-width: 640px) 100vw, 640px\" \/>\t\t\t\t\t\t\t\t\t\t\t\t\t\t\t<\/div>\n\t\t\t\t<\/div>\n\t\t\t\t<\/div>\n\t\t<div class=\"elementor-element elementor-element-b5691e3 e-flex e-con-boxed e-con e-child\" data-id=\"b5691e3\" data-element_type=\"container\">\n\t\t\t\t\t<div class=\"e-con-inner\">\n\t\t<div class=\"elementor-element elementor-element-1ae8b09 e-con-full e-flex e-con e-child\" data-id=\"1ae8b09\" data-element_type=\"container\">\n\t\t<div class=\"elementor-element elementor-element-c4eaf8d e-con-full e-flex e-con e-child\" data-id=\"c4eaf8d\" data-element_type=\"container\">\n\t\t\t\t<div class=\"elementor-element elementor-element-3b1875c elementor-widget elementor-widget-text-editor\" data-id=\"3b1875c\" data-element_type=\"widget\" data-widget_type=\"text-editor.default\">\n\t\t\t\t<div class=\"elementor-widget-container\">\n\t\t\t\t\t\t\t\t\t<p style=\"text-align: center;\">215 millas romanas<\/p>\t\t\t\t\t\t\t\t<\/div>\n\t\t\t\t<\/div>\n\t\t\t\t<div class=\"elementor-element elementor-element-3850958 elementor-widget-divider--view-line elementor-widget elementor-widget-divider\" data-id=\"3850958\" data-element_type=\"widget\" data-widget_type=\"divider.default\">\n\t\t\t\t<div class=\"elementor-widget-container\">\n\t\t\t\t\t\t\t<div class=\"elementor-divider\">\n\t\t\t<span class=\"elementor-divider-separator\">\n\t\t\t\t\t\t<\/span>\n\t\t<\/div>\n\t\t\t\t\t\t<\/div>\n\t\t\t\t<\/div>\n\t\t\t\t<div class=\"elementor-element elementor-element-a465bd4 elementor-widget elementor-widget-text-editor\" data-id=\"a465bd4\" data-element_type=\"widget\" data-widget_type=\"text-editor.default\">\n\t\t\t\t<div class=\"elementor-widget-container\">\n\t\t\t\t\t\t\t\t\t<p style=\"text-align: center;\">of lenght<\/p>\t\t\t\t\t\t\t\t<\/div>\n\t\t\t\t<\/div>\n\t\t\t\t<\/div>\n\t\t\t\t<\/div>\n\t\t<div class=\"elementor-element elementor-element-85ad563 e-con-full e-flex e-con e-child\" data-id=\"85ad563\" data-element_type=\"container\">\n\t\t<div class=\"elementor-element elementor-element-a12ad30 e-con-full e-flex e-con e-child\" data-id=\"a12ad30\" data-element_type=\"container\">\n\t\t\t\t<div class=\"elementor-element elementor-element-aa9a431 elementor-widget elementor-widget-text-editor\" data-id=\"aa9a431\" data-element_type=\"widget\" data-widget_type=\"text-editor.default\">\n\t\t\t\t<div class=\"elementor-widget-container\">\n\t\t\t\t\t\t\t\t\t<p style=\"text-align: center;\">79 a.c.<\/p>\t\t\t\t\t\t\t\t<\/div>\n\t\t\t\t<\/div>\n\t\t\t\t<div class=\"elementor-element elementor-element-51f25ab elementor-widget-divider--view-line elementor-widget elementor-widget-divider\" data-id=\"51f25ab\" data-element_type=\"widget\" data-widget_type=\"divider.default\">\n\t\t\t\t<div class=\"elementor-widget-container\">\n\t\t\t\t\t\t\t<div class=\"elementor-divider\">\n\t\t\t<span class=\"elementor-divider-separator\">\n\t\t\t\t\t\t<\/span>\n\t\t<\/div>\n\t\t\t\t\t\t<\/div>\n\t\t\t\t<\/div>\n\t\t\t\t<div class=\"elementor-element elementor-element-c520b67 elementor-widget elementor-widget-text-editor\" data-id=\"c520b67\" data-element_type=\"widget\" data-widget_type=\"text-editor.default\">\n\t\t\t\t<div class=\"elementor-widget-container\">\n\t\t\t\t\t\t\t\t\t<p style=\"text-align: center;\">de antig\u00fcedad<\/p>\t\t\t\t\t\t\t\t<\/div>\n\t\t\t\t<\/div>\n\t\t\t\t<\/div>\n\t\t\t\t<\/div>\n\t\t\t\t\t<\/div>\n\t\t\t\t<\/div>\n\t\t\t\t<section class=\"elementor-section elementor-top-section elementor-element elementor-element-6fa4a04f elementor-section-boxed elementor-section-height-default elementor-section-height-default\" data-id=\"6fa4a04f\" data-element_type=\"section\">\n\t\t\t\t\t\t<div class=\"elementor-container elementor-column-gap-default\">\n\t\t\t\t\t<div class=\"elementor-column elementor-col-100 elementor-top-column elementor-element elementor-element-678e3b88\" data-id=\"678e3b88\" data-element_type=\"column\">\n\t\t\t<div class=\"elementor-widget-wrap elementor-element-populated\">\n\t\t\t\t\t\t<div class=\"elementor-element elementor-element-156afcc4 elementor-widget__width-initial elementor-widget elementor-widget-text-editor\" data-id=\"156afcc4\" data-element_type=\"widget\" data-widget_type=\"text-editor.default\">\n\t\t\t\t<div class=\"elementor-widget-container\">\n\t\t\t\t\t\t\t\t\t<p>La calzada romana Via Nova, fue inaugurada en el a\u00f1o 79 a.c, construida para mejorar las comunicaciones entre las dos capitales conventuales romanas: Bracara (actual Braga portuguesa) y Asturica (la leonesa Astorga). Atraviesa la provincia de Ourense, y tiene unas 215 millas romanas de longitud.<\/p><p>La elaboraci\u00f3n del Plan Director de Via Nova I (Baixa Limia), consisti\u00f3 en el estudio de su territorio hist\u00f3rico, comprendiendo la identificaci\u00f3n, delimitaci\u00f3n y descripci\u00f3n concreta y precisa de su trazado y de sus zonas de protecci\u00f3n, su diagn\u00f3stico, y la comprensi\u00f3n de sus valores, tanto como su conservaci\u00f3n y recuperaci\u00f3n.<\/p><p>\u00a0<\/p><p><span style=\"color: #002f53;\"><strong>Location:<\/strong>\u00a0<\/span>comarca de Baixa Limia, Ourense, Galicia<\/p><p><span style=\"color: #002f53;\"><strong>Date:<\/strong><\/span> 2008-2009<\/p><p><span style=\"color: #002f53;\"><strong>Scope of the project:<\/strong><\/span> Plan Director de la calzada romana Via Nova<\/p>\t\t\t\t\t\t\t\t<\/div>\n\t\t\t\t<\/div>\n\t\t\t\t\t<\/div>\n\t\t<\/div>\n\t\t\t\t\t<\/div>\n\t\t<\/section>\n\t\t\t\t<\/div>","protected":false},"excerpt":{"rendered":"<p>215 millas romanas de longitud 79 a.c. de antig\u00fcedad La calzada romana Via Nova, fue inaugurada en el a\u00f1o 79 a.c, construida para mejorar las comunicaciones entre las dos capitales conventuales romanas: Bracara (actual Braga portuguesa) y Asturica (la leonesa Astorga). Atraviesa la provincia de Ourense, y tiene unas 215 millas romanas de longitud. La [&hellip;]<\/p>","protected":false},"author":14,"featured_media":30365,"comment_status":"closed","ping_status":"closed","sticky":false,"template":"","format":"standard","meta":{"footnotes":""},"categories":[69],"tags":[10],"class_list":["post-44118","post","type-post","status-publish","format-standard","has-post-thumbnail","hentry","category-edificacion","tag-espana"],"yoast_head":"<!-- This site is optimized with the Yoast SEO plugin v26.8 - https:\/\/yoast.com\/product\/yoast-seo-wordpress\/ -->\n<title>Plan director de la calzada romana Via Nova, tramo Baixa Limia, Orense - Proes<\/title>\n<meta name=\"robots\" content=\"index, follow, max-snippet:-1, max-image-preview:large, max-video-preview:-1\" \/>\n<link rel=\"canonical\" href=\"https:\/\/www.proes.es\/en\/plan-director-de-la-calzada-romana-via-nova-tramo-baixa-limia-orense-2\/\" \/>\n<meta property=\"og:locale\" content=\"en_GB\" \/>\n<meta property=\"og:type\" content=\"article\" \/>\n<meta property=\"og:title\" content=\"Plan director de la calzada romana Via Nova, tramo Baixa Limia, Orense - Proes\" \/>\n<meta property=\"og:description\" content=\"215 millas romanas de longitud 79 a.c. de antig\u00fcedad La calzada romana Via Nova, fue inaugurada en el a\u00f1o 79 a.c, construida para mejorar las comunicaciones entre las dos capitales conventuales romanas: Bracara (actual Braga portuguesa) y Asturica (la leonesa Astorga). Atraviesa la provincia de Ourense, y tiene unas 215 millas romanas de longitud. La [&hellip;]\" \/>\n<meta property=\"og:url\" content=\"https:\/\/www.proes.es\/en\/plan-director-de-la-calzada-romana-via-nova-tramo-baixa-limia-orense-2\/\" \/>\n<meta property=\"og:site_name\" content=\"Proes\" \/>\n<meta property=\"article:published_time\" content=\"2024-01-29T14:39:41+00:00\" \/>\n<meta property=\"article:modified_time\" content=\"2024-07-03T10:46:20+00:00\" \/>\n<meta property=\"og:image\" content=\"https:\/\/www.proes.es\/wp-content\/uploads\/2021\/05\/2015083108514577273.jpg\" \/>\n\t<meta property=\"og:image:width\" content=\"1366\" \/>\n\t<meta property=\"og:image:height\" content=\"800\" \/>\n\t<meta property=\"og:image:type\" content=\"image\/jpeg\" \/>\n<meta name=\"author\" content=\"Isabel.Caruana\" \/>\n<meta name=\"twitter:card\" content=\"summary_large_image\" \/>\n<meta name=\"twitter:label1\" content=\"Written by\" \/>\n\t<meta name=\"twitter:data1\" content=\"Isabel.Caruana\" \/>\n\t<meta name=\"twitter:label2\" content=\"Estimated reading time\" \/>\n\t<meta name=\"twitter:data2\" content=\"1 minute\" \/>\n<script type=\"application\/ld+json\" class=\"yoast-schema-graph\">{\"@context\":\"https:\/\/schema.org\",\"@graph\":[{\"@type\":\"Article\",\"@id\":\"https:\/\/www.proes.es\/plan-director-de-la-calzada-romana-via-nova-tramo-baixa-limia-orense-2\/#article\",\"isPartOf\":{\"@id\":\"https:\/\/www.proes.es\/plan-director-de-la-calzada-romana-via-nova-tramo-baixa-limia-orense-2\/\"},\"author\":{\"name\":\"Isabel.Caruana\",\"@id\":\"https:\/\/p28223.grupoamper.com\/en\/#\/schema\/person\/36e57a12577f759f8f2836cd8fba1c03\"},\"headline\":\"Plan director de la calzada romana Via Nova, tramo Baixa Limia, Orense\",\"datePublished\":\"2024-01-29T14:39:41+00:00\",\"dateModified\":\"2024-07-03T10:46:20+00:00\",\"mainEntityOfPage\":{\"@id\":\"https:\/\/www.proes.es\/plan-director-de-la-calzada-romana-via-nova-tramo-baixa-limia-orense-2\/\"},\"wordCount\":148,\"publisher\":{\"@id\":\"https:\/\/p28223.grupoamper.com\/en\/#organization\"},\"image\":{\"@id\":\"https:\/\/www.proes.es\/plan-director-de-la-calzada-romana-via-nova-tramo-baixa-limia-orense-2\/#primaryimage\"},\"thumbnailUrl\":\"https:\/\/www.proes.es\/wp-content\/uploads\/2021\/05\/2015083108514577273.jpg\",\"keywords\":[\"Espa\u00f1a\"],\"articleSection\":[\"Edificaci\u00f3n\"],\"inLanguage\":\"en-GB\"},{\"@type\":\"WebPage\",\"@id\":\"https:\/\/www.proes.es\/plan-director-de-la-calzada-romana-via-nova-tramo-baixa-limia-orense-2\/\",\"url\":\"https:\/\/www.proes.es\/plan-director-de-la-calzada-romana-via-nova-tramo-baixa-limia-orense-2\/\",\"name\":\"Plan director de la calzada romana Via Nova, tramo Baixa Limia, Orense - Proes\",\"isPartOf\":{\"@id\":\"https:\/\/p28223.grupoamper.com\/en\/#website\"},\"primaryImageOfPage\":{\"@id\":\"https:\/\/www.proes.es\/plan-director-de-la-calzada-romana-via-nova-tramo-baixa-limia-orense-2\/#primaryimage\"},\"image\":{\"@id\":\"https:\/\/www.proes.es\/plan-director-de-la-calzada-romana-via-nova-tramo-baixa-limia-orense-2\/#primaryimage\"},\"thumbnailUrl\":\"https:\/\/www.proes.es\/wp-content\/uploads\/2021\/05\/2015083108514577273.jpg\",\"datePublished\":\"2024-01-29T14:39:41+00:00\",\"dateModified\":\"2024-07-03T10:46:20+00:00\",\"breadcrumb\":{\"@id\":\"https:\/\/www.proes.es\/plan-director-de-la-calzada-romana-via-nova-tramo-baixa-limia-orense-2\/#breadcrumb\"},\"inLanguage\":\"en-GB\",\"potentialAction\":[{\"@type\":\"ReadAction\",\"target\":[\"https:\/\/www.proes.es\/plan-director-de-la-calzada-romana-via-nova-tramo-baixa-limia-orense-2\/\"]}]},{\"@type\":\"ImageObject\",\"inLanguage\":\"en-GB\",\"@id\":\"https:\/\/www.proes.es\/plan-director-de-la-calzada-romana-via-nova-tramo-baixa-limia-orense-2\/#primaryimage\",\"url\":\"https:\/\/www.proes.es\/wp-content\/uploads\/2021\/05\/2015083108514577273.jpg\",\"contentUrl\":\"https:\/\/www.proes.es\/wp-content\/uploads\/2021\/05\/2015083108514577273.jpg\",\"width\":1366,\"height\":800},{\"@type\":\"BreadcrumbList\",\"@id\":\"https:\/\/www.proes.es\/plan-director-de-la-calzada-romana-via-nova-tramo-baixa-limia-orense-2\/#breadcrumb\",\"itemListElement\":[{\"@type\":\"ListItem\",\"position\":1,\"name\":\"Portada\",\"item\":\"https:\/\/p28223.grupoamper.com\/en\/\"},{\"@type\":\"ListItem\",\"position\":2,\"name\":\"Plan director de la calzada romana Via Nova, tramo Baixa Limia, Orense\"}]},{\"@type\":\"WebSite\",\"@id\":\"https:\/\/p28223.grupoamper.com\/en\/#website\",\"url\":\"https:\/\/p28223.grupoamper.com\/en\/\",\"name\":\"Proes\",\"description\":\"\",\"publisher\":{\"@id\":\"https:\/\/p28223.grupoamper.com\/en\/#organization\"},\"potentialAction\":[{\"@type\":\"SearchAction\",\"target\":{\"@type\":\"EntryPoint\",\"urlTemplate\":\"https:\/\/p28223.grupoamper.com\/en\/?s={search_term_string}\"},\"query-input\":{\"@type\":\"PropertyValueSpecification\",\"valueRequired\":true,\"valueName\":\"search_term_string\"}}],\"inLanguage\":\"en-GB\"},{\"@type\":\"Organization\",\"@id\":\"https:\/\/p28223.grupoamper.com\/en\/#organization\",\"name\":\"Proes\",\"url\":\"https:\/\/p28223.grupoamper.com\/en\/\",\"logo\":{\"@type\":\"ImageObject\",\"inLanguage\":\"en-GB\",\"@id\":\"https:\/\/p28223.grupoamper.com\/en\/#\/schema\/logo\/image\/\",\"url\":\"https:\/\/www.proes.es\/wp-content\/uploads\/2023\/05\/Logo-Proes.png\",\"contentUrl\":\"https:\/\/www.proes.es\/wp-content\/uploads\/2023\/05\/Logo-Proes.png\",\"width\":520,\"height\":140,\"caption\":\"Proes\"},\"image\":{\"@id\":\"https:\/\/p28223.grupoamper.com\/en\/#\/schema\/logo\/image\/\"}},{\"@type\":\"Person\",\"@id\":\"https:\/\/p28223.grupoamper.com\/en\/#\/schema\/person\/36e57a12577f759f8f2836cd8fba1c03\",\"name\":\"Isabel.Caruana\",\"image\":{\"@type\":\"ImageObject\",\"inLanguage\":\"en-GB\",\"@id\":\"https:\/\/p28223.grupoamper.com\/en\/#\/schema\/person\/image\/\",\"url\":\"https:\/\/secure.gravatar.com\/avatar\/4a350cf9d30b1b93d55c0b1fca1bdc4539442248717055d1a3bb3f1d49dff91d?s=96&d=mm&r=g\",\"contentUrl\":\"https:\/\/secure.gravatar.com\/avatar\/4a350cf9d30b1b93d55c0b1fca1bdc4539442248717055d1a3bb3f1d49dff91d?s=96&d=mm&r=g\",\"caption\":\"Isabel.Caruana\"},\"sameAs\":[\"https:\/\/Proes\"],\"url\":\"https:\/\/www.proes.es\/en\/author\/isabel-caruana\/\"}]}<\/script>\n<!-- \/ Yoast SEO plugin. -->","yoast_head_json":{"title":"Plan director de la calzada romana Via Nova, tramo Baixa Limia, Orense - Proes","robots":{"index":"index","follow":"follow","max-snippet":"max-snippet:-1","max-image-preview":"max-image-preview:large","max-video-preview":"max-video-preview:-1"},"canonical":"https:\/\/www.proes.es\/en\/plan-director-de-la-calzada-romana-via-nova-tramo-baixa-limia-orense-2\/","og_locale":"en_GB","og_type":"article","og_title":"Plan director de la calzada romana Via Nova, tramo Baixa Limia, Orense - Proes","og_description":"215 millas romanas de longitud 79 a.c. de antig\u00fcedad La calzada romana Via Nova, fue inaugurada en el a\u00f1o 79 a.c, construida para mejorar las comunicaciones entre las dos capitales conventuales romanas: Bracara (actual Braga portuguesa) y Asturica (la leonesa Astorga). Atraviesa la provincia de Ourense, y tiene unas 215 millas romanas de longitud. La [&hellip;]","og_url":"https:\/\/www.proes.es\/en\/plan-director-de-la-calzada-romana-via-nova-tramo-baixa-limia-orense-2\/","og_site_name":"Proes","article_published_time":"2024-01-29T14:39:41+00:00","article_modified_time":"2024-07-03T10:46:20+00:00","og_image":[{"width":1366,"height":800,"url":"https:\/\/www.proes.es\/wp-content\/uploads\/2021\/05\/2015083108514577273.jpg","type":"image\/jpeg"}],"author":"Isabel.Caruana","twitter_card":"summary_large_image","twitter_misc":{"Written by":"Isabel.Caruana","Estimated reading time":"1 minute"},"schema":{"@context":"https:\/\/schema.org","@graph":[{"@type":"Article","@id":"https:\/\/www.proes.es\/plan-director-de-la-calzada-romana-via-nova-tramo-baixa-limia-orense-2\/#article","isPartOf":{"@id":"https:\/\/www.proes.es\/plan-director-de-la-calzada-romana-via-nova-tramo-baixa-limia-orense-2\/"},"author":{"name":"Isabel.Caruana","@id":"https:\/\/p28223.grupoamper.com\/en\/#\/schema\/person\/36e57a12577f759f8f2836cd8fba1c03"},"headline":"Plan director de la calzada romana Via Nova, tramo Baixa Limia, Orense","datePublished":"2024-01-29T14:39:41+00:00","dateModified":"2024-07-03T10:46:20+00:00","mainEntityOfPage":{"@id":"https:\/\/www.proes.es\/plan-director-de-la-calzada-romana-via-nova-tramo-baixa-limia-orense-2\/"},"wordCount":148,"publisher":{"@id":"https:\/\/p28223.grupoamper.com\/en\/#organization"},"image":{"@id":"https:\/\/www.proes.es\/plan-director-de-la-calzada-romana-via-nova-tramo-baixa-limia-orense-2\/#primaryimage"},"thumbnailUrl":"https:\/\/www.proes.es\/wp-content\/uploads\/2021\/05\/2015083108514577273.jpg","keywords":["Espa\u00f1a"],"articleSection":["Edificaci\u00f3n"],"inLanguage":"en-GB"},{"@type":"WebPage","@id":"https:\/\/www.proes.es\/plan-director-de-la-calzada-romana-via-nova-tramo-baixa-limia-orense-2\/","url":"https:\/\/www.proes.es\/plan-director-de-la-calzada-romana-via-nova-tramo-baixa-limia-orense-2\/","name":"Plan director de la calzada romana Via Nova, tramo Baixa Limia, Orense - Proes","isPartOf":{"@id":"https:\/\/p28223.grupoamper.com\/en\/#website"},"primaryImageOfPage":{"@id":"https:\/\/www.proes.es\/plan-director-de-la-calzada-romana-via-nova-tramo-baixa-limia-orense-2\/#primaryimage"},"image":{"@id":"https:\/\/www.proes.es\/plan-director-de-la-calzada-romana-via-nova-tramo-baixa-limia-orense-2\/#primaryimage"},"thumbnailUrl":"https:\/\/www.proes.es\/wp-content\/uploads\/2021\/05\/2015083108514577273.jpg","datePublished":"2024-01-29T14:39:41+00:00","dateModified":"2024-07-03T10:46:20+00:00","breadcrumb":{"@id":"https:\/\/www.proes.es\/plan-director-de-la-calzada-romana-via-nova-tramo-baixa-limia-orense-2\/#breadcrumb"},"inLanguage":"en-GB","potentialAction":[{"@type":"ReadAction","target":["https:\/\/www.proes.es\/plan-director-de-la-calzada-romana-via-nova-tramo-baixa-limia-orense-2\/"]}]},{"@type":"ImageObject","inLanguage":"en-GB","@id":"https:\/\/www.proes.es\/plan-director-de-la-calzada-romana-via-nova-tramo-baixa-limia-orense-2\/#primaryimage","url":"https:\/\/www.proes.es\/wp-content\/uploads\/2021\/05\/2015083108514577273.jpg","contentUrl":"https:\/\/www.proes.es\/wp-content\/uploads\/2021\/05\/2015083108514577273.jpg","width":1366,"height":800},{"@type":"BreadcrumbList","@id":"https:\/\/www.proes.es\/plan-director-de-la-calzada-romana-via-nova-tramo-baixa-limia-orense-2\/#breadcrumb","itemListElement":[{"@type":"ListItem","position":1,"name":"Portada","item":"https:\/\/p28223.grupoamper.com\/en\/"},{"@type":"ListItem","position":2,"name":"Plan director de la calzada romana Via Nova, tramo Baixa Limia, Orense"}]},{"@type":"WebSite","@id":"https:\/\/p28223.grupoamper.com\/en\/#website","url":"https:\/\/p28223.grupoamper.com\/en\/","name":"Proes,","description":"","publisher":{"@id":"https:\/\/p28223.grupoamper.com\/en\/#organization"},"potentialAction":[{"@type":"SearchAction","target":{"@type":"EntryPoint","urlTemplate":"https:\/\/p28223.grupoamper.com\/en\/?s={search_term_string}"},"query-input":{"@type":"PropertyValueSpecification","valueRequired":true,"valueName":"search_term_string"}}],"inLanguage":"en-GB"},{"@type":"Organization","@id":"https:\/\/p28223.grupoamper.com\/en\/#organization","name":"Proes,","url":"https:\/\/p28223.grupoamper.com\/en\/","logo":{"@type":"ImageObject","inLanguage":"en-GB","@id":"https:\/\/p28223.grupoamper.com\/en\/#\/schema\/logo\/image\/","url":"https:\/\/www.proes.es\/wp-content\/uploads\/2023\/05\/Logo-Proes.png","contentUrl":"https:\/\/www.proes.es\/wp-content\/uploads\/2023\/05\/Logo-Proes.png","width":520,"height":140,"caption":"Proes"},"image":{"@id":"https:\/\/p28223.grupoamper.com\/en\/#\/schema\/logo\/image\/"}},{"@type":"Person","@id":"https:\/\/p28223.grupoamper.com\/en\/#\/schema\/person\/36e57a12577f759f8f2836cd8fba1c03","name":"Isabel.Caruana","image":{"@type":"ImageObject","inLanguage":"en-GB","@id":"https:\/\/p28223.grupoamper.com\/en\/#\/schema\/person\/image\/","url":"https:\/\/secure.gravatar.com\/avatar\/4a350cf9d30b1b93d55c0b1fca1bdc4539442248717055d1a3bb3f1d49dff91d?s=96&d=mm&r=g","contentUrl":"https:\/\/secure.gravatar.com\/avatar\/4a350cf9d30b1b93d55c0b1fca1bdc4539442248717055d1a3bb3f1d49dff91d?s=96&d=mm&r=g","caption":"Isabel.Caruana"},"sameAs":["https:\/\/Proes"],"url":"https:\/\/www.proes.es\/en\/author\/isabel-caruana\/"}]}},"_links":{"self":[{"href":"https:\/\/www.proes.es\/en\/wp-json\/wp\/v2\/posts\/44118","targetHints":{"allow":["GET"]}}],"collection":[{"href":"https:\/\/www.proes.es\/en\/wp-json\/wp\/v2\/posts"}],"about":[{"href":"https:\/\/www.proes.es\/en\/wp-json\/wp\/v2\/types\/post"}],"author":[{"embeddable":true,"href":"https:\/\/www.proes.es\/en\/wp-json\/wp\/v2\/users\/14"}],"replies":[{"embeddable":true,"href":"https:\/\/www.proes.es\/en\/wp-json\/wp\/v2\/comments?post=44118"}],"version-history":[{"count":11,"href":"https:\/\/www.proes.es\/en\/wp-json\/wp\/v2\/posts\/44118\/revisions"}],"predecessor-version":[{"id":47672,"href":"https:\/\/www.proes.es\/en\/wp-json\/wp\/v2\/posts\/44118\/revisions\/47672"}],"wp:featuredmedia":[{"embeddable":true,"href":"https:\/\/www.proes.es\/en\/wp-json\/wp\/v2\/media\/30365"}],"wp:attachment":[{"href":"https:\/\/www.proes.es\/en\/wp-json\/wp\/v2\/media?parent=44118"}],"wp:term":[{"taxonomy":"category","embeddable":true,"href":"https:\/\/www.proes.es\/en\/wp-json\/wp\/v2\/categories?post=44118"},{"taxonomy":"post_tag","embeddable":true,"href":"https:\/\/www.proes.es\/en\/wp-json\/wp\/v2\/tags?post=44118"}],"curies":[{"name":"wp","href":"https:\/\/api.w.org\/{rel}","templated":true}]}}