{"id":44247,"date":"2024-01-30T11:08:25","date_gmt":"2024-01-30T10:08:25","guid":{"rendered":"https:\/\/www.proes.es\/?p=44247"},"modified":"2025-05-21T15:48:31","modified_gmt":"2025-05-21T13:48:31","slug":"anteproyecto-e-infografia-de-un-puerto-deportivo-en-brasil-2","status":"publish","type":"post","link":"https:\/\/www.proes.es\/en\/anteproyecto-e-infografia-de-un-puerto-deportivo-en-brasil-2\/","title":{"rendered":"Preliminary project and infographics of the Florian\u00f3polis marina in Brazil"},"content":{"rendered":"<div data-elementor-type=\"wp-post\" data-elementor-id=\"44247\" class=\"elementor elementor-44247\" data-elementor-post-type=\"post\">\n\t\t\t\t<div class=\"elementor-element elementor-element-3cdfe8a e-flex e-con-boxed e-con e-parent\" data-id=\"3cdfe8a\" data-element_type=\"container\">\n\t\t\t\t\t<div class=\"e-con-inner\">\n\t\t\t\t<div class=\"elementor-element elementor-element-33d9f86 elementor-widget elementor-widget-image\" data-id=\"33d9f86\" data-element_type=\"widget\" data-widget_type=\"image.default\">\n\t\t\t\t<div class=\"elementor-widget-container\">\n\t\t\t\t\t\t\t\t\t\t\t\t\t\t\t<img fetchpriority=\"high\" decoding=\"async\" width=\"2560\" height=\"1810\" src=\"https:\/\/www.proes.es\/wp-content\/uploads\/2021\/02\/Florianopolis-01-scaled.jpg\" class=\"attachment-full size-full wp-image-30152\" alt=\"\" srcset=\"https:\/\/www.proes.es\/wp-content\/uploads\/2021\/02\/Florianopolis-01-scaled.jpg 2560w, https:\/\/www.proes.es\/wp-content\/uploads\/2021\/02\/Florianopolis-01-300x212.jpg 300w, https:\/\/www.proes.es\/wp-content\/uploads\/2021\/02\/Florianopolis-01-1024x724.jpg 1024w, https:\/\/www.proes.es\/wp-content\/uploads\/2021\/02\/Florianopolis-01-768x543.jpg 768w, https:\/\/www.proes.es\/wp-content\/uploads\/2021\/02\/Florianopolis-01-1536x1086.jpg 1536w, https:\/\/www.proes.es\/wp-content\/uploads\/2021\/02\/Florianopolis-01-2048x1448.jpg 2048w\" sizes=\"(max-width: 2560px) 100vw, 2560px\" \/>\t\t\t\t\t\t\t\t\t\t\t\t\t\t\t<\/div>\n\t\t\t\t<\/div>\n\t\t\t\t\t<\/div>\n\t\t\t\t<\/div>\n\t\t<div class=\"elementor-element elementor-element-d37ad5a e-flex e-con-boxed e-con e-parent\" data-id=\"d37ad5a\" data-element_type=\"container\">\n\t\t\t\t\t<div class=\"e-con-inner\">\n\t\t<div class=\"elementor-element elementor-element-d49d1e0 e-con-full e-flex e-con e-child\" data-id=\"d49d1e0\" data-element_type=\"container\">\n\t\t\t\t<div class=\"elementor-element elementor-element-38c1739 elementor-widget elementor-widget-text-editor\" data-id=\"38c1739\" data-element_type=\"widget\" data-widget_type=\"text-editor.default\">\n\t\t\t\t<div class=\"elementor-widget-container\">\n\t\t\t\t\t\t\t\t\t<p style=\"text-align: center;\">86.035.000 \u20ac<\/p>\t\t\t\t\t\t\t\t<\/div>\n\t\t\t\t<\/div>\n\t\t\t\t<div class=\"elementor-element elementor-element-2ae89aa elementor-widget-divider--view-line elementor-widget elementor-widget-divider\" data-id=\"2ae89aa\" data-element_type=\"widget\" data-widget_type=\"divider.default\">\n\t\t\t\t<div class=\"elementor-widget-container\">\n\t\t\t\t\t\t\t<div class=\"elementor-divider\">\n\t\t\t<span class=\"elementor-divider-separator\">\n\t\t\t\t\t\t<\/span>\n\t\t<\/div>\n\t\t\t\t\t\t<\/div>\n\t\t\t\t<\/div>\n\t\t\t\t<div class=\"elementor-element elementor-element-facb681 elementor-widget elementor-widget-text-editor\" data-id=\"facb681\" data-element_type=\"widget\" data-widget_type=\"text-editor.default\">\n\t\t\t\t<div class=\"elementor-widget-container\">\n\t\t\t\t\t\t\t\t\t<p>Budget&nbsp;<\/p>\t\t\t\t\t\t\t\t<\/div>\n\t\t\t\t<\/div>\n\t\t\t\t<\/div>\n\t\t\t\t\t<\/div>\n\t\t\t\t<\/div>\n\t\t<div class=\"elementor-element elementor-element-dac5cb7 e-flex e-con-boxed e-con e-parent\" data-id=\"dac5cb7\" data-element_type=\"container\">\n\t\t\t\t\t<div class=\"e-con-inner\">\n\t\t\t\t<div class=\"elementor-element elementor-element-a2134c5 elementor-widget__width-initial elementor-widget elementor-widget-text-editor\" data-id=\"a2134c5\" data-element_type=\"widget\" data-widget_type=\"text-editor.default\">\n\t\t\t\t<div class=\"elementor-widget-container\">\n\t\t\t\t\t\t\t\t\t<p style=\"font-size: 14px;\">The aim is to define and describe the actions to be carried out in the different channels and nautical spaces in the Port of Florian\u00f3polis.<\/p><p style=\"font-size: 14px;\">The nautical facilities to be planned consist of a series of access channels to the residential areas, a marina at the entrance to the development for the berthing of approximately 618 boats, and breakwaters that channel the navigation channel and protect it from waves, currents and sedimentation of fines from the mouth of the Tijucas River.<\/p><p>\u00a0<\/p><p style=\"font-size: 14px;\"><span style=\"color: #002f53;\"><strong>Location:<\/strong><\/span>\u00a0Port of Florian\u00f3polis, Bahia de Tijucas (Brazil)<\/p><p style=\"font-size: 14px;\"><span style=\"color: #002f53;\"><strong>Date:<\/strong><\/span>\u00a02007<\/p><p style=\"font-size: 14px;\"><span style=\"color: #002f53;\"><strong>Budget:<\/strong><\/span> 86.035.000 \u20ac<\/p><p style=\"font-size: 14px;\"><span style=\"color: #002f53;\"><strong>Scope of the project:<\/strong><\/span>\u00a0Preliminary project and infographics<\/p>\t\t\t\t\t\t\t\t<\/div>\n\t\t\t\t<\/div>\n\t\t\t\t\t<\/div>\n\t\t\t\t<\/div>\n\t\t\t\t<\/div>","protected":false},"excerpt":{"rendered":"<p>86.035.000 \u20ac PEM&nbsp; Se trata de definir y describir las actuaciones que se deben llevar a cabo en los diferentes canales y espacios n\u00e1uticos en el Puerto de Florian\u00f3polis. Las instalaciones n\u00e1uticas a proyectar est\u00e1n constituidas por una serie de canales de acceso a las \u00e1reas residenciales, un puerto deportivo a la entrada del complejo [&hellip;]<\/p>","protected":false},"author":13,"featured_media":30152,"comment_status":"closed","ping_status":"closed","sticky":false,"template":"","format":"standard","meta":{"footnotes":""},"categories":[76],"tags":[36],"class_list":["post-44247","post","type-post","status-publish","format-standard","has-post-thumbnail","hentry","category-diseno-de-infraestructuras-maritimas","tag-brasil"],"yoast_head":"<!-- This site is optimized with the Yoast SEO plugin v26.8 - https:\/\/yoast.com\/product\/yoast-seo-wordpress\/ -->\n<title>Anteproyecto e infograf\u00eda del puerto deportivo de Florian\u00f3polis en Brasil - Proes<\/title>\n<meta name=\"robots\" content=\"index, follow, max-snippet:-1, max-image-preview:large, max-video-preview:-1\" \/>\n<link rel=\"canonical\" href=\"https:\/\/www.proes.es\/en\/anteproyecto-e-infografia-de-un-puerto-deportivo-en-brasil-2\/\" \/>\n<meta property=\"og:locale\" content=\"en_GB\" \/>\n<meta property=\"og:type\" content=\"article\" \/>\n<meta property=\"og:title\" content=\"Anteproyecto e infograf\u00eda del puerto deportivo de Florian\u00f3polis en Brasil - Proes\" \/>\n<meta property=\"og:description\" content=\"86.035.000 \u20ac PEM&nbsp; Se trata de definir y describir las actuaciones que se deben llevar a cabo en los diferentes canales y espacios n\u00e1uticos en el Puerto de Florian\u00f3polis. Las instalaciones n\u00e1uticas a proyectar est\u00e1n constituidas por una serie de canales de acceso a las \u00e1reas residenciales, un puerto deportivo a la entrada del complejo [&hellip;]\" \/>\n<meta property=\"og:url\" content=\"https:\/\/www.proes.es\/en\/anteproyecto-e-infografia-de-un-puerto-deportivo-en-brasil-2\/\" \/>\n<meta property=\"og:site_name\" content=\"Proes\" \/>\n<meta property=\"article:published_time\" content=\"2024-01-30T10:08:25+00:00\" \/>\n<meta property=\"article:modified_time\" content=\"2025-05-21T13:48:31+00:00\" \/>\n<meta property=\"og:image\" content=\"https:\/\/www.proes.es\/wp-content\/uploads\/2021\/02\/Florianopolis-01-scaled.jpg\" \/>\n\t<meta property=\"og:image:width\" content=\"2560\" \/>\n\t<meta property=\"og:image:height\" content=\"1810\" \/>\n\t<meta property=\"og:image:type\" content=\"image\/jpeg\" \/>\n<meta name=\"author\" content=\"Maria Victoria Del Pozo Vindel\" \/>\n<meta name=\"twitter:card\" content=\"summary_large_image\" \/>\n<meta name=\"twitter:label1\" content=\"Written by\" \/>\n\t<meta name=\"twitter:data1\" content=\"Maria Victoria Del Pozo Vindel\" \/>\n\t<meta name=\"twitter:label2\" content=\"Estimated reading time\" \/>\n\t<meta name=\"twitter:data2\" content=\"1 minute\" \/>\n<script type=\"application\/ld+json\" class=\"yoast-schema-graph\">{\"@context\":\"https:\/\/schema.org\",\"@graph\":[{\"@type\":\"Article\",\"@id\":\"https:\/\/www.proes.es\/anteproyecto-e-infografia-de-un-puerto-deportivo-en-brasil-2\/#article\",\"isPartOf\":{\"@id\":\"https:\/\/www.proes.es\/anteproyecto-e-infografia-de-un-puerto-deportivo-en-brasil-2\/\"},\"author\":{\"name\":\"Maria Victoria Del Pozo Vindel\",\"@id\":\"https:\/\/p28223.grupoamper.com\/en\/#\/schema\/person\/97e415e7296dfb24d5c9c8cca875e830\"},\"headline\":\"Anteproyecto e infograf\u00eda del puerto deportivo de Florian\u00f3polis en Brasil\",\"datePublished\":\"2024-01-30T10:08:25+00:00\",\"dateModified\":\"2025-05-21T13:48:31+00:00\",\"mainEntityOfPage\":{\"@id\":\"https:\/\/www.proes.es\/anteproyecto-e-infografia-de-un-puerto-deportivo-en-brasil-2\/\"},\"wordCount\":128,\"publisher\":{\"@id\":\"https:\/\/p28223.grupoamper.com\/en\/#organization\"},\"image\":{\"@id\":\"https:\/\/www.proes.es\/anteproyecto-e-infografia-de-un-puerto-deportivo-en-brasil-2\/#primaryimage\"},\"thumbnailUrl\":\"https:\/\/www.proes.es\/wp-content\/uploads\/2021\/02\/Florianopolis-01-scaled.jpg\",\"keywords\":[\"Brasil\"],\"articleSection\":[\"Dise\u00f1o de infraestructuras mar\u00edtimas\"],\"inLanguage\":\"en-GB\"},{\"@type\":\"WebPage\",\"@id\":\"https:\/\/www.proes.es\/anteproyecto-e-infografia-de-un-puerto-deportivo-en-brasil-2\/\",\"url\":\"https:\/\/www.proes.es\/anteproyecto-e-infografia-de-un-puerto-deportivo-en-brasil-2\/\",\"name\":\"Anteproyecto e infograf\u00eda del puerto deportivo de Florian\u00f3polis en Brasil - Proes\",\"isPartOf\":{\"@id\":\"https:\/\/p28223.grupoamper.com\/en\/#website\"},\"primaryImageOfPage\":{\"@id\":\"https:\/\/www.proes.es\/anteproyecto-e-infografia-de-un-puerto-deportivo-en-brasil-2\/#primaryimage\"},\"image\":{\"@id\":\"https:\/\/www.proes.es\/anteproyecto-e-infografia-de-un-puerto-deportivo-en-brasil-2\/#primaryimage\"},\"thumbnailUrl\":\"https:\/\/www.proes.es\/wp-content\/uploads\/2021\/02\/Florianopolis-01-scaled.jpg\",\"datePublished\":\"2024-01-30T10:08:25+00:00\",\"dateModified\":\"2025-05-21T13:48:31+00:00\",\"breadcrumb\":{\"@id\":\"https:\/\/www.proes.es\/anteproyecto-e-infografia-de-un-puerto-deportivo-en-brasil-2\/#breadcrumb\"},\"inLanguage\":\"en-GB\",\"potentialAction\":[{\"@type\":\"ReadAction\",\"target\":[\"https:\/\/www.proes.es\/anteproyecto-e-infografia-de-un-puerto-deportivo-en-brasil-2\/\"]}]},{\"@type\":\"ImageObject\",\"inLanguage\":\"en-GB\",\"@id\":\"https:\/\/www.proes.es\/anteproyecto-e-infografia-de-un-puerto-deportivo-en-brasil-2\/#primaryimage\",\"url\":\"https:\/\/www.proes.es\/wp-content\/uploads\/2021\/02\/Florianopolis-01-scaled.jpg\",\"contentUrl\":\"https:\/\/www.proes.es\/wp-content\/uploads\/2021\/02\/Florianopolis-01-scaled.jpg\",\"width\":2560,\"height\":1810},{\"@type\":\"BreadcrumbList\",\"@id\":\"https:\/\/www.proes.es\/anteproyecto-e-infografia-de-un-puerto-deportivo-en-brasil-2\/#breadcrumb\",\"itemListElement\":[{\"@type\":\"ListItem\",\"position\":1,\"name\":\"Portada\",\"item\":\"https:\/\/p28223.grupoamper.com\/en\/\"},{\"@type\":\"ListItem\",\"position\":2,\"name\":\"Anteproyecto e infograf\u00eda del puerto deportivo de Florian\u00f3polis en Brasil\"}]},{\"@type\":\"WebSite\",\"@id\":\"https:\/\/p28223.grupoamper.com\/en\/#website\",\"url\":\"https:\/\/p28223.grupoamper.com\/en\/\",\"name\":\"Proes\",\"description\":\"\",\"publisher\":{\"@id\":\"https:\/\/p28223.grupoamper.com\/en\/#organization\"},\"potentialAction\":[{\"@type\":\"SearchAction\",\"target\":{\"@type\":\"EntryPoint\",\"urlTemplate\":\"https:\/\/p28223.grupoamper.com\/en\/?s={search_term_string}\"},\"query-input\":{\"@type\":\"PropertyValueSpecification\",\"valueRequired\":true,\"valueName\":\"search_term_string\"}}],\"inLanguage\":\"en-GB\"},{\"@type\":\"Organization\",\"@id\":\"https:\/\/p28223.grupoamper.com\/en\/#organization\",\"name\":\"Proes\",\"url\":\"https:\/\/p28223.grupoamper.com\/en\/\",\"logo\":{\"@type\":\"ImageObject\",\"inLanguage\":\"en-GB\",\"@id\":\"https:\/\/p28223.grupoamper.com\/en\/#\/schema\/logo\/image\/\",\"url\":\"https:\/\/www.proes.es\/wp-content\/uploads\/2023\/05\/Logo-Proes.png\",\"contentUrl\":\"https:\/\/www.proes.es\/wp-content\/uploads\/2023\/05\/Logo-Proes.png\",\"width\":520,\"height\":140,\"caption\":\"Proes\"},\"image\":{\"@id\":\"https:\/\/p28223.grupoamper.com\/en\/#\/schema\/logo\/image\/\"}},{\"@type\":\"Person\",\"@id\":\"https:\/\/p28223.grupoamper.com\/en\/#\/schema\/person\/97e415e7296dfb24d5c9c8cca875e830\",\"name\":\"Maria Victoria Del Pozo Vindel\",\"image\":{\"@type\":\"ImageObject\",\"inLanguage\":\"en-GB\",\"@id\":\"https:\/\/p28223.grupoamper.com\/en\/#\/schema\/person\/image\/\",\"url\":\"https:\/\/secure.gravatar.com\/avatar\/c8eb3a2abdf0e175fcb40a96a47283720040014ac5fb9b6ea4658d8d6b726bda?s=96&d=mm&r=g\",\"contentUrl\":\"https:\/\/secure.gravatar.com\/avatar\/c8eb3a2abdf0e175fcb40a96a47283720040014ac5fb9b6ea4658d8d6b726bda?s=96&d=mm&r=g\",\"caption\":\"Maria Victoria Del Pozo Vindel\"},\"sameAs\":[\"https:\/\/Proes\"],\"url\":\"https:\/\/www.proes.es\/en\/author\/marivi-pozo\/\"}]}<\/script>\n<!-- \/ Yoast SEO plugin. -->","yoast_head_json":{"title":"Anteproyecto e infograf\u00eda del puerto deportivo de Florian\u00f3polis en Brasil - Proes","robots":{"index":"index","follow":"follow","max-snippet":"max-snippet:-1","max-image-preview":"max-image-preview:large","max-video-preview":"max-video-preview:-1"},"canonical":"https:\/\/www.proes.es\/en\/anteproyecto-e-infografia-de-un-puerto-deportivo-en-brasil-2\/","og_locale":"en_GB","og_type":"article","og_title":"Anteproyecto e infograf\u00eda del puerto deportivo de Florian\u00f3polis en Brasil - Proes","og_description":"86.035.000 \u20ac PEM&nbsp; Se trata de definir y describir las actuaciones que se deben llevar a cabo en los diferentes canales y espacios n\u00e1uticos en el Puerto de Florian\u00f3polis. Las instalaciones n\u00e1uticas a proyectar est\u00e1n constituidas por una serie de canales de acceso a las \u00e1reas residenciales, un puerto deportivo a la entrada del complejo [&hellip;]","og_url":"https:\/\/www.proes.es\/en\/anteproyecto-e-infografia-de-un-puerto-deportivo-en-brasil-2\/","og_site_name":"Proes","article_published_time":"2024-01-30T10:08:25+00:00","article_modified_time":"2025-05-21T13:48:31+00:00","og_image":[{"width":2560,"height":1810,"url":"https:\/\/www.proes.es\/wp-content\/uploads\/2021\/02\/Florianopolis-01-scaled.jpg","type":"image\/jpeg"}],"author":"Maria Victoria Del Pozo Vindel","twitter_card":"summary_large_image","twitter_misc":{"Written by":"Maria Victoria Del Pozo Vindel","Estimated reading time":"1 minute"},"schema":{"@context":"https:\/\/schema.org","@graph":[{"@type":"Article","@id":"https:\/\/www.proes.es\/anteproyecto-e-infografia-de-un-puerto-deportivo-en-brasil-2\/#article","isPartOf":{"@id":"https:\/\/www.proes.es\/anteproyecto-e-infografia-de-un-puerto-deportivo-en-brasil-2\/"},"author":{"name":"Maria Victoria Del Pozo Vindel","@id":"https:\/\/p28223.grupoamper.com\/en\/#\/schema\/person\/97e415e7296dfb24d5c9c8cca875e830"},"headline":"Anteproyecto e infograf\u00eda del puerto deportivo de Florian\u00f3polis en Brasil","datePublished":"2024-01-30T10:08:25+00:00","dateModified":"2025-05-21T13:48:31+00:00","mainEntityOfPage":{"@id":"https:\/\/www.proes.es\/anteproyecto-e-infografia-de-un-puerto-deportivo-en-brasil-2\/"},"wordCount":128,"publisher":{"@id":"https:\/\/p28223.grupoamper.com\/en\/#organization"},"image":{"@id":"https:\/\/www.proes.es\/anteproyecto-e-infografia-de-un-puerto-deportivo-en-brasil-2\/#primaryimage"},"thumbnailUrl":"https:\/\/www.proes.es\/wp-content\/uploads\/2021\/02\/Florianopolis-01-scaled.jpg","keywords":["Brasil"],"articleSection":["Dise\u00f1o de infraestructuras mar\u00edtimas"],"inLanguage":"en-GB"},{"@type":"WebPage","@id":"https:\/\/www.proes.es\/anteproyecto-e-infografia-de-un-puerto-deportivo-en-brasil-2\/","url":"https:\/\/www.proes.es\/anteproyecto-e-infografia-de-un-puerto-deportivo-en-brasil-2\/","name":"Anteproyecto e infograf\u00eda del puerto deportivo de Florian\u00f3polis en Brasil - Proes","isPartOf":{"@id":"https:\/\/p28223.grupoamper.com\/en\/#website"},"primaryImageOfPage":{"@id":"https:\/\/www.proes.es\/anteproyecto-e-infografia-de-un-puerto-deportivo-en-brasil-2\/#primaryimage"},"image":{"@id":"https:\/\/www.proes.es\/anteproyecto-e-infografia-de-un-puerto-deportivo-en-brasil-2\/#primaryimage"},"thumbnailUrl":"https:\/\/www.proes.es\/wp-content\/uploads\/2021\/02\/Florianopolis-01-scaled.jpg","datePublished":"2024-01-30T10:08:25+00:00","dateModified":"2025-05-21T13:48:31+00:00","breadcrumb":{"@id":"https:\/\/www.proes.es\/anteproyecto-e-infografia-de-un-puerto-deportivo-en-brasil-2\/#breadcrumb"},"inLanguage":"en-GB","potentialAction":[{"@type":"ReadAction","target":["https:\/\/www.proes.es\/anteproyecto-e-infografia-de-un-puerto-deportivo-en-brasil-2\/"]}]},{"@type":"ImageObject","inLanguage":"en-GB","@id":"https:\/\/www.proes.es\/anteproyecto-e-infografia-de-un-puerto-deportivo-en-brasil-2\/#primaryimage","url":"https:\/\/www.proes.es\/wp-content\/uploads\/2021\/02\/Florianopolis-01-scaled.jpg","contentUrl":"https:\/\/www.proes.es\/wp-content\/uploads\/2021\/02\/Florianopolis-01-scaled.jpg","width":2560,"height":1810},{"@type":"BreadcrumbList","@id":"https:\/\/www.proes.es\/anteproyecto-e-infografia-de-un-puerto-deportivo-en-brasil-2\/#breadcrumb","itemListElement":[{"@type":"ListItem","position":1,"name":"Portada","item":"https:\/\/p28223.grupoamper.com\/en\/"},{"@type":"ListItem","position":2,"name":"Anteproyecto e infograf\u00eda del puerto deportivo de Florian\u00f3polis en Brasil"}]},{"@type":"WebSite","@id":"https:\/\/p28223.grupoamper.com\/en\/#website","url":"https:\/\/p28223.grupoamper.com\/en\/","name":"Proes,","description":"","publisher":{"@id":"https:\/\/p28223.grupoamper.com\/en\/#organization"},"potentialAction":[{"@type":"SearchAction","target":{"@type":"EntryPoint","urlTemplate":"https:\/\/p28223.grupoamper.com\/en\/?s={search_term_string}"},"query-input":{"@type":"PropertyValueSpecification","valueRequired":true,"valueName":"search_term_string"}}],"inLanguage":"en-GB"},{"@type":"Organization","@id":"https:\/\/p28223.grupoamper.com\/en\/#organization","name":"Proes,","url":"https:\/\/p28223.grupoamper.com\/en\/","logo":{"@type":"ImageObject","inLanguage":"en-GB","@id":"https:\/\/p28223.grupoamper.com\/en\/#\/schema\/logo\/image\/","url":"https:\/\/www.proes.es\/wp-content\/uploads\/2023\/05\/Logo-Proes.png","contentUrl":"https:\/\/www.proes.es\/wp-content\/uploads\/2023\/05\/Logo-Proes.png","width":520,"height":140,"caption":"Proes"},"image":{"@id":"https:\/\/p28223.grupoamper.com\/en\/#\/schema\/logo\/image\/"}},{"@type":"Person","@id":"https:\/\/p28223.grupoamper.com\/en\/#\/schema\/person\/97e415e7296dfb24d5c9c8cca875e830","name":"Maria Victoria Del Pozo Vindel","image":{"@type":"ImageObject","inLanguage":"en-GB","@id":"https:\/\/p28223.grupoamper.com\/en\/#\/schema\/person\/image\/","url":"https:\/\/secure.gravatar.com\/avatar\/c8eb3a2abdf0e175fcb40a96a47283720040014ac5fb9b6ea4658d8d6b726bda?s=96&d=mm&r=g","contentUrl":"https:\/\/secure.gravatar.com\/avatar\/c8eb3a2abdf0e175fcb40a96a47283720040014ac5fb9b6ea4658d8d6b726bda?s=96&d=mm&r=g","caption":"Maria Victoria Del Pozo Vindel"},"sameAs":["https:\/\/Proes"],"url":"https:\/\/www.proes.es\/en\/author\/marivi-pozo\/"}]}},"_links":{"self":[{"href":"https:\/\/www.proes.es\/en\/wp-json\/wp\/v2\/posts\/44247","targetHints":{"allow":["GET"]}}],"collection":[{"href":"https:\/\/www.proes.es\/en\/wp-json\/wp\/v2\/posts"}],"about":[{"href":"https:\/\/www.proes.es\/en\/wp-json\/wp\/v2\/types\/post"}],"author":[{"embeddable":true,"href":"https:\/\/www.proes.es\/en\/wp-json\/wp\/v2\/users\/13"}],"replies":[{"embeddable":true,"href":"https:\/\/www.proes.es\/en\/wp-json\/wp\/v2\/comments?post=44247"}],"version-history":[{"count":14,"href":"https:\/\/www.proes.es\/en\/wp-json\/wp\/v2\/posts\/44247\/revisions"}],"predecessor-version":[{"id":48835,"href":"https:\/\/www.proes.es\/en\/wp-json\/wp\/v2\/posts\/44247\/revisions\/48835"}],"wp:featuredmedia":[{"embeddable":true,"href":"https:\/\/www.proes.es\/en\/wp-json\/wp\/v2\/media\/30152"}],"wp:attachment":[{"href":"https:\/\/www.proes.es\/en\/wp-json\/wp\/v2\/media?parent=44247"}],"wp:term":[{"taxonomy":"category","embeddable":true,"href":"https:\/\/www.proes.es\/en\/wp-json\/wp\/v2\/categories?post=44247"},{"taxonomy":"post_tag","embeddable":true,"href":"https:\/\/www.proes.es\/en\/wp-json\/wp\/v2\/tags?post=44247"}],"curies":[{"name":"wp","href":"https:\/\/api.w.org\/{rel}","templated":true}]}}