{"id":44276,"date":"2024-01-30T11:26:03","date_gmt":"2024-01-30T10:26:03","guid":{"rendered":"https:\/\/www.proes.es\/?p=44276"},"modified":"2025-05-30T13:18:55","modified_gmt":"2025-05-30T11:18:55","slug":"revision-del-proyecto-de-ampliacion-de-la-depuradora-de-guadalajara","status":"publish","type":"post","link":"https:\/\/www.proes.es\/en\/revision-del-proyecto-de-ampliacion-de-la-depuradora-de-guadalajara\/","title":{"rendered":"Review of the Guadalajara wastewater treatment plant expansion project"},"content":{"rendered":"<div data-elementor-type=\"wp-post\" data-elementor-id=\"44276\" class=\"elementor elementor-44276\" data-elementor-post-type=\"post\">\n\t\t\t\t<div class=\"elementor-element elementor-element-3cdfe8a e-flex e-con-boxed e-con e-parent\" data-id=\"3cdfe8a\" data-element_type=\"container\">\n\t\t\t\t\t<div class=\"e-con-inner\">\n\t\t\t\t<div class=\"elementor-element elementor-element-33d9f86 elementor-widget elementor-widget-image\" data-id=\"33d9f86\" data-element_type=\"widget\" data-widget_type=\"image.default\">\n\t\t\t\t<div class=\"elementor-widget-container\">\n\t\t\t\t\t\t\t\t\t\t\t\t\t\t\t<img fetchpriority=\"high\" decoding=\"async\" width=\"1181\" height=\"786\" src=\"https:\/\/p28223.grupoamper.com\/wp-content\/uploads\/2021\/05\/una-de-las-balsas-de-decantacion-de-la-depuradora-de-aguas-residuales-de-guadalajara.jpg\" class=\"attachment-full size-full wp-image-30418\" alt=\"\" srcset=\"https:\/\/p28223.grupoamper.com\/wp-content\/uploads\/2021\/05\/una-de-las-balsas-de-decantacion-de-la-depuradora-de-aguas-residuales-de-guadalajara.jpg 1181w, https:\/\/p28223.grupoamper.com\/wp-content\/uploads\/2021\/05\/una-de-las-balsas-de-decantacion-de-la-depuradora-de-aguas-residuales-de-guadalajara-300x200.jpg 300w, https:\/\/p28223.grupoamper.com\/wp-content\/uploads\/2021\/05\/una-de-las-balsas-de-decantacion-de-la-depuradora-de-aguas-residuales-de-guadalajara-1024x682.jpg 1024w, https:\/\/p28223.grupoamper.com\/wp-content\/uploads\/2021\/05\/una-de-las-balsas-de-decantacion-de-la-depuradora-de-aguas-residuales-de-guadalajara-768x511.jpg 768w\" sizes=\"(max-width: 1181px) 100vw, 1181px\" \/>\t\t\t\t\t\t\t\t\t\t\t\t\t\t\t<\/div>\n\t\t\t\t<\/div>\n\t\t\t\t\t<\/div>\n\t\t\t\t<\/div>\n\t\t<div class=\"elementor-element elementor-element-d37ad5a e-flex e-con-boxed e-con e-parent\" data-id=\"d37ad5a\" data-element_type=\"container\">\n\t\t\t\t\t<div class=\"e-con-inner\">\n\t\t<div class=\"elementor-element elementor-element-d49d1e0 e-con-full e-flex e-con e-child\" data-id=\"d49d1e0\" data-element_type=\"container\">\n\t\t\t\t<div class=\"elementor-element elementor-element-38c1739 elementor-widget elementor-widget-text-editor\" data-id=\"38c1739\" data-element_type=\"widget\" data-widget_type=\"text-editor.default\">\n\t\t\t\t<div class=\"elementor-widget-container\">\n\t\t\t\t\t\t\t\t\t<p style=\"text-align: center;\">27 M\u20ac<\/p>\t\t\t\t\t\t\t\t<\/div>\n\t\t\t\t<\/div>\n\t\t\t\t<div class=\"elementor-element elementor-element-2ae89aa elementor-widget-divider--view-line elementor-widget elementor-widget-divider\" data-id=\"2ae89aa\" data-element_type=\"widget\" data-widget_type=\"divider.default\">\n\t\t\t\t<div class=\"elementor-widget-container\">\n\t\t\t\t\t\t\t<div class=\"elementor-divider\">\n\t\t\t<span class=\"elementor-divider-separator\">\n\t\t\t\t\t\t<\/span>\n\t\t<\/div>\n\t\t\t\t\t\t<\/div>\n\t\t\t\t<\/div>\n\t\t\t\t<div class=\"elementor-element elementor-element-facb681 elementor-widget elementor-widget-text-editor\" data-id=\"facb681\" data-element_type=\"widget\" data-widget_type=\"text-editor.default\">\n\t\t\t\t<div class=\"elementor-widget-container\">\n\t\t\t\t\t\t\t\t\t<p>Budget&nbsp;<\/p>\t\t\t\t\t\t\t\t<\/div>\n\t\t\t\t<\/div>\n\t\t\t\t<\/div>\n\t\t<div class=\"elementor-element elementor-element-2f9e185 e-con-full e-flex e-con e-child\" data-id=\"2f9e185\" data-element_type=\"container\">\n\t\t\t\t<div class=\"elementor-element elementor-element-5021c4d elementor-widget elementor-widget-text-editor\" data-id=\"5021c4d\" data-element_type=\"widget\" data-widget_type=\"text-editor.default\">\n\t\t\t\t<div class=\"elementor-widget-container\">\n\t\t\t\t\t\t\t\t\t<p style=\"text-align: center;\">45.000 m\u00b3<\/p>\t\t\t\t\t\t\t\t<\/div>\n\t\t\t\t<\/div>\n\t\t\t\t<div class=\"elementor-element elementor-element-0f3f9ce elementor-widget-divider--view-line elementor-widget elementor-widget-divider\" data-id=\"0f3f9ce\" data-element_type=\"widget\" data-widget_type=\"divider.default\">\n\t\t\t\t<div class=\"elementor-widget-container\">\n\t\t\t\t\t\t\t<div class=\"elementor-divider\">\n\t\t\t<span class=\"elementor-divider-separator\">\n\t\t\t\t\t\t<\/span>\n\t\t<\/div>\n\t\t\t\t\t\t<\/div>\n\t\t\t\t<\/div>\n\t\t\t\t<div class=\"elementor-element elementor-element-e69e077 elementor-widget elementor-widget-text-editor\" data-id=\"e69e077\" data-element_type=\"widget\" data-widget_type=\"text-editor.default\">\n\t\t\t\t<div class=\"elementor-widget-container\">\n\t\t\t\t\t\t\t\t\t<p>per day<\/p>\t\t\t\t\t\t\t\t<\/div>\n\t\t\t\t<\/div>\n\t\t\t\t<\/div>\n\t\t\t\t\t<\/div>\n\t\t\t\t<\/div>\n\t\t<div class=\"elementor-element elementor-element-dac5cb7 e-flex e-con-boxed e-con e-parent\" data-id=\"dac5cb7\" data-element_type=\"container\">\n\t\t\t\t\t<div class=\"e-con-inner\">\n\t\t\t\t<div class=\"elementor-element elementor-element-a2134c5 elementor-widget__width-initial elementor-widget elementor-widget-text-editor\" data-id=\"a2134c5\" data-element_type=\"widget\" data-widget_type=\"text-editor.default\">\n\t\t\t\t<div class=\"elementor-widget-container\">\n\t\t\t\t\t\t\t\t\t<p>This work includes technical advice to solve problems that arise during the execution of the works.<\/p><p>This requires the preparation of reports and other documents (annexes of calculations, plans, measurements, etc.), which are carried out by a team of structural specialists. Likewise, the necessary visits to the construction site are made by specialized personnel.<\/p><p>\u00a0<\/p><p><span style=\"color: #002f53;\"><strong>Location:<\/strong><\/span> Guadalajara<\/p><p><span style=\"color: #002f53;\"><strong>Date:<\/strong><\/span> 2006-2009<\/p><p><span style=\"color: #002f53;\"><strong>Budget:<\/strong><\/span> 27.000.000 \u20ac<\/p><p><span style=\"color: #002f53;\"><strong>Scope of the project:<\/strong><\/span>\u00a0technical assistance to civil works<\/p>\t\t\t\t\t\t\t\t<\/div>\n\t\t\t\t<\/div>\n\t\t\t\t\t<\/div>\n\t\t\t\t<\/div>\n\t\t\t\t<\/div>","protected":false},"excerpt":{"rendered":"<p>27 M\u20ac PEM&nbsp; 45.000 m\u00b3 al d\u00eda Estos trabajos comprenden el asesoramiento t\u00e9cnico que permite resolver los problemas que se plantean a lo largo de la ejecuci\u00f3n de las obras. Para ello es necesario realizar informes y otros documentos (anejos de c\u00e1lculos, planos, mediciones, etc\u00e9tera) que son realizados por un equipo de especialistas en estructuras. [&hellip;]<\/p>","protected":false},"author":14,"featured_media":30418,"comment_status":"closed","ping_status":"closed","sticky":false,"template":"","format":"standard","meta":{"footnotes":""},"categories":[69],"tags":[10],"class_list":["post-44276","post","type-post","status-publish","format-standard","has-post-thumbnail","hentry","category-edificacion","tag-espana"],"yoast_head":"<!-- This site is optimized with the Yoast SEO plugin v26.8 - https:\/\/yoast.com\/product\/yoast-seo-wordpress\/ -->\n<title>Revisi\u00f3n del proyecto de ampliaci\u00f3n de la depuradora de Guadalajara - Proes<\/title>\n<meta name=\"robots\" content=\"index, follow, max-snippet:-1, max-image-preview:large, max-video-preview:-1\" \/>\n<link rel=\"canonical\" href=\"https:\/\/p28223.grupoamper.com\/revision-del-proyecto-de-ampliacion-de-la-depuradora-de-guadalajara\/\" \/>\n<meta property=\"og:locale\" content=\"en_GB\" \/>\n<meta property=\"og:type\" content=\"article\" \/>\n<meta property=\"og:title\" content=\"Revisi\u00f3n del proyecto de ampliaci\u00f3n de la depuradora de Guadalajara - Proes\" \/>\n<meta property=\"og:description\" content=\"27 M\u20ac PEM&nbsp; 45.000 m\u00b3 al d\u00eda Estos trabajos comprenden el asesoramiento t\u00e9cnico que permite resolver los problemas que se plantean a lo largo de la ejecuci\u00f3n de las obras. Para ello es necesario realizar informes y otros documentos (anejos de c\u00e1lculos, planos, mediciones, etc\u00e9tera) que son realizados por un equipo de especialistas en estructuras. [&hellip;]\" \/>\n<meta property=\"og:url\" content=\"https:\/\/p28223.grupoamper.com\/revision-del-proyecto-de-ampliacion-de-la-depuradora-de-guadalajara\/\" \/>\n<meta property=\"og:site_name\" content=\"Proes\" \/>\n<meta property=\"article:published_time\" content=\"2024-01-30T10:26:03+00:00\" \/>\n<meta property=\"article:modified_time\" content=\"2025-05-30T11:18:55+00:00\" \/>\n<meta property=\"og:image\" content=\"https:\/\/p28223.grupoamper.com\/wp-content\/uploads\/2021\/05\/una-de-las-balsas-de-decantacion-de-la-depuradora-de-aguas-residuales-de-guadalajara.jpg\" \/>\n\t<meta property=\"og:image:width\" content=\"1181\" \/>\n\t<meta property=\"og:image:height\" content=\"786\" \/>\n\t<meta property=\"og:image:type\" content=\"image\/jpeg\" \/>\n<meta name=\"author\" content=\"Isabel.Caruana\" \/>\n<meta name=\"twitter:card\" content=\"summary_large_image\" \/>\n<meta name=\"twitter:label1\" content=\"Written by\" \/>\n\t<meta name=\"twitter:data1\" content=\"Isabel.Caruana\" \/>\n<script type=\"application\/ld+json\" class=\"yoast-schema-graph\">{\"@context\":\"https:\/\/schema.org\",\"@graph\":[{\"@type\":\"Article\",\"@id\":\"https:\/\/p28223.grupoamper.com\/revision-del-proyecto-de-ampliacion-de-la-depuradora-de-guadalajara\/#article\",\"isPartOf\":{\"@id\":\"https:\/\/p28223.grupoamper.com\/revision-del-proyecto-de-ampliacion-de-la-depuradora-de-guadalajara\/\"},\"author\":{\"name\":\"Isabel.Caruana\",\"@id\":\"https:\/\/p28223.grupoamper.com\/en\/#\/schema\/person\/36e57a12577f759f8f2836cd8fba1c03\"},\"headline\":\"Revisi\u00f3n del proyecto de ampliaci\u00f3n de la depuradora de Guadalajara\",\"datePublished\":\"2024-01-30T10:26:03+00:00\",\"dateModified\":\"2025-05-30T11:18:55+00:00\",\"mainEntityOfPage\":{\"@id\":\"https:\/\/p28223.grupoamper.com\/revision-del-proyecto-de-ampliacion-de-la-depuradora-de-guadalajara\/\"},\"wordCount\":101,\"publisher\":{\"@id\":\"https:\/\/p28223.grupoamper.com\/en\/#organization\"},\"image\":{\"@id\":\"https:\/\/p28223.grupoamper.com\/revision-del-proyecto-de-ampliacion-de-la-depuradora-de-guadalajara\/#primaryimage\"},\"thumbnailUrl\":\"https:\/\/www.proes.es\/wp-content\/uploads\/2021\/05\/una-de-las-balsas-de-decantacion-de-la-depuradora-de-aguas-residuales-de-guadalajara.jpg\",\"keywords\":[\"Espa\u00f1a\"],\"articleSection\":[\"Edificaci\u00f3n\"],\"inLanguage\":\"en-GB\"},{\"@type\":\"WebPage\",\"@id\":\"https:\/\/p28223.grupoamper.com\/revision-del-proyecto-de-ampliacion-de-la-depuradora-de-guadalajara\/\",\"url\":\"https:\/\/p28223.grupoamper.com\/revision-del-proyecto-de-ampliacion-de-la-depuradora-de-guadalajara\/\",\"name\":\"Revisi\u00f3n del proyecto de ampliaci\u00f3n de la depuradora de Guadalajara - Proes\",\"isPartOf\":{\"@id\":\"https:\/\/p28223.grupoamper.com\/en\/#website\"},\"primaryImageOfPage\":{\"@id\":\"https:\/\/p28223.grupoamper.com\/revision-del-proyecto-de-ampliacion-de-la-depuradora-de-guadalajara\/#primaryimage\"},\"image\":{\"@id\":\"https:\/\/p28223.grupoamper.com\/revision-del-proyecto-de-ampliacion-de-la-depuradora-de-guadalajara\/#primaryimage\"},\"thumbnailUrl\":\"https:\/\/www.proes.es\/wp-content\/uploads\/2021\/05\/una-de-las-balsas-de-decantacion-de-la-depuradora-de-aguas-residuales-de-guadalajara.jpg\",\"datePublished\":\"2024-01-30T10:26:03+00:00\",\"dateModified\":\"2025-05-30T11:18:55+00:00\",\"breadcrumb\":{\"@id\":\"https:\/\/p28223.grupoamper.com\/revision-del-proyecto-de-ampliacion-de-la-depuradora-de-guadalajara\/#breadcrumb\"},\"inLanguage\":\"en-GB\",\"potentialAction\":[{\"@type\":\"ReadAction\",\"target\":[\"https:\/\/p28223.grupoamper.com\/revision-del-proyecto-de-ampliacion-de-la-depuradora-de-guadalajara\/\"]}]},{\"@type\":\"ImageObject\",\"inLanguage\":\"en-GB\",\"@id\":\"https:\/\/p28223.grupoamper.com\/revision-del-proyecto-de-ampliacion-de-la-depuradora-de-guadalajara\/#primaryimage\",\"url\":\"https:\/\/www.proes.es\/wp-content\/uploads\/2021\/05\/una-de-las-balsas-de-decantacion-de-la-depuradora-de-aguas-residuales-de-guadalajara.jpg\",\"contentUrl\":\"https:\/\/www.proes.es\/wp-content\/uploads\/2021\/05\/una-de-las-balsas-de-decantacion-de-la-depuradora-de-aguas-residuales-de-guadalajara.jpg\",\"width\":1181,\"height\":786},{\"@type\":\"BreadcrumbList\",\"@id\":\"https:\/\/p28223.grupoamper.com\/revision-del-proyecto-de-ampliacion-de-la-depuradora-de-guadalajara\/#breadcrumb\",\"itemListElement\":[{\"@type\":\"ListItem\",\"position\":1,\"name\":\"Portada\",\"item\":\"https:\/\/p28223.grupoamper.com\/en\/\"},{\"@type\":\"ListItem\",\"position\":2,\"name\":\"Revisi\u00f3n del proyecto de ampliaci\u00f3n de la depuradora de Guadalajara\"}]},{\"@type\":\"WebSite\",\"@id\":\"https:\/\/p28223.grupoamper.com\/en\/#website\",\"url\":\"https:\/\/p28223.grupoamper.com\/en\/\",\"name\":\"Proes\",\"description\":\"\",\"publisher\":{\"@id\":\"https:\/\/p28223.grupoamper.com\/en\/#organization\"},\"potentialAction\":[{\"@type\":\"SearchAction\",\"target\":{\"@type\":\"EntryPoint\",\"urlTemplate\":\"https:\/\/p28223.grupoamper.com\/en\/?s={search_term_string}\"},\"query-input\":{\"@type\":\"PropertyValueSpecification\",\"valueRequired\":true,\"valueName\":\"search_term_string\"}}],\"inLanguage\":\"en-GB\"},{\"@type\":\"Organization\",\"@id\":\"https:\/\/p28223.grupoamper.com\/en\/#organization\",\"name\":\"Proes\",\"url\":\"https:\/\/p28223.grupoamper.com\/en\/\",\"logo\":{\"@type\":\"ImageObject\",\"inLanguage\":\"en-GB\",\"@id\":\"https:\/\/p28223.grupoamper.com\/en\/#\/schema\/logo\/image\/\",\"url\":\"https:\/\/www.proes.es\/wp-content\/uploads\/2023\/05\/Logo-Proes.png\",\"contentUrl\":\"https:\/\/www.proes.es\/wp-content\/uploads\/2023\/05\/Logo-Proes.png\",\"width\":520,\"height\":140,\"caption\":\"Proes\"},\"image\":{\"@id\":\"https:\/\/p28223.grupoamper.com\/en\/#\/schema\/logo\/image\/\"}},{\"@type\":\"Person\",\"@id\":\"https:\/\/p28223.grupoamper.com\/en\/#\/schema\/person\/36e57a12577f759f8f2836cd8fba1c03\",\"name\":\"Isabel.Caruana\",\"image\":{\"@type\":\"ImageObject\",\"inLanguage\":\"en-GB\",\"@id\":\"https:\/\/p28223.grupoamper.com\/en\/#\/schema\/person\/image\/\",\"url\":\"https:\/\/secure.gravatar.com\/avatar\/4a350cf9d30b1b93d55c0b1fca1bdc4539442248717055d1a3bb3f1d49dff91d?s=96&d=mm&r=g\",\"contentUrl\":\"https:\/\/secure.gravatar.com\/avatar\/4a350cf9d30b1b93d55c0b1fca1bdc4539442248717055d1a3bb3f1d49dff91d?s=96&d=mm&r=g\",\"caption\":\"Isabel.Caruana\"},\"sameAs\":[\"https:\/\/Proes\"],\"url\":\"https:\/\/www.proes.es\/en\/author\/isabel-caruana\/\"}]}<\/script>\n<!-- \/ Yoast SEO plugin. -->","yoast_head_json":{"title":"Revisi\u00f3n del proyecto de ampliaci\u00f3n de la depuradora de Guadalajara - Proes","robots":{"index":"index","follow":"follow","max-snippet":"max-snippet:-1","max-image-preview":"max-image-preview:large","max-video-preview":"max-video-preview:-1"},"canonical":"https:\/\/p28223.grupoamper.com\/revision-del-proyecto-de-ampliacion-de-la-depuradora-de-guadalajara\/","og_locale":"en_GB","og_type":"article","og_title":"Revisi\u00f3n del proyecto de ampliaci\u00f3n de la depuradora de Guadalajara - Proes","og_description":"27 M\u20ac PEM&nbsp; 45.000 m\u00b3 al d\u00eda Estos trabajos comprenden el asesoramiento t\u00e9cnico que permite resolver los problemas que se plantean a lo largo de la ejecuci\u00f3n de las obras. Para ello es necesario realizar informes y otros documentos (anejos de c\u00e1lculos, planos, mediciones, etc\u00e9tera) que son realizados por un equipo de especialistas en estructuras. [&hellip;]","og_url":"https:\/\/p28223.grupoamper.com\/revision-del-proyecto-de-ampliacion-de-la-depuradora-de-guadalajara\/","og_site_name":"Proes","article_published_time":"2024-01-30T10:26:03+00:00","article_modified_time":"2025-05-30T11:18:55+00:00","og_image":[{"width":1181,"height":786,"url":"https:\/\/p28223.grupoamper.com\/wp-content\/uploads\/2021\/05\/una-de-las-balsas-de-decantacion-de-la-depuradora-de-aguas-residuales-de-guadalajara.jpg","type":"image\/jpeg"}],"author":"Isabel.Caruana","twitter_card":"summary_large_image","twitter_misc":{"Written by":"Isabel.Caruana"},"schema":{"@context":"https:\/\/schema.org","@graph":[{"@type":"Article","@id":"https:\/\/p28223.grupoamper.com\/revision-del-proyecto-de-ampliacion-de-la-depuradora-de-guadalajara\/#article","isPartOf":{"@id":"https:\/\/p28223.grupoamper.com\/revision-del-proyecto-de-ampliacion-de-la-depuradora-de-guadalajara\/"},"author":{"name":"Isabel.Caruana","@id":"https:\/\/p28223.grupoamper.com\/en\/#\/schema\/person\/36e57a12577f759f8f2836cd8fba1c03"},"headline":"Revisi\u00f3n del proyecto de ampliaci\u00f3n de la depuradora de Guadalajara","datePublished":"2024-01-30T10:26:03+00:00","dateModified":"2025-05-30T11:18:55+00:00","mainEntityOfPage":{"@id":"https:\/\/p28223.grupoamper.com\/revision-del-proyecto-de-ampliacion-de-la-depuradora-de-guadalajara\/"},"wordCount":101,"publisher":{"@id":"https:\/\/p28223.grupoamper.com\/en\/#organization"},"image":{"@id":"https:\/\/p28223.grupoamper.com\/revision-del-proyecto-de-ampliacion-de-la-depuradora-de-guadalajara\/#primaryimage"},"thumbnailUrl":"https:\/\/www.proes.es\/wp-content\/uploads\/2021\/05\/una-de-las-balsas-de-decantacion-de-la-depuradora-de-aguas-residuales-de-guadalajara.jpg","keywords":["Espa\u00f1a"],"articleSection":["Edificaci\u00f3n"],"inLanguage":"en-GB"},{"@type":"WebPage","@id":"https:\/\/p28223.grupoamper.com\/revision-del-proyecto-de-ampliacion-de-la-depuradora-de-guadalajara\/","url":"https:\/\/p28223.grupoamper.com\/revision-del-proyecto-de-ampliacion-de-la-depuradora-de-guadalajara\/","name":"Revisi\u00f3n del proyecto de ampliaci\u00f3n de la depuradora de Guadalajara - Proes","isPartOf":{"@id":"https:\/\/p28223.grupoamper.com\/en\/#website"},"primaryImageOfPage":{"@id":"https:\/\/p28223.grupoamper.com\/revision-del-proyecto-de-ampliacion-de-la-depuradora-de-guadalajara\/#primaryimage"},"image":{"@id":"https:\/\/p28223.grupoamper.com\/revision-del-proyecto-de-ampliacion-de-la-depuradora-de-guadalajara\/#primaryimage"},"thumbnailUrl":"https:\/\/www.proes.es\/wp-content\/uploads\/2021\/05\/una-de-las-balsas-de-decantacion-de-la-depuradora-de-aguas-residuales-de-guadalajara.jpg","datePublished":"2024-01-30T10:26:03+00:00","dateModified":"2025-05-30T11:18:55+00:00","breadcrumb":{"@id":"https:\/\/p28223.grupoamper.com\/revision-del-proyecto-de-ampliacion-de-la-depuradora-de-guadalajara\/#breadcrumb"},"inLanguage":"en-GB","potentialAction":[{"@type":"ReadAction","target":["https:\/\/p28223.grupoamper.com\/revision-del-proyecto-de-ampliacion-de-la-depuradora-de-guadalajara\/"]}]},{"@type":"ImageObject","inLanguage":"en-GB","@id":"https:\/\/p28223.grupoamper.com\/revision-del-proyecto-de-ampliacion-de-la-depuradora-de-guadalajara\/#primaryimage","url":"https:\/\/www.proes.es\/wp-content\/uploads\/2021\/05\/una-de-las-balsas-de-decantacion-de-la-depuradora-de-aguas-residuales-de-guadalajara.jpg","contentUrl":"https:\/\/www.proes.es\/wp-content\/uploads\/2021\/05\/una-de-las-balsas-de-decantacion-de-la-depuradora-de-aguas-residuales-de-guadalajara.jpg","width":1181,"height":786},{"@type":"BreadcrumbList","@id":"https:\/\/p28223.grupoamper.com\/revision-del-proyecto-de-ampliacion-de-la-depuradora-de-guadalajara\/#breadcrumb","itemListElement":[{"@type":"ListItem","position":1,"name":"Portada","item":"https:\/\/p28223.grupoamper.com\/en\/"},{"@type":"ListItem","position":2,"name":"Revisi\u00f3n del proyecto de ampliaci\u00f3n de la depuradora de Guadalajara"}]},{"@type":"WebSite","@id":"https:\/\/p28223.grupoamper.com\/en\/#website","url":"https:\/\/p28223.grupoamper.com\/en\/","name":"Proes,","description":"","publisher":{"@id":"https:\/\/p28223.grupoamper.com\/en\/#organization"},"potentialAction":[{"@type":"SearchAction","target":{"@type":"EntryPoint","urlTemplate":"https:\/\/p28223.grupoamper.com\/en\/?s={search_term_string}"},"query-input":{"@type":"PropertyValueSpecification","valueRequired":true,"valueName":"search_term_string"}}],"inLanguage":"en-GB"},{"@type":"Organization","@id":"https:\/\/p28223.grupoamper.com\/en\/#organization","name":"Proes,","url":"https:\/\/p28223.grupoamper.com\/en\/","logo":{"@type":"ImageObject","inLanguage":"en-GB","@id":"https:\/\/p28223.grupoamper.com\/en\/#\/schema\/logo\/image\/","url":"https:\/\/www.proes.es\/wp-content\/uploads\/2023\/05\/Logo-Proes.png","contentUrl":"https:\/\/www.proes.es\/wp-content\/uploads\/2023\/05\/Logo-Proes.png","width":520,"height":140,"caption":"Proes"},"image":{"@id":"https:\/\/p28223.grupoamper.com\/en\/#\/schema\/logo\/image\/"}},{"@type":"Person","@id":"https:\/\/p28223.grupoamper.com\/en\/#\/schema\/person\/36e57a12577f759f8f2836cd8fba1c03","name":"Isabel.Caruana","image":{"@type":"ImageObject","inLanguage":"en-GB","@id":"https:\/\/p28223.grupoamper.com\/en\/#\/schema\/person\/image\/","url":"https:\/\/secure.gravatar.com\/avatar\/4a350cf9d30b1b93d55c0b1fca1bdc4539442248717055d1a3bb3f1d49dff91d?s=96&d=mm&r=g","contentUrl":"https:\/\/secure.gravatar.com\/avatar\/4a350cf9d30b1b93d55c0b1fca1bdc4539442248717055d1a3bb3f1d49dff91d?s=96&d=mm&r=g","caption":"Isabel.Caruana"},"sameAs":["https:\/\/Proes"],"url":"https:\/\/www.proes.es\/en\/author\/isabel-caruana\/"}]}},"_links":{"self":[{"href":"https:\/\/www.proes.es\/en\/wp-json\/wp\/v2\/posts\/44276","targetHints":{"allow":["GET"]}}],"collection":[{"href":"https:\/\/www.proes.es\/en\/wp-json\/wp\/v2\/posts"}],"about":[{"href":"https:\/\/www.proes.es\/en\/wp-json\/wp\/v2\/types\/post"}],"author":[{"embeddable":true,"href":"https:\/\/www.proes.es\/en\/wp-json\/wp\/v2\/users\/14"}],"replies":[{"embeddable":true,"href":"https:\/\/www.proes.es\/en\/wp-json\/wp\/v2\/comments?post=44276"}],"version-history":[{"count":12,"href":"https:\/\/www.proes.es\/en\/wp-json\/wp\/v2\/posts\/44276\/revisions"}],"predecessor-version":[{"id":48629,"href":"https:\/\/www.proes.es\/en\/wp-json\/wp\/v2\/posts\/44276\/revisions\/48629"}],"wp:featuredmedia":[{"embeddable":true,"href":"https:\/\/www.proes.es\/en\/wp-json\/wp\/v2\/media\/30418"}],"wp:attachment":[{"href":"https:\/\/www.proes.es\/en\/wp-json\/wp\/v2\/media?parent=44276"}],"wp:term":[{"taxonomy":"category","embeddable":true,"href":"https:\/\/www.proes.es\/en\/wp-json\/wp\/v2\/categories?post=44276"},{"taxonomy":"post_tag","embeddable":true,"href":"https:\/\/www.proes.es\/en\/wp-json\/wp\/v2\/tags?post=44276"}],"curies":[{"name":"wp","href":"https:\/\/api.w.org\/{rel}","templated":true}]}}