{"id":44363,"date":"2024-01-30T13:36:12","date_gmt":"2024-01-30T12:36:12","guid":{"rendered":"https:\/\/www.proes.es\/?p=44363"},"modified":"2024-07-03T12:36:55","modified_gmt":"2024-07-03T10:36:55","slug":"edificios-de-oficinas-para-la-autoridad-portuaria-de-huelva","status":"publish","type":"post","link":"https:\/\/www.proes.es\/en\/edificios-de-oficinas-para-la-autoridad-portuaria-de-huelva\/","title":{"rendered":"Office buildings for the Huelva Port Authority"},"content":{"rendered":"<div data-elementor-type=\"wp-post\" data-elementor-id=\"44363\" class=\"elementor elementor-44363\" data-elementor-post-type=\"post\">\n\t\t\t\t<div class=\"elementor-element elementor-element-3cdfe8a e-flex e-con-boxed e-con e-parent\" data-id=\"3cdfe8a\" data-element_type=\"container\">\n\t\t\t\t\t<div class=\"e-con-inner\">\n\t\t\t\t<div class=\"elementor-element elementor-element-33d9f86 elementor-widget elementor-widget-image\" data-id=\"33d9f86\" data-element_type=\"widget\" data-widget_type=\"image.default\">\n\t\t\t\t<div class=\"elementor-widget-container\">\n\t\t\t\t\t\t\t\t\t\t\t\t\t\t\t<img fetchpriority=\"high\" decoding=\"async\" width=\"2000\" height=\"1044\" src=\"https:\/\/www.proes.es\/wp-content\/uploads\/2021\/05\/OPC3-Vista2.jpg\" class=\"attachment-full size-full wp-image-30390\" alt=\"\" srcset=\"https:\/\/www.proes.es\/wp-content\/uploads\/2021\/05\/OPC3-Vista2.jpg 2000w, https:\/\/www.proes.es\/wp-content\/uploads\/2021\/05\/OPC3-Vista2-300x157.jpg 300w, https:\/\/www.proes.es\/wp-content\/uploads\/2021\/05\/OPC3-Vista2-1024x535.jpg 1024w, https:\/\/www.proes.es\/wp-content\/uploads\/2021\/05\/OPC3-Vista2-768x401.jpg 768w, https:\/\/www.proes.es\/wp-content\/uploads\/2021\/05\/OPC3-Vista2-1536x802.jpg 1536w, https:\/\/www.proes.es\/wp-content\/uploads\/2021\/05\/OPC3-Vista2-480x250.jpg 480w\" sizes=\"(max-width: 2000px) 100vw, 2000px\" \/>\t\t\t\t\t\t\t\t\t\t\t\t\t\t\t<\/div>\n\t\t\t\t<\/div>\n\t\t\t\t\t<\/div>\n\t\t\t\t<\/div>\n\t\t<div class=\"elementor-element elementor-element-d37ad5a e-flex e-con-boxed e-con e-parent\" data-id=\"d37ad5a\" data-element_type=\"container\">\n\t\t\t\t\t<div class=\"e-con-inner\">\n\t\t<div class=\"elementor-element elementor-element-d49d1e0 e-con-full e-flex e-con e-child\" data-id=\"d49d1e0\" data-element_type=\"container\">\n\t\t\t\t<div class=\"elementor-element elementor-element-38c1739 elementor-widget elementor-widget-text-editor\" data-id=\"38c1739\" data-element_type=\"widget\" data-widget_type=\"text-editor.default\">\n\t\t\t\t<div class=\"elementor-widget-container\">\n\t\t\t\t\t\t\t\t\t<p style=\"text-align: center;\">2,38 M\u20ac<\/p>\t\t\t\t\t\t\t\t<\/div>\n\t\t\t\t<\/div>\n\t\t\t\t<div class=\"elementor-element elementor-element-2ae89aa elementor-widget-divider--view-line elementor-widget elementor-widget-divider\" data-id=\"2ae89aa\" data-element_type=\"widget\" data-widget_type=\"divider.default\">\n\t\t\t\t<div class=\"elementor-widget-container\">\n\t\t\t\t\t\t\t<div class=\"elementor-divider\">\n\t\t\t<span class=\"elementor-divider-separator\">\n\t\t\t\t\t\t<\/span>\n\t\t<\/div>\n\t\t\t\t\t\t<\/div>\n\t\t\t\t<\/div>\n\t\t\t\t<div class=\"elementor-element elementor-element-facb681 elementor-widget elementor-widget-text-editor\" data-id=\"facb681\" data-element_type=\"widget\" data-widget_type=\"text-editor.default\">\n\t\t\t\t<div class=\"elementor-widget-container\">\n\t\t\t\t\t\t\t\t\t<p>Budget&nbsp;<\/p>\t\t\t\t\t\t\t\t<\/div>\n\t\t\t\t<\/div>\n\t\t\t\t<\/div>\n\t\t<div class=\"elementor-element elementor-element-2f9e185 e-con-full e-flex e-con e-child\" data-id=\"2f9e185\" data-element_type=\"container\">\n\t\t\t\t<div class=\"elementor-element elementor-element-5021c4d elementor-widget elementor-widget-text-editor\" data-id=\"5021c4d\" data-element_type=\"widget\" data-widget_type=\"text-editor.default\">\n\t\t\t\t<div class=\"elementor-widget-container\">\n\t\t\t\t\t\t\t\t\t<p style=\"text-align: center;\">1.131m\u00b2<\/p>\t\t\t\t\t\t\t\t<\/div>\n\t\t\t\t<\/div>\n\t\t\t\t<div class=\"elementor-element elementor-element-0f3f9ce elementor-widget-divider--view-line elementor-widget elementor-widget-divider\" data-id=\"0f3f9ce\" data-element_type=\"widget\" data-widget_type=\"divider.default\">\n\t\t\t\t<div class=\"elementor-widget-container\">\n\t\t\t\t\t\t\t<div class=\"elementor-divider\">\n\t\t\t<span class=\"elementor-divider-separator\">\n\t\t\t\t\t\t<\/span>\n\t\t<\/div>\n\t\t\t\t\t\t<\/div>\n\t\t\t\t<\/div>\n\t\t\t\t<div class=\"elementor-element elementor-element-e69e077 elementor-widget elementor-widget-text-editor\" data-id=\"e69e077\" data-element_type=\"widget\" data-widget_type=\"text-editor.default\">\n\t\t\t\t<div class=\"elementor-widget-container\">\n\t\t\t\t\t\t\t\t\t<p>built-surface area<\/p>\t\t\t\t\t\t\t\t<\/div>\n\t\t\t\t<\/div>\n\t\t\t\t<\/div>\n\t\t\t\t\t<\/div>\n\t\t\t\t<\/div>\n\t\t<div class=\"elementor-element elementor-element-dac5cb7 e-flex e-con-boxed e-con e-parent\" data-id=\"dac5cb7\" data-element_type=\"container\">\n\t\t\t\t\t<div class=\"e-con-inner\">\n\t\t\t\t<div class=\"elementor-element elementor-element-a2134c5 elementor-widget__width-initial elementor-widget elementor-widget-text-editor\" data-id=\"a2134c5\" data-element_type=\"widget\" data-widget_type=\"text-editor.default\">\n\t\t\t\t<div class=\"elementor-widget-container\">\n\t\t\t\t\t\t\t\t\t<p>Como resultado de un Estudio de Utilizaci\u00f3n, tambi\u00e9n llevado a cabo por Proes, se realiza esta actuaci\u00f3n para mejorar las instalaciones de la Autoridad Portuaria.<\/p><p>Se demuele un antiguo edificio de vestuarios, para construir un moderno edificio de oficinas de tres plantas, innovador en dise\u00f1o y eficiencia, interconectado con uno de los edificios existentes para una mayor funcionalidad. En los otros edificios de la Autoridad Portuaria, se acometen tambi\u00e9n diversas reformas de manera que se ajusten a las necesidades demandadas.<\/p><p>\u00a0<\/p><p><span style=\"color: #002f53;\"><strong>Location:<\/strong>\u00a0<\/span>port of Huelva<\/p><p><span style=\"color: #002f53;\"><strong>Date:<\/strong><\/span> 2008-2011<\/p><p><span style=\"color: #002f53;\"><strong>Scope of the project:<\/strong><\/span>\u00a0basic and execution project<\/p><p><span style=\"color: #002f53;\"><strong>Significant data:<\/strong><\/span>\u00a0superficie construida: 1.131,25 m\u00b2<\/p>\t\t\t\t\t\t\t\t<\/div>\n\t\t\t\t<\/div>\n\t\t\t\t\t<\/div>\n\t\t\t\t<\/div>\n\t\t\t\t<\/div>","protected":false},"excerpt":{"rendered":"<p>2,38 M\u20ac PEM&nbsp; 1.131m\u00b2 superficie construida Como resultado de un Estudio de Utilizaci\u00f3n, tambi\u00e9n llevado a cabo por Proes, se realiza esta actuaci\u00f3n para mejorar las instalaciones de la Autoridad Portuaria. Se demuele un antiguo edificio de vestuarios, para construir un moderno edificio de oficinas de tres plantas, innovador en dise\u00f1o y eficiencia, interconectado con [&hellip;]<\/p>","protected":false},"author":14,"featured_media":30390,"comment_status":"closed","ping_status":"closed","sticky":false,"template":"","format":"standard","meta":{"footnotes":""},"categories":[69],"tags":[10],"class_list":["post-44363","post","type-post","status-publish","format-standard","has-post-thumbnail","hentry","category-edificacion","tag-espana"],"yoast_head":"<!-- This site is optimized with the Yoast SEO plugin v26.8 - https:\/\/yoast.com\/product\/yoast-seo-wordpress\/ -->\n<title>Edificios de oficinas para la Autoridad Portuaria de Huelva - Proes<\/title>\n<meta name=\"robots\" content=\"index, follow, max-snippet:-1, max-image-preview:large, max-video-preview:-1\" \/>\n<link rel=\"canonical\" href=\"https:\/\/www.proes.es\/en\/edificios-de-oficinas-para-la-autoridad-portuaria-de-huelva\/\" \/>\n<meta property=\"og:locale\" content=\"en_GB\" \/>\n<meta property=\"og:type\" content=\"article\" \/>\n<meta property=\"og:title\" content=\"Edificios de oficinas para la Autoridad Portuaria de Huelva - Proes\" \/>\n<meta property=\"og:description\" content=\"2,38 M\u20ac PEM&nbsp; 1.131m\u00b2 superficie construida Como resultado de un Estudio de Utilizaci\u00f3n, tambi\u00e9n llevado a cabo por Proes, se realiza esta actuaci\u00f3n para mejorar las instalaciones de la Autoridad Portuaria. Se demuele un antiguo edificio de vestuarios, para construir un moderno edificio de oficinas de tres plantas, innovador en dise\u00f1o y eficiencia, interconectado con [&hellip;]\" \/>\n<meta property=\"og:url\" content=\"https:\/\/www.proes.es\/en\/edificios-de-oficinas-para-la-autoridad-portuaria-de-huelva\/\" \/>\n<meta property=\"og:site_name\" content=\"Proes\" \/>\n<meta property=\"article:published_time\" content=\"2024-01-30T12:36:12+00:00\" \/>\n<meta property=\"article:modified_time\" content=\"2024-07-03T10:36:55+00:00\" \/>\n<meta property=\"og:image\" content=\"https:\/\/www.proes.es\/wp-content\/uploads\/2021\/05\/OPC3-Vista2.jpg\" \/>\n\t<meta property=\"og:image:width\" content=\"2000\" \/>\n\t<meta property=\"og:image:height\" content=\"1044\" \/>\n\t<meta property=\"og:image:type\" content=\"image\/jpeg\" \/>\n<meta name=\"author\" content=\"Isabel.Caruana\" \/>\n<meta name=\"twitter:card\" content=\"summary_large_image\" \/>\n<meta name=\"twitter:label1\" content=\"Written by\" \/>\n\t<meta name=\"twitter:data1\" content=\"Isabel.Caruana\" \/>\n\t<meta name=\"twitter:label2\" content=\"Estimated reading time\" \/>\n\t<meta name=\"twitter:data2\" content=\"1 minute\" \/>\n<script type=\"application\/ld+json\" class=\"yoast-schema-graph\">{\"@context\":\"https:\/\/schema.org\",\"@graph\":[{\"@type\":\"Article\",\"@id\":\"https:\/\/www.proes.es\/en\/edificios-de-oficinas-para-la-autoridad-portuaria-de-huelva\/#article\",\"isPartOf\":{\"@id\":\"https:\/\/www.proes.es\/en\/edificios-de-oficinas-para-la-autoridad-portuaria-de-huelva\/\"},\"author\":{\"name\":\"Isabel.Caruana\",\"@id\":\"https:\/\/p28223.grupoamper.com\/en\/#\/schema\/person\/36e57a12577f759f8f2836cd8fba1c03\"},\"headline\":\"Edificios de oficinas para la Autoridad Portuaria de Huelva\",\"datePublished\":\"2024-01-30T12:36:12+00:00\",\"dateModified\":\"2024-07-03T10:36:55+00:00\",\"mainEntityOfPage\":{\"@id\":\"https:\/\/www.proes.es\/en\/edificios-de-oficinas-para-la-autoridad-portuaria-de-huelva\/\"},\"wordCount\":122,\"publisher\":{\"@id\":\"https:\/\/p28223.grupoamper.com\/en\/#organization\"},\"image\":{\"@id\":\"https:\/\/www.proes.es\/en\/edificios-de-oficinas-para-la-autoridad-portuaria-de-huelva\/#primaryimage\"},\"thumbnailUrl\":\"https:\/\/www.proes.es\/wp-content\/uploads\/2021\/05\/OPC3-Vista2.jpg\",\"keywords\":[\"Espa\u00f1a\"],\"articleSection\":[\"Edificaci\u00f3n\"],\"inLanguage\":\"en-GB\"},{\"@type\":\"WebPage\",\"@id\":\"https:\/\/www.proes.es\/en\/edificios-de-oficinas-para-la-autoridad-portuaria-de-huelva\/\",\"url\":\"https:\/\/www.proes.es\/en\/edificios-de-oficinas-para-la-autoridad-portuaria-de-huelva\/\",\"name\":\"Edificios de oficinas para la Autoridad Portuaria de Huelva - Proes\",\"isPartOf\":{\"@id\":\"https:\/\/p28223.grupoamper.com\/en\/#website\"},\"primaryImageOfPage\":{\"@id\":\"https:\/\/www.proes.es\/en\/edificios-de-oficinas-para-la-autoridad-portuaria-de-huelva\/#primaryimage\"},\"image\":{\"@id\":\"https:\/\/www.proes.es\/en\/edificios-de-oficinas-para-la-autoridad-portuaria-de-huelva\/#primaryimage\"},\"thumbnailUrl\":\"https:\/\/www.proes.es\/wp-content\/uploads\/2021\/05\/OPC3-Vista2.jpg\",\"datePublished\":\"2024-01-30T12:36:12+00:00\",\"dateModified\":\"2024-07-03T10:36:55+00:00\",\"breadcrumb\":{\"@id\":\"https:\/\/www.proes.es\/en\/edificios-de-oficinas-para-la-autoridad-portuaria-de-huelva\/#breadcrumb\"},\"inLanguage\":\"en-GB\",\"potentialAction\":[{\"@type\":\"ReadAction\",\"target\":[\"https:\/\/www.proes.es\/en\/edificios-de-oficinas-para-la-autoridad-portuaria-de-huelva\/\"]}]},{\"@type\":\"ImageObject\",\"inLanguage\":\"en-GB\",\"@id\":\"https:\/\/www.proes.es\/en\/edificios-de-oficinas-para-la-autoridad-portuaria-de-huelva\/#primaryimage\",\"url\":\"https:\/\/www.proes.es\/wp-content\/uploads\/2021\/05\/OPC3-Vista2.jpg\",\"contentUrl\":\"https:\/\/www.proes.es\/wp-content\/uploads\/2021\/05\/OPC3-Vista2.jpg\",\"width\":2000,\"height\":1044},{\"@type\":\"BreadcrumbList\",\"@id\":\"https:\/\/www.proes.es\/en\/edificios-de-oficinas-para-la-autoridad-portuaria-de-huelva\/#breadcrumb\",\"itemListElement\":[{\"@type\":\"ListItem\",\"position\":1,\"name\":\"Portada\",\"item\":\"https:\/\/p28223.grupoamper.com\/en\/\"},{\"@type\":\"ListItem\",\"position\":2,\"name\":\"Edificios de oficinas para la Autoridad Portuaria de Huelva\"}]},{\"@type\":\"WebSite\",\"@id\":\"https:\/\/p28223.grupoamper.com\/en\/#website\",\"url\":\"https:\/\/p28223.grupoamper.com\/en\/\",\"name\":\"Proes\",\"description\":\"\",\"publisher\":{\"@id\":\"https:\/\/p28223.grupoamper.com\/en\/#organization\"},\"potentialAction\":[{\"@type\":\"SearchAction\",\"target\":{\"@type\":\"EntryPoint\",\"urlTemplate\":\"https:\/\/p28223.grupoamper.com\/en\/?s={search_term_string}\"},\"query-input\":{\"@type\":\"PropertyValueSpecification\",\"valueRequired\":true,\"valueName\":\"search_term_string\"}}],\"inLanguage\":\"en-GB\"},{\"@type\":\"Organization\",\"@id\":\"https:\/\/p28223.grupoamper.com\/en\/#organization\",\"name\":\"Proes\",\"url\":\"https:\/\/p28223.grupoamper.com\/en\/\",\"logo\":{\"@type\":\"ImageObject\",\"inLanguage\":\"en-GB\",\"@id\":\"https:\/\/p28223.grupoamper.com\/en\/#\/schema\/logo\/image\/\",\"url\":\"https:\/\/www.proes.es\/wp-content\/uploads\/2023\/05\/Logo-Proes.png\",\"contentUrl\":\"https:\/\/www.proes.es\/wp-content\/uploads\/2023\/05\/Logo-Proes.png\",\"width\":520,\"height\":140,\"caption\":\"Proes\"},\"image\":{\"@id\":\"https:\/\/p28223.grupoamper.com\/en\/#\/schema\/logo\/image\/\"}},{\"@type\":\"Person\",\"@id\":\"https:\/\/p28223.grupoamper.com\/en\/#\/schema\/person\/36e57a12577f759f8f2836cd8fba1c03\",\"name\":\"Isabel.Caruana\",\"image\":{\"@type\":\"ImageObject\",\"inLanguage\":\"en-GB\",\"@id\":\"https:\/\/p28223.grupoamper.com\/en\/#\/schema\/person\/image\/\",\"url\":\"https:\/\/secure.gravatar.com\/avatar\/4a350cf9d30b1b93d55c0b1fca1bdc4539442248717055d1a3bb3f1d49dff91d?s=96&d=mm&r=g\",\"contentUrl\":\"https:\/\/secure.gravatar.com\/avatar\/4a350cf9d30b1b93d55c0b1fca1bdc4539442248717055d1a3bb3f1d49dff91d?s=96&d=mm&r=g\",\"caption\":\"Isabel.Caruana\"},\"sameAs\":[\"https:\/\/Proes\"],\"url\":\"https:\/\/www.proes.es\/en\/author\/isabel-caruana\/\"}]}<\/script>\n<!-- \/ Yoast SEO plugin. -->","yoast_head_json":{"title":"Edificios de oficinas para la Autoridad Portuaria de Huelva - Proes","robots":{"index":"index","follow":"follow","max-snippet":"max-snippet:-1","max-image-preview":"max-image-preview:large","max-video-preview":"max-video-preview:-1"},"canonical":"https:\/\/www.proes.es\/en\/edificios-de-oficinas-para-la-autoridad-portuaria-de-huelva\/","og_locale":"en_GB","og_type":"article","og_title":"Edificios de oficinas para la Autoridad Portuaria de Huelva - Proes","og_description":"2,38 M\u20ac PEM&nbsp; 1.131m\u00b2 superficie construida Como resultado de un Estudio de Utilizaci\u00f3n, tambi\u00e9n llevado a cabo por Proes, se realiza esta actuaci\u00f3n para mejorar las instalaciones de la Autoridad Portuaria. Se demuele un antiguo edificio de vestuarios, para construir un moderno edificio de oficinas de tres plantas, innovador en dise\u00f1o y eficiencia, interconectado con [&hellip;]","og_url":"https:\/\/www.proes.es\/en\/edificios-de-oficinas-para-la-autoridad-portuaria-de-huelva\/","og_site_name":"Proes","article_published_time":"2024-01-30T12:36:12+00:00","article_modified_time":"2024-07-03T10:36:55+00:00","og_image":[{"width":2000,"height":1044,"url":"https:\/\/www.proes.es\/wp-content\/uploads\/2021\/05\/OPC3-Vista2.jpg","type":"image\/jpeg"}],"author":"Isabel.Caruana","twitter_card":"summary_large_image","twitter_misc":{"Written by":"Isabel.Caruana","Estimated reading time":"1 minute"},"schema":{"@context":"https:\/\/schema.org","@graph":[{"@type":"Article","@id":"https:\/\/www.proes.es\/en\/edificios-de-oficinas-para-la-autoridad-portuaria-de-huelva\/#article","isPartOf":{"@id":"https:\/\/www.proes.es\/en\/edificios-de-oficinas-para-la-autoridad-portuaria-de-huelva\/"},"author":{"name":"Isabel.Caruana","@id":"https:\/\/p28223.grupoamper.com\/en\/#\/schema\/person\/36e57a12577f759f8f2836cd8fba1c03"},"headline":"Edificios de oficinas para la Autoridad Portuaria de Huelva","datePublished":"2024-01-30T12:36:12+00:00","dateModified":"2024-07-03T10:36:55+00:00","mainEntityOfPage":{"@id":"https:\/\/www.proes.es\/en\/edificios-de-oficinas-para-la-autoridad-portuaria-de-huelva\/"},"wordCount":122,"publisher":{"@id":"https:\/\/p28223.grupoamper.com\/en\/#organization"},"image":{"@id":"https:\/\/www.proes.es\/en\/edificios-de-oficinas-para-la-autoridad-portuaria-de-huelva\/#primaryimage"},"thumbnailUrl":"https:\/\/www.proes.es\/wp-content\/uploads\/2021\/05\/OPC3-Vista2.jpg","keywords":["Espa\u00f1a"],"articleSection":["Edificaci\u00f3n"],"inLanguage":"en-GB"},{"@type":"WebPage","@id":"https:\/\/www.proes.es\/en\/edificios-de-oficinas-para-la-autoridad-portuaria-de-huelva\/","url":"https:\/\/www.proes.es\/en\/edificios-de-oficinas-para-la-autoridad-portuaria-de-huelva\/","name":"Edificios de oficinas para la Autoridad Portuaria de Huelva - Proes","isPartOf":{"@id":"https:\/\/p28223.grupoamper.com\/en\/#website"},"primaryImageOfPage":{"@id":"https:\/\/www.proes.es\/en\/edificios-de-oficinas-para-la-autoridad-portuaria-de-huelva\/#primaryimage"},"image":{"@id":"https:\/\/www.proes.es\/en\/edificios-de-oficinas-para-la-autoridad-portuaria-de-huelva\/#primaryimage"},"thumbnailUrl":"https:\/\/www.proes.es\/wp-content\/uploads\/2021\/05\/OPC3-Vista2.jpg","datePublished":"2024-01-30T12:36:12+00:00","dateModified":"2024-07-03T10:36:55+00:00","breadcrumb":{"@id":"https:\/\/www.proes.es\/en\/edificios-de-oficinas-para-la-autoridad-portuaria-de-huelva\/#breadcrumb"},"inLanguage":"en-GB","potentialAction":[{"@type":"ReadAction","target":["https:\/\/www.proes.es\/en\/edificios-de-oficinas-para-la-autoridad-portuaria-de-huelva\/"]}]},{"@type":"ImageObject","inLanguage":"en-GB","@id":"https:\/\/www.proes.es\/en\/edificios-de-oficinas-para-la-autoridad-portuaria-de-huelva\/#primaryimage","url":"https:\/\/www.proes.es\/wp-content\/uploads\/2021\/05\/OPC3-Vista2.jpg","contentUrl":"https:\/\/www.proes.es\/wp-content\/uploads\/2021\/05\/OPC3-Vista2.jpg","width":2000,"height":1044},{"@type":"BreadcrumbList","@id":"https:\/\/www.proes.es\/en\/edificios-de-oficinas-para-la-autoridad-portuaria-de-huelva\/#breadcrumb","itemListElement":[{"@type":"ListItem","position":1,"name":"Portada","item":"https:\/\/p28223.grupoamper.com\/en\/"},{"@type":"ListItem","position":2,"name":"Edificios de oficinas para la Autoridad Portuaria de Huelva"}]},{"@type":"WebSite","@id":"https:\/\/p28223.grupoamper.com\/en\/#website","url":"https:\/\/p28223.grupoamper.com\/en\/","name":"Proes,","description":"","publisher":{"@id":"https:\/\/p28223.grupoamper.com\/en\/#organization"},"potentialAction":[{"@type":"SearchAction","target":{"@type":"EntryPoint","urlTemplate":"https:\/\/p28223.grupoamper.com\/en\/?s={search_term_string}"},"query-input":{"@type":"PropertyValueSpecification","valueRequired":true,"valueName":"search_term_string"}}],"inLanguage":"en-GB"},{"@type":"Organization","@id":"https:\/\/p28223.grupoamper.com\/en\/#organization","name":"Proes,","url":"https:\/\/p28223.grupoamper.com\/en\/","logo":{"@type":"ImageObject","inLanguage":"en-GB","@id":"https:\/\/p28223.grupoamper.com\/en\/#\/schema\/logo\/image\/","url":"https:\/\/www.proes.es\/wp-content\/uploads\/2023\/05\/Logo-Proes.png","contentUrl":"https:\/\/www.proes.es\/wp-content\/uploads\/2023\/05\/Logo-Proes.png","width":520,"height":140,"caption":"Proes"},"image":{"@id":"https:\/\/p28223.grupoamper.com\/en\/#\/schema\/logo\/image\/"}},{"@type":"Person","@id":"https:\/\/p28223.grupoamper.com\/en\/#\/schema\/person\/36e57a12577f759f8f2836cd8fba1c03","name":"Isabel.Caruana","image":{"@type":"ImageObject","inLanguage":"en-GB","@id":"https:\/\/p28223.grupoamper.com\/en\/#\/schema\/person\/image\/","url":"https:\/\/secure.gravatar.com\/avatar\/4a350cf9d30b1b93d55c0b1fca1bdc4539442248717055d1a3bb3f1d49dff91d?s=96&d=mm&r=g","contentUrl":"https:\/\/secure.gravatar.com\/avatar\/4a350cf9d30b1b93d55c0b1fca1bdc4539442248717055d1a3bb3f1d49dff91d?s=96&d=mm&r=g","caption":"Isabel.Caruana"},"sameAs":["https:\/\/Proes"],"url":"https:\/\/www.proes.es\/en\/author\/isabel-caruana\/"}]}},"_links":{"self":[{"href":"https:\/\/www.proes.es\/en\/wp-json\/wp\/v2\/posts\/44363","targetHints":{"allow":["GET"]}}],"collection":[{"href":"https:\/\/www.proes.es\/en\/wp-json\/wp\/v2\/posts"}],"about":[{"href":"https:\/\/www.proes.es\/en\/wp-json\/wp\/v2\/types\/post"}],"author":[{"embeddable":true,"href":"https:\/\/www.proes.es\/en\/wp-json\/wp\/v2\/users\/14"}],"replies":[{"embeddable":true,"href":"https:\/\/www.proes.es\/en\/wp-json\/wp\/v2\/comments?post=44363"}],"version-history":[{"count":12,"href":"https:\/\/www.proes.es\/en\/wp-json\/wp\/v2\/posts\/44363\/revisions"}],"predecessor-version":[{"id":48748,"href":"https:\/\/www.proes.es\/en\/wp-json\/wp\/v2\/posts\/44363\/revisions\/48748"}],"wp:featuredmedia":[{"embeddable":true,"href":"https:\/\/www.proes.es\/en\/wp-json\/wp\/v2\/media\/30390"}],"wp:attachment":[{"href":"https:\/\/www.proes.es\/en\/wp-json\/wp\/v2\/media?parent=44363"}],"wp:term":[{"taxonomy":"category","embeddable":true,"href":"https:\/\/www.proes.es\/en\/wp-json\/wp\/v2\/categories?post=44363"},{"taxonomy":"post_tag","embeddable":true,"href":"https:\/\/www.proes.es\/en\/wp-json\/wp\/v2\/tags?post=44363"}],"curies":[{"name":"wp","href":"https:\/\/api.w.org\/{rel}","templated":true}]}}