{"id":44471,"date":"2024-01-30T16:20:06","date_gmt":"2024-01-30T15:20:06","guid":{"rendered":"https:\/\/www.proes.es\/?p=44471"},"modified":"2024-07-04T08:55:01","modified_gmt":"2024-07-04T06:55:01","slug":"asistencia-tecnica-al-plan-de-proteccion-del-puerto-de-alicante","status":"publish","type":"post","link":"https:\/\/www.proes.es\/en\/asistencia-tecnica-al-plan-de-proteccion-del-puerto-de-alicante\/","title":{"rendered":"Technical assistance for the Alicante port security plan"},"content":{"rendered":"<div data-elementor-type=\"wp-post\" data-elementor-id=\"44471\" class=\"elementor elementor-44471\" data-elementor-post-type=\"post\">\n\t\t\t\t<div class=\"elementor-element elementor-element-3cdfe8a e-flex e-con-boxed e-con e-parent\" data-id=\"3cdfe8a\" data-element_type=\"container\">\n\t\t\t\t\t<div class=\"e-con-inner\">\n\t\t\t\t<div class=\"elementor-element elementor-element-33d9f86 elementor-widget elementor-widget-image\" data-id=\"33d9f86\" data-element_type=\"widget\" data-widget_type=\"image.default\">\n\t\t\t\t<div class=\"elementor-widget-container\">\n\t\t\t\t\t\t\t\t\t\t\t\t\t\t\t<img fetchpriority=\"high\" decoding=\"async\" width=\"2560\" height=\"1302\" src=\"https:\/\/www.proes.es\/wp-content\/uploads\/2021\/05\/Puerto_de_Alicante_Espana._01-04-2013-scaled.jpg\" class=\"attachment-full size-full wp-image-30397\" alt=\"\" srcset=\"https:\/\/www.proes.es\/wp-content\/uploads\/2021\/05\/Puerto_de_Alicante_Espana._01-04-2013-scaled.jpg 2560w, https:\/\/www.proes.es\/wp-content\/uploads\/2021\/05\/Puerto_de_Alicante_Espana._01-04-2013-300x153.jpg 300w, https:\/\/www.proes.es\/wp-content\/uploads\/2021\/05\/Puerto_de_Alicante_Espana._01-04-2013-1024x521.jpg 1024w, https:\/\/www.proes.es\/wp-content\/uploads\/2021\/05\/Puerto_de_Alicante_Espana._01-04-2013-768x390.jpg 768w, https:\/\/www.proes.es\/wp-content\/uploads\/2021\/05\/Puerto_de_Alicante_Espana._01-04-2013-1536x781.jpg 1536w, https:\/\/www.proes.es\/wp-content\/uploads\/2021\/05\/Puerto_de_Alicante_Espana._01-04-2013-2048x1041.jpg 2048w\" sizes=\"(max-width: 2560px) 100vw, 2560px\" \/>\t\t\t\t\t\t\t\t\t\t\t\t\t\t\t<\/div>\n\t\t\t\t<\/div>\n\t\t\t\t\t<\/div>\n\t\t\t\t<\/div>\n\t\t<div class=\"elementor-element elementor-element-dac5cb7 e-flex e-con-boxed e-con e-parent\" data-id=\"dac5cb7\" data-element_type=\"container\">\n\t\t\t\t\t<div class=\"e-con-inner\">\n\t\t\t\t<div class=\"elementor-element elementor-element-a2134c5 elementor-widget__width-initial elementor-widget elementor-widget-text-editor\" data-id=\"a2134c5\" data-element_type=\"widget\" data-widget_type=\"text-editor.default\">\n\t\t\t\t<div class=\"elementor-widget-container\">\n\t\t\t\t\t\t\t\t\t<p>Recientemente el puerto de Alicante ha experimentado una ampliaci\u00f3n hacia el sur, ganando terreno al mar con la construcci\u00f3n de cuatro muelles, formando as\u00ed una nueva d\u00e1rsena comercial.<\/p><p>La asistencia t\u00e9cnica para la elaboraci\u00f3n del Plan de Protecci\u00f3n del puerto de Alicante ha establecido las medidas f\u00edsicas y procedimentales que se han de implantar para reducir los riesgos que se detectaron en la Evaluaci\u00f3n de la Protecci\u00f3n del puerto realizada anteriormente, donde se analizaron los riesgos antisociales que se pod\u00edan producir en el puerto, identificando las vulnerabilidades existentes en la totalidad del recinto.<\/p><p>\u00a0<\/p><p><span style=\"color: #002f53;\"><strong>Location:<\/strong><\/span>\u00a0puerto de Alicante. Comunidad Valenciana<\/p><p><span style=\"color: #002f53;\"><strong>Date:<\/strong> <\/span>2009<\/p><p><strong><span style=\"color: #002f53;\">Scope of the project:<\/span><\/strong>\u00a0asistencia t\u00e9cnica para la realizaci\u00f3n de la Evaluaci\u00f3n y el Plan de Protecci\u00f3n del puerto de Alicante conforme al R.D. 1617\/2007<\/p>\t\t\t\t\t\t\t\t<\/div>\n\t\t\t\t<\/div>\n\t\t\t\t\t<\/div>\n\t\t\t\t<\/div>\n\t\t\t\t<\/div>","protected":false},"excerpt":{"rendered":"<p>Recientemente el puerto de Alicante ha experimentado una ampliaci\u00f3n hacia el sur, ganando terreno al mar con la construcci\u00f3n de cuatro muelles, formando as\u00ed una nueva d\u00e1rsena comercial. La asistencia t\u00e9cnica para la elaboraci\u00f3n del Plan de Protecci\u00f3n del puerto de Alicante ha establecido las medidas f\u00edsicas y procedimentales que se han de implantar para [&hellip;]<\/p>","protected":false},"author":14,"featured_media":30397,"comment_status":"closed","ping_status":"closed","sticky":false,"template":"","format":"standard","meta":{"footnotes":""},"categories":[76],"tags":[10],"class_list":["post-44471","post","type-post","status-publish","format-standard","has-post-thumbnail","hentry","category-diseno-de-infraestructuras-maritimas","tag-espana"],"yoast_head":"<!-- This site is optimized with the Yoast SEO plugin v26.8 - https:\/\/yoast.com\/product\/yoast-seo-wordpress\/ -->\n<title>Asistencia t\u00e9cnica al plan de protecci\u00f3n del puerto de Alicante - Proes<\/title>\n<meta name=\"robots\" content=\"index, follow, max-snippet:-1, max-image-preview:large, max-video-preview:-1\" \/>\n<link rel=\"canonical\" href=\"https:\/\/p28223.grupoamper.com\/en\/asistencia-tecnica-al-plan-de-proteccion-del-puerto-de-alicante\/\" \/>\n<meta property=\"og:locale\" content=\"en_GB\" \/>\n<meta property=\"og:type\" content=\"article\" \/>\n<meta property=\"og:title\" content=\"Asistencia t\u00e9cnica al plan de protecci\u00f3n del puerto de Alicante - Proes\" \/>\n<meta property=\"og:description\" content=\"Recientemente el puerto de Alicante ha experimentado una ampliaci\u00f3n hacia el sur, ganando terreno al mar con la construcci\u00f3n de cuatro muelles, formando as\u00ed una nueva d\u00e1rsena comercial. La asistencia t\u00e9cnica para la elaboraci\u00f3n del Plan de Protecci\u00f3n del puerto de Alicante ha establecido las medidas f\u00edsicas y procedimentales que se han de implantar para [&hellip;]\" \/>\n<meta property=\"og:url\" content=\"https:\/\/p28223.grupoamper.com\/en\/asistencia-tecnica-al-plan-de-proteccion-del-puerto-de-alicante\/\" \/>\n<meta property=\"og:site_name\" content=\"Proes\" \/>\n<meta property=\"article:published_time\" content=\"2024-01-30T15:20:06+00:00\" \/>\n<meta property=\"article:modified_time\" content=\"2024-07-04T06:55:01+00:00\" \/>\n<meta property=\"og:image\" content=\"https:\/\/p28223.grupoamper.com\/wp-content\/uploads\/2021\/05\/Puerto_de_Alicante_Espana._01-04-2013-scaled.jpg\" \/>\n\t<meta property=\"og:image:width\" content=\"2560\" \/>\n\t<meta property=\"og:image:height\" content=\"1302\" \/>\n\t<meta property=\"og:image:type\" content=\"image\/jpeg\" \/>\n<meta name=\"author\" content=\"Isabel.Caruana\" \/>\n<meta name=\"twitter:card\" content=\"summary_large_image\" \/>\n<meta name=\"twitter:label1\" content=\"Written by\" \/>\n\t<meta name=\"twitter:data1\" content=\"Isabel.Caruana\" \/>\n\t<meta name=\"twitter:label2\" content=\"Estimated reading time\" \/>\n\t<meta name=\"twitter:data2\" content=\"1 minute\" \/>\n<script type=\"application\/ld+json\" class=\"yoast-schema-graph\">{\"@context\":\"https:\/\/schema.org\",\"@graph\":[{\"@type\":\"Article\",\"@id\":\"https:\/\/p28223.grupoamper.com\/en\/asistencia-tecnica-al-plan-de-proteccion-del-puerto-de-alicante\/#article\",\"isPartOf\":{\"@id\":\"https:\/\/p28223.grupoamper.com\/en\/asistencia-tecnica-al-plan-de-proteccion-del-puerto-de-alicante\/\"},\"author\":{\"name\":\"Isabel.Caruana\",\"@id\":\"https:\/\/p28223.grupoamper.com\/en\/#\/schema\/person\/36e57a12577f759f8f2836cd8fba1c03\"},\"headline\":\"Asistencia t\u00e9cnica al plan de protecci\u00f3n del puerto de Alicante\",\"datePublished\":\"2024-01-30T15:20:06+00:00\",\"dateModified\":\"2024-07-04T06:55:01+00:00\",\"mainEntityOfPage\":{\"@id\":\"https:\/\/p28223.grupoamper.com\/en\/asistencia-tecnica-al-plan-de-proteccion-del-puerto-de-alicante\/\"},\"wordCount\":151,\"publisher\":{\"@id\":\"https:\/\/p28223.grupoamper.com\/en\/#organization\"},\"image\":{\"@id\":\"https:\/\/p28223.grupoamper.com\/en\/asistencia-tecnica-al-plan-de-proteccion-del-puerto-de-alicante\/#primaryimage\"},\"thumbnailUrl\":\"https:\/\/www.proes.es\/wp-content\/uploads\/2021\/05\/Puerto_de_Alicante_Espana._01-04-2013-scaled.jpg\",\"keywords\":[\"Espa\u00f1a\"],\"articleSection\":[\"Dise\u00f1o de infraestructuras mar\u00edtimas\"],\"inLanguage\":\"en-GB\"},{\"@type\":\"WebPage\",\"@id\":\"https:\/\/p28223.grupoamper.com\/en\/asistencia-tecnica-al-plan-de-proteccion-del-puerto-de-alicante\/\",\"url\":\"https:\/\/p28223.grupoamper.com\/en\/asistencia-tecnica-al-plan-de-proteccion-del-puerto-de-alicante\/\",\"name\":\"Asistencia t\u00e9cnica al plan de protecci\u00f3n del puerto de Alicante - Proes\",\"isPartOf\":{\"@id\":\"https:\/\/p28223.grupoamper.com\/en\/#website\"},\"primaryImageOfPage\":{\"@id\":\"https:\/\/p28223.grupoamper.com\/en\/asistencia-tecnica-al-plan-de-proteccion-del-puerto-de-alicante\/#primaryimage\"},\"image\":{\"@id\":\"https:\/\/p28223.grupoamper.com\/en\/asistencia-tecnica-al-plan-de-proteccion-del-puerto-de-alicante\/#primaryimage\"},\"thumbnailUrl\":\"https:\/\/www.proes.es\/wp-content\/uploads\/2021\/05\/Puerto_de_Alicante_Espana._01-04-2013-scaled.jpg\",\"datePublished\":\"2024-01-30T15:20:06+00:00\",\"dateModified\":\"2024-07-04T06:55:01+00:00\",\"breadcrumb\":{\"@id\":\"https:\/\/p28223.grupoamper.com\/en\/asistencia-tecnica-al-plan-de-proteccion-del-puerto-de-alicante\/#breadcrumb\"},\"inLanguage\":\"en-GB\",\"potentialAction\":[{\"@type\":\"ReadAction\",\"target\":[\"https:\/\/p28223.grupoamper.com\/en\/asistencia-tecnica-al-plan-de-proteccion-del-puerto-de-alicante\/\"]}]},{\"@type\":\"ImageObject\",\"inLanguage\":\"en-GB\",\"@id\":\"https:\/\/p28223.grupoamper.com\/en\/asistencia-tecnica-al-plan-de-proteccion-del-puerto-de-alicante\/#primaryimage\",\"url\":\"https:\/\/www.proes.es\/wp-content\/uploads\/2021\/05\/Puerto_de_Alicante_Espana._01-04-2013-scaled.jpg\",\"contentUrl\":\"https:\/\/www.proes.es\/wp-content\/uploads\/2021\/05\/Puerto_de_Alicante_Espana._01-04-2013-scaled.jpg\",\"width\":2560,\"height\":1302},{\"@type\":\"BreadcrumbList\",\"@id\":\"https:\/\/p28223.grupoamper.com\/en\/asistencia-tecnica-al-plan-de-proteccion-del-puerto-de-alicante\/#breadcrumb\",\"itemListElement\":[{\"@type\":\"ListItem\",\"position\":1,\"name\":\"Portada\",\"item\":\"https:\/\/p28223.grupoamper.com\/en\/\"},{\"@type\":\"ListItem\",\"position\":2,\"name\":\"Asistencia t\u00e9cnica al plan de protecci\u00f3n del puerto de Alicante\"}]},{\"@type\":\"WebSite\",\"@id\":\"https:\/\/p28223.grupoamper.com\/en\/#website\",\"url\":\"https:\/\/p28223.grupoamper.com\/en\/\",\"name\":\"Proes\",\"description\":\"\",\"publisher\":{\"@id\":\"https:\/\/p28223.grupoamper.com\/en\/#organization\"},\"potentialAction\":[{\"@type\":\"SearchAction\",\"target\":{\"@type\":\"EntryPoint\",\"urlTemplate\":\"https:\/\/p28223.grupoamper.com\/en\/?s={search_term_string}\"},\"query-input\":{\"@type\":\"PropertyValueSpecification\",\"valueRequired\":true,\"valueName\":\"search_term_string\"}}],\"inLanguage\":\"en-GB\"},{\"@type\":\"Organization\",\"@id\":\"https:\/\/p28223.grupoamper.com\/en\/#organization\",\"name\":\"Proes\",\"url\":\"https:\/\/p28223.grupoamper.com\/en\/\",\"logo\":{\"@type\":\"ImageObject\",\"inLanguage\":\"en-GB\",\"@id\":\"https:\/\/p28223.grupoamper.com\/en\/#\/schema\/logo\/image\/\",\"url\":\"https:\/\/www.proes.es\/wp-content\/uploads\/2023\/05\/Logo-Proes.png\",\"contentUrl\":\"https:\/\/www.proes.es\/wp-content\/uploads\/2023\/05\/Logo-Proes.png\",\"width\":520,\"height\":140,\"caption\":\"Proes\"},\"image\":{\"@id\":\"https:\/\/p28223.grupoamper.com\/en\/#\/schema\/logo\/image\/\"}},{\"@type\":\"Person\",\"@id\":\"https:\/\/p28223.grupoamper.com\/en\/#\/schema\/person\/36e57a12577f759f8f2836cd8fba1c03\",\"name\":\"Isabel.Caruana\",\"image\":{\"@type\":\"ImageObject\",\"inLanguage\":\"en-GB\",\"@id\":\"https:\/\/p28223.grupoamper.com\/en\/#\/schema\/person\/image\/\",\"url\":\"https:\/\/secure.gravatar.com\/avatar\/4a350cf9d30b1b93d55c0b1fca1bdc4539442248717055d1a3bb3f1d49dff91d?s=96&d=mm&r=g\",\"contentUrl\":\"https:\/\/secure.gravatar.com\/avatar\/4a350cf9d30b1b93d55c0b1fca1bdc4539442248717055d1a3bb3f1d49dff91d?s=96&d=mm&r=g\",\"caption\":\"Isabel.Caruana\"},\"sameAs\":[\"https:\/\/Proes\"],\"url\":\"https:\/\/www.proes.es\/en\/author\/isabel-caruana\/\"}]}<\/script>\n<!-- \/ Yoast SEO plugin. -->","yoast_head_json":{"title":"Asistencia t\u00e9cnica al plan de protecci\u00f3n del puerto de Alicante - Proes","robots":{"index":"index","follow":"follow","max-snippet":"max-snippet:-1","max-image-preview":"max-image-preview:large","max-video-preview":"max-video-preview:-1"},"canonical":"https:\/\/p28223.grupoamper.com\/en\/asistencia-tecnica-al-plan-de-proteccion-del-puerto-de-alicante\/","og_locale":"en_GB","og_type":"article","og_title":"Asistencia t\u00e9cnica al plan de protecci\u00f3n del puerto de Alicante - Proes","og_description":"Recientemente el puerto de Alicante ha experimentado una ampliaci\u00f3n hacia el sur, ganando terreno al mar con la construcci\u00f3n de cuatro muelles, formando as\u00ed una nueva d\u00e1rsena comercial. La asistencia t\u00e9cnica para la elaboraci\u00f3n del Plan de Protecci\u00f3n del puerto de Alicante ha establecido las medidas f\u00edsicas y procedimentales que se han de implantar para [&hellip;]","og_url":"https:\/\/p28223.grupoamper.com\/en\/asistencia-tecnica-al-plan-de-proteccion-del-puerto-de-alicante\/","og_site_name":"Proes","article_published_time":"2024-01-30T15:20:06+00:00","article_modified_time":"2024-07-04T06:55:01+00:00","og_image":[{"width":2560,"height":1302,"url":"https:\/\/p28223.grupoamper.com\/wp-content\/uploads\/2021\/05\/Puerto_de_Alicante_Espana._01-04-2013-scaled.jpg","type":"image\/jpeg"}],"author":"Isabel.Caruana","twitter_card":"summary_large_image","twitter_misc":{"Written by":"Isabel.Caruana","Estimated reading time":"1 minute"},"schema":{"@context":"https:\/\/schema.org","@graph":[{"@type":"Article","@id":"https:\/\/p28223.grupoamper.com\/en\/asistencia-tecnica-al-plan-de-proteccion-del-puerto-de-alicante\/#article","isPartOf":{"@id":"https:\/\/p28223.grupoamper.com\/en\/asistencia-tecnica-al-plan-de-proteccion-del-puerto-de-alicante\/"},"author":{"name":"Isabel.Caruana","@id":"https:\/\/p28223.grupoamper.com\/en\/#\/schema\/person\/36e57a12577f759f8f2836cd8fba1c03"},"headline":"Asistencia t\u00e9cnica al plan de protecci\u00f3n del puerto de Alicante","datePublished":"2024-01-30T15:20:06+00:00","dateModified":"2024-07-04T06:55:01+00:00","mainEntityOfPage":{"@id":"https:\/\/p28223.grupoamper.com\/en\/asistencia-tecnica-al-plan-de-proteccion-del-puerto-de-alicante\/"},"wordCount":151,"publisher":{"@id":"https:\/\/p28223.grupoamper.com\/en\/#organization"},"image":{"@id":"https:\/\/p28223.grupoamper.com\/en\/asistencia-tecnica-al-plan-de-proteccion-del-puerto-de-alicante\/#primaryimage"},"thumbnailUrl":"https:\/\/www.proes.es\/wp-content\/uploads\/2021\/05\/Puerto_de_Alicante_Espana._01-04-2013-scaled.jpg","keywords":["Espa\u00f1a"],"articleSection":["Dise\u00f1o de infraestructuras mar\u00edtimas"],"inLanguage":"en-GB"},{"@type":"WebPage","@id":"https:\/\/p28223.grupoamper.com\/en\/asistencia-tecnica-al-plan-de-proteccion-del-puerto-de-alicante\/","url":"https:\/\/p28223.grupoamper.com\/en\/asistencia-tecnica-al-plan-de-proteccion-del-puerto-de-alicante\/","name":"Asistencia t\u00e9cnica al plan de protecci\u00f3n del puerto de Alicante - Proes","isPartOf":{"@id":"https:\/\/p28223.grupoamper.com\/en\/#website"},"primaryImageOfPage":{"@id":"https:\/\/p28223.grupoamper.com\/en\/asistencia-tecnica-al-plan-de-proteccion-del-puerto-de-alicante\/#primaryimage"},"image":{"@id":"https:\/\/p28223.grupoamper.com\/en\/asistencia-tecnica-al-plan-de-proteccion-del-puerto-de-alicante\/#primaryimage"},"thumbnailUrl":"https:\/\/www.proes.es\/wp-content\/uploads\/2021\/05\/Puerto_de_Alicante_Espana._01-04-2013-scaled.jpg","datePublished":"2024-01-30T15:20:06+00:00","dateModified":"2024-07-04T06:55:01+00:00","breadcrumb":{"@id":"https:\/\/p28223.grupoamper.com\/en\/asistencia-tecnica-al-plan-de-proteccion-del-puerto-de-alicante\/#breadcrumb"},"inLanguage":"en-GB","potentialAction":[{"@type":"ReadAction","target":["https:\/\/p28223.grupoamper.com\/en\/asistencia-tecnica-al-plan-de-proteccion-del-puerto-de-alicante\/"]}]},{"@type":"ImageObject","inLanguage":"en-GB","@id":"https:\/\/p28223.grupoamper.com\/en\/asistencia-tecnica-al-plan-de-proteccion-del-puerto-de-alicante\/#primaryimage","url":"https:\/\/www.proes.es\/wp-content\/uploads\/2021\/05\/Puerto_de_Alicante_Espana._01-04-2013-scaled.jpg","contentUrl":"https:\/\/www.proes.es\/wp-content\/uploads\/2021\/05\/Puerto_de_Alicante_Espana._01-04-2013-scaled.jpg","width":2560,"height":1302},{"@type":"BreadcrumbList","@id":"https:\/\/p28223.grupoamper.com\/en\/asistencia-tecnica-al-plan-de-proteccion-del-puerto-de-alicante\/#breadcrumb","itemListElement":[{"@type":"ListItem","position":1,"name":"Portada","item":"https:\/\/p28223.grupoamper.com\/en\/"},{"@type":"ListItem","position":2,"name":"Asistencia t\u00e9cnica al plan de protecci\u00f3n del puerto de Alicante"}]},{"@type":"WebSite","@id":"https:\/\/p28223.grupoamper.com\/en\/#website","url":"https:\/\/p28223.grupoamper.com\/en\/","name":"Proes,","description":"","publisher":{"@id":"https:\/\/p28223.grupoamper.com\/en\/#organization"},"potentialAction":[{"@type":"SearchAction","target":{"@type":"EntryPoint","urlTemplate":"https:\/\/p28223.grupoamper.com\/en\/?s={search_term_string}"},"query-input":{"@type":"PropertyValueSpecification","valueRequired":true,"valueName":"search_term_string"}}],"inLanguage":"en-GB"},{"@type":"Organization","@id":"https:\/\/p28223.grupoamper.com\/en\/#organization","name":"Proes,","url":"https:\/\/p28223.grupoamper.com\/en\/","logo":{"@type":"ImageObject","inLanguage":"en-GB","@id":"https:\/\/p28223.grupoamper.com\/en\/#\/schema\/logo\/image\/","url":"https:\/\/www.proes.es\/wp-content\/uploads\/2023\/05\/Logo-Proes.png","contentUrl":"https:\/\/www.proes.es\/wp-content\/uploads\/2023\/05\/Logo-Proes.png","width":520,"height":140,"caption":"Proes"},"image":{"@id":"https:\/\/p28223.grupoamper.com\/en\/#\/schema\/logo\/image\/"}},{"@type":"Person","@id":"https:\/\/p28223.grupoamper.com\/en\/#\/schema\/person\/36e57a12577f759f8f2836cd8fba1c03","name":"Isabel.Caruana","image":{"@type":"ImageObject","inLanguage":"en-GB","@id":"https:\/\/p28223.grupoamper.com\/en\/#\/schema\/person\/image\/","url":"https:\/\/secure.gravatar.com\/avatar\/4a350cf9d30b1b93d55c0b1fca1bdc4539442248717055d1a3bb3f1d49dff91d?s=96&d=mm&r=g","contentUrl":"https:\/\/secure.gravatar.com\/avatar\/4a350cf9d30b1b93d55c0b1fca1bdc4539442248717055d1a3bb3f1d49dff91d?s=96&d=mm&r=g","caption":"Isabel.Caruana"},"sameAs":["https:\/\/Proes"],"url":"https:\/\/www.proes.es\/en\/author\/isabel-caruana\/"}]}},"_links":{"self":[{"href":"https:\/\/www.proes.es\/en\/wp-json\/wp\/v2\/posts\/44471","targetHints":{"allow":["GET"]}}],"collection":[{"href":"https:\/\/www.proes.es\/en\/wp-json\/wp\/v2\/posts"}],"about":[{"href":"https:\/\/www.proes.es\/en\/wp-json\/wp\/v2\/types\/post"}],"author":[{"embeddable":true,"href":"https:\/\/www.proes.es\/en\/wp-json\/wp\/v2\/users\/14"}],"replies":[{"embeddable":true,"href":"https:\/\/www.proes.es\/en\/wp-json\/wp\/v2\/comments?post=44471"}],"version-history":[{"count":12,"href":"https:\/\/www.proes.es\/en\/wp-json\/wp\/v2\/posts\/44471\/revisions"}],"predecessor-version":[{"id":48827,"href":"https:\/\/www.proes.es\/en\/wp-json\/wp\/v2\/posts\/44471\/revisions\/48827"}],"wp:featuredmedia":[{"embeddable":true,"href":"https:\/\/www.proes.es\/en\/wp-json\/wp\/v2\/media\/30397"}],"wp:attachment":[{"href":"https:\/\/www.proes.es\/en\/wp-json\/wp\/v2\/media?parent=44471"}],"wp:term":[{"taxonomy":"category","embeddable":true,"href":"https:\/\/www.proes.es\/en\/wp-json\/wp\/v2\/categories?post=44471"},{"taxonomy":"post_tag","embeddable":true,"href":"https:\/\/www.proes.es\/en\/wp-json\/wp\/v2\/tags?post=44471"}],"curies":[{"name":"wp","href":"https:\/\/api.w.org\/{rel}","templated":true}]}}