{"id":44513,"date":"2024-01-31T10:01:59","date_gmt":"2024-01-31T09:01:59","guid":{"rendered":"https:\/\/www.proes.es\/?p=44513"},"modified":"2025-06-03T10:44:29","modified_gmt":"2025-06-03T08:44:29","slug":"proyecto-y-asistencia-tecnica-a-la-construccion-del-intercambiador-de-transportes-de-plaza-de-castilla-madrid","status":"publish","type":"post","link":"https:\/\/www.proes.es\/en\/proyecto-y-asistencia-tecnica-a-la-construccion-del-intercambiador-de-transportes-de-plaza-de-castilla-madrid\/","title":{"rendered":"Design and technical assistance for the construction of the Plaza de Castilla transport interchange, Madrid"},"content":{"rendered":"<div data-elementor-type=\"wp-post\" data-elementor-id=\"44513\" class=\"elementor elementor-44513\" data-elementor-post-type=\"post\">\n\t\t\t\t<div class=\"elementor-element elementor-element-3cdfe8a e-flex e-con-boxed e-con e-parent\" data-id=\"3cdfe8a\" data-element_type=\"container\">\n\t\t\t\t\t<div class=\"e-con-inner\">\n\t\t\t\t<div class=\"elementor-element elementor-element-33d9f86 elementor-widget elementor-widget-image\" data-id=\"33d9f86\" data-element_type=\"widget\" data-widget_type=\"image.default\">\n\t\t\t\t<div class=\"elementor-widget-container\">\n\t\t\t\t\t\t\t\t\t\t\t\t\t\t\t<img fetchpriority=\"high\" decoding=\"async\" width=\"800\" height=\"460\" src=\"https:\/\/195.55.65.51\/wp-content\/uploads\/2020\/05\/at20a20la20construcciC3B3n20del20intercambiador20de20transportes20de20plaza20de20castilla.jpg\" class=\"attachment-full size-full wp-image-29959\" alt=\"\" srcset=\"https:\/\/195.55.65.51\/wp-content\/uploads\/2020\/05\/at20a20la20construcciC3B3n20del20intercambiador20de20transportes20de20plaza20de20castilla.jpg 800w, https:\/\/195.55.65.51\/wp-content\/uploads\/2020\/05\/at20a20la20construcciC3B3n20del20intercambiador20de20transportes20de20plaza20de20castilla-300x173.jpg 300w, https:\/\/195.55.65.51\/wp-content\/uploads\/2020\/05\/at20a20la20construcciC3B3n20del20intercambiador20de20transportes20de20plaza20de20castilla-768x442.jpg 768w\" sizes=\"(max-width: 800px) 100vw, 800px\" \/>\t\t\t\t\t\t\t\t\t\t\t\t\t\t\t<\/div>\n\t\t\t\t<\/div>\n\t\t\t\t\t<\/div>\n\t\t\t\t<\/div>\n\t\t<div class=\"elementor-element elementor-element-d37ad5a e-flex e-con-boxed e-con e-parent\" data-id=\"d37ad5a\" data-element_type=\"container\">\n\t\t\t\t\t<div class=\"e-con-inner\">\n\t\t<div class=\"elementor-element elementor-element-d49d1e0 e-con-full e-flex e-con e-child\" data-id=\"d49d1e0\" data-element_type=\"container\">\n\t\t\t\t<div class=\"elementor-element elementor-element-38c1739 elementor-widget elementor-widget-text-editor\" data-id=\"38c1739\" data-element_type=\"widget\" data-widget_type=\"text-editor.default\">\n\t\t\t\t<div class=\"elementor-widget-container\">\n\t\t\t\t\t\t\t\t\t<p style=\"text-align: center;\">102 M\u20ac<\/p>\t\t\t\t\t\t\t\t<\/div>\n\t\t\t\t<\/div>\n\t\t\t\t<div class=\"elementor-element elementor-element-2ae89aa elementor-widget-divider--view-line elementor-widget elementor-widget-divider\" data-id=\"2ae89aa\" data-element_type=\"widget\" data-widget_type=\"divider.default\">\n\t\t\t\t<div class=\"elementor-widget-container\">\n\t\t\t\t\t\t\t<div class=\"elementor-divider\">\n\t\t\t<span class=\"elementor-divider-separator\">\n\t\t\t\t\t\t<\/span>\n\t\t<\/div>\n\t\t\t\t\t\t<\/div>\n\t\t\t\t<\/div>\n\t\t\t\t<div class=\"elementor-element elementor-element-facb681 elementor-widget elementor-widget-text-editor\" data-id=\"facb681\" data-element_type=\"widget\" data-widget_type=\"text-editor.default\">\n\t\t\t\t<div class=\"elementor-widget-container\">\n\t\t\t\t\t\t\t\t\t<p>Budget&nbsp;<\/p>\t\t\t\t\t\t\t\t<\/div>\n\t\t\t\t<\/div>\n\t\t\t\t<\/div>\n\t\t<div class=\"elementor-element elementor-element-2f9e185 e-con-full e-flex e-con e-child\" data-id=\"2f9e185\" data-element_type=\"container\">\n\t\t\t\t<div class=\"elementor-element elementor-element-5021c4d elementor-widget elementor-widget-text-editor\" data-id=\"5021c4d\" data-element_type=\"widget\" data-widget_type=\"text-editor.default\">\n\t\t\t\t<div class=\"elementor-widget-container\">\n\t\t\t\t\t\t\t\t\t<p style=\"text-align: center;\">270.000\u00a0<\/p>\t\t\t\t\t\t\t\t<\/div>\n\t\t\t\t<\/div>\n\t\t\t\t<div class=\"elementor-element elementor-element-0f3f9ce elementor-widget-divider--view-line elementor-widget elementor-widget-divider\" data-id=\"0f3f9ce\" data-element_type=\"widget\" data-widget_type=\"divider.default\">\n\t\t\t\t<div class=\"elementor-widget-container\">\n\t\t\t\t\t\t\t<div class=\"elementor-divider\">\n\t\t\t<span class=\"elementor-divider-separator\">\n\t\t\t\t\t\t<\/span>\n\t\t<\/div>\n\t\t\t\t\t\t<\/div>\n\t\t\t\t<\/div>\n\t\t\t\t<div class=\"elementor-element elementor-element-e69e077 elementor-widget elementor-widget-text-editor\" data-id=\"e69e077\" data-element_type=\"widget\" data-widget_type=\"text-editor.default\">\n\t\t\t\t<div class=\"elementor-widget-container\">\n\t\t\t\t\t\t\t\t\t<p>viajeros diarios<\/p>\t\t\t\t\t\t\t\t<\/div>\n\t\t\t\t<\/div>\n\t\t\t\t<\/div>\n\t\t\t\t\t<\/div>\n\t\t\t\t<\/div>\n\t\t<div class=\"elementor-element elementor-element-dac5cb7 e-flex e-con-boxed e-con e-parent\" data-id=\"dac5cb7\" data-element_type=\"container\">\n\t\t\t\t\t<div class=\"e-con-inner\">\n\t\t\t\t<div class=\"elementor-element elementor-element-a2134c5 elementor-widget__width-initial elementor-widget elementor-widget-text-editor\" data-id=\"a2134c5\" data-element_type=\"widget\" data-widget_type=\"text-editor.default\">\n\t\t\t\t<div class=\"elementor-widget-container\">\n\t\t\t\t\t\t\t\t\t<p>El intercambiador subterr\u00e1neo de plaza de Castilla acoge 25 l\u00edneas de la EMT y 55 interurbanas, y mueve en torno a 245.000 viajeros diarios, junto con la red de metro. Est\u00e1 organizado en tres niveles, los niveles -1 y -3 para autobuses, y el -2, para la conexi\u00f3n con las l\u00edneas 1, 9 y 10 de la red de metro.<\/p><p>Los trabajos consisten en proporcionar apoyo a la empresa contratista en materia de c\u00e1lculos estructurales, emitiendo informes t\u00e9cnicos sobre el proceso constructivo, as\u00ed como los rec\u00e1lculos necesarios, incluyendo la redacci\u00f3n de proyectos constructivos de elementos no contemplados en proyecto.<\/p><p>\u00a0<\/p><p><span style=\"color: #002f53;\"><strong>Location:<\/strong><\/span>\u00a0plaza de Castilla. Madrid<\/p><p><span style=\"color: #002f53;\"><strong>Date:<\/strong><\/span> 2006-2008<\/p><p><span style=\"color: #002f53;\"><strong>Scope of the project:<\/strong>\u00a0<\/span>c\u00e1lculo de estructuras y asistencia t\u00e9cnica<\/p><p><span style=\"color: #002f53;\"><strong>Significant data:<\/strong><\/span>\u00a0pantalla de pilotes<\/p>\t\t\t\t\t\t\t\t<\/div>\n\t\t\t\t<\/div>\n\t\t\t\t\t<\/div>\n\t\t\t\t<\/div>\n\t\t\t\t<\/div>","protected":false},"excerpt":{"rendered":"<p>102 M\u20ac PEM&nbsp; 270.000\u00a0 viajeros diarios El intercambiador subterr\u00e1neo de plaza de Castilla acoge 25 l\u00edneas de la EMT y 55 interurbanas, y mueve en torno a 245.000 viajeros diarios, junto con la red de metro. Est\u00e1 organizado en tres niveles, los niveles -1 y -3 para autobuses, y el -2, para la conexi\u00f3n con [&hellip;]<\/p>","protected":false},"author":14,"featured_media":30394,"comment_status":"closed","ping_status":"closed","sticky":false,"template":"","format":"standard","meta":{"footnotes":""},"categories":[69],"tags":[10],"class_list":["post-44513","post","type-post","status-publish","format-standard","has-post-thumbnail","hentry","category-edificacion","tag-espana"],"yoast_head":"<!-- This site is optimized with the Yoast SEO plugin v26.8 - https:\/\/yoast.com\/product\/yoast-seo-wordpress\/ -->\n<title>Proyecto y asistencia t\u00e9cnica a la construcci\u00f3n del intercambiador de transportes de plaza de Castilla, Madrid - Proes<\/title>\n<meta name=\"robots\" content=\"index, follow, max-snippet:-1, max-image-preview:large, max-video-preview:-1\" \/>\n<link rel=\"canonical\" href=\"https:\/\/p28223.grupoamper.com\/en\/proyecto-y-asistencia-tecnica-a-la-construccion-del-intercambiador-de-transportes-de-plaza-de-castilla-madrid\/\" \/>\n<meta property=\"og:locale\" content=\"en_GB\" \/>\n<meta property=\"og:type\" content=\"article\" \/>\n<meta property=\"og:title\" content=\"Proyecto y asistencia t\u00e9cnica a la construcci\u00f3n del intercambiador de transportes de plaza de Castilla, Madrid - Proes\" \/>\n<meta property=\"og:description\" content=\"102 M\u20ac PEM&nbsp; 270.000\u00a0 viajeros diarios El intercambiador subterr\u00e1neo de plaza de Castilla acoge 25 l\u00edneas de la EMT y 55 interurbanas, y mueve en torno a 245.000 viajeros diarios, junto con la red de metro. Est\u00e1 organizado en tres niveles, los niveles -1 y -3 para autobuses, y el -2, para la conexi\u00f3n con [&hellip;]\" \/>\n<meta property=\"og:url\" content=\"https:\/\/p28223.grupoamper.com\/en\/proyecto-y-asistencia-tecnica-a-la-construccion-del-intercambiador-de-transportes-de-plaza-de-castilla-madrid\/\" \/>\n<meta property=\"og:site_name\" content=\"Proes\" \/>\n<meta property=\"article:published_time\" content=\"2024-01-31T09:01:59+00:00\" \/>\n<meta property=\"article:modified_time\" content=\"2025-06-03T08:44:29+00:00\" \/>\n<meta property=\"og:image\" content=\"https:\/\/p28223.grupoamper.com\/wp-content\/uploads\/2021\/05\/Plaza-de-castilla-ATTerrestres-scaled.jpg\" \/>\n\t<meta property=\"og:image:width\" content=\"2560\" \/>\n\t<meta property=\"og:image:height\" content=\"1920\" \/>\n\t<meta property=\"og:image:type\" content=\"image\/jpeg\" \/>\n<meta name=\"author\" content=\"Isabel.Caruana\" \/>\n<meta name=\"twitter:card\" content=\"summary_large_image\" \/>\n<meta name=\"twitter:label1\" content=\"Written by\" \/>\n\t<meta name=\"twitter:data1\" content=\"Isabel.Caruana\" \/>\n\t<meta name=\"twitter:label2\" content=\"Estimated reading time\" \/>\n\t<meta name=\"twitter:data2\" content=\"1 minute\" \/>\n<script type=\"application\/ld+json\" class=\"yoast-schema-graph\">{\"@context\":\"https:\/\/schema.org\",\"@graph\":[{\"@type\":\"Article\",\"@id\":\"https:\/\/p28223.grupoamper.com\/en\/proyecto-y-asistencia-tecnica-a-la-construccion-del-intercambiador-de-transportes-de-plaza-de-castilla-madrid\/#article\",\"isPartOf\":{\"@id\":\"https:\/\/p28223.grupoamper.com\/en\/proyecto-y-asistencia-tecnica-a-la-construccion-del-intercambiador-de-transportes-de-plaza-de-castilla-madrid\/\"},\"author\":{\"name\":\"Isabel.Caruana\",\"@id\":\"https:\/\/p28223.grupoamper.com\/en\/#\/schema\/person\/36e57a12577f759f8f2836cd8fba1c03\"},\"headline\":\"Proyecto y asistencia t\u00e9cnica a la construcci\u00f3n del intercambiador de transportes de plaza de Castilla, Madrid\",\"datePublished\":\"2024-01-31T09:01:59+00:00\",\"dateModified\":\"2025-06-03T08:44:29+00:00\",\"mainEntityOfPage\":{\"@id\":\"https:\/\/p28223.grupoamper.com\/en\/proyecto-y-asistencia-tecnica-a-la-construccion-del-intercambiador-de-transportes-de-plaza-de-castilla-madrid\/\"},\"wordCount\":148,\"publisher\":{\"@id\":\"https:\/\/p28223.grupoamper.com\/en\/#organization\"},\"image\":{\"@id\":\"https:\/\/p28223.grupoamper.com\/en\/proyecto-y-asistencia-tecnica-a-la-construccion-del-intercambiador-de-transportes-de-plaza-de-castilla-madrid\/#primaryimage\"},\"thumbnailUrl\":\"https:\/\/www.proes.es\/wp-content\/uploads\/2021\/05\/Plaza-de-castilla-ATTerrestres-scaled.jpg\",\"keywords\":[\"Espa\u00f1a\"],\"articleSection\":[\"Edificaci\u00f3n\"],\"inLanguage\":\"en-GB\"},{\"@type\":\"WebPage\",\"@id\":\"https:\/\/p28223.grupoamper.com\/en\/proyecto-y-asistencia-tecnica-a-la-construccion-del-intercambiador-de-transportes-de-plaza-de-castilla-madrid\/\",\"url\":\"https:\/\/p28223.grupoamper.com\/en\/proyecto-y-asistencia-tecnica-a-la-construccion-del-intercambiador-de-transportes-de-plaza-de-castilla-madrid\/\",\"name\":\"Proyecto y asistencia t\u00e9cnica a la construcci\u00f3n del intercambiador de transportes de plaza de Castilla, Madrid - Proes\",\"isPartOf\":{\"@id\":\"https:\/\/p28223.grupoamper.com\/en\/#website\"},\"primaryImageOfPage\":{\"@id\":\"https:\/\/p28223.grupoamper.com\/en\/proyecto-y-asistencia-tecnica-a-la-construccion-del-intercambiador-de-transportes-de-plaza-de-castilla-madrid\/#primaryimage\"},\"image\":{\"@id\":\"https:\/\/p28223.grupoamper.com\/en\/proyecto-y-asistencia-tecnica-a-la-construccion-del-intercambiador-de-transportes-de-plaza-de-castilla-madrid\/#primaryimage\"},\"thumbnailUrl\":\"https:\/\/www.proes.es\/wp-content\/uploads\/2021\/05\/Plaza-de-castilla-ATTerrestres-scaled.jpg\",\"datePublished\":\"2024-01-31T09:01:59+00:00\",\"dateModified\":\"2025-06-03T08:44:29+00:00\",\"breadcrumb\":{\"@id\":\"https:\/\/p28223.grupoamper.com\/en\/proyecto-y-asistencia-tecnica-a-la-construccion-del-intercambiador-de-transportes-de-plaza-de-castilla-madrid\/#breadcrumb\"},\"inLanguage\":\"en-GB\",\"potentialAction\":[{\"@type\":\"ReadAction\",\"target\":[\"https:\/\/p28223.grupoamper.com\/en\/proyecto-y-asistencia-tecnica-a-la-construccion-del-intercambiador-de-transportes-de-plaza-de-castilla-madrid\/\"]}]},{\"@type\":\"ImageObject\",\"inLanguage\":\"en-GB\",\"@id\":\"https:\/\/p28223.grupoamper.com\/en\/proyecto-y-asistencia-tecnica-a-la-construccion-del-intercambiador-de-transportes-de-plaza-de-castilla-madrid\/#primaryimage\",\"url\":\"https:\/\/www.proes.es\/wp-content\/uploads\/2021\/05\/Plaza-de-castilla-ATTerrestres-scaled.jpg\",\"contentUrl\":\"https:\/\/www.proes.es\/wp-content\/uploads\/2021\/05\/Plaza-de-castilla-ATTerrestres-scaled.jpg\",\"width\":2560,\"height\":1920},{\"@type\":\"BreadcrumbList\",\"@id\":\"https:\/\/p28223.grupoamper.com\/en\/proyecto-y-asistencia-tecnica-a-la-construccion-del-intercambiador-de-transportes-de-plaza-de-castilla-madrid\/#breadcrumb\",\"itemListElement\":[{\"@type\":\"ListItem\",\"position\":1,\"name\":\"Portada\",\"item\":\"https:\/\/p28223.grupoamper.com\/en\/\"},{\"@type\":\"ListItem\",\"position\":2,\"name\":\"Proyecto y asistencia t\u00e9cnica a la construcci\u00f3n del intercambiador de transportes de plaza de Castilla, Madrid\"}]},{\"@type\":\"WebSite\",\"@id\":\"https:\/\/p28223.grupoamper.com\/en\/#website\",\"url\":\"https:\/\/p28223.grupoamper.com\/en\/\",\"name\":\"Proes\",\"description\":\"\",\"publisher\":{\"@id\":\"https:\/\/p28223.grupoamper.com\/en\/#organization\"},\"potentialAction\":[{\"@type\":\"SearchAction\",\"target\":{\"@type\":\"EntryPoint\",\"urlTemplate\":\"https:\/\/p28223.grupoamper.com\/en\/?s={search_term_string}\"},\"query-input\":{\"@type\":\"PropertyValueSpecification\",\"valueRequired\":true,\"valueName\":\"search_term_string\"}}],\"inLanguage\":\"en-GB\"},{\"@type\":\"Organization\",\"@id\":\"https:\/\/p28223.grupoamper.com\/en\/#organization\",\"name\":\"Proes\",\"url\":\"https:\/\/p28223.grupoamper.com\/en\/\",\"logo\":{\"@type\":\"ImageObject\",\"inLanguage\":\"en-GB\",\"@id\":\"https:\/\/p28223.grupoamper.com\/en\/#\/schema\/logo\/image\/\",\"url\":\"https:\/\/www.proes.es\/wp-content\/uploads\/2023\/05\/Logo-Proes.png\",\"contentUrl\":\"https:\/\/www.proes.es\/wp-content\/uploads\/2023\/05\/Logo-Proes.png\",\"width\":520,\"height\":140,\"caption\":\"Proes\"},\"image\":{\"@id\":\"https:\/\/p28223.grupoamper.com\/en\/#\/schema\/logo\/image\/\"}},{\"@type\":\"Person\",\"@id\":\"https:\/\/p28223.grupoamper.com\/en\/#\/schema\/person\/36e57a12577f759f8f2836cd8fba1c03\",\"name\":\"Isabel.Caruana\",\"image\":{\"@type\":\"ImageObject\",\"inLanguage\":\"en-GB\",\"@id\":\"https:\/\/p28223.grupoamper.com\/en\/#\/schema\/person\/image\/\",\"url\":\"https:\/\/secure.gravatar.com\/avatar\/4a350cf9d30b1b93d55c0b1fca1bdc4539442248717055d1a3bb3f1d49dff91d?s=96&d=mm&r=g\",\"contentUrl\":\"https:\/\/secure.gravatar.com\/avatar\/4a350cf9d30b1b93d55c0b1fca1bdc4539442248717055d1a3bb3f1d49dff91d?s=96&d=mm&r=g\",\"caption\":\"Isabel.Caruana\"},\"sameAs\":[\"https:\/\/Proes\"],\"url\":\"https:\/\/www.proes.es\/en\/author\/isabel-caruana\/\"}]}<\/script>\n<!-- \/ Yoast SEO plugin. -->","yoast_head_json":{"title":"Proyecto y asistencia t\u00e9cnica a la construcci\u00f3n del intercambiador de transportes de plaza de Castilla, Madrid - Proes","robots":{"index":"index","follow":"follow","max-snippet":"max-snippet:-1","max-image-preview":"max-image-preview:large","max-video-preview":"max-video-preview:-1"},"canonical":"https:\/\/p28223.grupoamper.com\/en\/proyecto-y-asistencia-tecnica-a-la-construccion-del-intercambiador-de-transportes-de-plaza-de-castilla-madrid\/","og_locale":"en_GB","og_type":"article","og_title":"Proyecto y asistencia t\u00e9cnica a la construcci\u00f3n del intercambiador de transportes de plaza de Castilla, Madrid - Proes","og_description":"102 M\u20ac PEM&nbsp; 270.000\u00a0 viajeros diarios El intercambiador subterr\u00e1neo de plaza de Castilla acoge 25 l\u00edneas de la EMT y 55 interurbanas, y mueve en torno a 245.000 viajeros diarios, junto con la red de metro. Est\u00e1 organizado en tres niveles, los niveles -1 y -3 para autobuses, y el -2, para la conexi\u00f3n con [&hellip;]","og_url":"https:\/\/p28223.grupoamper.com\/en\/proyecto-y-asistencia-tecnica-a-la-construccion-del-intercambiador-de-transportes-de-plaza-de-castilla-madrid\/","og_site_name":"Proes","article_published_time":"2024-01-31T09:01:59+00:00","article_modified_time":"2025-06-03T08:44:29+00:00","og_image":[{"width":2560,"height":1920,"url":"https:\/\/p28223.grupoamper.com\/wp-content\/uploads\/2021\/05\/Plaza-de-castilla-ATTerrestres-scaled.jpg","type":"image\/jpeg"}],"author":"Isabel.Caruana","twitter_card":"summary_large_image","twitter_misc":{"Written by":"Isabel.Caruana","Estimated reading time":"1 minute"},"schema":{"@context":"https:\/\/schema.org","@graph":[{"@type":"Article","@id":"https:\/\/p28223.grupoamper.com\/en\/proyecto-y-asistencia-tecnica-a-la-construccion-del-intercambiador-de-transportes-de-plaza-de-castilla-madrid\/#article","isPartOf":{"@id":"https:\/\/p28223.grupoamper.com\/en\/proyecto-y-asistencia-tecnica-a-la-construccion-del-intercambiador-de-transportes-de-plaza-de-castilla-madrid\/"},"author":{"name":"Isabel.Caruana","@id":"https:\/\/p28223.grupoamper.com\/en\/#\/schema\/person\/36e57a12577f759f8f2836cd8fba1c03"},"headline":"Proyecto y asistencia t\u00e9cnica a la construcci\u00f3n del intercambiador de transportes de plaza de Castilla, Madrid","datePublished":"2024-01-31T09:01:59+00:00","dateModified":"2025-06-03T08:44:29+00:00","mainEntityOfPage":{"@id":"https:\/\/p28223.grupoamper.com\/en\/proyecto-y-asistencia-tecnica-a-la-construccion-del-intercambiador-de-transportes-de-plaza-de-castilla-madrid\/"},"wordCount":148,"publisher":{"@id":"https:\/\/p28223.grupoamper.com\/en\/#organization"},"image":{"@id":"https:\/\/p28223.grupoamper.com\/en\/proyecto-y-asistencia-tecnica-a-la-construccion-del-intercambiador-de-transportes-de-plaza-de-castilla-madrid\/#primaryimage"},"thumbnailUrl":"https:\/\/www.proes.es\/wp-content\/uploads\/2021\/05\/Plaza-de-castilla-ATTerrestres-scaled.jpg","keywords":["Espa\u00f1a"],"articleSection":["Edificaci\u00f3n"],"inLanguage":"en-GB"},{"@type":"WebPage","@id":"https:\/\/p28223.grupoamper.com\/en\/proyecto-y-asistencia-tecnica-a-la-construccion-del-intercambiador-de-transportes-de-plaza-de-castilla-madrid\/","url":"https:\/\/p28223.grupoamper.com\/en\/proyecto-y-asistencia-tecnica-a-la-construccion-del-intercambiador-de-transportes-de-plaza-de-castilla-madrid\/","name":"Proyecto y asistencia t\u00e9cnica a la construcci\u00f3n del intercambiador de transportes de plaza de Castilla, Madrid - Proes","isPartOf":{"@id":"https:\/\/p28223.grupoamper.com\/en\/#website"},"primaryImageOfPage":{"@id":"https:\/\/p28223.grupoamper.com\/en\/proyecto-y-asistencia-tecnica-a-la-construccion-del-intercambiador-de-transportes-de-plaza-de-castilla-madrid\/#primaryimage"},"image":{"@id":"https:\/\/p28223.grupoamper.com\/en\/proyecto-y-asistencia-tecnica-a-la-construccion-del-intercambiador-de-transportes-de-plaza-de-castilla-madrid\/#primaryimage"},"thumbnailUrl":"https:\/\/www.proes.es\/wp-content\/uploads\/2021\/05\/Plaza-de-castilla-ATTerrestres-scaled.jpg","datePublished":"2024-01-31T09:01:59+00:00","dateModified":"2025-06-03T08:44:29+00:00","breadcrumb":{"@id":"https:\/\/p28223.grupoamper.com\/en\/proyecto-y-asistencia-tecnica-a-la-construccion-del-intercambiador-de-transportes-de-plaza-de-castilla-madrid\/#breadcrumb"},"inLanguage":"en-GB","potentialAction":[{"@type":"ReadAction","target":["https:\/\/p28223.grupoamper.com\/en\/proyecto-y-asistencia-tecnica-a-la-construccion-del-intercambiador-de-transportes-de-plaza-de-castilla-madrid\/"]}]},{"@type":"ImageObject","inLanguage":"en-GB","@id":"https:\/\/p28223.grupoamper.com\/en\/proyecto-y-asistencia-tecnica-a-la-construccion-del-intercambiador-de-transportes-de-plaza-de-castilla-madrid\/#primaryimage","url":"https:\/\/www.proes.es\/wp-content\/uploads\/2021\/05\/Plaza-de-castilla-ATTerrestres-scaled.jpg","contentUrl":"https:\/\/www.proes.es\/wp-content\/uploads\/2021\/05\/Plaza-de-castilla-ATTerrestres-scaled.jpg","width":2560,"height":1920},{"@type":"BreadcrumbList","@id":"https:\/\/p28223.grupoamper.com\/en\/proyecto-y-asistencia-tecnica-a-la-construccion-del-intercambiador-de-transportes-de-plaza-de-castilla-madrid\/#breadcrumb","itemListElement":[{"@type":"ListItem","position":1,"name":"Portada","item":"https:\/\/p28223.grupoamper.com\/en\/"},{"@type":"ListItem","position":2,"name":"Proyecto y asistencia t\u00e9cnica a la construcci\u00f3n del intercambiador de transportes de plaza de Castilla, Madrid"}]},{"@type":"WebSite","@id":"https:\/\/p28223.grupoamper.com\/en\/#website","url":"https:\/\/p28223.grupoamper.com\/en\/","name":"Proes,","description":"","publisher":{"@id":"https:\/\/p28223.grupoamper.com\/en\/#organization"},"potentialAction":[{"@type":"SearchAction","target":{"@type":"EntryPoint","urlTemplate":"https:\/\/p28223.grupoamper.com\/en\/?s={search_term_string}"},"query-input":{"@type":"PropertyValueSpecification","valueRequired":true,"valueName":"search_term_string"}}],"inLanguage":"en-GB"},{"@type":"Organization","@id":"https:\/\/p28223.grupoamper.com\/en\/#organization","name":"Proes,","url":"https:\/\/p28223.grupoamper.com\/en\/","logo":{"@type":"ImageObject","inLanguage":"en-GB","@id":"https:\/\/p28223.grupoamper.com\/en\/#\/schema\/logo\/image\/","url":"https:\/\/www.proes.es\/wp-content\/uploads\/2023\/05\/Logo-Proes.png","contentUrl":"https:\/\/www.proes.es\/wp-content\/uploads\/2023\/05\/Logo-Proes.png","width":520,"height":140,"caption":"Proes"},"image":{"@id":"https:\/\/p28223.grupoamper.com\/en\/#\/schema\/logo\/image\/"}},{"@type":"Person","@id":"https:\/\/p28223.grupoamper.com\/en\/#\/schema\/person\/36e57a12577f759f8f2836cd8fba1c03","name":"Isabel.Caruana","image":{"@type":"ImageObject","inLanguage":"en-GB","@id":"https:\/\/p28223.grupoamper.com\/en\/#\/schema\/person\/image\/","url":"https:\/\/secure.gravatar.com\/avatar\/4a350cf9d30b1b93d55c0b1fca1bdc4539442248717055d1a3bb3f1d49dff91d?s=96&d=mm&r=g","contentUrl":"https:\/\/secure.gravatar.com\/avatar\/4a350cf9d30b1b93d55c0b1fca1bdc4539442248717055d1a3bb3f1d49dff91d?s=96&d=mm&r=g","caption":"Isabel.Caruana"},"sameAs":["https:\/\/Proes"],"url":"https:\/\/www.proes.es\/en\/author\/isabel-caruana\/"}]}},"_links":{"self":[{"href":"https:\/\/www.proes.es\/en\/wp-json\/wp\/v2\/posts\/44513","targetHints":{"allow":["GET"]}}],"collection":[{"href":"https:\/\/www.proes.es\/en\/wp-json\/wp\/v2\/posts"}],"about":[{"href":"https:\/\/www.proes.es\/en\/wp-json\/wp\/v2\/types\/post"}],"author":[{"embeddable":true,"href":"https:\/\/www.proes.es\/en\/wp-json\/wp\/v2\/users\/14"}],"replies":[{"embeddable":true,"href":"https:\/\/www.proes.es\/en\/wp-json\/wp\/v2\/comments?post=44513"}],"version-history":[{"count":8,"href":"https:\/\/www.proes.es\/en\/wp-json\/wp\/v2\/posts\/44513\/revisions"}],"predecessor-version":[{"id":47503,"href":"https:\/\/www.proes.es\/en\/wp-json\/wp\/v2\/posts\/44513\/revisions\/47503"}],"wp:featuredmedia":[{"embeddable":true,"href":"https:\/\/www.proes.es\/en\/wp-json\/wp\/v2\/media\/30394"}],"wp:attachment":[{"href":"https:\/\/www.proes.es\/en\/wp-json\/wp\/v2\/media?parent=44513"}],"wp:term":[{"taxonomy":"category","embeddable":true,"href":"https:\/\/www.proes.es\/en\/wp-json\/wp\/v2\/categories?post=44513"},{"taxonomy":"post_tag","embeddable":true,"href":"https:\/\/www.proes.es\/en\/wp-json\/wp\/v2\/tags?post=44513"}],"curies":[{"name":"wp","href":"https:\/\/api.w.org\/{rel}","templated":true}]}}