{"id":44640,"date":"2024-01-31T12:36:24","date_gmt":"2024-01-31T11:36:24","guid":{"rendered":"https:\/\/www.proes.es\/?p=44640"},"modified":"2024-07-03T12:55:14","modified_gmt":"2024-07-03T10:55:14","slug":"plan-general-de-ordenacion-urbana-de-san-vicente-de-la-barquera-cantabria","status":"publish","type":"post","link":"https:\/\/www.proes.es\/en\/plan-general-de-ordenacion-urbana-de-san-vicente-de-la-barquera-cantabria\/","title":{"rendered":"General Urban Development Plan of San Vicente de la Barquera, Cantabria"},"content":{"rendered":"<div data-elementor-type=\"wp-post\" data-elementor-id=\"44640\" class=\"elementor elementor-44640\" data-elementor-post-type=\"post\">\n\t\t\t\t<div class=\"elementor-element elementor-element-3cdfe8a e-flex e-con-boxed e-con e-parent\" data-id=\"3cdfe8a\" data-element_type=\"container\">\n\t\t\t\t\t<div class=\"e-con-inner\">\n\t\t\t\t<div class=\"elementor-element elementor-element-33d9f86 elementor-widget elementor-widget-image\" data-id=\"33d9f86\" data-element_type=\"widget\" data-widget_type=\"image.default\">\n\t\t\t\t<div class=\"elementor-widget-container\">\n\t\t\t\t\t\t\t\t\t\t\t\t\t\t\t<img fetchpriority=\"high\" decoding=\"async\" width=\"1200\" height=\"785\" src=\"https:\/\/www.proes.es\/wp-content\/uploads\/2021\/05\/san-vicente-de-la-barquera-57652-xl.jpg\" class=\"attachment-full size-full wp-image-30417\" alt=\"\" srcset=\"https:\/\/www.proes.es\/wp-content\/uploads\/2021\/05\/san-vicente-de-la-barquera-57652-xl.jpg 1200w, https:\/\/www.proes.es\/wp-content\/uploads\/2021\/05\/san-vicente-de-la-barquera-57652-xl-300x196.jpg 300w, https:\/\/www.proes.es\/wp-content\/uploads\/2021\/05\/san-vicente-de-la-barquera-57652-xl-1024x670.jpg 1024w, https:\/\/www.proes.es\/wp-content\/uploads\/2021\/05\/san-vicente-de-la-barquera-57652-xl-768x502.jpg 768w\" sizes=\"(max-width: 1200px) 100vw, 1200px\" \/>\t\t\t\t\t\t\t\t\t\t\t\t\t\t\t<\/div>\n\t\t\t\t<\/div>\n\t\t\t\t\t<\/div>\n\t\t\t\t<\/div>\n\t\t<div class=\"elementor-element elementor-element-d37ad5a e-flex e-con-boxed e-con e-parent\" data-id=\"d37ad5a\" data-element_type=\"container\">\n\t\t\t\t\t<div class=\"e-con-inner\">\n\t\t<div class=\"elementor-element elementor-element-d49d1e0 e-con-full e-flex e-con e-child\" data-id=\"d49d1e0\" data-element_type=\"container\">\n\t\t\t\t<div class=\"elementor-element elementor-element-38c1739 elementor-widget elementor-widget-text-editor\" data-id=\"38c1739\" data-element_type=\"widget\" data-widget_type=\"text-editor.default\">\n\t\t\t\t<div class=\"elementor-widget-container\">\n\t\t\t\t\t\t\t\t\t<p style=\"text-align: center;\">4.173<\/p>\t\t\t\t\t\t\t\t<\/div>\n\t\t\t\t<\/div>\n\t\t\t\t<div class=\"elementor-element elementor-element-2ae89aa elementor-widget-divider--view-line elementor-widget elementor-widget-divider\" data-id=\"2ae89aa\" data-element_type=\"widget\" data-widget_type=\"divider.default\">\n\t\t\t\t<div class=\"elementor-widget-container\">\n\t\t\t\t\t\t\t<div class=\"elementor-divider\">\n\t\t\t<span class=\"elementor-divider-separator\">\n\t\t\t\t\t\t<\/span>\n\t\t<\/div>\n\t\t\t\t\t\t<\/div>\n\t\t\t\t<\/div>\n\t\t\t\t<div class=\"elementor-element elementor-element-facb681 elementor-widget elementor-widget-text-editor\" data-id=\"facb681\" data-element_type=\"widget\" data-widget_type=\"text-editor.default\">\n\t\t\t\t<div class=\"elementor-widget-container\">\n\t\t\t\t\t\t\t\t\t<p>population<\/p>\t\t\t\t\t\t\t\t<\/div>\n\t\t\t\t<\/div>\n\t\t\t\t<\/div>\n\t\t<div class=\"elementor-element elementor-element-2f9e185 e-con-full e-flex e-con e-child\" data-id=\"2f9e185\" data-element_type=\"container\">\n\t\t\t\t<div class=\"elementor-element elementor-element-5021c4d elementor-widget elementor-widget-text-editor\" data-id=\"5021c4d\" data-element_type=\"widget\" data-widget_type=\"text-editor.default\">\n\t\t\t\t<div class=\"elementor-widget-container\">\n\t\t\t\t\t\t\t\t\t<p style=\"text-align: center;\">41,04 km\u00b2<\/p>\t\t\t\t\t\t\t\t<\/div>\n\t\t\t\t<\/div>\n\t\t\t\t<div class=\"elementor-element elementor-element-0f3f9ce elementor-widget-divider--view-line elementor-widget elementor-widget-divider\" data-id=\"0f3f9ce\" data-element_type=\"widget\" data-widget_type=\"divider.default\">\n\t\t\t\t<div class=\"elementor-widget-container\">\n\t\t\t\t\t\t\t<div class=\"elementor-divider\">\n\t\t\t<span class=\"elementor-divider-separator\">\n\t\t\t\t\t\t<\/span>\n\t\t<\/div>\n\t\t\t\t\t\t<\/div>\n\t\t\t\t<\/div>\n\t\t\t\t<div class=\"elementor-element elementor-element-e69e077 elementor-widget elementor-widget-text-editor\" data-id=\"e69e077\" data-element_type=\"widget\" data-widget_type=\"text-editor.default\">\n\t\t\t\t<div class=\"elementor-widget-container\">\n\t\t\t\t\t\t\t\t\t<p>surface<\/p>\t\t\t\t\t\t\t\t<\/div>\n\t\t\t\t<\/div>\n\t\t\t\t<\/div>\n\t\t\t\t\t<\/div>\n\t\t\t\t<\/div>\n\t\t<div class=\"elementor-element elementor-element-dac5cb7 e-flex e-con-boxed e-con e-parent\" data-id=\"dac5cb7\" data-element_type=\"container\">\n\t\t\t\t\t<div class=\"e-con-inner\">\n\t\t\t\t<div class=\"elementor-element elementor-element-a2134c5 elementor-widget__width-initial elementor-widget elementor-widget-text-editor\" data-id=\"a2134c5\" data-element_type=\"widget\" data-widget_type=\"text-editor.default\">\n\t\t\t\t<div class=\"elementor-widget-container\">\n\t\t\t\t\t\t\t\t\t<p>The planning regulations in force at the beginning of the drafting of the General Urban Development Plan for the municipality are the Municipal Subsidiary Regulations of 1983 and their revision for Urban Land in 1993, as well as a Special Plan for Interior Reform (PERI) for the historic center.<\/p><p>The most important guidelines of the new General Urban Development Plan (PGOU) are to adjust and adapt the planning to the legal conditions established by the Oyambre Natural Park to the municipal reality, to the decrease in livestock activity, to limit development to areas with slopes less than 20%, to avoid the visual impact of constructions, to consolidate and expand urban areas, and to adopt sustainable development practices.<\/p><p>\u00a0<\/p><p><span style=\"color: #002f53;\"><strong>Location:<\/strong><\/span> San Vicente de la Barquera, Cantabria<\/p><p><span style=\"color: #002f53;\"><strong>Date:<\/strong><\/span> 2009<\/p><p><span style=\"color: #002f53;\"><strong>Scope of the project:<\/strong><\/span>\u00a0Drafting of the PGOU<\/p><p><span style=\"color: #002f53;\"><strong>Significant data:<\/strong><\/span>\u00a0poblaci\u00f3n 4.518 habitantes (2018). Superficie 41&#8217;04 km\u00b2<\/p>\t\t\t\t\t\t\t\t<\/div>\n\t\t\t\t<\/div>\n\t\t\t\t\t<\/div>\n\t\t\t\t<\/div>\n\t\t\t\t<\/div>","protected":false},"excerpt":{"rendered":"<p>4.173 habitantes 41,04 km\u00b2 superficie El planeamiento vigente al inicio de la redacci\u00f3n del Plan General de Ordenaci\u00f3n Urbana del municipio son las Normas Subsidiarias Municipales de 1983 y su revisi\u00f3n para el Suelo Urbano de 1993, as\u00ed como un PERI del casco hist\u00f3rico. Las directrices m\u00e1s importantes del nuevo PGOU son adecuar y adaptar [&hellip;]<\/p>","protected":false},"author":14,"featured_media":30417,"comment_status":"closed","ping_status":"closed","sticky":false,"template":"","format":"standard","meta":{"footnotes":""},"categories":[69],"tags":[10],"class_list":["post-44640","post","type-post","status-publish","format-standard","has-post-thumbnail","hentry","category-edificacion","tag-espana"],"yoast_head":"<!-- This site is optimized with the Yoast SEO plugin v26.8 - https:\/\/yoast.com\/product\/yoast-seo-wordpress\/ -->\n<title>Plan General de Ordenacion Urbana de San Vicente de la Barquera, Cantabria - Proes<\/title>\n<meta name=\"robots\" content=\"index, follow, max-snippet:-1, max-image-preview:large, max-video-preview:-1\" \/>\n<link rel=\"canonical\" href=\"https:\/\/www.proes.es\/en\/plan-general-de-ordenacion-urbana-de-san-vicente-de-la-barquera-cantabria\/\" \/>\n<meta property=\"og:locale\" content=\"en_GB\" \/>\n<meta property=\"og:type\" content=\"article\" \/>\n<meta property=\"og:title\" content=\"Plan General de Ordenacion Urbana de San Vicente de la Barquera, Cantabria - Proes\" \/>\n<meta property=\"og:description\" content=\"4.173 habitantes 41,04 km\u00b2 superficie El planeamiento vigente al inicio de la redacci\u00f3n del Plan General de Ordenaci\u00f3n Urbana del municipio son las Normas Subsidiarias Municipales de 1983 y su revisi\u00f3n para el Suelo Urbano de 1993, as\u00ed como un PERI del casco hist\u00f3rico. Las directrices m\u00e1s importantes del nuevo PGOU son adecuar y adaptar [&hellip;]\" \/>\n<meta property=\"og:url\" content=\"https:\/\/www.proes.es\/en\/plan-general-de-ordenacion-urbana-de-san-vicente-de-la-barquera-cantabria\/\" \/>\n<meta property=\"og:site_name\" content=\"Proes\" \/>\n<meta property=\"article:published_time\" content=\"2024-01-31T11:36:24+00:00\" \/>\n<meta property=\"article:modified_time\" content=\"2024-07-03T10:55:14+00:00\" \/>\n<meta property=\"og:image\" content=\"https:\/\/www.proes.es\/wp-content\/uploads\/2021\/05\/san-vicente-de-la-barquera-57652-xl.jpg\" \/>\n\t<meta property=\"og:image:width\" content=\"1200\" \/>\n\t<meta property=\"og:image:height\" content=\"785\" \/>\n\t<meta property=\"og:image:type\" content=\"image\/jpeg\" \/>\n<meta name=\"author\" content=\"Isabel.Caruana\" \/>\n<meta name=\"twitter:card\" content=\"summary_large_image\" \/>\n<meta name=\"twitter:label1\" content=\"Written by\" \/>\n\t<meta name=\"twitter:data1\" content=\"Isabel.Caruana\" \/>\n\t<meta name=\"twitter:label2\" content=\"Estimated reading time\" \/>\n\t<meta name=\"twitter:data2\" content=\"1 minute\" \/>\n<script type=\"application\/ld+json\" class=\"yoast-schema-graph\">{\"@context\":\"https:\/\/schema.org\",\"@graph\":[{\"@type\":\"Article\",\"@id\":\"https:\/\/www.proes.es\/plan-general-de-ordenacion-urbana-de-san-vicente-de-la-barquera-cantabria\/#article\",\"isPartOf\":{\"@id\":\"https:\/\/www.proes.es\/plan-general-de-ordenacion-urbana-de-san-vicente-de-la-barquera-cantabria\/\"},\"author\":{\"name\":\"Isabel.Caruana\",\"@id\":\"https:\/\/p28223.grupoamper.com\/en\/#\/schema\/person\/36e57a12577f759f8f2836cd8fba1c03\"},\"headline\":\"Plan General de Ordenacion Urbana de San Vicente de la Barquera, Cantabria\",\"datePublished\":\"2024-01-31T11:36:24+00:00\",\"dateModified\":\"2024-07-03T10:55:14+00:00\",\"mainEntityOfPage\":{\"@id\":\"https:\/\/www.proes.es\/plan-general-de-ordenacion-urbana-de-san-vicente-de-la-barquera-cantabria\/\"},\"wordCount\":152,\"publisher\":{\"@id\":\"https:\/\/p28223.grupoamper.com\/en\/#organization\"},\"image\":{\"@id\":\"https:\/\/www.proes.es\/plan-general-de-ordenacion-urbana-de-san-vicente-de-la-barquera-cantabria\/#primaryimage\"},\"thumbnailUrl\":\"https:\/\/www.proes.es\/wp-content\/uploads\/2021\/05\/san-vicente-de-la-barquera-57652-xl.jpg\",\"keywords\":[\"Espa\u00f1a\"],\"articleSection\":[\"Edificaci\u00f3n\"],\"inLanguage\":\"en-GB\"},{\"@type\":\"WebPage\",\"@id\":\"https:\/\/www.proes.es\/plan-general-de-ordenacion-urbana-de-san-vicente-de-la-barquera-cantabria\/\",\"url\":\"https:\/\/www.proes.es\/plan-general-de-ordenacion-urbana-de-san-vicente-de-la-barquera-cantabria\/\",\"name\":\"Plan General de Ordenacion Urbana de San Vicente de la Barquera, Cantabria - Proes\",\"isPartOf\":{\"@id\":\"https:\/\/p28223.grupoamper.com\/en\/#website\"},\"primaryImageOfPage\":{\"@id\":\"https:\/\/www.proes.es\/plan-general-de-ordenacion-urbana-de-san-vicente-de-la-barquera-cantabria\/#primaryimage\"},\"image\":{\"@id\":\"https:\/\/www.proes.es\/plan-general-de-ordenacion-urbana-de-san-vicente-de-la-barquera-cantabria\/#primaryimage\"},\"thumbnailUrl\":\"https:\/\/www.proes.es\/wp-content\/uploads\/2021\/05\/san-vicente-de-la-barquera-57652-xl.jpg\",\"datePublished\":\"2024-01-31T11:36:24+00:00\",\"dateModified\":\"2024-07-03T10:55:14+00:00\",\"breadcrumb\":{\"@id\":\"https:\/\/www.proes.es\/plan-general-de-ordenacion-urbana-de-san-vicente-de-la-barquera-cantabria\/#breadcrumb\"},\"inLanguage\":\"en-GB\",\"potentialAction\":[{\"@type\":\"ReadAction\",\"target\":[\"https:\/\/www.proes.es\/plan-general-de-ordenacion-urbana-de-san-vicente-de-la-barquera-cantabria\/\"]}]},{\"@type\":\"ImageObject\",\"inLanguage\":\"en-GB\",\"@id\":\"https:\/\/www.proes.es\/plan-general-de-ordenacion-urbana-de-san-vicente-de-la-barquera-cantabria\/#primaryimage\",\"url\":\"https:\/\/www.proes.es\/wp-content\/uploads\/2021\/05\/san-vicente-de-la-barquera-57652-xl.jpg\",\"contentUrl\":\"https:\/\/www.proes.es\/wp-content\/uploads\/2021\/05\/san-vicente-de-la-barquera-57652-xl.jpg\",\"width\":1200,\"height\":785},{\"@type\":\"BreadcrumbList\",\"@id\":\"https:\/\/www.proes.es\/plan-general-de-ordenacion-urbana-de-san-vicente-de-la-barquera-cantabria\/#breadcrumb\",\"itemListElement\":[{\"@type\":\"ListItem\",\"position\":1,\"name\":\"Portada\",\"item\":\"https:\/\/p28223.grupoamper.com\/en\/\"},{\"@type\":\"ListItem\",\"position\":2,\"name\":\"Plan General de Ordenacion Urbana de San Vicente de la Barquera, Cantabria\"}]},{\"@type\":\"WebSite\",\"@id\":\"https:\/\/p28223.grupoamper.com\/en\/#website\",\"url\":\"https:\/\/p28223.grupoamper.com\/en\/\",\"name\":\"Proes\",\"description\":\"\",\"publisher\":{\"@id\":\"https:\/\/p28223.grupoamper.com\/en\/#organization\"},\"potentialAction\":[{\"@type\":\"SearchAction\",\"target\":{\"@type\":\"EntryPoint\",\"urlTemplate\":\"https:\/\/p28223.grupoamper.com\/en\/?s={search_term_string}\"},\"query-input\":{\"@type\":\"PropertyValueSpecification\",\"valueRequired\":true,\"valueName\":\"search_term_string\"}}],\"inLanguage\":\"en-GB\"},{\"@type\":\"Organization\",\"@id\":\"https:\/\/p28223.grupoamper.com\/en\/#organization\",\"name\":\"Proes\",\"url\":\"https:\/\/p28223.grupoamper.com\/en\/\",\"logo\":{\"@type\":\"ImageObject\",\"inLanguage\":\"en-GB\",\"@id\":\"https:\/\/p28223.grupoamper.com\/en\/#\/schema\/logo\/image\/\",\"url\":\"https:\/\/www.proes.es\/wp-content\/uploads\/2023\/05\/Logo-Proes.png\",\"contentUrl\":\"https:\/\/www.proes.es\/wp-content\/uploads\/2023\/05\/Logo-Proes.png\",\"width\":520,\"height\":140,\"caption\":\"Proes\"},\"image\":{\"@id\":\"https:\/\/p28223.grupoamper.com\/en\/#\/schema\/logo\/image\/\"}},{\"@type\":\"Person\",\"@id\":\"https:\/\/p28223.grupoamper.com\/en\/#\/schema\/person\/36e57a12577f759f8f2836cd8fba1c03\",\"name\":\"Isabel.Caruana\",\"image\":{\"@type\":\"ImageObject\",\"inLanguage\":\"en-GB\",\"@id\":\"https:\/\/p28223.grupoamper.com\/en\/#\/schema\/person\/image\/\",\"url\":\"https:\/\/secure.gravatar.com\/avatar\/4a350cf9d30b1b93d55c0b1fca1bdc4539442248717055d1a3bb3f1d49dff91d?s=96&d=mm&r=g\",\"contentUrl\":\"https:\/\/secure.gravatar.com\/avatar\/4a350cf9d30b1b93d55c0b1fca1bdc4539442248717055d1a3bb3f1d49dff91d?s=96&d=mm&r=g\",\"caption\":\"Isabel.Caruana\"},\"sameAs\":[\"https:\/\/Proes\"],\"url\":\"https:\/\/www.proes.es\/en\/author\/isabel-caruana\/\"}]}<\/script>\n<!-- \/ Yoast SEO plugin. -->","yoast_head_json":{"title":"Plan General de Ordenacion Urbana de San Vicente de la Barquera, Cantabria - Proes","robots":{"index":"index","follow":"follow","max-snippet":"max-snippet:-1","max-image-preview":"max-image-preview:large","max-video-preview":"max-video-preview:-1"},"canonical":"https:\/\/www.proes.es\/en\/plan-general-de-ordenacion-urbana-de-san-vicente-de-la-barquera-cantabria\/","og_locale":"en_GB","og_type":"article","og_title":"Plan General de Ordenacion Urbana de San Vicente de la Barquera, Cantabria - Proes","og_description":"4.173 habitantes 41,04 km\u00b2 superficie El planeamiento vigente al inicio de la redacci\u00f3n del Plan General de Ordenaci\u00f3n Urbana del municipio son las Normas Subsidiarias Municipales de 1983 y su revisi\u00f3n para el Suelo Urbano de 1993, as\u00ed como un PERI del casco hist\u00f3rico. Las directrices m\u00e1s importantes del nuevo PGOU son adecuar y adaptar [&hellip;]","og_url":"https:\/\/www.proes.es\/en\/plan-general-de-ordenacion-urbana-de-san-vicente-de-la-barquera-cantabria\/","og_site_name":"Proes","article_published_time":"2024-01-31T11:36:24+00:00","article_modified_time":"2024-07-03T10:55:14+00:00","og_image":[{"width":1200,"height":785,"url":"https:\/\/www.proes.es\/wp-content\/uploads\/2021\/05\/san-vicente-de-la-barquera-57652-xl.jpg","type":"image\/jpeg"}],"author":"Isabel.Caruana","twitter_card":"summary_large_image","twitter_misc":{"Written by":"Isabel.Caruana","Estimated reading time":"1 minute"},"schema":{"@context":"https:\/\/schema.org","@graph":[{"@type":"Article","@id":"https:\/\/www.proes.es\/plan-general-de-ordenacion-urbana-de-san-vicente-de-la-barquera-cantabria\/#article","isPartOf":{"@id":"https:\/\/www.proes.es\/plan-general-de-ordenacion-urbana-de-san-vicente-de-la-barquera-cantabria\/"},"author":{"name":"Isabel.Caruana","@id":"https:\/\/p28223.grupoamper.com\/en\/#\/schema\/person\/36e57a12577f759f8f2836cd8fba1c03"},"headline":"Plan General de Ordenacion Urbana de San Vicente de la Barquera, Cantabria","datePublished":"2024-01-31T11:36:24+00:00","dateModified":"2024-07-03T10:55:14+00:00","mainEntityOfPage":{"@id":"https:\/\/www.proes.es\/plan-general-de-ordenacion-urbana-de-san-vicente-de-la-barquera-cantabria\/"},"wordCount":152,"publisher":{"@id":"https:\/\/p28223.grupoamper.com\/en\/#organization"},"image":{"@id":"https:\/\/www.proes.es\/plan-general-de-ordenacion-urbana-de-san-vicente-de-la-barquera-cantabria\/#primaryimage"},"thumbnailUrl":"https:\/\/www.proes.es\/wp-content\/uploads\/2021\/05\/san-vicente-de-la-barquera-57652-xl.jpg","keywords":["Espa\u00f1a"],"articleSection":["Edificaci\u00f3n"],"inLanguage":"en-GB"},{"@type":"WebPage","@id":"https:\/\/www.proes.es\/plan-general-de-ordenacion-urbana-de-san-vicente-de-la-barquera-cantabria\/","url":"https:\/\/www.proes.es\/plan-general-de-ordenacion-urbana-de-san-vicente-de-la-barquera-cantabria\/","name":"Plan General de Ordenacion Urbana de San Vicente de la Barquera, Cantabria - Proes","isPartOf":{"@id":"https:\/\/p28223.grupoamper.com\/en\/#website"},"primaryImageOfPage":{"@id":"https:\/\/www.proes.es\/plan-general-de-ordenacion-urbana-de-san-vicente-de-la-barquera-cantabria\/#primaryimage"},"image":{"@id":"https:\/\/www.proes.es\/plan-general-de-ordenacion-urbana-de-san-vicente-de-la-barquera-cantabria\/#primaryimage"},"thumbnailUrl":"https:\/\/www.proes.es\/wp-content\/uploads\/2021\/05\/san-vicente-de-la-barquera-57652-xl.jpg","datePublished":"2024-01-31T11:36:24+00:00","dateModified":"2024-07-03T10:55:14+00:00","breadcrumb":{"@id":"https:\/\/www.proes.es\/plan-general-de-ordenacion-urbana-de-san-vicente-de-la-barquera-cantabria\/#breadcrumb"},"inLanguage":"en-GB","potentialAction":[{"@type":"ReadAction","target":["https:\/\/www.proes.es\/plan-general-de-ordenacion-urbana-de-san-vicente-de-la-barquera-cantabria\/"]}]},{"@type":"ImageObject","inLanguage":"en-GB","@id":"https:\/\/www.proes.es\/plan-general-de-ordenacion-urbana-de-san-vicente-de-la-barquera-cantabria\/#primaryimage","url":"https:\/\/www.proes.es\/wp-content\/uploads\/2021\/05\/san-vicente-de-la-barquera-57652-xl.jpg","contentUrl":"https:\/\/www.proes.es\/wp-content\/uploads\/2021\/05\/san-vicente-de-la-barquera-57652-xl.jpg","width":1200,"height":785},{"@type":"BreadcrumbList","@id":"https:\/\/www.proes.es\/plan-general-de-ordenacion-urbana-de-san-vicente-de-la-barquera-cantabria\/#breadcrumb","itemListElement":[{"@type":"ListItem","position":1,"name":"Portada","item":"https:\/\/p28223.grupoamper.com\/en\/"},{"@type":"ListItem","position":2,"name":"Plan General de Ordenacion Urbana de San Vicente de la Barquera, Cantabria"}]},{"@type":"WebSite","@id":"https:\/\/p28223.grupoamper.com\/en\/#website","url":"https:\/\/p28223.grupoamper.com\/en\/","name":"Proes,","description":"","publisher":{"@id":"https:\/\/p28223.grupoamper.com\/en\/#organization"},"potentialAction":[{"@type":"SearchAction","target":{"@type":"EntryPoint","urlTemplate":"https:\/\/p28223.grupoamper.com\/en\/?s={search_term_string}"},"query-input":{"@type":"PropertyValueSpecification","valueRequired":true,"valueName":"search_term_string"}}],"inLanguage":"en-GB"},{"@type":"Organization","@id":"https:\/\/p28223.grupoamper.com\/en\/#organization","name":"Proes,","url":"https:\/\/p28223.grupoamper.com\/en\/","logo":{"@type":"ImageObject","inLanguage":"en-GB","@id":"https:\/\/p28223.grupoamper.com\/en\/#\/schema\/logo\/image\/","url":"https:\/\/www.proes.es\/wp-content\/uploads\/2023\/05\/Logo-Proes.png","contentUrl":"https:\/\/www.proes.es\/wp-content\/uploads\/2023\/05\/Logo-Proes.png","width":520,"height":140,"caption":"Proes"},"image":{"@id":"https:\/\/p28223.grupoamper.com\/en\/#\/schema\/logo\/image\/"}},{"@type":"Person","@id":"https:\/\/p28223.grupoamper.com\/en\/#\/schema\/person\/36e57a12577f759f8f2836cd8fba1c03","name":"Isabel.Caruana","image":{"@type":"ImageObject","inLanguage":"en-GB","@id":"https:\/\/p28223.grupoamper.com\/en\/#\/schema\/person\/image\/","url":"https:\/\/secure.gravatar.com\/avatar\/4a350cf9d30b1b93d55c0b1fca1bdc4539442248717055d1a3bb3f1d49dff91d?s=96&d=mm&r=g","contentUrl":"https:\/\/secure.gravatar.com\/avatar\/4a350cf9d30b1b93d55c0b1fca1bdc4539442248717055d1a3bb3f1d49dff91d?s=96&d=mm&r=g","caption":"Isabel.Caruana"},"sameAs":["https:\/\/Proes"],"url":"https:\/\/www.proes.es\/en\/author\/isabel-caruana\/"}]}},"_links":{"self":[{"href":"https:\/\/www.proes.es\/en\/wp-json\/wp\/v2\/posts\/44640","targetHints":{"allow":["GET"]}}],"collection":[{"href":"https:\/\/www.proes.es\/en\/wp-json\/wp\/v2\/posts"}],"about":[{"href":"https:\/\/www.proes.es\/en\/wp-json\/wp\/v2\/types\/post"}],"author":[{"embeddable":true,"href":"https:\/\/www.proes.es\/en\/wp-json\/wp\/v2\/users\/14"}],"replies":[{"embeddable":true,"href":"https:\/\/www.proes.es\/en\/wp-json\/wp\/v2\/comments?post=44640"}],"version-history":[{"count":12,"href":"https:\/\/www.proes.es\/en\/wp-json\/wp\/v2\/posts\/44640\/revisions"}],"predecessor-version":[{"id":48745,"href":"https:\/\/www.proes.es\/en\/wp-json\/wp\/v2\/posts\/44640\/revisions\/48745"}],"wp:featuredmedia":[{"embeddable":true,"href":"https:\/\/www.proes.es\/en\/wp-json\/wp\/v2\/media\/30417"}],"wp:attachment":[{"href":"https:\/\/www.proes.es\/en\/wp-json\/wp\/v2\/media?parent=44640"}],"wp:term":[{"taxonomy":"category","embeddable":true,"href":"https:\/\/www.proes.es\/en\/wp-json\/wp\/v2\/categories?post=44640"},{"taxonomy":"post_tag","embeddable":true,"href":"https:\/\/www.proes.es\/en\/wp-json\/wp\/v2\/tags?post=44640"}],"curies":[{"name":"wp","href":"https:\/\/api.w.org\/{rel}","templated":true}]}}