{"id":44653,"date":"2024-01-31T12:54:44","date_gmt":"2024-01-31T11:54:44","guid":{"rendered":"https:\/\/www.proes.es\/?p=44653"},"modified":"2025-05-21T11:08:16","modified_gmt":"2025-05-21T09:08:16","slug":"revision-de-la-ingenieria-basica-de-la-terminal-de-almacenamiento-de-liquidos-en-puerto-bahia-colombia-2","status":"publish","type":"post","link":"https:\/\/www.proes.es\/en\/revision-de-la-ingenieria-basica-de-la-terminal-de-almacenamiento-de-liquidos-en-puerto-bahia-colombia-2\/","title":{"rendered":"Basic engineering review of the liquid storage terminal in Puerto Bahia, Colombia"},"content":{"rendered":"<div data-elementor-type=\"wp-post\" data-elementor-id=\"44653\" class=\"elementor elementor-44653\" data-elementor-post-type=\"post\">\n\t\t\t\t<div class=\"elementor-element elementor-element-3cdfe8a e-flex e-con-boxed e-con e-parent\" data-id=\"3cdfe8a\" data-element_type=\"container\">\n\t\t\t\t\t<div class=\"e-con-inner\">\n\t\t\t\t<div class=\"elementor-element elementor-element-33d9f86 elementor-widget elementor-widget-image\" data-id=\"33d9f86\" data-element_type=\"widget\" data-widget_type=\"image.default\">\n\t\t\t\t<div class=\"elementor-widget-container\">\n\t\t\t\t\t\t\t\t\t\t\t\t\t\t\t<img fetchpriority=\"high\" decoding=\"async\" width=\"984\" height=\"655\" src=\"https:\/\/195.55.65.51\/wp-content\/uploads\/2021\/02\/puerto-bahia.jpg\" class=\"attachment-full size-full wp-image-30213\" alt=\"\" srcset=\"https:\/\/195.55.65.51\/wp-content\/uploads\/2021\/02\/puerto-bahia.jpg 984w, https:\/\/195.55.65.51\/wp-content\/uploads\/2021\/02\/puerto-bahia-300x200.jpg 300w, https:\/\/195.55.65.51\/wp-content\/uploads\/2021\/02\/puerto-bahia-768x511.jpg 768w\" sizes=\"(max-width: 984px) 100vw, 984px\" \/>\t\t\t\t\t\t\t\t\t\t\t\t\t\t\t<\/div>\n\t\t\t\t<\/div>\n\t\t\t\t\t<\/div>\n\t\t\t\t<\/div>\n\t\t<div class=\"elementor-element elementor-element-d37ad5a e-flex e-con-boxed e-con e-parent\" data-id=\"d37ad5a\" data-element_type=\"container\">\n\t\t\t\t\t<div class=\"e-con-inner\">\n\t\t<div class=\"elementor-element elementor-element-d49d1e0 e-con-full e-flex e-con e-child\" data-id=\"d49d1e0\" data-element_type=\"container\">\n\t\t\t\t<div class=\"elementor-element elementor-element-38c1739 elementor-widget elementor-widget-text-editor\" data-id=\"38c1739\" data-element_type=\"widget\" data-widget_type=\"text-editor.default\">\n\t\t\t\t<div class=\"elementor-widget-container\">\n\t\t\t\t\t\t\t\t\t<p style=\"text-align: center;\">180.000 DWT<\/p>\t\t\t\t\t\t\t\t<\/div>\n\t\t\t\t<\/div>\n\t\t\t\t<div class=\"elementor-element elementor-element-2ae89aa elementor-widget-divider--view-line elementor-widget elementor-widget-divider\" data-id=\"2ae89aa\" data-element_type=\"widget\" data-widget_type=\"divider.default\">\n\t\t\t\t<div class=\"elementor-widget-container\">\n\t\t\t\t\t\t\t<div class=\"elementor-divider\">\n\t\t\t<span class=\"elementor-divider-separator\">\n\t\t\t\t\t\t<\/span>\n\t\t<\/div>\n\t\t\t\t\t\t<\/div>\n\t\t\t\t<\/div>\n\t\t\t\t<div class=\"elementor-element elementor-element-facb681 elementor-widget elementor-widget-text-editor\" data-id=\"facb681\" data-element_type=\"widget\" data-widget_type=\"text-editor.default\">\n\t\t\t\t<div class=\"elementor-widget-container\">\n\t\t\t\t\t\t\t\t\t<p>outer harbour vessel capacity<\/p>\t\t\t\t\t\t\t\t<\/div>\n\t\t\t\t<\/div>\n\t\t\t\t<\/div>\n\t\t<div class=\"elementor-element elementor-element-2f9e185 e-con-full e-flex e-con e-child\" data-id=\"2f9e185\" data-element_type=\"container\">\n\t\t\t\t<div class=\"elementor-element elementor-element-5021c4d elementor-widget elementor-widget-text-editor\" data-id=\"5021c4d\" data-element_type=\"widget\" data-widget_type=\"text-editor.default\">\n\t\t\t\t<div class=\"elementor-widget-container\">\n\t\t\t\t\t\t\t\t\t<p style=\"text-align: center;\">80.000 DWT<\/p>\t\t\t\t\t\t\t\t<\/div>\n\t\t\t\t<\/div>\n\t\t\t\t<div class=\"elementor-element elementor-element-0f3f9ce elementor-widget-divider--view-line elementor-widget elementor-widget-divider\" data-id=\"0f3f9ce\" data-element_type=\"widget\" data-widget_type=\"divider.default\">\n\t\t\t\t<div class=\"elementor-widget-container\">\n\t\t\t\t\t\t\t<div class=\"elementor-divider\">\n\t\t\t<span class=\"elementor-divider-separator\">\n\t\t\t\t\t\t<\/span>\n\t\t<\/div>\n\t\t\t\t\t\t<\/div>\n\t\t\t\t<\/div>\n\t\t\t\t<div class=\"elementor-element elementor-element-e69e077 elementor-widget elementor-widget-text-editor\" data-id=\"e69e077\" data-element_type=\"widget\" data-widget_type=\"text-editor.default\">\n\t\t\t\t<div class=\"elementor-widget-container\">\n\t\t\t\t\t\t\t\t\t<p>Inland port vessel capacity<\/p>\t\t\t\t\t\t\t\t<\/div>\n\t\t\t\t<\/div>\n\t\t\t\t<\/div>\n\t\t\t\t\t<\/div>\n\t\t\t\t<\/div>\n\t\t<div class=\"elementor-element elementor-element-dac5cb7 e-flex e-con-boxed e-con e-parent\" data-id=\"dac5cb7\" data-element_type=\"container\">\n\t\t\t\t\t<div class=\"e-con-inner\">\n\t\t\t\t<div class=\"elementor-element elementor-element-a2134c5 elementor-widget__width-initial elementor-widget elementor-widget-text-editor\" data-id=\"a2134c5\" data-element_type=\"widget\" data-widget_type=\"text-editor.default\">\n\t\t\t\t<div class=\"elementor-widget-container\">\n\t\t\t\t\t\t\t\t\t<p>The initial phase of the project includes the construction of an access viaduct approximately 505 meters long and a pier with 2 berths. The outer berth is designed to accommodate tankers with a docking capacity of up to 180,000 DWT, specifically Suezmax (17.00 meters draft), while the inner berth will be for Panamax tankers of up to 80,000 DWT (with drafts of up to 14.50 meters).<\/p><p>In a future phase, a dock will be added, connected in the central area of the access viaduct, intended for the mooring of convoys of up to 6 barges.<\/p><p>\u00a0<\/p><p><span style=\"color: #002f53;\"><strong>Location: <\/strong><\/span>Puerto Bah\u00eda, Cartagena, Colombia<\/p><p><span style=\"color: #002f53;\"><strong>Date:<\/strong><\/span> 2011-2012<\/p><p><span style=\"color: #002f53;\"><strong>Scope of the project:<\/strong><\/span> Review of basic engineering, calculations, and measurements.<\/p>\t\t\t\t\t\t\t\t<\/div>\n\t\t\t\t<\/div>\n\t\t\t\t\t<\/div>\n\t\t\t\t<\/div>\n\t\t\t\t<\/div>","protected":false},"excerpt":{"rendered":"<p>180.000 DWT Capacidad buques puerto exterior 80.000 DWT Capacidad buques puerto interior La fase inicial del proyecto comprende la construcci\u00f3n de un viaducto de acceso de unos 505 m y un muelle con 2 puestos de atraque. El puesto exterior, se dise\u00f1a para recibir buques tanqueros con una capacidad de atraque de hasta 180,000 DWT [&hellip;]<\/p>","protected":false},"author":13,"featured_media":30213,"comment_status":"closed","ping_status":"closed","sticky":false,"template":"","format":"standard","meta":{"footnotes":""},"categories":[76],"tags":[18],"class_list":["post-44653","post","type-post","status-publish","format-standard","has-post-thumbnail","hentry","category-diseno-de-infraestructuras-maritimas","tag-colombia"],"yoast_head":"<!-- This site is optimized with the Yoast SEO plugin v26.8 - https:\/\/yoast.com\/product\/yoast-seo-wordpress\/ -->\n<title>Revisi\u00f3n de la ingenier\u00eda b\u00e1sica de la terminal de almacenamiento de l\u00edquidos en Puerto Bah\u00eda, Colombia - Proes<\/title>\n<meta name=\"robots\" content=\"index, follow, max-snippet:-1, max-image-preview:large, max-video-preview:-1\" \/>\n<link rel=\"canonical\" href=\"https:\/\/p28223.grupoamper.com\/revision-de-la-ingenieria-basica-de-la-terminal-de-almacenamiento-de-liquidos-en-puerto-bahia-colombia-2\/\" \/>\n<meta property=\"og:locale\" content=\"en_GB\" \/>\n<meta property=\"og:type\" content=\"article\" \/>\n<meta property=\"og:title\" content=\"Revisi\u00f3n de la ingenier\u00eda b\u00e1sica de la terminal de almacenamiento de l\u00edquidos en Puerto Bah\u00eda, Colombia - Proes\" \/>\n<meta property=\"og:description\" content=\"180.000 DWT Capacidad buques puerto exterior 80.000 DWT Capacidad buques puerto interior La fase inicial del proyecto comprende la construcci\u00f3n de un viaducto de acceso de unos 505 m y un muelle con 2 puestos de atraque. El puesto exterior, se dise\u00f1a para recibir buques tanqueros con una capacidad de atraque de hasta 180,000 DWT [&hellip;]\" \/>\n<meta property=\"og:url\" content=\"https:\/\/p28223.grupoamper.com\/revision-de-la-ingenieria-basica-de-la-terminal-de-almacenamiento-de-liquidos-en-puerto-bahia-colombia-2\/\" \/>\n<meta property=\"og:site_name\" content=\"Proes\" \/>\n<meta property=\"article:published_time\" content=\"2024-01-31T11:54:44+00:00\" \/>\n<meta property=\"article:modified_time\" content=\"2025-05-21T09:08:16+00:00\" \/>\n<meta property=\"og:image\" content=\"https:\/\/p28223.grupoamper.com\/wp-content\/uploads\/2021\/02\/puerto-bahia.jpg\" \/>\n\t<meta property=\"og:image:width\" content=\"984\" \/>\n\t<meta property=\"og:image:height\" content=\"655\" \/>\n\t<meta property=\"og:image:type\" content=\"image\/jpeg\" \/>\n<meta name=\"author\" content=\"Maria Victoria Del Pozo Vindel\" \/>\n<meta name=\"twitter:card\" content=\"summary_large_image\" \/>\n<meta name=\"twitter:label1\" content=\"Written by\" \/>\n\t<meta name=\"twitter:data1\" content=\"Maria Victoria Del Pozo Vindel\" \/>\n\t<meta name=\"twitter:label2\" content=\"Estimated reading time\" \/>\n\t<meta name=\"twitter:data2\" content=\"1 minute\" \/>\n<script type=\"application\/ld+json\" class=\"yoast-schema-graph\">{\"@context\":\"https:\/\/schema.org\",\"@graph\":[{\"@type\":\"Article\",\"@id\":\"https:\/\/p28223.grupoamper.com\/revision-de-la-ingenieria-basica-de-la-terminal-de-almacenamiento-de-liquidos-en-puerto-bahia-colombia-2\/#article\",\"isPartOf\":{\"@id\":\"https:\/\/p28223.grupoamper.com\/revision-de-la-ingenieria-basica-de-la-terminal-de-almacenamiento-de-liquidos-en-puerto-bahia-colombia-2\/\"},\"author\":{\"name\":\"Maria Victoria Del Pozo Vindel\",\"@id\":\"https:\/\/p28223.grupoamper.com\/en\/#\/schema\/person\/97e415e7296dfb24d5c9c8cca875e830\"},\"headline\":\"Revisi\u00f3n de la ingenier\u00eda b\u00e1sica de la terminal de almacenamiento de l\u00edquidos en Puerto Bah\u00eda, Colombia\",\"datePublished\":\"2024-01-31T11:54:44+00:00\",\"dateModified\":\"2025-05-21T09:08:16+00:00\",\"mainEntityOfPage\":{\"@id\":\"https:\/\/p28223.grupoamper.com\/revision-de-la-ingenieria-basica-de-la-terminal-de-almacenamiento-de-liquidos-en-puerto-bahia-colombia-2\/\"},\"wordCount\":149,\"publisher\":{\"@id\":\"https:\/\/p28223.grupoamper.com\/en\/#organization\"},\"image\":{\"@id\":\"https:\/\/p28223.grupoamper.com\/revision-de-la-ingenieria-basica-de-la-terminal-de-almacenamiento-de-liquidos-en-puerto-bahia-colombia-2\/#primaryimage\"},\"thumbnailUrl\":\"https:\/\/www.proes.es\/wp-content\/uploads\/2021\/02\/puerto-bahia.jpg\",\"keywords\":[\"Colombia\"],\"articleSection\":[\"Dise\u00f1o de infraestructuras mar\u00edtimas\"],\"inLanguage\":\"en-GB\"},{\"@type\":\"WebPage\",\"@id\":\"https:\/\/p28223.grupoamper.com\/revision-de-la-ingenieria-basica-de-la-terminal-de-almacenamiento-de-liquidos-en-puerto-bahia-colombia-2\/\",\"url\":\"https:\/\/p28223.grupoamper.com\/revision-de-la-ingenieria-basica-de-la-terminal-de-almacenamiento-de-liquidos-en-puerto-bahia-colombia-2\/\",\"name\":\"Revisi\u00f3n de la ingenier\u00eda b\u00e1sica de la terminal de almacenamiento de l\u00edquidos en Puerto Bah\u00eda, Colombia - Proes\",\"isPartOf\":{\"@id\":\"https:\/\/p28223.grupoamper.com\/en\/#website\"},\"primaryImageOfPage\":{\"@id\":\"https:\/\/p28223.grupoamper.com\/revision-de-la-ingenieria-basica-de-la-terminal-de-almacenamiento-de-liquidos-en-puerto-bahia-colombia-2\/#primaryimage\"},\"image\":{\"@id\":\"https:\/\/p28223.grupoamper.com\/revision-de-la-ingenieria-basica-de-la-terminal-de-almacenamiento-de-liquidos-en-puerto-bahia-colombia-2\/#primaryimage\"},\"thumbnailUrl\":\"https:\/\/www.proes.es\/wp-content\/uploads\/2021\/02\/puerto-bahia.jpg\",\"datePublished\":\"2024-01-31T11:54:44+00:00\",\"dateModified\":\"2025-05-21T09:08:16+00:00\",\"breadcrumb\":{\"@id\":\"https:\/\/p28223.grupoamper.com\/revision-de-la-ingenieria-basica-de-la-terminal-de-almacenamiento-de-liquidos-en-puerto-bahia-colombia-2\/#breadcrumb\"},\"inLanguage\":\"en-GB\",\"potentialAction\":[{\"@type\":\"ReadAction\",\"target\":[\"https:\/\/p28223.grupoamper.com\/revision-de-la-ingenieria-basica-de-la-terminal-de-almacenamiento-de-liquidos-en-puerto-bahia-colombia-2\/\"]}]},{\"@type\":\"ImageObject\",\"inLanguage\":\"en-GB\",\"@id\":\"https:\/\/p28223.grupoamper.com\/revision-de-la-ingenieria-basica-de-la-terminal-de-almacenamiento-de-liquidos-en-puerto-bahia-colombia-2\/#primaryimage\",\"url\":\"https:\/\/www.proes.es\/wp-content\/uploads\/2021\/02\/puerto-bahia.jpg\",\"contentUrl\":\"https:\/\/www.proes.es\/wp-content\/uploads\/2021\/02\/puerto-bahia.jpg\",\"width\":984,\"height\":655},{\"@type\":\"BreadcrumbList\",\"@id\":\"https:\/\/p28223.grupoamper.com\/revision-de-la-ingenieria-basica-de-la-terminal-de-almacenamiento-de-liquidos-en-puerto-bahia-colombia-2\/#breadcrumb\",\"itemListElement\":[{\"@type\":\"ListItem\",\"position\":1,\"name\":\"Portada\",\"item\":\"https:\/\/p28223.grupoamper.com\/en\/\"},{\"@type\":\"ListItem\",\"position\":2,\"name\":\"Revisi\u00f3n de la ingenier\u00eda b\u00e1sica de la terminal de almacenamiento de l\u00edquidos en Puerto Bah\u00eda, Colombia\"}]},{\"@type\":\"WebSite\",\"@id\":\"https:\/\/p28223.grupoamper.com\/en\/#website\",\"url\":\"https:\/\/p28223.grupoamper.com\/en\/\",\"name\":\"Proes\",\"description\":\"\",\"publisher\":{\"@id\":\"https:\/\/p28223.grupoamper.com\/en\/#organization\"},\"potentialAction\":[{\"@type\":\"SearchAction\",\"target\":{\"@type\":\"EntryPoint\",\"urlTemplate\":\"https:\/\/p28223.grupoamper.com\/en\/?s={search_term_string}\"},\"query-input\":{\"@type\":\"PropertyValueSpecification\",\"valueRequired\":true,\"valueName\":\"search_term_string\"}}],\"inLanguage\":\"en-GB\"},{\"@type\":\"Organization\",\"@id\":\"https:\/\/p28223.grupoamper.com\/en\/#organization\",\"name\":\"Proes\",\"url\":\"https:\/\/p28223.grupoamper.com\/en\/\",\"logo\":{\"@type\":\"ImageObject\",\"inLanguage\":\"en-GB\",\"@id\":\"https:\/\/p28223.grupoamper.com\/en\/#\/schema\/logo\/image\/\",\"url\":\"https:\/\/www.proes.es\/wp-content\/uploads\/2023\/05\/Logo-Proes.png\",\"contentUrl\":\"https:\/\/www.proes.es\/wp-content\/uploads\/2023\/05\/Logo-Proes.png\",\"width\":520,\"height\":140,\"caption\":\"Proes\"},\"image\":{\"@id\":\"https:\/\/p28223.grupoamper.com\/en\/#\/schema\/logo\/image\/\"}},{\"@type\":\"Person\",\"@id\":\"https:\/\/p28223.grupoamper.com\/en\/#\/schema\/person\/97e415e7296dfb24d5c9c8cca875e830\",\"name\":\"Maria Victoria Del Pozo Vindel\",\"image\":{\"@type\":\"ImageObject\",\"inLanguage\":\"en-GB\",\"@id\":\"https:\/\/p28223.grupoamper.com\/en\/#\/schema\/person\/image\/\",\"url\":\"https:\/\/secure.gravatar.com\/avatar\/c8eb3a2abdf0e175fcb40a96a47283720040014ac5fb9b6ea4658d8d6b726bda?s=96&d=mm&r=g\",\"contentUrl\":\"https:\/\/secure.gravatar.com\/avatar\/c8eb3a2abdf0e175fcb40a96a47283720040014ac5fb9b6ea4658d8d6b726bda?s=96&d=mm&r=g\",\"caption\":\"Maria Victoria Del Pozo Vindel\"},\"sameAs\":[\"https:\/\/Proes\"],\"url\":\"https:\/\/www.proes.es\/en\/author\/marivi-pozo\/\"}]}<\/script>\n<!-- \/ Yoast SEO plugin. -->","yoast_head_json":{"title":"Revisi\u00f3n de la ingenier\u00eda b\u00e1sica de la terminal de almacenamiento de l\u00edquidos en Puerto Bah\u00eda, Colombia - Proes","robots":{"index":"index","follow":"follow","max-snippet":"max-snippet:-1","max-image-preview":"max-image-preview:large","max-video-preview":"max-video-preview:-1"},"canonical":"https:\/\/p28223.grupoamper.com\/revision-de-la-ingenieria-basica-de-la-terminal-de-almacenamiento-de-liquidos-en-puerto-bahia-colombia-2\/","og_locale":"en_GB","og_type":"article","og_title":"Revisi\u00f3n de la ingenier\u00eda b\u00e1sica de la terminal de almacenamiento de l\u00edquidos en Puerto Bah\u00eda, Colombia - Proes","og_description":"180.000 DWT Capacidad buques puerto exterior 80.000 DWT Capacidad buques puerto interior La fase inicial del proyecto comprende la construcci\u00f3n de un viaducto de acceso de unos 505 m y un muelle con 2 puestos de atraque. El puesto exterior, se dise\u00f1a para recibir buques tanqueros con una capacidad de atraque de hasta 180,000 DWT [&hellip;]","og_url":"https:\/\/p28223.grupoamper.com\/revision-de-la-ingenieria-basica-de-la-terminal-de-almacenamiento-de-liquidos-en-puerto-bahia-colombia-2\/","og_site_name":"Proes","article_published_time":"2024-01-31T11:54:44+00:00","article_modified_time":"2025-05-21T09:08:16+00:00","og_image":[{"width":984,"height":655,"url":"https:\/\/p28223.grupoamper.com\/wp-content\/uploads\/2021\/02\/puerto-bahia.jpg","type":"image\/jpeg"}],"author":"Maria Victoria Del Pozo Vindel","twitter_card":"summary_large_image","twitter_misc":{"Written by":"Maria Victoria Del Pozo Vindel","Estimated reading time":"1 minute"},"schema":{"@context":"https:\/\/schema.org","@graph":[{"@type":"Article","@id":"https:\/\/p28223.grupoamper.com\/revision-de-la-ingenieria-basica-de-la-terminal-de-almacenamiento-de-liquidos-en-puerto-bahia-colombia-2\/#article","isPartOf":{"@id":"https:\/\/p28223.grupoamper.com\/revision-de-la-ingenieria-basica-de-la-terminal-de-almacenamiento-de-liquidos-en-puerto-bahia-colombia-2\/"},"author":{"name":"Maria Victoria Del Pozo Vindel","@id":"https:\/\/p28223.grupoamper.com\/en\/#\/schema\/person\/97e415e7296dfb24d5c9c8cca875e830"},"headline":"Revisi\u00f3n de la ingenier\u00eda b\u00e1sica de la terminal de almacenamiento de l\u00edquidos en Puerto Bah\u00eda, Colombia","datePublished":"2024-01-31T11:54:44+00:00","dateModified":"2025-05-21T09:08:16+00:00","mainEntityOfPage":{"@id":"https:\/\/p28223.grupoamper.com\/revision-de-la-ingenieria-basica-de-la-terminal-de-almacenamiento-de-liquidos-en-puerto-bahia-colombia-2\/"},"wordCount":149,"publisher":{"@id":"https:\/\/p28223.grupoamper.com\/en\/#organization"},"image":{"@id":"https:\/\/p28223.grupoamper.com\/revision-de-la-ingenieria-basica-de-la-terminal-de-almacenamiento-de-liquidos-en-puerto-bahia-colombia-2\/#primaryimage"},"thumbnailUrl":"https:\/\/www.proes.es\/wp-content\/uploads\/2021\/02\/puerto-bahia.jpg","keywords":["Colombia"],"articleSection":["Dise\u00f1o de infraestructuras mar\u00edtimas"],"inLanguage":"en-GB"},{"@type":"WebPage","@id":"https:\/\/p28223.grupoamper.com\/revision-de-la-ingenieria-basica-de-la-terminal-de-almacenamiento-de-liquidos-en-puerto-bahia-colombia-2\/","url":"https:\/\/p28223.grupoamper.com\/revision-de-la-ingenieria-basica-de-la-terminal-de-almacenamiento-de-liquidos-en-puerto-bahia-colombia-2\/","name":"Revisi\u00f3n de la ingenier\u00eda b\u00e1sica de la terminal de almacenamiento de l\u00edquidos en Puerto Bah\u00eda, Colombia - Proes","isPartOf":{"@id":"https:\/\/p28223.grupoamper.com\/en\/#website"},"primaryImageOfPage":{"@id":"https:\/\/p28223.grupoamper.com\/revision-de-la-ingenieria-basica-de-la-terminal-de-almacenamiento-de-liquidos-en-puerto-bahia-colombia-2\/#primaryimage"},"image":{"@id":"https:\/\/p28223.grupoamper.com\/revision-de-la-ingenieria-basica-de-la-terminal-de-almacenamiento-de-liquidos-en-puerto-bahia-colombia-2\/#primaryimage"},"thumbnailUrl":"https:\/\/www.proes.es\/wp-content\/uploads\/2021\/02\/puerto-bahia.jpg","datePublished":"2024-01-31T11:54:44+00:00","dateModified":"2025-05-21T09:08:16+00:00","breadcrumb":{"@id":"https:\/\/p28223.grupoamper.com\/revision-de-la-ingenieria-basica-de-la-terminal-de-almacenamiento-de-liquidos-en-puerto-bahia-colombia-2\/#breadcrumb"},"inLanguage":"en-GB","potentialAction":[{"@type":"ReadAction","target":["https:\/\/p28223.grupoamper.com\/revision-de-la-ingenieria-basica-de-la-terminal-de-almacenamiento-de-liquidos-en-puerto-bahia-colombia-2\/"]}]},{"@type":"ImageObject","inLanguage":"en-GB","@id":"https:\/\/p28223.grupoamper.com\/revision-de-la-ingenieria-basica-de-la-terminal-de-almacenamiento-de-liquidos-en-puerto-bahia-colombia-2\/#primaryimage","url":"https:\/\/www.proes.es\/wp-content\/uploads\/2021\/02\/puerto-bahia.jpg","contentUrl":"https:\/\/www.proes.es\/wp-content\/uploads\/2021\/02\/puerto-bahia.jpg","width":984,"height":655},{"@type":"BreadcrumbList","@id":"https:\/\/p28223.grupoamper.com\/revision-de-la-ingenieria-basica-de-la-terminal-de-almacenamiento-de-liquidos-en-puerto-bahia-colombia-2\/#breadcrumb","itemListElement":[{"@type":"ListItem","position":1,"name":"Portada","item":"https:\/\/p28223.grupoamper.com\/en\/"},{"@type":"ListItem","position":2,"name":"Revisi\u00f3n de la ingenier\u00eda b\u00e1sica de la terminal de almacenamiento de l\u00edquidos en Puerto Bah\u00eda, Colombia"}]},{"@type":"WebSite","@id":"https:\/\/p28223.grupoamper.com\/en\/#website","url":"https:\/\/p28223.grupoamper.com\/en\/","name":"Proes,","description":"","publisher":{"@id":"https:\/\/p28223.grupoamper.com\/en\/#organization"},"potentialAction":[{"@type":"SearchAction","target":{"@type":"EntryPoint","urlTemplate":"https:\/\/p28223.grupoamper.com\/en\/?s={search_term_string}"},"query-input":{"@type":"PropertyValueSpecification","valueRequired":true,"valueName":"search_term_string"}}],"inLanguage":"en-GB"},{"@type":"Organization","@id":"https:\/\/p28223.grupoamper.com\/en\/#organization","name":"Proes,","url":"https:\/\/p28223.grupoamper.com\/en\/","logo":{"@type":"ImageObject","inLanguage":"en-GB","@id":"https:\/\/p28223.grupoamper.com\/en\/#\/schema\/logo\/image\/","url":"https:\/\/www.proes.es\/wp-content\/uploads\/2023\/05\/Logo-Proes.png","contentUrl":"https:\/\/www.proes.es\/wp-content\/uploads\/2023\/05\/Logo-Proes.png","width":520,"height":140,"caption":"Proes"},"image":{"@id":"https:\/\/p28223.grupoamper.com\/en\/#\/schema\/logo\/image\/"}},{"@type":"Person","@id":"https:\/\/p28223.grupoamper.com\/en\/#\/schema\/person\/97e415e7296dfb24d5c9c8cca875e830","name":"Maria Victoria Del Pozo Vindel","image":{"@type":"ImageObject","inLanguage":"en-GB","@id":"https:\/\/p28223.grupoamper.com\/en\/#\/schema\/person\/image\/","url":"https:\/\/secure.gravatar.com\/avatar\/c8eb3a2abdf0e175fcb40a96a47283720040014ac5fb9b6ea4658d8d6b726bda?s=96&d=mm&r=g","contentUrl":"https:\/\/secure.gravatar.com\/avatar\/c8eb3a2abdf0e175fcb40a96a47283720040014ac5fb9b6ea4658d8d6b726bda?s=96&d=mm&r=g","caption":"Maria Victoria Del Pozo Vindel"},"sameAs":["https:\/\/Proes"],"url":"https:\/\/www.proes.es\/en\/author\/marivi-pozo\/"}]}},"_links":{"self":[{"href":"https:\/\/www.proes.es\/en\/wp-json\/wp\/v2\/posts\/44653","targetHints":{"allow":["GET"]}}],"collection":[{"href":"https:\/\/www.proes.es\/en\/wp-json\/wp\/v2\/posts"}],"about":[{"href":"https:\/\/www.proes.es\/en\/wp-json\/wp\/v2\/types\/post"}],"author":[{"embeddable":true,"href":"https:\/\/www.proes.es\/en\/wp-json\/wp\/v2\/users\/13"}],"replies":[{"embeddable":true,"href":"https:\/\/www.proes.es\/en\/wp-json\/wp\/v2\/comments?post=44653"}],"version-history":[{"count":10,"href":"https:\/\/www.proes.es\/en\/wp-json\/wp\/v2\/posts\/44653\/revisions"}],"predecessor-version":[{"id":48793,"href":"https:\/\/www.proes.es\/en\/wp-json\/wp\/v2\/posts\/44653\/revisions\/48793"}],"wp:featuredmedia":[{"embeddable":true,"href":"https:\/\/www.proes.es\/en\/wp-json\/wp\/v2\/media\/30213"}],"wp:attachment":[{"href":"https:\/\/www.proes.es\/en\/wp-json\/wp\/v2\/media?parent=44653"}],"wp:term":[{"taxonomy":"category","embeddable":true,"href":"https:\/\/www.proes.es\/en\/wp-json\/wp\/v2\/categories?post=44653"},{"taxonomy":"post_tag","embeddable":true,"href":"https:\/\/www.proes.es\/en\/wp-json\/wp\/v2\/tags?post=44653"}],"curies":[{"name":"wp","href":"https:\/\/api.w.org\/{rel}","templated":true}]}}