{"id":44747,"date":"2024-02-01T09:18:11","date_gmt":"2024-02-01T08:18:11","guid":{"rendered":"https:\/\/www.proes.es\/?p=44747"},"modified":"2025-05-20T15:51:59","modified_gmt":"2025-05-20T13:51:59","slug":"proyecto-constructivo-de-infraestructuras-marinas-para-la-terminal-de-regasificacion-flotante-de-cartagena-colombia","status":"publish","type":"post","link":"https:\/\/www.proes.es\/en\/proyecto-constructivo-de-infraestructuras-marinas-para-la-terminal-de-regasificacion-flotante-de-cartagena-colombia\/","title":{"rendered":"Marine infrastructure construction project for the floating regasification terminal in Cartagena, Colombia"},"content":{"rendered":"<div data-elementor-type=\"wp-post\" data-elementor-id=\"44747\" class=\"elementor elementor-44747\" data-elementor-post-type=\"post\">\n\t\t\t\t<div class=\"elementor-element elementor-element-3cdfe8a e-flex e-con-boxed e-con e-parent\" data-id=\"3cdfe8a\" data-element_type=\"container\">\n\t\t\t\t\t<div class=\"e-con-inner\">\n\t\t\t\t<div class=\"elementor-element elementor-element-33d9f86 elementor-widget elementor-widget-image\" data-id=\"33d9f86\" data-element_type=\"widget\" data-widget_type=\"image.default\">\n\t\t\t\t<div class=\"elementor-widget-container\">\n\t\t\t\t\t\t\t\t\t\t\t\t\t\t\t<img fetchpriority=\"high\" decoding=\"async\" width=\"1280\" height=\"720\" src=\"https:\/\/www.proes.es\/wp-content\/uploads\/2023\/07\/SPEC-COLOMBIA.jpg\" class=\"attachment-full size-full wp-image-37352\" alt=\"\" srcset=\"https:\/\/www.proes.es\/wp-content\/uploads\/2023\/07\/SPEC-COLOMBIA.jpg 1280w, https:\/\/www.proes.es\/wp-content\/uploads\/2023\/07\/SPEC-COLOMBIA-300x169.jpg 300w, https:\/\/www.proes.es\/wp-content\/uploads\/2023\/07\/SPEC-COLOMBIA-1024x576.jpg 1024w, https:\/\/www.proes.es\/wp-content\/uploads\/2023\/07\/SPEC-COLOMBIA-768x432.jpg 768w, https:\/\/www.proes.es\/wp-content\/uploads\/2023\/07\/SPEC-COLOMBIA-18x10.jpg 18w\" sizes=\"(max-width: 1280px) 100vw, 1280px\" \/>\t\t\t\t\t\t\t\t\t\t\t\t\t\t\t<\/div>\n\t\t\t\t<\/div>\n\t\t\t\t\t<\/div>\n\t\t\t\t<\/div>\n\t\t<div class=\"elementor-element elementor-element-d37ad5a e-flex e-con-boxed e-con e-parent\" data-id=\"d37ad5a\" data-element_type=\"container\">\n\t\t\t\t\t<div class=\"e-con-inner\">\n\t\t<div class=\"elementor-element elementor-element-d49d1e0 e-con-full e-flex e-con e-child\" data-id=\"d49d1e0\" data-element_type=\"container\">\n\t\t\t\t<div class=\"elementor-element elementor-element-38c1739 elementor-widget elementor-widget-text-editor\" data-id=\"38c1739\" data-element_type=\"widget\" data-widget_type=\"text-editor.default\">\n\t\t\t\t<div class=\"elementor-widget-container\">\n\t\t\t\t\t\t\t\t\t<p style=\"text-align: center;\">533 Mpcd<\/p>\t\t\t\t\t\t\t\t<\/div>\n\t\t\t\t<\/div>\n\t\t\t\t<div class=\"elementor-element elementor-element-2ae89aa elementor-widget-divider--view-line elementor-widget elementor-widget-divider\" data-id=\"2ae89aa\" data-element_type=\"widget\" data-widget_type=\"divider.default\">\n\t\t\t\t<div class=\"elementor-widget-container\">\n\t\t\t\t\t\t\t<div class=\"elementor-divider\">\n\t\t\t<span class=\"elementor-divider-separator\">\n\t\t\t\t\t\t<\/span>\n\t\t<\/div>\n\t\t\t\t\t\t<\/div>\n\t\t\t\t<\/div>\n\t\t\t\t<div class=\"elementor-element elementor-element-facb681 elementor-widget elementor-widget-text-editor\" data-id=\"facb681\" data-element_type=\"widget\" data-widget_type=\"text-editor.default\">\n\t\t\t\t<div class=\"elementor-widget-container\">\n\t\t\t\t\t\t\t\t\t<p>Regasification capacity<\/p>\t\t\t\t\t\t\t\t<\/div>\n\t\t\t\t<\/div>\n\t\t\t\t<\/div>\n\t\t<div class=\"elementor-element elementor-element-2f9e185 e-con-full e-flex e-con e-child\" data-id=\"2f9e185\" data-element_type=\"container\">\n\t\t\t\t<div class=\"elementor-element elementor-element-5021c4d elementor-widget elementor-widget-text-editor\" data-id=\"5021c4d\" data-element_type=\"widget\" data-widget_type=\"text-editor.default\">\n\t\t\t\t<div class=\"elementor-widget-container\">\n\t\t\t\t\t\t\t\t\t<p style=\"text-align: center;\">170.000 m<sup>3<\/sup><\/p>\t\t\t\t\t\t\t\t<\/div>\n\t\t\t\t<\/div>\n\t\t\t\t<div class=\"elementor-element elementor-element-0f3f9ce elementor-widget-divider--view-line elementor-widget elementor-widget-divider\" data-id=\"0f3f9ce\" data-element_type=\"widget\" data-widget_type=\"divider.default\">\n\t\t\t\t<div class=\"elementor-widget-container\">\n\t\t\t\t\t\t\t<div class=\"elementor-divider\">\n\t\t\t<span class=\"elementor-divider-separator\">\n\t\t\t\t\t\t<\/span>\n\t\t<\/div>\n\t\t\t\t\t\t<\/div>\n\t\t\t\t<\/div>\n\t\t\t\t<div class=\"elementor-element elementor-element-e69e077 elementor-widget elementor-widget-text-editor\" data-id=\"e69e077\" data-element_type=\"widget\" data-widget_type=\"text-editor.default\">\n\t\t\t\t<div class=\"elementor-widget-container\">\n\t\t\t\t\t\t\t\t\t<p>LNG storage capacity<\/p>\t\t\t\t\t\t\t\t<\/div>\n\t\t\t\t<\/div>\n\t\t\t\t<\/div>\n\t\t\t\t\t<\/div>\n\t\t\t\t<\/div>\n\t\t<div class=\"elementor-element elementor-element-dac5cb7 e-flex e-con-boxed e-con e-parent\" data-id=\"dac5cb7\" data-element_type=\"container\">\n\t\t\t\t\t<div class=\"e-con-inner\">\n\t\t\t\t<div class=\"elementor-element elementor-element-a2134c5 elementor-widget__width-initial elementor-widget elementor-widget-text-editor\" data-id=\"a2134c5\" data-element_type=\"widget\" data-widget_type=\"text-editor.default\">\n\t\t\t\t<div class=\"elementor-widget-container\">\n\t\t\t\t\t\t\t\t\t<p>El proyecto consiste en el desarrollo de la ingenier\u00eda de detalle de la totalidad de las infraestructuras marinas constitutivas del frente de atraque para la terminal FSRU y el frente de conexi\u00f3n con la l\u00ednea de costa, que da soporte al gasoducto y dem\u00e1s servicios. El frente de atraque est\u00e1 dise\u00f1ado para permitir la transferencia de GNL buque a buque entre la FSRU y el metanero de transporte, permitiendo la entrada en servicio de la terminal en un corto espacio de tiempo.<\/p><p>The scope of the project developed by Proes includes nautical studies on the dynamics of moored ship behavior, real-time maneuver simulations, as well as the structural design of all terminal elements and the development of technical specifications for materials and equipment.<\/p><p><span style=\"color: #002f53;\"><strong>Location:<\/strong><\/span> Cartagena, Colombia<\/p><p><span style=\"color: #002f53;\"><strong>Date:<\/strong><\/span> 2014-2015<\/p><p><span style=\"color: #002f53;\"><strong>Scope of the project:<\/strong><\/span> constructive project<\/p>\t\t\t\t\t\t\t\t<\/div>\n\t\t\t\t<\/div>\n\t\t\t\t\t<\/div>\n\t\t\t\t<\/div>\n\t\t\t\t<\/div>","protected":false},"excerpt":{"rendered":"<p>533 Mpcd Capacidad de regasificaci\u00f3n 170.000 m3 Capacidad de almacenamiento de GNL El proyecto consiste en el desarrollo de la ingenier\u00eda de detalle de la totalidad de las infraestructuras marinas constitutivas del frente de atraque para la terminal FSRU y el frente de conexi\u00f3n con la l\u00ednea de costa, que da soporte al gasoducto y [&hellip;]<\/p>","protected":false},"author":13,"featured_media":37352,"comment_status":"closed","ping_status":"closed","sticky":false,"template":"","format":"standard","meta":{"footnotes":""},"categories":[76],"tags":[18],"class_list":["post-44747","post","type-post","status-publish","format-standard","has-post-thumbnail","hentry","category-diseno-de-infraestructuras-maritimas","tag-colombia"],"yoast_head":"<!-- This site is optimized with the Yoast SEO plugin v26.8 - https:\/\/yoast.com\/product\/yoast-seo-wordpress\/ -->\n<title>Proyecto constructivo de infraestructuras marinas para la terminal de regasificaci\u00f3n flotante de Cartagena, Colombia - Proes<\/title>\n<meta name=\"robots\" content=\"index, follow, max-snippet:-1, max-image-preview:large, max-video-preview:-1\" \/>\n<link rel=\"canonical\" href=\"https:\/\/www.proes.es\/en\/proyecto-constructivo-de-infraestructuras-marinas-para-la-terminal-de-regasificacion-flotante-de-cartagena-colombia\/\" \/>\n<meta property=\"og:locale\" content=\"en_GB\" \/>\n<meta property=\"og:type\" content=\"article\" \/>\n<meta property=\"og:title\" content=\"Proyecto constructivo de infraestructuras marinas para la terminal de regasificaci\u00f3n flotante de Cartagena, Colombia - Proes\" \/>\n<meta property=\"og:description\" content=\"533 Mpcd Capacidad de regasificaci\u00f3n 170.000 m3 Capacidad de almacenamiento de GNL El proyecto consiste en el desarrollo de la ingenier\u00eda de detalle de la totalidad de las infraestructuras marinas constitutivas del frente de atraque para la terminal FSRU y el frente de conexi\u00f3n con la l\u00ednea de costa, que da soporte al gasoducto y [&hellip;]\" \/>\n<meta property=\"og:url\" content=\"https:\/\/www.proes.es\/en\/proyecto-constructivo-de-infraestructuras-marinas-para-la-terminal-de-regasificacion-flotante-de-cartagena-colombia\/\" \/>\n<meta property=\"og:site_name\" content=\"Proes\" \/>\n<meta property=\"article:published_time\" content=\"2024-02-01T08:18:11+00:00\" \/>\n<meta property=\"article:modified_time\" content=\"2025-05-20T13:51:59+00:00\" \/>\n<meta property=\"og:image\" content=\"https:\/\/www.proes.es\/wp-content\/uploads\/2023\/07\/SPEC-COLOMBIA.jpg\" \/>\n\t<meta property=\"og:image:width\" content=\"1280\" \/>\n\t<meta property=\"og:image:height\" content=\"720\" \/>\n\t<meta property=\"og:image:type\" content=\"image\/jpeg\" \/>\n<meta name=\"author\" content=\"Maria Victoria Del Pozo Vindel\" \/>\n<meta name=\"twitter:card\" content=\"summary_large_image\" \/>\n<meta name=\"twitter:label1\" content=\"Written by\" \/>\n\t<meta name=\"twitter:data1\" content=\"Maria Victoria Del Pozo Vindel\" \/>\n\t<meta name=\"twitter:label2\" content=\"Estimated reading time\" \/>\n\t<meta name=\"twitter:data2\" content=\"1 minute\" \/>\n<script type=\"application\/ld+json\" class=\"yoast-schema-graph\">{\"@context\":\"https:\/\/schema.org\",\"@graph\":[{\"@type\":\"Article\",\"@id\":\"https:\/\/www.proes.es\/en\/proyecto-constructivo-de-infraestructuras-marinas-para-la-terminal-de-regasificacion-flotante-de-cartagena-colombia\/#article\",\"isPartOf\":{\"@id\":\"https:\/\/www.proes.es\/en\/proyecto-constructivo-de-infraestructuras-marinas-para-la-terminal-de-regasificacion-flotante-de-cartagena-colombia\/\"},\"author\":{\"name\":\"Maria Victoria Del Pozo Vindel\",\"@id\":\"https:\/\/p28223.grupoamper.com\/en\/#\/schema\/person\/97e415e7296dfb24d5c9c8cca875e830\"},\"headline\":\"Proyecto constructivo de infraestructuras marinas para la terminal de regasificaci\u00f3n flotante de Cartagena, Colombia\",\"datePublished\":\"2024-02-01T08:18:11+00:00\",\"dateModified\":\"2025-05-20T13:51:59+00:00\",\"mainEntityOfPage\":{\"@id\":\"https:\/\/www.proes.es\/en\/proyecto-constructivo-de-infraestructuras-marinas-para-la-terminal-de-regasificacion-flotante-de-cartagena-colombia\/\"},\"wordCount\":176,\"publisher\":{\"@id\":\"https:\/\/p28223.grupoamper.com\/en\/#organization\"},\"image\":{\"@id\":\"https:\/\/www.proes.es\/en\/proyecto-constructivo-de-infraestructuras-marinas-para-la-terminal-de-regasificacion-flotante-de-cartagena-colombia\/#primaryimage\"},\"thumbnailUrl\":\"https:\/\/www.proes.es\/wp-content\/uploads\/2023\/07\/SPEC-COLOMBIA.jpg\",\"keywords\":[\"Colombia\"],\"articleSection\":[\"Dise\u00f1o de infraestructuras mar\u00edtimas\"],\"inLanguage\":\"en-GB\"},{\"@type\":\"WebPage\",\"@id\":\"https:\/\/www.proes.es\/en\/proyecto-constructivo-de-infraestructuras-marinas-para-la-terminal-de-regasificacion-flotante-de-cartagena-colombia\/\",\"url\":\"https:\/\/www.proes.es\/en\/proyecto-constructivo-de-infraestructuras-marinas-para-la-terminal-de-regasificacion-flotante-de-cartagena-colombia\/\",\"name\":\"Proyecto constructivo de infraestructuras marinas para la terminal de regasificaci\u00f3n flotante de Cartagena, Colombia - Proes\",\"isPartOf\":{\"@id\":\"https:\/\/p28223.grupoamper.com\/en\/#website\"},\"primaryImageOfPage\":{\"@id\":\"https:\/\/www.proes.es\/en\/proyecto-constructivo-de-infraestructuras-marinas-para-la-terminal-de-regasificacion-flotante-de-cartagena-colombia\/#primaryimage\"},\"image\":{\"@id\":\"https:\/\/www.proes.es\/en\/proyecto-constructivo-de-infraestructuras-marinas-para-la-terminal-de-regasificacion-flotante-de-cartagena-colombia\/#primaryimage\"},\"thumbnailUrl\":\"https:\/\/www.proes.es\/wp-content\/uploads\/2023\/07\/SPEC-COLOMBIA.jpg\",\"datePublished\":\"2024-02-01T08:18:11+00:00\",\"dateModified\":\"2025-05-20T13:51:59+00:00\",\"breadcrumb\":{\"@id\":\"https:\/\/www.proes.es\/en\/proyecto-constructivo-de-infraestructuras-marinas-para-la-terminal-de-regasificacion-flotante-de-cartagena-colombia\/#breadcrumb\"},\"inLanguage\":\"en-GB\",\"potentialAction\":[{\"@type\":\"ReadAction\",\"target\":[\"https:\/\/www.proes.es\/en\/proyecto-constructivo-de-infraestructuras-marinas-para-la-terminal-de-regasificacion-flotante-de-cartagena-colombia\/\"]}]},{\"@type\":\"ImageObject\",\"inLanguage\":\"en-GB\",\"@id\":\"https:\/\/www.proes.es\/en\/proyecto-constructivo-de-infraestructuras-marinas-para-la-terminal-de-regasificacion-flotante-de-cartagena-colombia\/#primaryimage\",\"url\":\"https:\/\/www.proes.es\/wp-content\/uploads\/2023\/07\/SPEC-COLOMBIA.jpg\",\"contentUrl\":\"https:\/\/www.proes.es\/wp-content\/uploads\/2023\/07\/SPEC-COLOMBIA.jpg\",\"width\":1280,\"height\":720},{\"@type\":\"BreadcrumbList\",\"@id\":\"https:\/\/www.proes.es\/en\/proyecto-constructivo-de-infraestructuras-marinas-para-la-terminal-de-regasificacion-flotante-de-cartagena-colombia\/#breadcrumb\",\"itemListElement\":[{\"@type\":\"ListItem\",\"position\":1,\"name\":\"Portada\",\"item\":\"https:\/\/p28223.grupoamper.com\/en\/\"},{\"@type\":\"ListItem\",\"position\":2,\"name\":\"Proyecto constructivo de infraestructuras marinas para la terminal de regasificaci\u00f3n flotante de Cartagena, Colombia\"}]},{\"@type\":\"WebSite\",\"@id\":\"https:\/\/p28223.grupoamper.com\/en\/#website\",\"url\":\"https:\/\/p28223.grupoamper.com\/en\/\",\"name\":\"Proes\",\"description\":\"\",\"publisher\":{\"@id\":\"https:\/\/p28223.grupoamper.com\/en\/#organization\"},\"potentialAction\":[{\"@type\":\"SearchAction\",\"target\":{\"@type\":\"EntryPoint\",\"urlTemplate\":\"https:\/\/p28223.grupoamper.com\/en\/?s={search_term_string}\"},\"query-input\":{\"@type\":\"PropertyValueSpecification\",\"valueRequired\":true,\"valueName\":\"search_term_string\"}}],\"inLanguage\":\"en-GB\"},{\"@type\":\"Organization\",\"@id\":\"https:\/\/p28223.grupoamper.com\/en\/#organization\",\"name\":\"Proes\",\"url\":\"https:\/\/p28223.grupoamper.com\/en\/\",\"logo\":{\"@type\":\"ImageObject\",\"inLanguage\":\"en-GB\",\"@id\":\"https:\/\/p28223.grupoamper.com\/en\/#\/schema\/logo\/image\/\",\"url\":\"https:\/\/www.proes.es\/wp-content\/uploads\/2023\/05\/Logo-Proes.png\",\"contentUrl\":\"https:\/\/www.proes.es\/wp-content\/uploads\/2023\/05\/Logo-Proes.png\",\"width\":520,\"height\":140,\"caption\":\"Proes\"},\"image\":{\"@id\":\"https:\/\/p28223.grupoamper.com\/en\/#\/schema\/logo\/image\/\"}},{\"@type\":\"Person\",\"@id\":\"https:\/\/p28223.grupoamper.com\/en\/#\/schema\/person\/97e415e7296dfb24d5c9c8cca875e830\",\"name\":\"Maria Victoria Del Pozo Vindel\",\"image\":{\"@type\":\"ImageObject\",\"inLanguage\":\"en-GB\",\"@id\":\"https:\/\/p28223.grupoamper.com\/en\/#\/schema\/person\/image\/\",\"url\":\"https:\/\/secure.gravatar.com\/avatar\/c8eb3a2abdf0e175fcb40a96a47283720040014ac5fb9b6ea4658d8d6b726bda?s=96&d=mm&r=g\",\"contentUrl\":\"https:\/\/secure.gravatar.com\/avatar\/c8eb3a2abdf0e175fcb40a96a47283720040014ac5fb9b6ea4658d8d6b726bda?s=96&d=mm&r=g\",\"caption\":\"Maria Victoria Del Pozo Vindel\"},\"sameAs\":[\"https:\/\/Proes\"],\"url\":\"https:\/\/www.proes.es\/en\/author\/marivi-pozo\/\"}]}<\/script>\n<!-- \/ Yoast SEO plugin. -->","yoast_head_json":{"title":"Proyecto constructivo de infraestructuras marinas para la terminal de regasificaci\u00f3n flotante de Cartagena, Colombia - Proes","robots":{"index":"index","follow":"follow","max-snippet":"max-snippet:-1","max-image-preview":"max-image-preview:large","max-video-preview":"max-video-preview:-1"},"canonical":"https:\/\/www.proes.es\/en\/proyecto-constructivo-de-infraestructuras-marinas-para-la-terminal-de-regasificacion-flotante-de-cartagena-colombia\/","og_locale":"en_GB","og_type":"article","og_title":"Proyecto constructivo de infraestructuras marinas para la terminal de regasificaci\u00f3n flotante de Cartagena, Colombia - Proes","og_description":"533 Mpcd Capacidad de regasificaci\u00f3n 170.000 m3 Capacidad de almacenamiento de GNL El proyecto consiste en el desarrollo de la ingenier\u00eda de detalle de la totalidad de las infraestructuras marinas constitutivas del frente de atraque para la terminal FSRU y el frente de conexi\u00f3n con la l\u00ednea de costa, que da soporte al gasoducto y [&hellip;]","og_url":"https:\/\/www.proes.es\/en\/proyecto-constructivo-de-infraestructuras-marinas-para-la-terminal-de-regasificacion-flotante-de-cartagena-colombia\/","og_site_name":"Proes","article_published_time":"2024-02-01T08:18:11+00:00","article_modified_time":"2025-05-20T13:51:59+00:00","og_image":[{"width":1280,"height":720,"url":"https:\/\/www.proes.es\/wp-content\/uploads\/2023\/07\/SPEC-COLOMBIA.jpg","type":"image\/jpeg"}],"author":"Maria Victoria Del Pozo Vindel","twitter_card":"summary_large_image","twitter_misc":{"Written by":"Maria Victoria Del Pozo Vindel","Estimated reading time":"1 minute"},"schema":{"@context":"https:\/\/schema.org","@graph":[{"@type":"Article","@id":"https:\/\/www.proes.es\/en\/proyecto-constructivo-de-infraestructuras-marinas-para-la-terminal-de-regasificacion-flotante-de-cartagena-colombia\/#article","isPartOf":{"@id":"https:\/\/www.proes.es\/en\/proyecto-constructivo-de-infraestructuras-marinas-para-la-terminal-de-regasificacion-flotante-de-cartagena-colombia\/"},"author":{"name":"Maria Victoria Del Pozo Vindel","@id":"https:\/\/p28223.grupoamper.com\/en\/#\/schema\/person\/97e415e7296dfb24d5c9c8cca875e830"},"headline":"Proyecto constructivo de infraestructuras marinas para la terminal de regasificaci\u00f3n flotante de Cartagena, Colombia","datePublished":"2024-02-01T08:18:11+00:00","dateModified":"2025-05-20T13:51:59+00:00","mainEntityOfPage":{"@id":"https:\/\/www.proes.es\/en\/proyecto-constructivo-de-infraestructuras-marinas-para-la-terminal-de-regasificacion-flotante-de-cartagena-colombia\/"},"wordCount":176,"publisher":{"@id":"https:\/\/p28223.grupoamper.com\/en\/#organization"},"image":{"@id":"https:\/\/www.proes.es\/en\/proyecto-constructivo-de-infraestructuras-marinas-para-la-terminal-de-regasificacion-flotante-de-cartagena-colombia\/#primaryimage"},"thumbnailUrl":"https:\/\/www.proes.es\/wp-content\/uploads\/2023\/07\/SPEC-COLOMBIA.jpg","keywords":["Colombia"],"articleSection":["Dise\u00f1o de infraestructuras mar\u00edtimas"],"inLanguage":"en-GB"},{"@type":"WebPage","@id":"https:\/\/www.proes.es\/en\/proyecto-constructivo-de-infraestructuras-marinas-para-la-terminal-de-regasificacion-flotante-de-cartagena-colombia\/","url":"https:\/\/www.proes.es\/en\/proyecto-constructivo-de-infraestructuras-marinas-para-la-terminal-de-regasificacion-flotante-de-cartagena-colombia\/","name":"Proyecto constructivo de infraestructuras marinas para la terminal de regasificaci\u00f3n flotante de Cartagena, Colombia - Proes","isPartOf":{"@id":"https:\/\/p28223.grupoamper.com\/en\/#website"},"primaryImageOfPage":{"@id":"https:\/\/www.proes.es\/en\/proyecto-constructivo-de-infraestructuras-marinas-para-la-terminal-de-regasificacion-flotante-de-cartagena-colombia\/#primaryimage"},"image":{"@id":"https:\/\/www.proes.es\/en\/proyecto-constructivo-de-infraestructuras-marinas-para-la-terminal-de-regasificacion-flotante-de-cartagena-colombia\/#primaryimage"},"thumbnailUrl":"https:\/\/www.proes.es\/wp-content\/uploads\/2023\/07\/SPEC-COLOMBIA.jpg","datePublished":"2024-02-01T08:18:11+00:00","dateModified":"2025-05-20T13:51:59+00:00","breadcrumb":{"@id":"https:\/\/www.proes.es\/en\/proyecto-constructivo-de-infraestructuras-marinas-para-la-terminal-de-regasificacion-flotante-de-cartagena-colombia\/#breadcrumb"},"inLanguage":"en-GB","potentialAction":[{"@type":"ReadAction","target":["https:\/\/www.proes.es\/en\/proyecto-constructivo-de-infraestructuras-marinas-para-la-terminal-de-regasificacion-flotante-de-cartagena-colombia\/"]}]},{"@type":"ImageObject","inLanguage":"en-GB","@id":"https:\/\/www.proes.es\/en\/proyecto-constructivo-de-infraestructuras-marinas-para-la-terminal-de-regasificacion-flotante-de-cartagena-colombia\/#primaryimage","url":"https:\/\/www.proes.es\/wp-content\/uploads\/2023\/07\/SPEC-COLOMBIA.jpg","contentUrl":"https:\/\/www.proes.es\/wp-content\/uploads\/2023\/07\/SPEC-COLOMBIA.jpg","width":1280,"height":720},{"@type":"BreadcrumbList","@id":"https:\/\/www.proes.es\/en\/proyecto-constructivo-de-infraestructuras-marinas-para-la-terminal-de-regasificacion-flotante-de-cartagena-colombia\/#breadcrumb","itemListElement":[{"@type":"ListItem","position":1,"name":"Portada","item":"https:\/\/p28223.grupoamper.com\/en\/"},{"@type":"ListItem","position":2,"name":"Proyecto constructivo de infraestructuras marinas para la terminal de regasificaci\u00f3n flotante de Cartagena, Colombia"}]},{"@type":"WebSite","@id":"https:\/\/p28223.grupoamper.com\/en\/#website","url":"https:\/\/p28223.grupoamper.com\/en\/","name":"Proes,","description":"","publisher":{"@id":"https:\/\/p28223.grupoamper.com\/en\/#organization"},"potentialAction":[{"@type":"SearchAction","target":{"@type":"EntryPoint","urlTemplate":"https:\/\/p28223.grupoamper.com\/en\/?s={search_term_string}"},"query-input":{"@type":"PropertyValueSpecification","valueRequired":true,"valueName":"search_term_string"}}],"inLanguage":"en-GB"},{"@type":"Organization","@id":"https:\/\/p28223.grupoamper.com\/en\/#organization","name":"Proes,","url":"https:\/\/p28223.grupoamper.com\/en\/","logo":{"@type":"ImageObject","inLanguage":"en-GB","@id":"https:\/\/p28223.grupoamper.com\/en\/#\/schema\/logo\/image\/","url":"https:\/\/www.proes.es\/wp-content\/uploads\/2023\/05\/Logo-Proes.png","contentUrl":"https:\/\/www.proes.es\/wp-content\/uploads\/2023\/05\/Logo-Proes.png","width":520,"height":140,"caption":"Proes"},"image":{"@id":"https:\/\/p28223.grupoamper.com\/en\/#\/schema\/logo\/image\/"}},{"@type":"Person","@id":"https:\/\/p28223.grupoamper.com\/en\/#\/schema\/person\/97e415e7296dfb24d5c9c8cca875e830","name":"Maria Victoria Del Pozo Vindel","image":{"@type":"ImageObject","inLanguage":"en-GB","@id":"https:\/\/p28223.grupoamper.com\/en\/#\/schema\/person\/image\/","url":"https:\/\/secure.gravatar.com\/avatar\/c8eb3a2abdf0e175fcb40a96a47283720040014ac5fb9b6ea4658d8d6b726bda?s=96&d=mm&r=g","contentUrl":"https:\/\/secure.gravatar.com\/avatar\/c8eb3a2abdf0e175fcb40a96a47283720040014ac5fb9b6ea4658d8d6b726bda?s=96&d=mm&r=g","caption":"Maria Victoria Del Pozo Vindel"},"sameAs":["https:\/\/Proes"],"url":"https:\/\/www.proes.es\/en\/author\/marivi-pozo\/"}]}},"_links":{"self":[{"href":"https:\/\/www.proes.es\/en\/wp-json\/wp\/v2\/posts\/44747","targetHints":{"allow":["GET"]}}],"collection":[{"href":"https:\/\/www.proes.es\/en\/wp-json\/wp\/v2\/posts"}],"about":[{"href":"https:\/\/www.proes.es\/en\/wp-json\/wp\/v2\/types\/post"}],"author":[{"embeddable":true,"href":"https:\/\/www.proes.es\/en\/wp-json\/wp\/v2\/users\/13"}],"replies":[{"embeddable":true,"href":"https:\/\/www.proes.es\/en\/wp-json\/wp\/v2\/comments?post=44747"}],"version-history":[{"count":13,"href":"https:\/\/www.proes.es\/en\/wp-json\/wp\/v2\/posts\/44747\/revisions"}],"predecessor-version":[{"id":48781,"href":"https:\/\/www.proes.es\/en\/wp-json\/wp\/v2\/posts\/44747\/revisions\/48781"}],"wp:featuredmedia":[{"embeddable":true,"href":"https:\/\/www.proes.es\/en\/wp-json\/wp\/v2\/media\/37352"}],"wp:attachment":[{"href":"https:\/\/www.proes.es\/en\/wp-json\/wp\/v2\/media?parent=44747"}],"wp:term":[{"taxonomy":"category","embeddable":true,"href":"https:\/\/www.proes.es\/en\/wp-json\/wp\/v2\/categories?post=44747"},{"taxonomy":"post_tag","embeddable":true,"href":"https:\/\/www.proes.es\/en\/wp-json\/wp\/v2\/tags?post=44747"}],"curies":[{"name":"wp","href":"https:\/\/api.w.org\/{rel}","templated":true}]}}