{"id":44816,"date":"2024-02-01T11:24:29","date_gmt":"2024-02-01T10:24:29","guid":{"rendered":"https:\/\/www.proes.es\/?p=44816"},"modified":"2024-07-03T12:44:52","modified_gmt":"2024-07-03T10:44:52","slug":"proyecto-de-conexion-del-distrito-de-tetuan-con-la-m-30-eje-sor-angela-de-la-cruz-marques-de-viana-madrid","status":"publish","type":"post","link":"https:\/\/www.proes.es\/en\/proyecto-de-conexion-del-distrito-de-tetuan-con-la-m-30-eje-sor-angela-de-la-cruz-marques-de-viana-madrid\/","title":{"rendered":"Project to connect the Tetu\u00e1n district with the M-30, Sor \u00c1ngela de la Cruz - Marqu\u00e9s de Viana axis, Madrid."},"content":{"rendered":"<div data-elementor-type=\"wp-post\" data-elementor-id=\"44816\" class=\"elementor elementor-44816\" data-elementor-post-type=\"post\">\n\t\t\t\t<div class=\"elementor-element elementor-element-3cdfe8a e-flex e-con-boxed e-con e-parent\" data-id=\"3cdfe8a\" data-element_type=\"container\">\n\t\t\t\t\t<div class=\"e-con-inner\">\n\t\t\t\t<div class=\"elementor-element elementor-element-33d9f86 elementor-widget elementor-widget-image\" data-id=\"33d9f86\" data-element_type=\"widget\" data-widget_type=\"image.default\">\n\t\t\t\t<div class=\"elementor-widget-container\">\n\t\t\t\t\t\t\t\t\t\t\t\t\t\t\t<img fetchpriority=\"high\" decoding=\"async\" width=\"1138\" height=\"827\" src=\"https:\/\/www.proes.es\/wp-content\/uploads\/2021\/05\/Sor-Angela.0001.jpg\" class=\"attachment-full size-full wp-image-30400\" alt=\"\" srcset=\"https:\/\/www.proes.es\/wp-content\/uploads\/2021\/05\/Sor-Angela.0001.jpg 1138w, https:\/\/www.proes.es\/wp-content\/uploads\/2021\/05\/Sor-Angela.0001-300x218.jpg 300w, https:\/\/www.proes.es\/wp-content\/uploads\/2021\/05\/Sor-Angela.0001-1024x744.jpg 1024w, https:\/\/www.proes.es\/wp-content\/uploads\/2021\/05\/Sor-Angela.0001-768x558.jpg 768w\" sizes=\"(max-width: 1138px) 100vw, 1138px\" \/>\t\t\t\t\t\t\t\t\t\t\t\t\t\t\t<\/div>\n\t\t\t\t<\/div>\n\t\t\t\t\t<\/div>\n\t\t\t\t<\/div>\n\t\t<div class=\"elementor-element elementor-element-d37ad5a e-flex e-con-boxed e-con e-parent\" data-id=\"d37ad5a\" data-element_type=\"container\">\n\t\t\t\t\t<div class=\"e-con-inner\">\n\t\t<div class=\"elementor-element elementor-element-d49d1e0 e-con-full e-flex e-con e-child\" data-id=\"d49d1e0\" data-element_type=\"container\">\n\t\t\t\t<div class=\"elementor-element elementor-element-38c1739 elementor-widget elementor-widget-text-editor\" data-id=\"38c1739\" data-element_type=\"widget\" data-widget_type=\"text-editor.default\">\n\t\t\t\t<div class=\"elementor-widget-container\">\n\t\t\t\t\t\t\t\t\t<p style=\"text-align: center;\">51,1 M\u20ac<\/p>\t\t\t\t\t\t\t\t<\/div>\n\t\t\t\t<\/div>\n\t\t\t\t<div class=\"elementor-element elementor-element-2ae89aa elementor-widget-divider--view-line elementor-widget elementor-widget-divider\" data-id=\"2ae89aa\" data-element_type=\"widget\" data-widget_type=\"divider.default\">\n\t\t\t\t<div class=\"elementor-widget-container\">\n\t\t\t\t\t\t\t<div class=\"elementor-divider\">\n\t\t\t<span class=\"elementor-divider-separator\">\n\t\t\t\t\t\t<\/span>\n\t\t<\/div>\n\t\t\t\t\t\t<\/div>\n\t\t\t\t<\/div>\n\t\t\t\t<div class=\"elementor-element elementor-element-facb681 elementor-widget elementor-widget-text-editor\" data-id=\"facb681\" data-element_type=\"widget\" data-widget_type=\"text-editor.default\">\n\t\t\t\t<div class=\"elementor-widget-container\">\n\t\t\t\t\t\t\t\t\t<p>Budget&nbsp;<\/p>\t\t\t\t\t\t\t\t<\/div>\n\t\t\t\t<\/div>\n\t\t\t\t<\/div>\n\t\t<div class=\"elementor-element elementor-element-2f9e185 e-con-full e-flex e-con e-child\" data-id=\"2f9e185\" data-element_type=\"container\">\n\t\t\t\t<div class=\"elementor-element elementor-element-5021c4d elementor-widget elementor-widget-text-editor\" data-id=\"5021c4d\" data-element_type=\"widget\" data-widget_type=\"text-editor.default\">\n\t\t\t\t<div class=\"elementor-widget-container\">\n\t\t\t\t\t\t\t\t\t<p style=\"text-align: center;\">1,6 km<\/p>\t\t\t\t\t\t\t\t<\/div>\n\t\t\t\t<\/div>\n\t\t\t\t<div class=\"elementor-element elementor-element-0f3f9ce elementor-widget-divider--view-line elementor-widget elementor-widget-divider\" data-id=\"0f3f9ce\" data-element_type=\"widget\" data-widget_type=\"divider.default\">\n\t\t\t\t<div class=\"elementor-widget-container\">\n\t\t\t\t\t\t\t<div class=\"elementor-divider\">\n\t\t\t<span class=\"elementor-divider-separator\">\n\t\t\t\t\t\t<\/span>\n\t\t<\/div>\n\t\t\t\t\t\t<\/div>\n\t\t\t\t<\/div>\n\t\t\t\t<div class=\"elementor-element elementor-element-e69e077 elementor-widget elementor-widget-text-editor\" data-id=\"e69e077\" data-element_type=\"widget\" data-widget_type=\"text-editor.default\">\n\t\t\t\t<div class=\"elementor-widget-container\">\n\t\t\t\t\t\t\t\t\t<p>lenght<\/p>\t\t\t\t\t\t\t\t<\/div>\n\t\t\t\t<\/div>\n\t\t\t\t<\/div>\n\t\t\t\t\t<\/div>\n\t\t\t\t<\/div>\n\t\t<div class=\"elementor-element elementor-element-dac5cb7 e-flex e-con-boxed e-con e-parent\" data-id=\"dac5cb7\" data-element_type=\"container\">\n\t\t\t\t\t<div class=\"e-con-inner\">\n\t\t\t\t<div class=\"elementor-element elementor-element-a2134c5 elementor-widget__width-initial elementor-widget elementor-widget-text-editor\" data-id=\"a2134c5\" data-element_type=\"widget\" data-widget_type=\"text-editor.default\">\n\t\t\t\t<div class=\"elementor-widget-container\">\n\t\t\t\t\t\t\t\t\t<p>El objeto del proyecto es la definici\u00f3n de un t\u00fanel, de dos carriles por sentido, y de gran longitud por el que discurrir\u00e1 la nueva v\u00eda r\u00e1pida. Asimismo, se define tambi\u00e9n la ordenaci\u00f3n de la superficie y varios aparcamientos subterr\u00e1neos para los residentes.<\/p><p>En la calle Marqu\u00e9s de Viana se ha previsto un enlace directo para el distrito de Tetu\u00e1n con la nueva v\u00eda r\u00e1pida, que respeta el acueducto existente propiedad del Canal de Isabel II y perteneciente al denominado &#8220;Canal Bajo&#8221; o &#8220;de la Parra&#8221;, el cual fue la primera arteria de abastecimiento de agua a Madrid que construy\u00f3 el Canal.<\/p><p>\u00a0<\/p><p><strong><span style=\"color: #002f53;\">Location:<\/span> <\/strong>Madrid<\/p><p><span style=\"color: #002f53;\"><strong>Date:<\/strong><\/span> 2004<\/p><p><span style=\"color: #002f53;\"><strong>Budget:<\/strong> <\/span>51.149.949,06 \u20ac<\/p><p><span style=\"color: #002f53;\"><strong>Scope of the project:<\/strong><\/span>\u00a0construction project<\/p><p><span style=\"color: #002f53;\"><strong>Significant data:<\/strong><\/span>\u00a0t\u00fanel urbano de 1,6 km de longitud<\/p>\t\t\t\t\t\t\t\t<\/div>\n\t\t\t\t<\/div>\n\t\t\t\t\t<\/div>\n\t\t\t\t<\/div>\n\t\t\t\t<\/div>","protected":false},"excerpt":{"rendered":"<p>51,1 M\u20ac PEM&nbsp; 1,6 km longitud El objeto del proyecto es la definici\u00f3n de un t\u00fanel, de dos carriles por sentido, y de gran longitud por el que discurrir\u00e1 la nueva v\u00eda r\u00e1pida. Asimismo, se define tambi\u00e9n la ordenaci\u00f3n de la superficie y varios aparcamientos subterr\u00e1neos para los residentes. En la calle Marqu\u00e9s de Viana [&hellip;]<\/p>","protected":false},"author":14,"featured_media":30400,"comment_status":"closed","ping_status":"closed","sticky":false,"template":"","format":"standard","meta":{"footnotes":""},"categories":[69],"tags":[10],"class_list":["post-44816","post","type-post","status-publish","format-standard","has-post-thumbnail","hentry","category-edificacion","tag-espana"],"yoast_head":"<!-- This site is optimized with the Yoast SEO plugin v26.8 - https:\/\/yoast.com\/product\/yoast-seo-wordpress\/ -->\n<title>Proyecto de conexi\u00f3n del distrito de Tetu\u00e1n con la M-30, eje sor \u00c1ngela de la Cruz - Marqu\u00e9s de Viana, Madrid - Proes<\/title>\n<meta name=\"robots\" content=\"index, follow, max-snippet:-1, max-image-preview:large, max-video-preview:-1\" \/>\n<link rel=\"canonical\" href=\"https:\/\/www.proes.es\/en\/proyecto-de-conexion-del-distrito-de-tetuan-con-la-m-30-eje-sor-angela-de-la-cruz-marques-de-viana-madrid\/\" \/>\n<meta property=\"og:locale\" content=\"en_GB\" \/>\n<meta property=\"og:type\" content=\"article\" \/>\n<meta property=\"og:title\" content=\"Proyecto de conexi\u00f3n del distrito de Tetu\u00e1n con la M-30, eje sor \u00c1ngela de la Cruz - Marqu\u00e9s de Viana, Madrid - Proes\" \/>\n<meta property=\"og:description\" content=\"51,1 M\u20ac PEM&nbsp; 1,6 km longitud El objeto del proyecto es la definici\u00f3n de un t\u00fanel, de dos carriles por sentido, y de gran longitud por el que discurrir\u00e1 la nueva v\u00eda r\u00e1pida. Asimismo, se define tambi\u00e9n la ordenaci\u00f3n de la superficie y varios aparcamientos subterr\u00e1neos para los residentes. En la calle Marqu\u00e9s de Viana [&hellip;]\" \/>\n<meta property=\"og:url\" content=\"https:\/\/www.proes.es\/en\/proyecto-de-conexion-del-distrito-de-tetuan-con-la-m-30-eje-sor-angela-de-la-cruz-marques-de-viana-madrid\/\" \/>\n<meta property=\"og:site_name\" content=\"Proes\" \/>\n<meta property=\"article:published_time\" content=\"2024-02-01T10:24:29+00:00\" \/>\n<meta property=\"article:modified_time\" content=\"2024-07-03T10:44:52+00:00\" \/>\n<meta property=\"og:image\" content=\"https:\/\/www.proes.es\/wp-content\/uploads\/2021\/05\/Sor-Angela.0001.jpg\" \/>\n\t<meta property=\"og:image:width\" content=\"1138\" \/>\n\t<meta property=\"og:image:height\" content=\"827\" \/>\n\t<meta property=\"og:image:type\" content=\"image\/jpeg\" \/>\n<meta name=\"author\" content=\"Isabel.Caruana\" \/>\n<meta name=\"twitter:card\" content=\"summary_large_image\" \/>\n<meta name=\"twitter:label1\" content=\"Written by\" \/>\n\t<meta name=\"twitter:data1\" content=\"Isabel.Caruana\" \/>\n\t<meta name=\"twitter:label2\" content=\"Estimated reading time\" \/>\n\t<meta name=\"twitter:data2\" content=\"1 minute\" \/>\n<script type=\"application\/ld+json\" class=\"yoast-schema-graph\">{\"@context\":\"https:\/\/schema.org\",\"@graph\":[{\"@type\":\"Article\",\"@id\":\"https:\/\/www.proes.es\/en\/proyecto-de-conexion-del-distrito-de-tetuan-con-la-m-30-eje-sor-angela-de-la-cruz-marques-de-viana-madrid\/#article\",\"isPartOf\":{\"@id\":\"https:\/\/www.proes.es\/en\/proyecto-de-conexion-del-distrito-de-tetuan-con-la-m-30-eje-sor-angela-de-la-cruz-marques-de-viana-madrid\/\"},\"author\":{\"name\":\"Isabel.Caruana\",\"@id\":\"https:\/\/p28223.grupoamper.com\/en\/#\/schema\/person\/36e57a12577f759f8f2836cd8fba1c03\"},\"headline\":\"Proyecto de conexi\u00f3n del distrito de Tetu\u00e1n con la M-30, eje sor \u00c1ngela de la Cruz &#8211; Marqu\u00e9s de Viana, Madrid\",\"datePublished\":\"2024-02-01T10:24:29+00:00\",\"dateModified\":\"2024-07-03T10:44:52+00:00\",\"mainEntityOfPage\":{\"@id\":\"https:\/\/www.proes.es\/en\/proyecto-de-conexion-del-distrito-de-tetuan-con-la-m-30-eje-sor-angela-de-la-cruz-marques-de-viana-madrid\/\"},\"wordCount\":163,\"publisher\":{\"@id\":\"https:\/\/p28223.grupoamper.com\/en\/#organization\"},\"image\":{\"@id\":\"https:\/\/www.proes.es\/en\/proyecto-de-conexion-del-distrito-de-tetuan-con-la-m-30-eje-sor-angela-de-la-cruz-marques-de-viana-madrid\/#primaryimage\"},\"thumbnailUrl\":\"https:\/\/www.proes.es\/wp-content\/uploads\/2021\/05\/Sor-Angela.0001.jpg\",\"keywords\":[\"Espa\u00f1a\"],\"articleSection\":[\"Edificaci\u00f3n\"],\"inLanguage\":\"en-GB\"},{\"@type\":\"WebPage\",\"@id\":\"https:\/\/www.proes.es\/en\/proyecto-de-conexion-del-distrito-de-tetuan-con-la-m-30-eje-sor-angela-de-la-cruz-marques-de-viana-madrid\/\",\"url\":\"https:\/\/www.proes.es\/en\/proyecto-de-conexion-del-distrito-de-tetuan-con-la-m-30-eje-sor-angela-de-la-cruz-marques-de-viana-madrid\/\",\"name\":\"Proyecto de conexi\u00f3n del distrito de Tetu\u00e1n con la M-30, eje sor \u00c1ngela de la Cruz - Marqu\u00e9s de Viana, Madrid - Proes\",\"isPartOf\":{\"@id\":\"https:\/\/p28223.grupoamper.com\/en\/#website\"},\"primaryImageOfPage\":{\"@id\":\"https:\/\/www.proes.es\/en\/proyecto-de-conexion-del-distrito-de-tetuan-con-la-m-30-eje-sor-angela-de-la-cruz-marques-de-viana-madrid\/#primaryimage\"},\"image\":{\"@id\":\"https:\/\/www.proes.es\/en\/proyecto-de-conexion-del-distrito-de-tetuan-con-la-m-30-eje-sor-angela-de-la-cruz-marques-de-viana-madrid\/#primaryimage\"},\"thumbnailUrl\":\"https:\/\/www.proes.es\/wp-content\/uploads\/2021\/05\/Sor-Angela.0001.jpg\",\"datePublished\":\"2024-02-01T10:24:29+00:00\",\"dateModified\":\"2024-07-03T10:44:52+00:00\",\"breadcrumb\":{\"@id\":\"https:\/\/www.proes.es\/en\/proyecto-de-conexion-del-distrito-de-tetuan-con-la-m-30-eje-sor-angela-de-la-cruz-marques-de-viana-madrid\/#breadcrumb\"},\"inLanguage\":\"en-GB\",\"potentialAction\":[{\"@type\":\"ReadAction\",\"target\":[\"https:\/\/www.proes.es\/en\/proyecto-de-conexion-del-distrito-de-tetuan-con-la-m-30-eje-sor-angela-de-la-cruz-marques-de-viana-madrid\/\"]}]},{\"@type\":\"ImageObject\",\"inLanguage\":\"en-GB\",\"@id\":\"https:\/\/www.proes.es\/en\/proyecto-de-conexion-del-distrito-de-tetuan-con-la-m-30-eje-sor-angela-de-la-cruz-marques-de-viana-madrid\/#primaryimage\",\"url\":\"https:\/\/www.proes.es\/wp-content\/uploads\/2021\/05\/Sor-Angela.0001.jpg\",\"contentUrl\":\"https:\/\/www.proes.es\/wp-content\/uploads\/2021\/05\/Sor-Angela.0001.jpg\",\"width\":1138,\"height\":827},{\"@type\":\"BreadcrumbList\",\"@id\":\"https:\/\/www.proes.es\/en\/proyecto-de-conexion-del-distrito-de-tetuan-con-la-m-30-eje-sor-angela-de-la-cruz-marques-de-viana-madrid\/#breadcrumb\",\"itemListElement\":[{\"@type\":\"ListItem\",\"position\":1,\"name\":\"Portada\",\"item\":\"https:\/\/p28223.grupoamper.com\/en\/\"},{\"@type\":\"ListItem\",\"position\":2,\"name\":\"Proyecto de conexi\u00f3n del distrito de Tetu\u00e1n con la M-30, eje sor \u00c1ngela de la Cruz &#8211; Marqu\u00e9s de Viana, Madrid\"}]},{\"@type\":\"WebSite\",\"@id\":\"https:\/\/p28223.grupoamper.com\/en\/#website\",\"url\":\"https:\/\/p28223.grupoamper.com\/en\/\",\"name\":\"Proes\",\"description\":\"\",\"publisher\":{\"@id\":\"https:\/\/p28223.grupoamper.com\/en\/#organization\"},\"potentialAction\":[{\"@type\":\"SearchAction\",\"target\":{\"@type\":\"EntryPoint\",\"urlTemplate\":\"https:\/\/p28223.grupoamper.com\/en\/?s={search_term_string}\"},\"query-input\":{\"@type\":\"PropertyValueSpecification\",\"valueRequired\":true,\"valueName\":\"search_term_string\"}}],\"inLanguage\":\"en-GB\"},{\"@type\":\"Organization\",\"@id\":\"https:\/\/p28223.grupoamper.com\/en\/#organization\",\"name\":\"Proes\",\"url\":\"https:\/\/p28223.grupoamper.com\/en\/\",\"logo\":{\"@type\":\"ImageObject\",\"inLanguage\":\"en-GB\",\"@id\":\"https:\/\/p28223.grupoamper.com\/en\/#\/schema\/logo\/image\/\",\"url\":\"https:\/\/www.proes.es\/wp-content\/uploads\/2023\/05\/Logo-Proes.png\",\"contentUrl\":\"https:\/\/www.proes.es\/wp-content\/uploads\/2023\/05\/Logo-Proes.png\",\"width\":520,\"height\":140,\"caption\":\"Proes\"},\"image\":{\"@id\":\"https:\/\/p28223.grupoamper.com\/en\/#\/schema\/logo\/image\/\"}},{\"@type\":\"Person\",\"@id\":\"https:\/\/p28223.grupoamper.com\/en\/#\/schema\/person\/36e57a12577f759f8f2836cd8fba1c03\",\"name\":\"Isabel.Caruana\",\"image\":{\"@type\":\"ImageObject\",\"inLanguage\":\"en-GB\",\"@id\":\"https:\/\/p28223.grupoamper.com\/en\/#\/schema\/person\/image\/\",\"url\":\"https:\/\/secure.gravatar.com\/avatar\/4a350cf9d30b1b93d55c0b1fca1bdc4539442248717055d1a3bb3f1d49dff91d?s=96&d=mm&r=g\",\"contentUrl\":\"https:\/\/secure.gravatar.com\/avatar\/4a350cf9d30b1b93d55c0b1fca1bdc4539442248717055d1a3bb3f1d49dff91d?s=96&d=mm&r=g\",\"caption\":\"Isabel.Caruana\"},\"sameAs\":[\"https:\/\/Proes\"],\"url\":\"https:\/\/www.proes.es\/en\/author\/isabel-caruana\/\"}]}<\/script>\n<!-- \/ Yoast SEO plugin. -->","yoast_head_json":{"title":"Proyecto de conexi\u00f3n del distrito de Tetu\u00e1n con la M-30, eje sor \u00c1ngela de la Cruz - Marqu\u00e9s de Viana, Madrid - Proes","robots":{"index":"index","follow":"follow","max-snippet":"max-snippet:-1","max-image-preview":"max-image-preview:large","max-video-preview":"max-video-preview:-1"},"canonical":"https:\/\/www.proes.es\/en\/proyecto-de-conexion-del-distrito-de-tetuan-con-la-m-30-eje-sor-angela-de-la-cruz-marques-de-viana-madrid\/","og_locale":"en_GB","og_type":"article","og_title":"Proyecto de conexi\u00f3n del distrito de Tetu\u00e1n con la M-30, eje sor \u00c1ngela de la Cruz - Marqu\u00e9s de Viana, Madrid - Proes","og_description":"51,1 M\u20ac PEM&nbsp; 1,6 km longitud El objeto del proyecto es la definici\u00f3n de un t\u00fanel, de dos carriles por sentido, y de gran longitud por el que discurrir\u00e1 la nueva v\u00eda r\u00e1pida. Asimismo, se define tambi\u00e9n la ordenaci\u00f3n de la superficie y varios aparcamientos subterr\u00e1neos para los residentes. En la calle Marqu\u00e9s de Viana [&hellip;]","og_url":"https:\/\/www.proes.es\/en\/proyecto-de-conexion-del-distrito-de-tetuan-con-la-m-30-eje-sor-angela-de-la-cruz-marques-de-viana-madrid\/","og_site_name":"Proes","article_published_time":"2024-02-01T10:24:29+00:00","article_modified_time":"2024-07-03T10:44:52+00:00","og_image":[{"width":1138,"height":827,"url":"https:\/\/www.proes.es\/wp-content\/uploads\/2021\/05\/Sor-Angela.0001.jpg","type":"image\/jpeg"}],"author":"Isabel.Caruana","twitter_card":"summary_large_image","twitter_misc":{"Written by":"Isabel.Caruana","Estimated reading time":"1 minute"},"schema":{"@context":"https:\/\/schema.org","@graph":[{"@type":"Article","@id":"https:\/\/www.proes.es\/en\/proyecto-de-conexion-del-distrito-de-tetuan-con-la-m-30-eje-sor-angela-de-la-cruz-marques-de-viana-madrid\/#article","isPartOf":{"@id":"https:\/\/www.proes.es\/en\/proyecto-de-conexion-del-distrito-de-tetuan-con-la-m-30-eje-sor-angela-de-la-cruz-marques-de-viana-madrid\/"},"author":{"name":"Isabel.Caruana","@id":"https:\/\/p28223.grupoamper.com\/en\/#\/schema\/person\/36e57a12577f759f8f2836cd8fba1c03"},"headline":"Proyecto de conexi\u00f3n del distrito de Tetu\u00e1n con la M-30, eje sor \u00c1ngela de la Cruz &#8211; Marqu\u00e9s de Viana, Madrid","datePublished":"2024-02-01T10:24:29+00:00","dateModified":"2024-07-03T10:44:52+00:00","mainEntityOfPage":{"@id":"https:\/\/www.proes.es\/en\/proyecto-de-conexion-del-distrito-de-tetuan-con-la-m-30-eje-sor-angela-de-la-cruz-marques-de-viana-madrid\/"},"wordCount":163,"publisher":{"@id":"https:\/\/p28223.grupoamper.com\/en\/#organization"},"image":{"@id":"https:\/\/www.proes.es\/en\/proyecto-de-conexion-del-distrito-de-tetuan-con-la-m-30-eje-sor-angela-de-la-cruz-marques-de-viana-madrid\/#primaryimage"},"thumbnailUrl":"https:\/\/www.proes.es\/wp-content\/uploads\/2021\/05\/Sor-Angela.0001.jpg","keywords":["Espa\u00f1a"],"articleSection":["Edificaci\u00f3n"],"inLanguage":"en-GB"},{"@type":"WebPage","@id":"https:\/\/www.proes.es\/en\/proyecto-de-conexion-del-distrito-de-tetuan-con-la-m-30-eje-sor-angela-de-la-cruz-marques-de-viana-madrid\/","url":"https:\/\/www.proes.es\/en\/proyecto-de-conexion-del-distrito-de-tetuan-con-la-m-30-eje-sor-angela-de-la-cruz-marques-de-viana-madrid\/","name":"Proyecto de conexi\u00f3n del distrito de Tetu\u00e1n con la M-30, eje sor \u00c1ngela de la Cruz - Marqu\u00e9s de Viana, Madrid - Proes","isPartOf":{"@id":"https:\/\/p28223.grupoamper.com\/en\/#website"},"primaryImageOfPage":{"@id":"https:\/\/www.proes.es\/en\/proyecto-de-conexion-del-distrito-de-tetuan-con-la-m-30-eje-sor-angela-de-la-cruz-marques-de-viana-madrid\/#primaryimage"},"image":{"@id":"https:\/\/www.proes.es\/en\/proyecto-de-conexion-del-distrito-de-tetuan-con-la-m-30-eje-sor-angela-de-la-cruz-marques-de-viana-madrid\/#primaryimage"},"thumbnailUrl":"https:\/\/www.proes.es\/wp-content\/uploads\/2021\/05\/Sor-Angela.0001.jpg","datePublished":"2024-02-01T10:24:29+00:00","dateModified":"2024-07-03T10:44:52+00:00","breadcrumb":{"@id":"https:\/\/www.proes.es\/en\/proyecto-de-conexion-del-distrito-de-tetuan-con-la-m-30-eje-sor-angela-de-la-cruz-marques-de-viana-madrid\/#breadcrumb"},"inLanguage":"en-GB","potentialAction":[{"@type":"ReadAction","target":["https:\/\/www.proes.es\/en\/proyecto-de-conexion-del-distrito-de-tetuan-con-la-m-30-eje-sor-angela-de-la-cruz-marques-de-viana-madrid\/"]}]},{"@type":"ImageObject","inLanguage":"en-GB","@id":"https:\/\/www.proes.es\/en\/proyecto-de-conexion-del-distrito-de-tetuan-con-la-m-30-eje-sor-angela-de-la-cruz-marques-de-viana-madrid\/#primaryimage","url":"https:\/\/www.proes.es\/wp-content\/uploads\/2021\/05\/Sor-Angela.0001.jpg","contentUrl":"https:\/\/www.proes.es\/wp-content\/uploads\/2021\/05\/Sor-Angela.0001.jpg","width":1138,"height":827},{"@type":"BreadcrumbList","@id":"https:\/\/www.proes.es\/en\/proyecto-de-conexion-del-distrito-de-tetuan-con-la-m-30-eje-sor-angela-de-la-cruz-marques-de-viana-madrid\/#breadcrumb","itemListElement":[{"@type":"ListItem","position":1,"name":"Portada","item":"https:\/\/p28223.grupoamper.com\/en\/"},{"@type":"ListItem","position":2,"name":"Proyecto de conexi\u00f3n del distrito de Tetu\u00e1n con la M-30, eje sor \u00c1ngela de la Cruz &#8211; Marqu\u00e9s de Viana, Madrid"}]},{"@type":"WebSite","@id":"https:\/\/p28223.grupoamper.com\/en\/#website","url":"https:\/\/p28223.grupoamper.com\/en\/","name":"Proes,","description":"","publisher":{"@id":"https:\/\/p28223.grupoamper.com\/en\/#organization"},"potentialAction":[{"@type":"SearchAction","target":{"@type":"EntryPoint","urlTemplate":"https:\/\/p28223.grupoamper.com\/en\/?s={search_term_string}"},"query-input":{"@type":"PropertyValueSpecification","valueRequired":true,"valueName":"search_term_string"}}],"inLanguage":"en-GB"},{"@type":"Organization","@id":"https:\/\/p28223.grupoamper.com\/en\/#organization","name":"Proes,","url":"https:\/\/p28223.grupoamper.com\/en\/","logo":{"@type":"ImageObject","inLanguage":"en-GB","@id":"https:\/\/p28223.grupoamper.com\/en\/#\/schema\/logo\/image\/","url":"https:\/\/www.proes.es\/wp-content\/uploads\/2023\/05\/Logo-Proes.png","contentUrl":"https:\/\/www.proes.es\/wp-content\/uploads\/2023\/05\/Logo-Proes.png","width":520,"height":140,"caption":"Proes"},"image":{"@id":"https:\/\/p28223.grupoamper.com\/en\/#\/schema\/logo\/image\/"}},{"@type":"Person","@id":"https:\/\/p28223.grupoamper.com\/en\/#\/schema\/person\/36e57a12577f759f8f2836cd8fba1c03","name":"Isabel.Caruana","image":{"@type":"ImageObject","inLanguage":"en-GB","@id":"https:\/\/p28223.grupoamper.com\/en\/#\/schema\/person\/image\/","url":"https:\/\/secure.gravatar.com\/avatar\/4a350cf9d30b1b93d55c0b1fca1bdc4539442248717055d1a3bb3f1d49dff91d?s=96&d=mm&r=g","contentUrl":"https:\/\/secure.gravatar.com\/avatar\/4a350cf9d30b1b93d55c0b1fca1bdc4539442248717055d1a3bb3f1d49dff91d?s=96&d=mm&r=g","caption":"Isabel.Caruana"},"sameAs":["https:\/\/Proes"],"url":"https:\/\/www.proes.es\/en\/author\/isabel-caruana\/"}]}},"_links":{"self":[{"href":"https:\/\/www.proes.es\/en\/wp-json\/wp\/v2\/posts\/44816","targetHints":{"allow":["GET"]}}],"collection":[{"href":"https:\/\/www.proes.es\/en\/wp-json\/wp\/v2\/posts"}],"about":[{"href":"https:\/\/www.proes.es\/en\/wp-json\/wp\/v2\/types\/post"}],"author":[{"embeddable":true,"href":"https:\/\/www.proes.es\/en\/wp-json\/wp\/v2\/users\/14"}],"replies":[{"embeddable":true,"href":"https:\/\/www.proes.es\/en\/wp-json\/wp\/v2\/comments?post=44816"}],"version-history":[{"count":15,"href":"https:\/\/www.proes.es\/en\/wp-json\/wp\/v2\/posts\/44816\/revisions"}],"predecessor-version":[{"id":47654,"href":"https:\/\/www.proes.es\/en\/wp-json\/wp\/v2\/posts\/44816\/revisions\/47654"}],"wp:featuredmedia":[{"embeddable":true,"href":"https:\/\/www.proes.es\/en\/wp-json\/wp\/v2\/media\/30400"}],"wp:attachment":[{"href":"https:\/\/www.proes.es\/en\/wp-json\/wp\/v2\/media?parent=44816"}],"wp:term":[{"taxonomy":"category","embeddable":true,"href":"https:\/\/www.proes.es\/en\/wp-json\/wp\/v2\/categories?post=44816"},{"taxonomy":"post_tag","embeddable":true,"href":"https:\/\/www.proes.es\/en\/wp-json\/wp\/v2\/tags?post=44816"}],"curies":[{"name":"wp","href":"https:\/\/api.w.org\/{rel}","templated":true}]}}