{"id":44818,"date":"2024-02-01T11:38:38","date_gmt":"2024-02-01T10:38:38","guid":{"rendered":"https:\/\/www.proes.es\/?p=44818"},"modified":"2024-07-03T13:02:09","modified_gmt":"2024-07-03T11:02:09","slug":"proyecto-y-direccion-de-obra-de-nave-industrial-y-urbanizacion-para-airbus-en-getafe-madrid","status":"publish","type":"post","link":"https:\/\/www.proes.es\/en\/proyecto-y-direccion-de-obra-de-nave-industrial-y-urbanizacion-para-airbus-en-getafe-madrid\/","title":{"rendered":"Project and site management of industrial building and urbanisation for Airbus in Getafe, Madrid."},"content":{"rendered":"<div data-elementor-type=\"wp-post\" data-elementor-id=\"44818\" class=\"elementor elementor-44818\" data-elementor-post-type=\"post\">\n\t\t\t\t<div class=\"elementor-element elementor-element-3cdfe8a e-flex e-con-boxed e-con e-parent\" data-id=\"3cdfe8a\" data-element_type=\"container\">\n\t\t\t\t\t<div class=\"e-con-inner\">\n\t\t\t\t<div class=\"elementor-element elementor-element-33d9f86 elementor-widget elementor-widget-image\" data-id=\"33d9f86\" data-element_type=\"widget\" data-widget_type=\"image.default\">\n\t\t\t\t<div class=\"elementor-widget-container\">\n\t\t\t\t\t\t\t\t\t\t\t\t\t\t\t<img fetchpriority=\"high\" decoding=\"async\" width=\"1418\" height=\"798\" src=\"https:\/\/www.proes.es\/wp-content\/uploads\/2023\/09\/Airbus-presentacion-RFP2-06042017.png\" class=\"attachment-full size-full wp-image-42906\" alt=\"\" srcset=\"https:\/\/www.proes.es\/wp-content\/uploads\/2023\/09\/Airbus-presentacion-RFP2-06042017.png 1418w, https:\/\/www.proes.es\/wp-content\/uploads\/2023\/09\/Airbus-presentacion-RFP2-06042017-300x169.png 300w, https:\/\/www.proes.es\/wp-content\/uploads\/2023\/09\/Airbus-presentacion-RFP2-06042017-1024x576.png 1024w, https:\/\/www.proes.es\/wp-content\/uploads\/2023\/09\/Airbus-presentacion-RFP2-06042017-768x432.png 768w, https:\/\/www.proes.es\/wp-content\/uploads\/2023\/09\/Airbus-presentacion-RFP2-06042017-18x10.png 18w\" sizes=\"(max-width: 1418px) 100vw, 1418px\" \/>\t\t\t\t\t\t\t\t\t\t\t\t\t\t\t<\/div>\n\t\t\t\t<\/div>\n\t\t\t\t\t<\/div>\n\t\t\t\t<\/div>\n\t\t<div class=\"elementor-element elementor-element-d37ad5a e-flex e-con-boxed e-con e-parent\" data-id=\"d37ad5a\" data-element_type=\"container\">\n\t\t\t\t\t<div class=\"e-con-inner\">\n\t\t<div class=\"elementor-element elementor-element-d49d1e0 e-con-full e-flex e-con e-child\" data-id=\"d49d1e0\" data-element_type=\"container\">\n\t\t\t\t<div class=\"elementor-element elementor-element-38c1739 elementor-widget elementor-widget-text-editor\" data-id=\"38c1739\" data-element_type=\"widget\" data-widget_type=\"text-editor.default\">\n\t\t\t\t<div class=\"elementor-widget-container\">\n\t\t\t\t\t\t\t\t\t<p style=\"text-align: center;\">2.133.300 \u20ac<\/p>\t\t\t\t\t\t\t\t<\/div>\n\t\t\t\t<\/div>\n\t\t\t\t<div class=\"elementor-element elementor-element-2ae89aa elementor-widget-divider--view-line elementor-widget elementor-widget-divider\" data-id=\"2ae89aa\" data-element_type=\"widget\" data-widget_type=\"divider.default\">\n\t\t\t\t<div class=\"elementor-widget-container\">\n\t\t\t\t\t\t\t<div class=\"elementor-divider\">\n\t\t\t<span class=\"elementor-divider-separator\">\n\t\t\t\t\t\t<\/span>\n\t\t<\/div>\n\t\t\t\t\t\t<\/div>\n\t\t\t\t<\/div>\n\t\t\t\t<div class=\"elementor-element elementor-element-facb681 elementor-widget elementor-widget-text-editor\" data-id=\"facb681\" data-element_type=\"widget\" data-widget_type=\"text-editor.default\">\n\t\t\t\t<div class=\"elementor-widget-container\">\n\t\t\t\t\t\t\t\t\t<p>Budget&nbsp;<\/p>\t\t\t\t\t\t\t\t<\/div>\n\t\t\t\t<\/div>\n\t\t\t\t<\/div>\n\t\t<div class=\"elementor-element elementor-element-2f9e185 e-con-full e-flex e-con e-child\" data-id=\"2f9e185\" data-element_type=\"container\">\n\t\t\t\t<div class=\"elementor-element elementor-element-5021c4d elementor-widget elementor-widget-text-editor\" data-id=\"5021c4d\" data-element_type=\"widget\" data-widget_type=\"text-editor.default\">\n\t\t\t\t<div class=\"elementor-widget-container\">\n\t\t\t\t\t\t\t\t\t<p style=\"text-align: center;\">20.000 m<sup>2<\/sup><\/p>\t\t\t\t\t\t\t\t<\/div>\n\t\t\t\t<\/div>\n\t\t\t\t<div class=\"elementor-element elementor-element-0f3f9ce elementor-widget-divider--view-line elementor-widget elementor-widget-divider\" data-id=\"0f3f9ce\" data-element_type=\"widget\" data-widget_type=\"divider.default\">\n\t\t\t\t<div class=\"elementor-widget-container\">\n\t\t\t\t\t\t\t<div class=\"elementor-divider\">\n\t\t\t<span class=\"elementor-divider-separator\">\n\t\t\t\t\t\t<\/span>\n\t\t<\/div>\n\t\t\t\t\t\t<\/div>\n\t\t\t\t<\/div>\n\t\t\t\t<div class=\"elementor-element elementor-element-e69e077 elementor-widget elementor-widget-text-editor\" data-id=\"e69e077\" data-element_type=\"widget\" data-widget_type=\"text-editor.default\">\n\t\t\t\t<div class=\"elementor-widget-container\">\n\t\t\t\t\t\t\t\t\t<p>Edificio industrial<\/p>\t\t\t\t\t\t\t\t<\/div>\n\t\t\t\t<\/div>\n\t\t\t\t<\/div>\n\t\t\t\t\t<\/div>\n\t\t\t\t<\/div>\n\t\t<div class=\"elementor-element elementor-element-dac5cb7 e-flex e-con-boxed e-con e-parent\" data-id=\"dac5cb7\" data-element_type=\"container\">\n\t\t\t\t\t<div class=\"e-con-inner\">\n\t\t\t\t<div class=\"elementor-element elementor-element-a2134c5 elementor-widget__width-initial elementor-widget elementor-widget-text-editor\" data-id=\"a2134c5\" data-element_type=\"widget\" data-widget_type=\"text-editor.default\">\n\t\t\t\t<div class=\"elementor-widget-container\">\n\t\t\t\t\t\t\t\t\t<p>Proes ha llevado a cabo el proyecto y la direcci\u00f3n de obra de las nuevas instalaciones para la producci\u00f3n de los componentes del lanzador Ariane 6 en la expansi\u00f3n Sur de la factor\u00eda Airbus en Getafe, Madrid.<\/p><p>Incluye un edificio industrial de m\u00e1s de 20.000 m\u00b2, que cuenta con zona industrial y sala limpia, as\u00ed como un edificio de oficinas de 2.000 m\u00b2. Tambi\u00e9n se realiza la urbanizaci\u00f3n alrededor de las edificaciones, en una superficie de 7.569 m\u00b2. Adicionalmente, se ha realizado el proyecto y la direcci\u00f3n de obra de los viales de acceso a dicha nave, incluyendo aceras, el carril bici y banda de vegetaci\u00f3n.<\/p><p><span style=\"color: #002f53;\"><strong>Location:<\/strong><\/span> Getafe, Madrid<\/p><p><span style=\"color: #002f53;\"><strong>Presupuesto:<\/strong><\/span> 2.133.300 \u20ac<\/p><p><span style=\"color: #002f53;\"><strong>Date:<\/strong><\/span> 2016-2019<\/p><p><span style=\"color: #002f53;\"><strong>Scope of the project:<\/strong><\/span>\u00a0proyecto b\u00e1sico, proyecto de actividad, Plan Director de la parcela, proyecto de ejecuci\u00f3n y direcci\u00f3n de las obras<\/p>\t\t\t\t\t\t\t\t<\/div>\n\t\t\t\t<\/div>\n\t\t\t\t\t<\/div>\n\t\t\t\t<\/div>\n\t\t\t\t<\/div>","protected":false},"excerpt":{"rendered":"<p>2.133.300 \u20ac PEM&nbsp; 20.000 m2 Edificio industrial Proes ha llevado a cabo el proyecto y la direcci\u00f3n de obra de las nuevas instalaciones para la producci\u00f3n de los componentes del lanzador Ariane 6 en la expansi\u00f3n Sur de la factor\u00eda Airbus en Getafe, Madrid. Incluye un edificio industrial de m\u00e1s de 20.000 m\u00b2, que cuenta [&hellip;]<\/p>","protected":false},"author":13,"featured_media":42906,"comment_status":"closed","ping_status":"closed","sticky":false,"template":"","format":"standard","meta":{"footnotes":""},"categories":[69],"tags":[10],"class_list":["post-44818","post","type-post","status-publish","format-standard","has-post-thumbnail","hentry","category-edificacion","tag-espana"],"yoast_head":"<!-- This site is optimized with the Yoast SEO plugin v26.8 - https:\/\/yoast.com\/product\/yoast-seo-wordpress\/ -->\n<title>Proyecto y direcci\u00f3n de obra de nave industrial y urbanizaci\u00f3n para Airbus en Getafe, Madrid - Proes<\/title>\n<meta name=\"robots\" content=\"index, follow, max-snippet:-1, max-image-preview:large, max-video-preview:-1\" \/>\n<link rel=\"canonical\" href=\"https:\/\/p28223.grupoamper.com\/en\/proyecto-y-direccion-de-obra-de-nave-industrial-y-urbanizacion-para-airbus-en-getafe-madrid\/\" \/>\n<meta property=\"og:locale\" content=\"en_GB\" \/>\n<meta property=\"og:type\" content=\"article\" \/>\n<meta property=\"og:title\" content=\"Proyecto y direcci\u00f3n de obra de nave industrial y urbanizaci\u00f3n para Airbus en Getafe, Madrid - Proes\" \/>\n<meta property=\"og:description\" content=\"2.133.300 \u20ac PEM&nbsp; 20.000 m2 Edificio industrial Proes ha llevado a cabo el proyecto y la direcci\u00f3n de obra de las nuevas instalaciones para la producci\u00f3n de los componentes del lanzador Ariane 6 en la expansi\u00f3n Sur de la factor\u00eda Airbus en Getafe, Madrid. Incluye un edificio industrial de m\u00e1s de 20.000 m\u00b2, que cuenta [&hellip;]\" \/>\n<meta property=\"og:url\" content=\"https:\/\/p28223.grupoamper.com\/en\/proyecto-y-direccion-de-obra-de-nave-industrial-y-urbanizacion-para-airbus-en-getafe-madrid\/\" \/>\n<meta property=\"og:site_name\" content=\"Proes\" \/>\n<meta property=\"article:published_time\" content=\"2024-02-01T10:38:38+00:00\" \/>\n<meta property=\"article:modified_time\" content=\"2024-07-03T11:02:09+00:00\" \/>\n<meta property=\"og:image\" content=\"https:\/\/p28223.grupoamper.com\/wp-content\/uploads\/2023\/09\/Airbus-presentacion-RFP2-06042017-1024x576.png\" \/>\n\t<meta property=\"og:image:width\" content=\"1024\" \/>\n\t<meta property=\"og:image:height\" content=\"576\" \/>\n\t<meta property=\"og:image:type\" content=\"image\/png\" \/>\n<meta name=\"author\" content=\"Maria Victoria Del Pozo Vindel\" \/>\n<meta name=\"twitter:card\" content=\"summary_large_image\" \/>\n<meta name=\"twitter:label1\" content=\"Written by\" \/>\n\t<meta name=\"twitter:data1\" content=\"Maria Victoria Del Pozo Vindel\" \/>\n\t<meta name=\"twitter:label2\" content=\"Estimated reading time\" \/>\n\t<meta name=\"twitter:data2\" content=\"1 minute\" \/>\n<script type=\"application\/ld+json\" class=\"yoast-schema-graph\">{\"@context\":\"https:\/\/schema.org\",\"@graph\":[{\"@type\":\"Article\",\"@id\":\"https:\/\/p28223.grupoamper.com\/en\/proyecto-y-direccion-de-obra-de-nave-industrial-y-urbanizacion-para-airbus-en-getafe-madrid\/#article\",\"isPartOf\":{\"@id\":\"https:\/\/p28223.grupoamper.com\/en\/proyecto-y-direccion-de-obra-de-nave-industrial-y-urbanizacion-para-airbus-en-getafe-madrid\/\"},\"author\":{\"name\":\"Maria Victoria Del Pozo Vindel\",\"@id\":\"https:\/\/p28223.grupoamper.com\/en\/#\/schema\/person\/97e415e7296dfb24d5c9c8cca875e830\"},\"headline\":\"Proyecto y direcci\u00f3n de obra de nave industrial y urbanizaci\u00f3n para Airbus en Getafe, Madrid\",\"datePublished\":\"2024-02-01T10:38:38+00:00\",\"dateModified\":\"2024-07-03T11:02:09+00:00\",\"mainEntityOfPage\":{\"@id\":\"https:\/\/p28223.grupoamper.com\/en\/proyecto-y-direccion-de-obra-de-nave-industrial-y-urbanizacion-para-airbus-en-getafe-madrid\/\"},\"wordCount\":164,\"publisher\":{\"@id\":\"https:\/\/p28223.grupoamper.com\/en\/#organization\"},\"image\":{\"@id\":\"https:\/\/p28223.grupoamper.com\/en\/proyecto-y-direccion-de-obra-de-nave-industrial-y-urbanizacion-para-airbus-en-getafe-madrid\/#primaryimage\"},\"thumbnailUrl\":\"https:\/\/www.proes.es\/wp-content\/uploads\/2023\/09\/Airbus-presentacion-RFP2-06042017.png\",\"keywords\":[\"Espa\u00f1a\"],\"articleSection\":[\"Edificaci\u00f3n\"],\"inLanguage\":\"en-GB\"},{\"@type\":\"WebPage\",\"@id\":\"https:\/\/p28223.grupoamper.com\/en\/proyecto-y-direccion-de-obra-de-nave-industrial-y-urbanizacion-para-airbus-en-getafe-madrid\/\",\"url\":\"https:\/\/p28223.grupoamper.com\/en\/proyecto-y-direccion-de-obra-de-nave-industrial-y-urbanizacion-para-airbus-en-getafe-madrid\/\",\"name\":\"Proyecto y direcci\u00f3n de obra de nave industrial y urbanizaci\u00f3n para Airbus en Getafe, Madrid - Proes\",\"isPartOf\":{\"@id\":\"https:\/\/p28223.grupoamper.com\/en\/#website\"},\"primaryImageOfPage\":{\"@id\":\"https:\/\/p28223.grupoamper.com\/en\/proyecto-y-direccion-de-obra-de-nave-industrial-y-urbanizacion-para-airbus-en-getafe-madrid\/#primaryimage\"},\"image\":{\"@id\":\"https:\/\/p28223.grupoamper.com\/en\/proyecto-y-direccion-de-obra-de-nave-industrial-y-urbanizacion-para-airbus-en-getafe-madrid\/#primaryimage\"},\"thumbnailUrl\":\"https:\/\/www.proes.es\/wp-content\/uploads\/2023\/09\/Airbus-presentacion-RFP2-06042017.png\",\"datePublished\":\"2024-02-01T10:38:38+00:00\",\"dateModified\":\"2024-07-03T11:02:09+00:00\",\"breadcrumb\":{\"@id\":\"https:\/\/p28223.grupoamper.com\/en\/proyecto-y-direccion-de-obra-de-nave-industrial-y-urbanizacion-para-airbus-en-getafe-madrid\/#breadcrumb\"},\"inLanguage\":\"en-GB\",\"potentialAction\":[{\"@type\":\"ReadAction\",\"target\":[\"https:\/\/p28223.grupoamper.com\/en\/proyecto-y-direccion-de-obra-de-nave-industrial-y-urbanizacion-para-airbus-en-getafe-madrid\/\"]}]},{\"@type\":\"ImageObject\",\"inLanguage\":\"en-GB\",\"@id\":\"https:\/\/p28223.grupoamper.com\/en\/proyecto-y-direccion-de-obra-de-nave-industrial-y-urbanizacion-para-airbus-en-getafe-madrid\/#primaryimage\",\"url\":\"https:\/\/www.proes.es\/wp-content\/uploads\/2023\/09\/Airbus-presentacion-RFP2-06042017.png\",\"contentUrl\":\"https:\/\/www.proes.es\/wp-content\/uploads\/2023\/09\/Airbus-presentacion-RFP2-06042017.png\",\"width\":1418,\"height\":798},{\"@type\":\"BreadcrumbList\",\"@id\":\"https:\/\/p28223.grupoamper.com\/en\/proyecto-y-direccion-de-obra-de-nave-industrial-y-urbanizacion-para-airbus-en-getafe-madrid\/#breadcrumb\",\"itemListElement\":[{\"@type\":\"ListItem\",\"position\":1,\"name\":\"Portada\",\"item\":\"https:\/\/p28223.grupoamper.com\/en\/\"},{\"@type\":\"ListItem\",\"position\":2,\"name\":\"Proyecto y direcci\u00f3n de obra de nave industrial y urbanizaci\u00f3n para Airbus en Getafe, Madrid\"}]},{\"@type\":\"WebSite\",\"@id\":\"https:\/\/p28223.grupoamper.com\/en\/#website\",\"url\":\"https:\/\/p28223.grupoamper.com\/en\/\",\"name\":\"Proes\",\"description\":\"\",\"publisher\":{\"@id\":\"https:\/\/p28223.grupoamper.com\/en\/#organization\"},\"potentialAction\":[{\"@type\":\"SearchAction\",\"target\":{\"@type\":\"EntryPoint\",\"urlTemplate\":\"https:\/\/p28223.grupoamper.com\/en\/?s={search_term_string}\"},\"query-input\":{\"@type\":\"PropertyValueSpecification\",\"valueRequired\":true,\"valueName\":\"search_term_string\"}}],\"inLanguage\":\"en-GB\"},{\"@type\":\"Organization\",\"@id\":\"https:\/\/p28223.grupoamper.com\/en\/#organization\",\"name\":\"Proes\",\"url\":\"https:\/\/p28223.grupoamper.com\/en\/\",\"logo\":{\"@type\":\"ImageObject\",\"inLanguage\":\"en-GB\",\"@id\":\"https:\/\/p28223.grupoamper.com\/en\/#\/schema\/logo\/image\/\",\"url\":\"https:\/\/www.proes.es\/wp-content\/uploads\/2023\/05\/Logo-Proes.png\",\"contentUrl\":\"https:\/\/www.proes.es\/wp-content\/uploads\/2023\/05\/Logo-Proes.png\",\"width\":520,\"height\":140,\"caption\":\"Proes\"},\"image\":{\"@id\":\"https:\/\/p28223.grupoamper.com\/en\/#\/schema\/logo\/image\/\"}},{\"@type\":\"Person\",\"@id\":\"https:\/\/p28223.grupoamper.com\/en\/#\/schema\/person\/97e415e7296dfb24d5c9c8cca875e830\",\"name\":\"Maria Victoria Del Pozo Vindel\",\"image\":{\"@type\":\"ImageObject\",\"inLanguage\":\"en-GB\",\"@id\":\"https:\/\/p28223.grupoamper.com\/en\/#\/schema\/person\/image\/\",\"url\":\"https:\/\/secure.gravatar.com\/avatar\/c8eb3a2abdf0e175fcb40a96a47283720040014ac5fb9b6ea4658d8d6b726bda?s=96&d=mm&r=g\",\"contentUrl\":\"https:\/\/secure.gravatar.com\/avatar\/c8eb3a2abdf0e175fcb40a96a47283720040014ac5fb9b6ea4658d8d6b726bda?s=96&d=mm&r=g\",\"caption\":\"Maria Victoria Del Pozo Vindel\"},\"sameAs\":[\"https:\/\/Proes\"],\"url\":\"https:\/\/www.proes.es\/en\/author\/marivi-pozo\/\"}]}<\/script>\n<!-- \/ Yoast SEO plugin. -->","yoast_head_json":{"title":"Proyecto y direcci\u00f3n de obra de nave industrial y urbanizaci\u00f3n para Airbus en Getafe, Madrid - Proes","robots":{"index":"index","follow":"follow","max-snippet":"max-snippet:-1","max-image-preview":"max-image-preview:large","max-video-preview":"max-video-preview:-1"},"canonical":"https:\/\/p28223.grupoamper.com\/en\/proyecto-y-direccion-de-obra-de-nave-industrial-y-urbanizacion-para-airbus-en-getafe-madrid\/","og_locale":"en_GB","og_type":"article","og_title":"Proyecto y direcci\u00f3n de obra de nave industrial y urbanizaci\u00f3n para Airbus en Getafe, Madrid - Proes","og_description":"2.133.300 \u20ac PEM&nbsp; 20.000 m2 Edificio industrial Proes ha llevado a cabo el proyecto y la direcci\u00f3n de obra de las nuevas instalaciones para la producci\u00f3n de los componentes del lanzador Ariane 6 en la expansi\u00f3n Sur de la factor\u00eda Airbus en Getafe, Madrid. Incluye un edificio industrial de m\u00e1s de 20.000 m\u00b2, que cuenta [&hellip;]","og_url":"https:\/\/p28223.grupoamper.com\/en\/proyecto-y-direccion-de-obra-de-nave-industrial-y-urbanizacion-para-airbus-en-getafe-madrid\/","og_site_name":"Proes","article_published_time":"2024-02-01T10:38:38+00:00","article_modified_time":"2024-07-03T11:02:09+00:00","og_image":[{"width":1024,"height":576,"url":"https:\/\/p28223.grupoamper.com\/wp-content\/uploads\/2023\/09\/Airbus-presentacion-RFP2-06042017-1024x576.png","type":"image\/png"}],"author":"Maria Victoria Del Pozo Vindel","twitter_card":"summary_large_image","twitter_misc":{"Written by":"Maria Victoria Del Pozo Vindel","Estimated reading time":"1 minute"},"schema":{"@context":"https:\/\/schema.org","@graph":[{"@type":"Article","@id":"https:\/\/p28223.grupoamper.com\/en\/proyecto-y-direccion-de-obra-de-nave-industrial-y-urbanizacion-para-airbus-en-getafe-madrid\/#article","isPartOf":{"@id":"https:\/\/p28223.grupoamper.com\/en\/proyecto-y-direccion-de-obra-de-nave-industrial-y-urbanizacion-para-airbus-en-getafe-madrid\/"},"author":{"name":"Maria Victoria Del Pozo Vindel","@id":"https:\/\/p28223.grupoamper.com\/en\/#\/schema\/person\/97e415e7296dfb24d5c9c8cca875e830"},"headline":"Proyecto y direcci\u00f3n de obra de nave industrial y urbanizaci\u00f3n para Airbus en Getafe, Madrid","datePublished":"2024-02-01T10:38:38+00:00","dateModified":"2024-07-03T11:02:09+00:00","mainEntityOfPage":{"@id":"https:\/\/p28223.grupoamper.com\/en\/proyecto-y-direccion-de-obra-de-nave-industrial-y-urbanizacion-para-airbus-en-getafe-madrid\/"},"wordCount":164,"publisher":{"@id":"https:\/\/p28223.grupoamper.com\/en\/#organization"},"image":{"@id":"https:\/\/p28223.grupoamper.com\/en\/proyecto-y-direccion-de-obra-de-nave-industrial-y-urbanizacion-para-airbus-en-getafe-madrid\/#primaryimage"},"thumbnailUrl":"https:\/\/www.proes.es\/wp-content\/uploads\/2023\/09\/Airbus-presentacion-RFP2-06042017.png","keywords":["Espa\u00f1a"],"articleSection":["Edificaci\u00f3n"],"inLanguage":"en-GB"},{"@type":"WebPage","@id":"https:\/\/p28223.grupoamper.com\/en\/proyecto-y-direccion-de-obra-de-nave-industrial-y-urbanizacion-para-airbus-en-getafe-madrid\/","url":"https:\/\/p28223.grupoamper.com\/en\/proyecto-y-direccion-de-obra-de-nave-industrial-y-urbanizacion-para-airbus-en-getafe-madrid\/","name":"Proyecto y direcci\u00f3n de obra de nave industrial y urbanizaci\u00f3n para Airbus en Getafe, Madrid - Proes","isPartOf":{"@id":"https:\/\/p28223.grupoamper.com\/en\/#website"},"primaryImageOfPage":{"@id":"https:\/\/p28223.grupoamper.com\/en\/proyecto-y-direccion-de-obra-de-nave-industrial-y-urbanizacion-para-airbus-en-getafe-madrid\/#primaryimage"},"image":{"@id":"https:\/\/p28223.grupoamper.com\/en\/proyecto-y-direccion-de-obra-de-nave-industrial-y-urbanizacion-para-airbus-en-getafe-madrid\/#primaryimage"},"thumbnailUrl":"https:\/\/www.proes.es\/wp-content\/uploads\/2023\/09\/Airbus-presentacion-RFP2-06042017.png","datePublished":"2024-02-01T10:38:38+00:00","dateModified":"2024-07-03T11:02:09+00:00","breadcrumb":{"@id":"https:\/\/p28223.grupoamper.com\/en\/proyecto-y-direccion-de-obra-de-nave-industrial-y-urbanizacion-para-airbus-en-getafe-madrid\/#breadcrumb"},"inLanguage":"en-GB","potentialAction":[{"@type":"ReadAction","target":["https:\/\/p28223.grupoamper.com\/en\/proyecto-y-direccion-de-obra-de-nave-industrial-y-urbanizacion-para-airbus-en-getafe-madrid\/"]}]},{"@type":"ImageObject","inLanguage":"en-GB","@id":"https:\/\/p28223.grupoamper.com\/en\/proyecto-y-direccion-de-obra-de-nave-industrial-y-urbanizacion-para-airbus-en-getafe-madrid\/#primaryimage","url":"https:\/\/www.proes.es\/wp-content\/uploads\/2023\/09\/Airbus-presentacion-RFP2-06042017.png","contentUrl":"https:\/\/www.proes.es\/wp-content\/uploads\/2023\/09\/Airbus-presentacion-RFP2-06042017.png","width":1418,"height":798},{"@type":"BreadcrumbList","@id":"https:\/\/p28223.grupoamper.com\/en\/proyecto-y-direccion-de-obra-de-nave-industrial-y-urbanizacion-para-airbus-en-getafe-madrid\/#breadcrumb","itemListElement":[{"@type":"ListItem","position":1,"name":"Portada","item":"https:\/\/p28223.grupoamper.com\/en\/"},{"@type":"ListItem","position":2,"name":"Proyecto y direcci\u00f3n de obra de nave industrial y urbanizaci\u00f3n para Airbus en Getafe, Madrid"}]},{"@type":"WebSite","@id":"https:\/\/p28223.grupoamper.com\/en\/#website","url":"https:\/\/p28223.grupoamper.com\/en\/","name":"Proes,","description":"","publisher":{"@id":"https:\/\/p28223.grupoamper.com\/en\/#organization"},"potentialAction":[{"@type":"SearchAction","target":{"@type":"EntryPoint","urlTemplate":"https:\/\/p28223.grupoamper.com\/en\/?s={search_term_string}"},"query-input":{"@type":"PropertyValueSpecification","valueRequired":true,"valueName":"search_term_string"}}],"inLanguage":"en-GB"},{"@type":"Organization","@id":"https:\/\/p28223.grupoamper.com\/en\/#organization","name":"Proes,","url":"https:\/\/p28223.grupoamper.com\/en\/","logo":{"@type":"ImageObject","inLanguage":"en-GB","@id":"https:\/\/p28223.grupoamper.com\/en\/#\/schema\/logo\/image\/","url":"https:\/\/www.proes.es\/wp-content\/uploads\/2023\/05\/Logo-Proes.png","contentUrl":"https:\/\/www.proes.es\/wp-content\/uploads\/2023\/05\/Logo-Proes.png","width":520,"height":140,"caption":"Proes"},"image":{"@id":"https:\/\/p28223.grupoamper.com\/en\/#\/schema\/logo\/image\/"}},{"@type":"Person","@id":"https:\/\/p28223.grupoamper.com\/en\/#\/schema\/person\/97e415e7296dfb24d5c9c8cca875e830","name":"Maria Victoria Del Pozo Vindel","image":{"@type":"ImageObject","inLanguage":"en-GB","@id":"https:\/\/p28223.grupoamper.com\/en\/#\/schema\/person\/image\/","url":"https:\/\/secure.gravatar.com\/avatar\/c8eb3a2abdf0e175fcb40a96a47283720040014ac5fb9b6ea4658d8d6b726bda?s=96&d=mm&r=g","contentUrl":"https:\/\/secure.gravatar.com\/avatar\/c8eb3a2abdf0e175fcb40a96a47283720040014ac5fb9b6ea4658d8d6b726bda?s=96&d=mm&r=g","caption":"Maria Victoria Del Pozo Vindel"},"sameAs":["https:\/\/Proes"],"url":"https:\/\/www.proes.es\/en\/author\/marivi-pozo\/"}]}},"_links":{"self":[{"href":"https:\/\/www.proes.es\/en\/wp-json\/wp\/v2\/posts\/44818","targetHints":{"allow":["GET"]}}],"collection":[{"href":"https:\/\/www.proes.es\/en\/wp-json\/wp\/v2\/posts"}],"about":[{"href":"https:\/\/www.proes.es\/en\/wp-json\/wp\/v2\/types\/post"}],"author":[{"embeddable":true,"href":"https:\/\/www.proes.es\/en\/wp-json\/wp\/v2\/users\/13"}],"replies":[{"embeddable":true,"href":"https:\/\/www.proes.es\/en\/wp-json\/wp\/v2\/comments?post=44818"}],"version-history":[{"count":10,"href":"https:\/\/www.proes.es\/en\/wp-json\/wp\/v2\/posts\/44818\/revisions"}],"predecessor-version":[{"id":47759,"href":"https:\/\/www.proes.es\/en\/wp-json\/wp\/v2\/posts\/44818\/revisions\/47759"}],"wp:featuredmedia":[{"embeddable":true,"href":"https:\/\/www.proes.es\/en\/wp-json\/wp\/v2\/media\/42906"}],"wp:attachment":[{"href":"https:\/\/www.proes.es\/en\/wp-json\/wp\/v2\/media?parent=44818"}],"wp:term":[{"taxonomy":"category","embeddable":true,"href":"https:\/\/www.proes.es\/en\/wp-json\/wp\/v2\/categories?post=44818"},{"taxonomy":"post_tag","embeddable":true,"href":"https:\/\/www.proes.es\/en\/wp-json\/wp\/v2\/tags?post=44818"}],"curies":[{"name":"wp","href":"https:\/\/api.w.org\/{rel}","templated":true}]}}