{"id":45001,"date":"2024-02-01T14:15:30","date_gmt":"2024-02-01T13:15:30","guid":{"rendered":"https:\/\/www.proes.es\/?p=45001"},"modified":"2024-07-04T08:41:30","modified_gmt":"2024-07-04T06:41:30","slug":"lonja-de-pescado-en-el-puerto-de-estepona-malaga","status":"publish","type":"post","link":"https:\/\/www.proes.es\/en\/lonja-de-pescado-en-el-puerto-de-estepona-malaga\/","title":{"rendered":"Fish market at the port of Estepona, Malaga"},"content":{"rendered":"<div data-elementor-type=\"wp-post\" data-elementor-id=\"45001\" class=\"elementor elementor-45001\" data-elementor-post-type=\"post\">\n\t\t\t\t<div class=\"elementor-element elementor-element-3cdfe8a e-flex e-con-boxed e-con e-parent\" data-id=\"3cdfe8a\" data-element_type=\"container\">\n\t\t\t\t\t<div class=\"e-con-inner\">\n\t\t\t\t<div class=\"elementor-element elementor-element-33d9f86 elementor-widget elementor-widget-image\" data-id=\"33d9f86\" data-element_type=\"widget\" data-widget_type=\"image.default\">\n\t\t\t\t<div class=\"elementor-widget-container\">\n\t\t\t\t\t\t\t\t\t\t\t\t\t\t\t<img fetchpriority=\"high\" decoding=\"async\" width=\"2560\" height=\"966\" src=\"https:\/\/195.55.65.51\/wp-content\/uploads\/2021\/05\/10001-Lonja-Estepona-scaled.jpg\" class=\"attachment-full size-full wp-image-30359\" alt=\"\" srcset=\"https:\/\/195.55.65.51\/wp-content\/uploads\/2021\/05\/10001-Lonja-Estepona-scaled.jpg 2560w, https:\/\/195.55.65.51\/wp-content\/uploads\/2021\/05\/10001-Lonja-Estepona-300x113.jpg 300w, https:\/\/195.55.65.51\/wp-content\/uploads\/2021\/05\/10001-Lonja-Estepona-1024x386.jpg 1024w, https:\/\/195.55.65.51\/wp-content\/uploads\/2021\/05\/10001-Lonja-Estepona-768x290.jpg 768w, https:\/\/195.55.65.51\/wp-content\/uploads\/2021\/05\/10001-Lonja-Estepona-1536x580.jpg 1536w, https:\/\/195.55.65.51\/wp-content\/uploads\/2021\/05\/10001-Lonja-Estepona-2048x773.jpg 2048w\" sizes=\"(max-width: 2560px) 100vw, 2560px\" \/>\t\t\t\t\t\t\t\t\t\t\t\t\t\t\t<\/div>\n\t\t\t\t<\/div>\n\t\t\t\t\t<\/div>\n\t\t\t\t<\/div>\n\t\t<div class=\"elementor-element elementor-element-d37ad5a e-flex e-con-boxed e-con e-parent\" data-id=\"d37ad5a\" data-element_type=\"container\">\n\t\t\t\t\t<div class=\"e-con-inner\">\n\t\t<div class=\"elementor-element elementor-element-d49d1e0 e-con-full e-flex e-con e-child\" data-id=\"d49d1e0\" data-element_type=\"container\">\n\t\t\t\t<div class=\"elementor-element elementor-element-38c1739 elementor-widget elementor-widget-text-editor\" data-id=\"38c1739\" data-element_type=\"widget\" data-widget_type=\"text-editor.default\">\n\t\t\t\t<div class=\"elementor-widget-container\">\n\t\t\t\t\t\t\t\t\t<p style=\"text-align: center;\">1,99 M\u20ac<\/p>\t\t\t\t\t\t\t\t<\/div>\n\t\t\t\t<\/div>\n\t\t\t\t<div class=\"elementor-element elementor-element-2ae89aa elementor-widget-divider--view-line elementor-widget elementor-widget-divider\" data-id=\"2ae89aa\" data-element_type=\"widget\" data-widget_type=\"divider.default\">\n\t\t\t\t<div class=\"elementor-widget-container\">\n\t\t\t\t\t\t\t<div class=\"elementor-divider\">\n\t\t\t<span class=\"elementor-divider-separator\">\n\t\t\t\t\t\t<\/span>\n\t\t<\/div>\n\t\t\t\t\t\t<\/div>\n\t\t\t\t<\/div>\n\t\t\t\t<div class=\"elementor-element elementor-element-facb681 elementor-widget elementor-widget-text-editor\" data-id=\"facb681\" data-element_type=\"widget\" data-widget_type=\"text-editor.default\">\n\t\t\t\t<div class=\"elementor-widget-container\">\n\t\t\t\t\t\t\t\t\t<p>Budget&nbsp;<\/p>\t\t\t\t\t\t\t\t<\/div>\n\t\t\t\t<\/div>\n\t\t\t\t<\/div>\n\t\t<div class=\"elementor-element elementor-element-2f9e185 e-con-full e-flex e-con e-child\" data-id=\"2f9e185\" data-element_type=\"container\">\n\t\t\t\t<div class=\"elementor-element elementor-element-5021c4d elementor-widget elementor-widget-text-editor\" data-id=\"5021c4d\" data-element_type=\"widget\" data-widget_type=\"text-editor.default\">\n\t\t\t\t<div class=\"elementor-widget-container\">\n\t\t\t\t\t\t\t\t\t<p style=\"text-align: center;\">1.696,55 m\u00b2<\/p>\t\t\t\t\t\t\t\t<\/div>\n\t\t\t\t<\/div>\n\t\t\t\t<div class=\"elementor-element elementor-element-0f3f9ce elementor-widget-divider--view-line elementor-widget elementor-widget-divider\" data-id=\"0f3f9ce\" data-element_type=\"widget\" data-widget_type=\"divider.default\">\n\t\t\t\t<div class=\"elementor-widget-container\">\n\t\t\t\t\t\t\t<div class=\"elementor-divider\">\n\t\t\t<span class=\"elementor-divider-separator\">\n\t\t\t\t\t\t<\/span>\n\t\t<\/div>\n\t\t\t\t\t\t<\/div>\n\t\t\t\t<\/div>\n\t\t\t\t<div class=\"elementor-element elementor-element-e69e077 elementor-widget elementor-widget-text-editor\" data-id=\"e69e077\" data-element_type=\"widget\" data-widget_type=\"text-editor.default\">\n\t\t\t\t<div class=\"elementor-widget-container\">\n\t\t\t\t\t\t\t\t\t<p>built-surface area<\/p>\t\t\t\t\t\t\t\t<\/div>\n\t\t\t\t<\/div>\n\t\t\t\t<\/div>\n\t\t\t\t\t<\/div>\n\t\t\t\t<\/div>\n\t\t<div class=\"elementor-element elementor-element-dac5cb7 e-flex e-con-boxed e-con e-parent\" data-id=\"dac5cb7\" data-element_type=\"container\">\n\t\t\t\t\t<div class=\"e-con-inner\">\n\t\t\t\t<div class=\"elementor-element elementor-element-a2134c5 elementor-widget__width-initial elementor-widget elementor-widget-text-editor\" data-id=\"a2134c5\" data-element_type=\"widget\" data-widget_type=\"text-editor.default\">\n\t\t\t\t<div class=\"elementor-widget-container\">\n\t\t\t\t\t\t\t\t\t<p>El nuevo centro de comercializaci\u00f3n de productos pesqueros de Estepona se construye a partir de la lonja existente, modific\u00e1ndola y ampli\u00e1ndola para satisfacer las necesidades actuales de higiene y de funcionamiento.<\/p><p>Un z\u00f3calo de hormig\u00f3n armado recorre exteriormente el edificio, protegi\u00e9ndolo de impactos y proporcionando una imagen unitaria. La sala de recepci\u00f3n de capturas se concibe como el coraz\u00f3n de la actuaci\u00f3n, irradi\u00e1ndola de luz natural. Se crea un circuito limpio arriba para permitir las visitas sin interferir con la actividad.<\/p><p>\u00a0<\/p><p><span style=\"color: #002f53;\"><strong>Location:<\/strong><\/span> Estepona, M\u00e1laga<\/p><p><span style=\"color: #002f53;\"><strong>Date:<\/strong><\/span> 2008-2011<\/p><p><span style=\"color: #002f53;\"><strong>Budget:<\/strong> <\/span>1.996.183,54 \u20ac<\/p><p><span style=\"color: #002f53;\"><strong>Scope of the project:<\/strong><\/span>\u00a0proyecto b\u00e1sico y de ejecuci\u00f3n, y direcci\u00f3n facultativa<\/p><p><span style=\"color: #002f53;\"><strong>Significant data:<\/strong><\/span> 1.696,55 m\u00b2 construidos<\/p>\t\t\t\t\t\t\t\t<\/div>\n\t\t\t\t<\/div>\n\t\t\t\t\t<\/div>\n\t\t\t\t<\/div>\n\t\t\t\t<\/div>","protected":false},"excerpt":{"rendered":"<p>1,99 M\u20ac PEM&nbsp; 1.696,55 m\u00b2 superficie construida El nuevo centro de comercializaci\u00f3n de productos pesqueros de Estepona se construye a partir de la lonja existente, modific\u00e1ndola y ampli\u00e1ndola para satisfacer las necesidades actuales de higiene y de funcionamiento. Un z\u00f3calo de hormig\u00f3n armado recorre exteriormente el edificio, protegi\u00e9ndolo de impactos y proporcionando una imagen unitaria. [&hellip;]<\/p>","protected":false},"author":14,"featured_media":30359,"comment_status":"closed","ping_status":"closed","sticky":false,"template":"","format":"standard","meta":{"footnotes":""},"categories":[69],"tags":[10],"class_list":["post-45001","post","type-post","status-publish","format-standard","has-post-thumbnail","hentry","category-edificacion","tag-espana"],"yoast_head":"<!-- This site is optimized with the Yoast SEO plugin v26.8 - https:\/\/yoast.com\/product\/yoast-seo-wordpress\/ -->\n<title>Lonja de pescado en el puerto de Estepona, M\u00e1laga - Proes<\/title>\n<meta name=\"robots\" content=\"index, follow, max-snippet:-1, max-image-preview:large, max-video-preview:-1\" \/>\n<link rel=\"canonical\" href=\"https:\/\/p28223.grupoamper.com\/lonja-de-pescado-en-el-puerto-de-estepona-malaga\/\" \/>\n<meta property=\"og:locale\" content=\"en_GB\" \/>\n<meta property=\"og:type\" content=\"article\" \/>\n<meta property=\"og:title\" content=\"Lonja de pescado en el puerto de Estepona, M\u00e1laga - Proes\" \/>\n<meta property=\"og:description\" content=\"1,99 M\u20ac PEM&nbsp; 1.696,55 m\u00b2 superficie construida El nuevo centro de comercializaci\u00f3n de productos pesqueros de Estepona se construye a partir de la lonja existente, modific\u00e1ndola y ampli\u00e1ndola para satisfacer las necesidades actuales de higiene y de funcionamiento. Un z\u00f3calo de hormig\u00f3n armado recorre exteriormente el edificio, protegi\u00e9ndolo de impactos y proporcionando una imagen unitaria. [&hellip;]\" \/>\n<meta property=\"og:url\" content=\"https:\/\/p28223.grupoamper.com\/lonja-de-pescado-en-el-puerto-de-estepona-malaga\/\" \/>\n<meta property=\"og:site_name\" content=\"Proes\" \/>\n<meta property=\"article:published_time\" content=\"2024-02-01T13:15:30+00:00\" \/>\n<meta property=\"article:modified_time\" content=\"2024-07-04T06:41:30+00:00\" \/>\n<meta property=\"og:image\" content=\"https:\/\/p28223.grupoamper.com\/wp-content\/uploads\/2021\/05\/10001-Lonja-Estepona-scaled.jpg\" \/>\n\t<meta property=\"og:image:width\" content=\"2560\" \/>\n\t<meta property=\"og:image:height\" content=\"966\" \/>\n\t<meta property=\"og:image:type\" content=\"image\/jpeg\" \/>\n<meta name=\"author\" content=\"Isabel.Caruana\" \/>\n<meta name=\"twitter:card\" content=\"summary_large_image\" \/>\n<meta name=\"twitter:label1\" content=\"Written by\" \/>\n\t<meta name=\"twitter:data1\" content=\"Isabel.Caruana\" \/>\n\t<meta name=\"twitter:label2\" content=\"Estimated reading time\" \/>\n\t<meta name=\"twitter:data2\" content=\"1 minute\" \/>\n<script type=\"application\/ld+json\" class=\"yoast-schema-graph\">{\"@context\":\"https:\/\/schema.org\",\"@graph\":[{\"@type\":\"Article\",\"@id\":\"https:\/\/p28223.grupoamper.com\/lonja-de-pescado-en-el-puerto-de-estepona-malaga\/#article\",\"isPartOf\":{\"@id\":\"https:\/\/p28223.grupoamper.com\/lonja-de-pescado-en-el-puerto-de-estepona-malaga\/\"},\"author\":{\"name\":\"Isabel.Caruana\",\"@id\":\"https:\/\/p28223.grupoamper.com\/en\/#\/schema\/person\/36e57a12577f759f8f2836cd8fba1c03\"},\"headline\":\"Lonja de pescado en el puerto de Estepona, M\u00e1laga\",\"datePublished\":\"2024-02-01T13:15:30+00:00\",\"dateModified\":\"2024-07-04T06:41:30+00:00\",\"mainEntityOfPage\":{\"@id\":\"https:\/\/p28223.grupoamper.com\/lonja-de-pescado-en-el-puerto-de-estepona-malaga\/\"},\"wordCount\":133,\"publisher\":{\"@id\":\"https:\/\/p28223.grupoamper.com\/en\/#organization\"},\"image\":{\"@id\":\"https:\/\/p28223.grupoamper.com\/lonja-de-pescado-en-el-puerto-de-estepona-malaga\/#primaryimage\"},\"thumbnailUrl\":\"https:\/\/www.proes.es\/wp-content\/uploads\/2021\/05\/10001-Lonja-Estepona-scaled.jpg\",\"keywords\":[\"Espa\u00f1a\"],\"articleSection\":[\"Edificaci\u00f3n\"],\"inLanguage\":\"en-GB\"},{\"@type\":\"WebPage\",\"@id\":\"https:\/\/p28223.grupoamper.com\/lonja-de-pescado-en-el-puerto-de-estepona-malaga\/\",\"url\":\"https:\/\/p28223.grupoamper.com\/lonja-de-pescado-en-el-puerto-de-estepona-malaga\/\",\"name\":\"Lonja de pescado en el puerto de Estepona, M\u00e1laga - Proes\",\"isPartOf\":{\"@id\":\"https:\/\/p28223.grupoamper.com\/en\/#website\"},\"primaryImageOfPage\":{\"@id\":\"https:\/\/p28223.grupoamper.com\/lonja-de-pescado-en-el-puerto-de-estepona-malaga\/#primaryimage\"},\"image\":{\"@id\":\"https:\/\/p28223.grupoamper.com\/lonja-de-pescado-en-el-puerto-de-estepona-malaga\/#primaryimage\"},\"thumbnailUrl\":\"https:\/\/www.proes.es\/wp-content\/uploads\/2021\/05\/10001-Lonja-Estepona-scaled.jpg\",\"datePublished\":\"2024-02-01T13:15:30+00:00\",\"dateModified\":\"2024-07-04T06:41:30+00:00\",\"breadcrumb\":{\"@id\":\"https:\/\/p28223.grupoamper.com\/lonja-de-pescado-en-el-puerto-de-estepona-malaga\/#breadcrumb\"},\"inLanguage\":\"en-GB\",\"potentialAction\":[{\"@type\":\"ReadAction\",\"target\":[\"https:\/\/p28223.grupoamper.com\/lonja-de-pescado-en-el-puerto-de-estepona-malaga\/\"]}]},{\"@type\":\"ImageObject\",\"inLanguage\":\"en-GB\",\"@id\":\"https:\/\/p28223.grupoamper.com\/lonja-de-pescado-en-el-puerto-de-estepona-malaga\/#primaryimage\",\"url\":\"https:\/\/www.proes.es\/wp-content\/uploads\/2021\/05\/10001-Lonja-Estepona-scaled.jpg\",\"contentUrl\":\"https:\/\/www.proes.es\/wp-content\/uploads\/2021\/05\/10001-Lonja-Estepona-scaled.jpg\",\"width\":2560,\"height\":966},{\"@type\":\"BreadcrumbList\",\"@id\":\"https:\/\/p28223.grupoamper.com\/lonja-de-pescado-en-el-puerto-de-estepona-malaga\/#breadcrumb\",\"itemListElement\":[{\"@type\":\"ListItem\",\"position\":1,\"name\":\"Portada\",\"item\":\"https:\/\/p28223.grupoamper.com\/en\/\"},{\"@type\":\"ListItem\",\"position\":2,\"name\":\"Lonja de pescado en el puerto de Estepona, M\u00e1laga\"}]},{\"@type\":\"WebSite\",\"@id\":\"https:\/\/p28223.grupoamper.com\/en\/#website\",\"url\":\"https:\/\/p28223.grupoamper.com\/en\/\",\"name\":\"Proes\",\"description\":\"\",\"publisher\":{\"@id\":\"https:\/\/p28223.grupoamper.com\/en\/#organization\"},\"potentialAction\":[{\"@type\":\"SearchAction\",\"target\":{\"@type\":\"EntryPoint\",\"urlTemplate\":\"https:\/\/p28223.grupoamper.com\/en\/?s={search_term_string}\"},\"query-input\":{\"@type\":\"PropertyValueSpecification\",\"valueRequired\":true,\"valueName\":\"search_term_string\"}}],\"inLanguage\":\"en-GB\"},{\"@type\":\"Organization\",\"@id\":\"https:\/\/p28223.grupoamper.com\/en\/#organization\",\"name\":\"Proes\",\"url\":\"https:\/\/p28223.grupoamper.com\/en\/\",\"logo\":{\"@type\":\"ImageObject\",\"inLanguage\":\"en-GB\",\"@id\":\"https:\/\/p28223.grupoamper.com\/en\/#\/schema\/logo\/image\/\",\"url\":\"https:\/\/www.proes.es\/wp-content\/uploads\/2023\/05\/Logo-Proes.png\",\"contentUrl\":\"https:\/\/www.proes.es\/wp-content\/uploads\/2023\/05\/Logo-Proes.png\",\"width\":520,\"height\":140,\"caption\":\"Proes\"},\"image\":{\"@id\":\"https:\/\/p28223.grupoamper.com\/en\/#\/schema\/logo\/image\/\"}},{\"@type\":\"Person\",\"@id\":\"https:\/\/p28223.grupoamper.com\/en\/#\/schema\/person\/36e57a12577f759f8f2836cd8fba1c03\",\"name\":\"Isabel.Caruana\",\"image\":{\"@type\":\"ImageObject\",\"inLanguage\":\"en-GB\",\"@id\":\"https:\/\/p28223.grupoamper.com\/en\/#\/schema\/person\/image\/\",\"url\":\"https:\/\/secure.gravatar.com\/avatar\/4a350cf9d30b1b93d55c0b1fca1bdc4539442248717055d1a3bb3f1d49dff91d?s=96&d=mm&r=g\",\"contentUrl\":\"https:\/\/secure.gravatar.com\/avatar\/4a350cf9d30b1b93d55c0b1fca1bdc4539442248717055d1a3bb3f1d49dff91d?s=96&d=mm&r=g\",\"caption\":\"Isabel.Caruana\"},\"sameAs\":[\"https:\/\/Proes\"],\"url\":\"https:\/\/www.proes.es\/en\/author\/isabel-caruana\/\"}]}<\/script>\n<!-- \/ Yoast SEO plugin. -->","yoast_head_json":{"title":"Lonja de pescado en el puerto de Estepona, M\u00e1laga - Proes","robots":{"index":"index","follow":"follow","max-snippet":"max-snippet:-1","max-image-preview":"max-image-preview:large","max-video-preview":"max-video-preview:-1"},"canonical":"https:\/\/p28223.grupoamper.com\/lonja-de-pescado-en-el-puerto-de-estepona-malaga\/","og_locale":"en_GB","og_type":"article","og_title":"Lonja de pescado en el puerto de Estepona, M\u00e1laga - Proes","og_description":"1,99 M\u20ac PEM&nbsp; 1.696,55 m\u00b2 superficie construida El nuevo centro de comercializaci\u00f3n de productos pesqueros de Estepona se construye a partir de la lonja existente, modific\u00e1ndola y ampli\u00e1ndola para satisfacer las necesidades actuales de higiene y de funcionamiento. Un z\u00f3calo de hormig\u00f3n armado recorre exteriormente el edificio, protegi\u00e9ndolo de impactos y proporcionando una imagen unitaria. [&hellip;]","og_url":"https:\/\/p28223.grupoamper.com\/lonja-de-pescado-en-el-puerto-de-estepona-malaga\/","og_site_name":"Proes","article_published_time":"2024-02-01T13:15:30+00:00","article_modified_time":"2024-07-04T06:41:30+00:00","og_image":[{"width":2560,"height":966,"url":"https:\/\/p28223.grupoamper.com\/wp-content\/uploads\/2021\/05\/10001-Lonja-Estepona-scaled.jpg","type":"image\/jpeg"}],"author":"Isabel.Caruana","twitter_card":"summary_large_image","twitter_misc":{"Written by":"Isabel.Caruana","Estimated reading time":"1 minute"},"schema":{"@context":"https:\/\/schema.org","@graph":[{"@type":"Article","@id":"https:\/\/p28223.grupoamper.com\/lonja-de-pescado-en-el-puerto-de-estepona-malaga\/#article","isPartOf":{"@id":"https:\/\/p28223.grupoamper.com\/lonja-de-pescado-en-el-puerto-de-estepona-malaga\/"},"author":{"name":"Isabel.Caruana","@id":"https:\/\/p28223.grupoamper.com\/en\/#\/schema\/person\/36e57a12577f759f8f2836cd8fba1c03"},"headline":"Lonja de pescado en el puerto de Estepona, M\u00e1laga","datePublished":"2024-02-01T13:15:30+00:00","dateModified":"2024-07-04T06:41:30+00:00","mainEntityOfPage":{"@id":"https:\/\/p28223.grupoamper.com\/lonja-de-pescado-en-el-puerto-de-estepona-malaga\/"},"wordCount":133,"publisher":{"@id":"https:\/\/p28223.grupoamper.com\/en\/#organization"},"image":{"@id":"https:\/\/p28223.grupoamper.com\/lonja-de-pescado-en-el-puerto-de-estepona-malaga\/#primaryimage"},"thumbnailUrl":"https:\/\/www.proes.es\/wp-content\/uploads\/2021\/05\/10001-Lonja-Estepona-scaled.jpg","keywords":["Espa\u00f1a"],"articleSection":["Edificaci\u00f3n"],"inLanguage":"en-GB"},{"@type":"WebPage","@id":"https:\/\/p28223.grupoamper.com\/lonja-de-pescado-en-el-puerto-de-estepona-malaga\/","url":"https:\/\/p28223.grupoamper.com\/lonja-de-pescado-en-el-puerto-de-estepona-malaga\/","name":"Lonja de pescado en el puerto de Estepona, M\u00e1laga - Proes","isPartOf":{"@id":"https:\/\/p28223.grupoamper.com\/en\/#website"},"primaryImageOfPage":{"@id":"https:\/\/p28223.grupoamper.com\/lonja-de-pescado-en-el-puerto-de-estepona-malaga\/#primaryimage"},"image":{"@id":"https:\/\/p28223.grupoamper.com\/lonja-de-pescado-en-el-puerto-de-estepona-malaga\/#primaryimage"},"thumbnailUrl":"https:\/\/www.proes.es\/wp-content\/uploads\/2021\/05\/10001-Lonja-Estepona-scaled.jpg","datePublished":"2024-02-01T13:15:30+00:00","dateModified":"2024-07-04T06:41:30+00:00","breadcrumb":{"@id":"https:\/\/p28223.grupoamper.com\/lonja-de-pescado-en-el-puerto-de-estepona-malaga\/#breadcrumb"},"inLanguage":"en-GB","potentialAction":[{"@type":"ReadAction","target":["https:\/\/p28223.grupoamper.com\/lonja-de-pescado-en-el-puerto-de-estepona-malaga\/"]}]},{"@type":"ImageObject","inLanguage":"en-GB","@id":"https:\/\/p28223.grupoamper.com\/lonja-de-pescado-en-el-puerto-de-estepona-malaga\/#primaryimage","url":"https:\/\/www.proes.es\/wp-content\/uploads\/2021\/05\/10001-Lonja-Estepona-scaled.jpg","contentUrl":"https:\/\/www.proes.es\/wp-content\/uploads\/2021\/05\/10001-Lonja-Estepona-scaled.jpg","width":2560,"height":966},{"@type":"BreadcrumbList","@id":"https:\/\/p28223.grupoamper.com\/lonja-de-pescado-en-el-puerto-de-estepona-malaga\/#breadcrumb","itemListElement":[{"@type":"ListItem","position":1,"name":"Portada","item":"https:\/\/p28223.grupoamper.com\/en\/"},{"@type":"ListItem","position":2,"name":"Lonja de pescado en el puerto de Estepona, M\u00e1laga"}]},{"@type":"WebSite","@id":"https:\/\/p28223.grupoamper.com\/en\/#website","url":"https:\/\/p28223.grupoamper.com\/en\/","name":"Proes,","description":"","publisher":{"@id":"https:\/\/p28223.grupoamper.com\/en\/#organization"},"potentialAction":[{"@type":"SearchAction","target":{"@type":"EntryPoint","urlTemplate":"https:\/\/p28223.grupoamper.com\/en\/?s={search_term_string}"},"query-input":{"@type":"PropertyValueSpecification","valueRequired":true,"valueName":"search_term_string"}}],"inLanguage":"en-GB"},{"@type":"Organization","@id":"https:\/\/p28223.grupoamper.com\/en\/#organization","name":"Proes,","url":"https:\/\/p28223.grupoamper.com\/en\/","logo":{"@type":"ImageObject","inLanguage":"en-GB","@id":"https:\/\/p28223.grupoamper.com\/en\/#\/schema\/logo\/image\/","url":"https:\/\/www.proes.es\/wp-content\/uploads\/2023\/05\/Logo-Proes.png","contentUrl":"https:\/\/www.proes.es\/wp-content\/uploads\/2023\/05\/Logo-Proes.png","width":520,"height":140,"caption":"Proes"},"image":{"@id":"https:\/\/p28223.grupoamper.com\/en\/#\/schema\/logo\/image\/"}},{"@type":"Person","@id":"https:\/\/p28223.grupoamper.com\/en\/#\/schema\/person\/36e57a12577f759f8f2836cd8fba1c03","name":"Isabel.Caruana","image":{"@type":"ImageObject","inLanguage":"en-GB","@id":"https:\/\/p28223.grupoamper.com\/en\/#\/schema\/person\/image\/","url":"https:\/\/secure.gravatar.com\/avatar\/4a350cf9d30b1b93d55c0b1fca1bdc4539442248717055d1a3bb3f1d49dff91d?s=96&d=mm&r=g","contentUrl":"https:\/\/secure.gravatar.com\/avatar\/4a350cf9d30b1b93d55c0b1fca1bdc4539442248717055d1a3bb3f1d49dff91d?s=96&d=mm&r=g","caption":"Isabel.Caruana"},"sameAs":["https:\/\/Proes"],"url":"https:\/\/www.proes.es\/en\/author\/isabel-caruana\/"}]}},"_links":{"self":[{"href":"https:\/\/www.proes.es\/en\/wp-json\/wp\/v2\/posts\/45001","targetHints":{"allow":["GET"]}}],"collection":[{"href":"https:\/\/www.proes.es\/en\/wp-json\/wp\/v2\/posts"}],"about":[{"href":"https:\/\/www.proes.es\/en\/wp-json\/wp\/v2\/types\/post"}],"author":[{"embeddable":true,"href":"https:\/\/www.proes.es\/en\/wp-json\/wp\/v2\/users\/14"}],"replies":[{"embeddable":true,"href":"https:\/\/www.proes.es\/en\/wp-json\/wp\/v2\/comments?post=45001"}],"version-history":[{"count":14,"href":"https:\/\/www.proes.es\/en\/wp-json\/wp\/v2\/posts\/45001\/revisions"}],"predecessor-version":[{"id":47799,"href":"https:\/\/www.proes.es\/en\/wp-json\/wp\/v2\/posts\/45001\/revisions\/47799"}],"wp:featuredmedia":[{"embeddable":true,"href":"https:\/\/www.proes.es\/en\/wp-json\/wp\/v2\/media\/30359"}],"wp:attachment":[{"href":"https:\/\/www.proes.es\/en\/wp-json\/wp\/v2\/media?parent=45001"}],"wp:term":[{"taxonomy":"category","embeddable":true,"href":"https:\/\/www.proes.es\/en\/wp-json\/wp\/v2\/categories?post=45001"},{"taxonomy":"post_tag","embeddable":true,"href":"https:\/\/www.proes.es\/en\/wp-json\/wp\/v2\/tags?post=45001"}],"curies":[{"name":"wp","href":"https:\/\/api.w.org\/{rel}","templated":true}]}}