{"id":45046,"date":"2024-02-05T10:08:21","date_gmt":"2024-02-05T09:08:21","guid":{"rendered":"https:\/\/www.proes.es\/?p=45046"},"modified":"2024-07-03T12:46:05","modified_gmt":"2024-07-03T10:46:05","slug":"proyecto-de-licitacion-del-muelle-adosado-de-barcelona-2","status":"publish","type":"post","link":"https:\/\/www.proes.es\/en\/proyecto-de-licitacion-del-muelle-adosado-de-barcelona-2\/","title":{"rendered":"Proyecto de licitaci\u00f3n del muelle adosado de Barcelona"},"content":{"rendered":"<div data-elementor-type=\"wp-post\" data-elementor-id=\"45046\" class=\"elementor elementor-45046\" data-elementor-post-type=\"post\">\n\t\t\t\t<div class=\"elementor-element elementor-element-3cdfe8a e-flex e-con-boxed e-con e-parent\" data-id=\"3cdfe8a\" data-element_type=\"container\">\n\t\t\t\t\t<div class=\"e-con-inner\">\n\t\t\t\t<div class=\"elementor-element elementor-element-33d9f86 elementor-widget elementor-widget-image\" data-id=\"33d9f86\" data-element_type=\"widget\" data-widget_type=\"image.default\">\n\t\t\t\t<div class=\"elementor-widget-container\">\n\t\t\t\t\t\t\t\t\t\t\t\t\t\t\t<img fetchpriority=\"high\" decoding=\"async\" width=\"2000\" height=\"968\" src=\"https:\/\/195.55.65.51\/wp-content\/uploads\/2021\/02\/ampliacion-muelle-adosado-barcelona-acciona.jpg\" class=\"attachment-full size-full wp-image-30181\" alt=\"\" srcset=\"https:\/\/195.55.65.51\/wp-content\/uploads\/2021\/02\/ampliacion-muelle-adosado-barcelona-acciona.jpg 2000w, https:\/\/195.55.65.51\/wp-content\/uploads\/2021\/02\/ampliacion-muelle-adosado-barcelona-acciona-300x145.jpg 300w, https:\/\/195.55.65.51\/wp-content\/uploads\/2021\/02\/ampliacion-muelle-adosado-barcelona-acciona-1024x496.jpg 1024w, https:\/\/195.55.65.51\/wp-content\/uploads\/2021\/02\/ampliacion-muelle-adosado-barcelona-acciona-768x372.jpg 768w, https:\/\/195.55.65.51\/wp-content\/uploads\/2021\/02\/ampliacion-muelle-adosado-barcelona-acciona-1536x743.jpg 1536w\" sizes=\"(max-width: 2000px) 100vw, 2000px\" \/>\t\t\t\t\t\t\t\t\t\t\t\t\t\t\t<\/div>\n\t\t\t\t<\/div>\n\t\t\t\t\t<\/div>\n\t\t\t\t<\/div>\n\t\t<div class=\"elementor-element elementor-element-d37ad5a e-flex e-con-boxed e-con e-parent\" data-id=\"d37ad5a\" data-element_type=\"container\">\n\t\t\t\t\t<div class=\"e-con-inner\">\n\t\t<div class=\"elementor-element elementor-element-d49d1e0 e-con-full e-flex e-con e-child\" data-id=\"d49d1e0\" data-element_type=\"container\">\n\t\t\t\t<div class=\"elementor-element elementor-element-38c1739 elementor-widget elementor-widget-text-editor\" data-id=\"38c1739\" data-element_type=\"widget\" data-widget_type=\"text-editor.default\">\n\t\t\t\t<div class=\"elementor-widget-container\">\n\t\t\t\t\t\t\t\t\t<p style=\"text-align: center;\">290 m<\/p>\t\t\t\t\t\t\t\t<\/div>\n\t\t\t\t<\/div>\n\t\t\t\t<div class=\"elementor-element elementor-element-2ae89aa elementor-widget-divider--view-line elementor-widget elementor-widget-divider\" data-id=\"2ae89aa\" data-element_type=\"widget\" data-widget_type=\"divider.default\">\n\t\t\t\t<div class=\"elementor-widget-container\">\n\t\t\t\t\t\t\t<div class=\"elementor-divider\">\n\t\t\t<span class=\"elementor-divider-separator\">\n\t\t\t\t\t\t<\/span>\n\t\t<\/div>\n\t\t\t\t\t\t<\/div>\n\t\t\t\t<\/div>\n\t\t\t\t<div class=\"elementor-element elementor-element-facb681 elementor-widget elementor-widget-text-editor\" data-id=\"facb681\" data-element_type=\"widget\" data-widget_type=\"text-editor.default\">\n\t\t\t\t<div class=\"elementor-widget-container\">\n\t\t\t\t\t\t\t\t\t<p>l\u00ednea de atraque adicional<\/p>\t\t\t\t\t\t\t\t<\/div>\n\t\t\t\t<\/div>\n\t\t\t\t<\/div>\n\t\t<div class=\"elementor-element elementor-element-2f9e185 e-con-full e-flex e-con e-child\" data-id=\"2f9e185\" data-element_type=\"container\">\n\t\t\t\t<div class=\"elementor-element elementor-element-5021c4d elementor-widget elementor-widget-text-editor\" data-id=\"5021c4d\" data-element_type=\"widget\" data-widget_type=\"text-editor.default\">\n\t\t\t\t<div class=\"elementor-widget-container\">\n\t\t\t\t\t\t\t\t\t<p style=\"text-align: center;\">16 m<\/p>\t\t\t\t\t\t\t\t<\/div>\n\t\t\t\t<\/div>\n\t\t\t\t<div class=\"elementor-element elementor-element-0f3f9ce elementor-widget-divider--view-line elementor-widget elementor-widget-divider\" data-id=\"0f3f9ce\" data-element_type=\"widget\" data-widget_type=\"divider.default\">\n\t\t\t\t<div class=\"elementor-widget-container\">\n\t\t\t\t\t\t\t<div class=\"elementor-divider\">\n\t\t\t<span class=\"elementor-divider-separator\">\n\t\t\t\t\t\t<\/span>\n\t\t<\/div>\n\t\t\t\t\t\t<\/div>\n\t\t\t\t<\/div>\n\t\t\t\t<div class=\"elementor-element elementor-element-e69e077 elementor-widget elementor-widget-text-editor\" data-id=\"e69e077\" data-element_type=\"widget\" data-widget_type=\"text-editor.default\">\n\t\t\t\t<div class=\"elementor-widget-container\">\n\t\t\t\t\t\t\t\t\t<p>calado<\/p>\t\t\t\t\t\t\t\t<\/div>\n\t\t\t\t<\/div>\n\t\t\t\t<\/div>\n\t\t\t\t\t<\/div>\n\t\t\t\t<\/div>\n\t\t<div class=\"elementor-element elementor-element-dac5cb7 e-flex e-con-boxed e-con e-parent\" data-id=\"dac5cb7\" data-element_type=\"container\">\n\t\t\t\t\t<div class=\"e-con-inner\">\n\t\t\t\t<div class=\"elementor-element elementor-element-a2134c5 elementor-widget__width-initial elementor-widget elementor-widget-text-editor\" data-id=\"a2134c5\" data-element_type=\"widget\" data-widget_type=\"text-editor.default\">\n\t\t\t\t<div class=\"elementor-widget-container\">\n\t\t\t\t\t\t\t\t\t<p>La Autoridad Portuaria de Barcelona tiene prevista la ejecuci\u00f3n de la ampliaci\u00f3n del muelle adosado 2\u00aa Fase B (Terminal Polivalente) en el Puerto de Barcelona. Esta ampliaci\u00f3n modificar\u00e1 las \u00e1reas de flotaci\u00f3n del puerto en la zona del dique del Este, tanto en planta como en alzado.<\/p><p>Se ha dise\u00f1ado un balizamiento provisional, para garantizar en todo momento la seguridad en la navegaci\u00f3n y la compatibilidad del desarrollo de las obras con el resto de actividades portuarias. Asimismo se ha analizado la posible interferencia entre el tr\u00e1fico mar\u00edtimo habitual, y el generado por las obras a partir de los tiempos de tr\u00e1nsito y \u00e1reas de ocupaci\u00f3n por los medios marinos. Finalmente se han analizado estad\u00edsticamente las excedencias de los umbrales de oleaje que permiten operar a los medios mar\u00edtimos.<\/p><p><span style=\"color: #002f53;\"><strong>Location:<\/strong><\/span>\u00a0puerto de Barcelona, Espa\u00f1a<\/p><p><span style=\"color: #002f53;\"><strong>Date:<\/strong><\/span> 2016<\/p><p><span style=\"color: #002f53;\"><strong>Scope of the project:<\/strong><\/span>\u00a0bidding project<\/p>\t\t\t\t\t\t\t\t<\/div>\n\t\t\t\t<\/div>\n\t\t\t\t\t<\/div>\n\t\t\t\t<\/div>\n\t\t\t\t<\/div>","protected":false},"excerpt":{"rendered":"<p>290 m l\u00ednea de atraque adicional 16 m calado La Autoridad Portuaria de Barcelona tiene prevista la ejecuci\u00f3n de la ampliaci\u00f3n del muelle adosado 2\u00aa Fase B (Terminal Polivalente) en el Puerto de Barcelona. Esta ampliaci\u00f3n modificar\u00e1 las \u00e1reas de flotaci\u00f3n del puerto en la zona del dique del Este, tanto en planta como en [&hellip;]<\/p>","protected":false},"author":13,"featured_media":30181,"comment_status":"closed","ping_status":"closed","sticky":false,"template":"","format":"standard","meta":{"footnotes":""},"categories":[76],"tags":[10],"class_list":["post-45046","post","type-post","status-publish","format-standard","has-post-thumbnail","hentry","category-diseno-de-infraestructuras-maritimas","tag-espana"],"yoast_head":"<!-- This site is optimized with the Yoast SEO plugin v26.8 - https:\/\/yoast.com\/product\/yoast-seo-wordpress\/ -->\n<title>Proyecto de licitaci\u00f3n del muelle adosado de Barcelona - Proes<\/title>\n<meta name=\"robots\" content=\"index, follow, max-snippet:-1, max-image-preview:large, max-video-preview:-1\" \/>\n<link rel=\"canonical\" href=\"https:\/\/195.55.65.51\/en\/proyecto-de-licitacion-del-muelle-adosado-de-barcelona-2\/\" \/>\n<meta property=\"og:locale\" content=\"en_GB\" \/>\n<meta property=\"og:type\" content=\"article\" \/>\n<meta property=\"og:title\" content=\"Proyecto de licitaci\u00f3n del muelle adosado de Barcelona - Proes\" \/>\n<meta property=\"og:description\" content=\"290 m l\u00ednea de atraque adicional 16 m calado La Autoridad Portuaria de Barcelona tiene prevista la ejecuci\u00f3n de la ampliaci\u00f3n del muelle adosado 2\u00aa Fase B (Terminal Polivalente) en el Puerto de Barcelona. Esta ampliaci\u00f3n modificar\u00e1 las \u00e1reas de flotaci\u00f3n del puerto en la zona del dique del Este, tanto en planta como en [&hellip;]\" \/>\n<meta property=\"og:url\" content=\"https:\/\/195.55.65.51\/en\/proyecto-de-licitacion-del-muelle-adosado-de-barcelona-2\/\" \/>\n<meta property=\"og:site_name\" content=\"Proes\" \/>\n<meta property=\"article:published_time\" content=\"2024-02-05T09:08:21+00:00\" \/>\n<meta property=\"article:modified_time\" content=\"2024-07-03T10:46:05+00:00\" \/>\n<meta property=\"og:image\" content=\"https:\/\/195.55.65.51\/wp-content\/uploads\/2021\/02\/ampliacion-muelle-adosado-barcelona-acciona-1024x496.jpg\" \/>\n\t<meta property=\"og:image:width\" content=\"1024\" \/>\n\t<meta property=\"og:image:height\" content=\"496\" \/>\n\t<meta property=\"og:image:type\" content=\"image\/jpeg\" \/>\n<meta name=\"author\" content=\"Maria Victoria Del Pozo Vindel\" \/>\n<meta name=\"twitter:card\" content=\"summary_large_image\" \/>\n<meta name=\"twitter:label1\" content=\"Written by\" \/>\n\t<meta name=\"twitter:data1\" content=\"Maria Victoria Del Pozo Vindel\" \/>\n\t<meta name=\"twitter:label2\" content=\"Estimated reading time\" \/>\n\t<meta name=\"twitter:data2\" content=\"1 minute\" \/>\n<script type=\"application\/ld+json\" class=\"yoast-schema-graph\">{\"@context\":\"https:\/\/schema.org\",\"@graph\":[{\"@type\":\"Article\",\"@id\":\"https:\/\/195.55.65.51\/en\/proyecto-de-licitacion-del-muelle-adosado-de-barcelona-2\/#article\",\"isPartOf\":{\"@id\":\"https:\/\/195.55.65.51\/en\/proyecto-de-licitacion-del-muelle-adosado-de-barcelona-2\/\"},\"author\":{\"name\":\"Maria Victoria Del Pozo Vindel\",\"@id\":\"https:\/\/p28223.grupoamper.com\/en\/#\/schema\/person\/97e415e7296dfb24d5c9c8cca875e830\"},\"headline\":\"Proyecto de licitaci\u00f3n del muelle adosado de Barcelona\",\"datePublished\":\"2024-02-05T09:08:21+00:00\",\"dateModified\":\"2024-07-03T10:46:05+00:00\",\"mainEntityOfPage\":{\"@id\":\"https:\/\/195.55.65.51\/en\/proyecto-de-licitacion-del-muelle-adosado-de-barcelona-2\/\"},\"wordCount\":172,\"publisher\":{\"@id\":\"https:\/\/p28223.grupoamper.com\/en\/#organization\"},\"image\":{\"@id\":\"https:\/\/195.55.65.51\/en\/proyecto-de-licitacion-del-muelle-adosado-de-barcelona-2\/#primaryimage\"},\"thumbnailUrl\":\"https:\/\/www.proes.es\/wp-content\/uploads\/2021\/02\/ampliacion-muelle-adosado-barcelona-acciona.jpg\",\"keywords\":[\"Espa\u00f1a\"],\"articleSection\":[\"Dise\u00f1o de infraestructuras mar\u00edtimas\"],\"inLanguage\":\"en-GB\"},{\"@type\":\"WebPage\",\"@id\":\"https:\/\/195.55.65.51\/en\/proyecto-de-licitacion-del-muelle-adosado-de-barcelona-2\/\",\"url\":\"https:\/\/195.55.65.51\/en\/proyecto-de-licitacion-del-muelle-adosado-de-barcelona-2\/\",\"name\":\"Proyecto de licitaci\u00f3n del muelle adosado de Barcelona - Proes\",\"isPartOf\":{\"@id\":\"https:\/\/p28223.grupoamper.com\/en\/#website\"},\"primaryImageOfPage\":{\"@id\":\"https:\/\/195.55.65.51\/en\/proyecto-de-licitacion-del-muelle-adosado-de-barcelona-2\/#primaryimage\"},\"image\":{\"@id\":\"https:\/\/195.55.65.51\/en\/proyecto-de-licitacion-del-muelle-adosado-de-barcelona-2\/#primaryimage\"},\"thumbnailUrl\":\"https:\/\/www.proes.es\/wp-content\/uploads\/2021\/02\/ampliacion-muelle-adosado-barcelona-acciona.jpg\",\"datePublished\":\"2024-02-05T09:08:21+00:00\",\"dateModified\":\"2024-07-03T10:46:05+00:00\",\"breadcrumb\":{\"@id\":\"https:\/\/195.55.65.51\/en\/proyecto-de-licitacion-del-muelle-adosado-de-barcelona-2\/#breadcrumb\"},\"inLanguage\":\"en-GB\",\"potentialAction\":[{\"@type\":\"ReadAction\",\"target\":[\"https:\/\/195.55.65.51\/en\/proyecto-de-licitacion-del-muelle-adosado-de-barcelona-2\/\"]}]},{\"@type\":\"ImageObject\",\"inLanguage\":\"en-GB\",\"@id\":\"https:\/\/195.55.65.51\/en\/proyecto-de-licitacion-del-muelle-adosado-de-barcelona-2\/#primaryimage\",\"url\":\"https:\/\/www.proes.es\/wp-content\/uploads\/2021\/02\/ampliacion-muelle-adosado-barcelona-acciona.jpg\",\"contentUrl\":\"https:\/\/www.proes.es\/wp-content\/uploads\/2021\/02\/ampliacion-muelle-adosado-barcelona-acciona.jpg\",\"width\":2000,\"height\":968},{\"@type\":\"BreadcrumbList\",\"@id\":\"https:\/\/195.55.65.51\/en\/proyecto-de-licitacion-del-muelle-adosado-de-barcelona-2\/#breadcrumb\",\"itemListElement\":[{\"@type\":\"ListItem\",\"position\":1,\"name\":\"Portada\",\"item\":\"https:\/\/p28223.grupoamper.com\/en\/\"},{\"@type\":\"ListItem\",\"position\":2,\"name\":\"Proyecto de licitaci\u00f3n del muelle adosado de Barcelona\"}]},{\"@type\":\"WebSite\",\"@id\":\"https:\/\/p28223.grupoamper.com\/en\/#website\",\"url\":\"https:\/\/p28223.grupoamper.com\/en\/\",\"name\":\"Proes\",\"description\":\"\",\"publisher\":{\"@id\":\"https:\/\/p28223.grupoamper.com\/en\/#organization\"},\"potentialAction\":[{\"@type\":\"SearchAction\",\"target\":{\"@type\":\"EntryPoint\",\"urlTemplate\":\"https:\/\/p28223.grupoamper.com\/en\/?s={search_term_string}\"},\"query-input\":{\"@type\":\"PropertyValueSpecification\",\"valueRequired\":true,\"valueName\":\"search_term_string\"}}],\"inLanguage\":\"en-GB\"},{\"@type\":\"Organization\",\"@id\":\"https:\/\/p28223.grupoamper.com\/en\/#organization\",\"name\":\"Proes\",\"url\":\"https:\/\/p28223.grupoamper.com\/en\/\",\"logo\":{\"@type\":\"ImageObject\",\"inLanguage\":\"en-GB\",\"@id\":\"https:\/\/p28223.grupoamper.com\/en\/#\/schema\/logo\/image\/\",\"url\":\"https:\/\/www.proes.es\/wp-content\/uploads\/2023\/05\/Logo-Proes.png\",\"contentUrl\":\"https:\/\/www.proes.es\/wp-content\/uploads\/2023\/05\/Logo-Proes.png\",\"width\":520,\"height\":140,\"caption\":\"Proes\"},\"image\":{\"@id\":\"https:\/\/p28223.grupoamper.com\/en\/#\/schema\/logo\/image\/\"}},{\"@type\":\"Person\",\"@id\":\"https:\/\/p28223.grupoamper.com\/en\/#\/schema\/person\/97e415e7296dfb24d5c9c8cca875e830\",\"name\":\"Maria Victoria Del Pozo Vindel\",\"image\":{\"@type\":\"ImageObject\",\"inLanguage\":\"en-GB\",\"@id\":\"https:\/\/p28223.grupoamper.com\/en\/#\/schema\/person\/image\/\",\"url\":\"https:\/\/secure.gravatar.com\/avatar\/c8eb3a2abdf0e175fcb40a96a47283720040014ac5fb9b6ea4658d8d6b726bda?s=96&d=mm&r=g\",\"contentUrl\":\"https:\/\/secure.gravatar.com\/avatar\/c8eb3a2abdf0e175fcb40a96a47283720040014ac5fb9b6ea4658d8d6b726bda?s=96&d=mm&r=g\",\"caption\":\"Maria Victoria Del Pozo Vindel\"},\"sameAs\":[\"https:\/\/Proes\"],\"url\":\"https:\/\/www.proes.es\/en\/author\/marivi-pozo\/\"}]}<\/script>\n<!-- \/ Yoast SEO plugin. -->","yoast_head_json":{"title":"Proyecto de licitaci\u00f3n del muelle adosado de Barcelona - Proes","robots":{"index":"index","follow":"follow","max-snippet":"max-snippet:-1","max-image-preview":"max-image-preview:large","max-video-preview":"max-video-preview:-1"},"canonical":"https:\/\/195.55.65.51\/en\/proyecto-de-licitacion-del-muelle-adosado-de-barcelona-2\/","og_locale":"en_GB","og_type":"article","og_title":"Proyecto de licitaci\u00f3n del muelle adosado de Barcelona - Proes","og_description":"290 m l\u00ednea de atraque adicional 16 m calado La Autoridad Portuaria de Barcelona tiene prevista la ejecuci\u00f3n de la ampliaci\u00f3n del muelle adosado 2\u00aa Fase B (Terminal Polivalente) en el Puerto de Barcelona. Esta ampliaci\u00f3n modificar\u00e1 las \u00e1reas de flotaci\u00f3n del puerto en la zona del dique del Este, tanto en planta como en [&hellip;]","og_url":"https:\/\/195.55.65.51\/en\/proyecto-de-licitacion-del-muelle-adosado-de-barcelona-2\/","og_site_name":"Proes","article_published_time":"2024-02-05T09:08:21+00:00","article_modified_time":"2024-07-03T10:46:05+00:00","og_image":[{"width":1024,"height":496,"url":"https:\/\/195.55.65.51\/wp-content\/uploads\/2021\/02\/ampliacion-muelle-adosado-barcelona-acciona-1024x496.jpg","type":"image\/jpeg"}],"author":"Maria Victoria Del Pozo Vindel","twitter_card":"summary_large_image","twitter_misc":{"Written by":"Maria Victoria Del Pozo Vindel","Estimated reading time":"1 minute"},"schema":{"@context":"https:\/\/schema.org","@graph":[{"@type":"Article","@id":"https:\/\/195.55.65.51\/en\/proyecto-de-licitacion-del-muelle-adosado-de-barcelona-2\/#article","isPartOf":{"@id":"https:\/\/195.55.65.51\/en\/proyecto-de-licitacion-del-muelle-adosado-de-barcelona-2\/"},"author":{"name":"Maria Victoria Del Pozo Vindel","@id":"https:\/\/p28223.grupoamper.com\/en\/#\/schema\/person\/97e415e7296dfb24d5c9c8cca875e830"},"headline":"Proyecto de licitaci\u00f3n del muelle adosado de Barcelona","datePublished":"2024-02-05T09:08:21+00:00","dateModified":"2024-07-03T10:46:05+00:00","mainEntityOfPage":{"@id":"https:\/\/195.55.65.51\/en\/proyecto-de-licitacion-del-muelle-adosado-de-barcelona-2\/"},"wordCount":172,"publisher":{"@id":"https:\/\/p28223.grupoamper.com\/en\/#organization"},"image":{"@id":"https:\/\/195.55.65.51\/en\/proyecto-de-licitacion-del-muelle-adosado-de-barcelona-2\/#primaryimage"},"thumbnailUrl":"https:\/\/www.proes.es\/wp-content\/uploads\/2021\/02\/ampliacion-muelle-adosado-barcelona-acciona.jpg","keywords":["Espa\u00f1a"],"articleSection":["Dise\u00f1o de infraestructuras mar\u00edtimas"],"inLanguage":"en-GB"},{"@type":"WebPage","@id":"https:\/\/195.55.65.51\/en\/proyecto-de-licitacion-del-muelle-adosado-de-barcelona-2\/","url":"https:\/\/195.55.65.51\/en\/proyecto-de-licitacion-del-muelle-adosado-de-barcelona-2\/","name":"Proyecto de licitaci\u00f3n del muelle adosado de Barcelona - Proes","isPartOf":{"@id":"https:\/\/p28223.grupoamper.com\/en\/#website"},"primaryImageOfPage":{"@id":"https:\/\/195.55.65.51\/en\/proyecto-de-licitacion-del-muelle-adosado-de-barcelona-2\/#primaryimage"},"image":{"@id":"https:\/\/195.55.65.51\/en\/proyecto-de-licitacion-del-muelle-adosado-de-barcelona-2\/#primaryimage"},"thumbnailUrl":"https:\/\/www.proes.es\/wp-content\/uploads\/2021\/02\/ampliacion-muelle-adosado-barcelona-acciona.jpg","datePublished":"2024-02-05T09:08:21+00:00","dateModified":"2024-07-03T10:46:05+00:00","breadcrumb":{"@id":"https:\/\/195.55.65.51\/en\/proyecto-de-licitacion-del-muelle-adosado-de-barcelona-2\/#breadcrumb"},"inLanguage":"en-GB","potentialAction":[{"@type":"ReadAction","target":["https:\/\/195.55.65.51\/en\/proyecto-de-licitacion-del-muelle-adosado-de-barcelona-2\/"]}]},{"@type":"ImageObject","inLanguage":"en-GB","@id":"https:\/\/195.55.65.51\/en\/proyecto-de-licitacion-del-muelle-adosado-de-barcelona-2\/#primaryimage","url":"https:\/\/www.proes.es\/wp-content\/uploads\/2021\/02\/ampliacion-muelle-adosado-barcelona-acciona.jpg","contentUrl":"https:\/\/www.proes.es\/wp-content\/uploads\/2021\/02\/ampliacion-muelle-adosado-barcelona-acciona.jpg","width":2000,"height":968},{"@type":"BreadcrumbList","@id":"https:\/\/195.55.65.51\/en\/proyecto-de-licitacion-del-muelle-adosado-de-barcelona-2\/#breadcrumb","itemListElement":[{"@type":"ListItem","position":1,"name":"Portada","item":"https:\/\/p28223.grupoamper.com\/en\/"},{"@type":"ListItem","position":2,"name":"Proyecto de licitaci\u00f3n del muelle adosado de Barcelona"}]},{"@type":"WebSite","@id":"https:\/\/p28223.grupoamper.com\/en\/#website","url":"https:\/\/p28223.grupoamper.com\/en\/","name":"Proes,","description":"","publisher":{"@id":"https:\/\/p28223.grupoamper.com\/en\/#organization"},"potentialAction":[{"@type":"SearchAction","target":{"@type":"EntryPoint","urlTemplate":"https:\/\/p28223.grupoamper.com\/en\/?s={search_term_string}"},"query-input":{"@type":"PropertyValueSpecification","valueRequired":true,"valueName":"search_term_string"}}],"inLanguage":"en-GB"},{"@type":"Organization","@id":"https:\/\/p28223.grupoamper.com\/en\/#organization","name":"Proes,","url":"https:\/\/p28223.grupoamper.com\/en\/","logo":{"@type":"ImageObject","inLanguage":"en-GB","@id":"https:\/\/p28223.grupoamper.com\/en\/#\/schema\/logo\/image\/","url":"https:\/\/www.proes.es\/wp-content\/uploads\/2023\/05\/Logo-Proes.png","contentUrl":"https:\/\/www.proes.es\/wp-content\/uploads\/2023\/05\/Logo-Proes.png","width":520,"height":140,"caption":"Proes"},"image":{"@id":"https:\/\/p28223.grupoamper.com\/en\/#\/schema\/logo\/image\/"}},{"@type":"Person","@id":"https:\/\/p28223.grupoamper.com\/en\/#\/schema\/person\/97e415e7296dfb24d5c9c8cca875e830","name":"Maria Victoria Del Pozo Vindel","image":{"@type":"ImageObject","inLanguage":"en-GB","@id":"https:\/\/p28223.grupoamper.com\/en\/#\/schema\/person\/image\/","url":"https:\/\/secure.gravatar.com\/avatar\/c8eb3a2abdf0e175fcb40a96a47283720040014ac5fb9b6ea4658d8d6b726bda?s=96&d=mm&r=g","contentUrl":"https:\/\/secure.gravatar.com\/avatar\/c8eb3a2abdf0e175fcb40a96a47283720040014ac5fb9b6ea4658d8d6b726bda?s=96&d=mm&r=g","caption":"Maria Victoria Del Pozo Vindel"},"sameAs":["https:\/\/Proes"],"url":"https:\/\/www.proes.es\/en\/author\/marivi-pozo\/"}]}},"_links":{"self":[{"href":"https:\/\/www.proes.es\/en\/wp-json\/wp\/v2\/posts\/45046","targetHints":{"allow":["GET"]}}],"collection":[{"href":"https:\/\/www.proes.es\/en\/wp-json\/wp\/v2\/posts"}],"about":[{"href":"https:\/\/www.proes.es\/en\/wp-json\/wp\/v2\/types\/post"}],"author":[{"embeddable":true,"href":"https:\/\/www.proes.es\/en\/wp-json\/wp\/v2\/users\/13"}],"replies":[{"embeddable":true,"href":"https:\/\/www.proes.es\/en\/wp-json\/wp\/v2\/comments?post=45046"}],"version-history":[{"count":18,"href":"https:\/\/www.proes.es\/en\/wp-json\/wp\/v2\/posts\/45046\/revisions"}],"predecessor-version":[{"id":48769,"href":"https:\/\/www.proes.es\/en\/wp-json\/wp\/v2\/posts\/45046\/revisions\/48769"}],"wp:featuredmedia":[{"embeddable":true,"href":"https:\/\/www.proes.es\/en\/wp-json\/wp\/v2\/media\/30181"}],"wp:attachment":[{"href":"https:\/\/www.proes.es\/en\/wp-json\/wp\/v2\/media?parent=45046"}],"wp:term":[{"taxonomy":"category","embeddable":true,"href":"https:\/\/www.proes.es\/en\/wp-json\/wp\/v2\/categories?post=45046"},{"taxonomy":"post_tag","embeddable":true,"href":"https:\/\/www.proes.es\/en\/wp-json\/wp\/v2\/tags?post=45046"}],"curies":[{"name":"wp","href":"https:\/\/api.w.org\/{rel}","templated":true}]}}