{"id":45061,"date":"2024-02-05T10:47:43","date_gmt":"2024-02-05T09:47:43","guid":{"rendered":"https:\/\/www.proes.es\/?p=45061"},"modified":"2025-06-03T10:48:47","modified_gmt":"2025-06-03T08:48:47","slug":"plan-director-del-puerto-de-ribeira-la-coruna","status":"publish","type":"post","link":"https:\/\/www.proes.es\/en\/plan-director-del-puerto-de-ribeira-la-coruna\/","title":{"rendered":"Master Plan for the Port of Ribeira, A Coru\u00f1a"},"content":{"rendered":"<div data-elementor-type=\"wp-post\" data-elementor-id=\"45061\" class=\"elementor elementor-45061\" data-elementor-post-type=\"post\">\n\t\t\t\t<div class=\"elementor-element elementor-element-3cdfe8a e-flex e-con-boxed e-con e-parent\" data-id=\"3cdfe8a\" data-element_type=\"container\">\n\t\t\t\t\t<div class=\"e-con-inner\">\n\t\t\t\t<div class=\"elementor-element elementor-element-33d9f86 elementor-widget elementor-widget-image\" data-id=\"33d9f86\" data-element_type=\"widget\" data-widget_type=\"image.default\">\n\t\t\t\t<div class=\"elementor-widget-container\">\n\t\t\t\t\t\t\t\t\t\t\t\t\t\t\t<img fetchpriority=\"high\" decoding=\"async\" width=\"800\" height=\"533\" src=\"https:\/\/p28223.grupoamper.com\/wp-content\/uploads\/2021\/05\/Foto-1.-Panoramica-de-Santa-Uxia-de-Ribeira.jpg\" class=\"attachment-full size-full wp-image-30378\" alt=\"\" srcset=\"https:\/\/p28223.grupoamper.com\/wp-content\/uploads\/2021\/05\/Foto-1.-Panoramica-de-Santa-Uxia-de-Ribeira.jpg 800w, https:\/\/p28223.grupoamper.com\/wp-content\/uploads\/2021\/05\/Foto-1.-Panoramica-de-Santa-Uxia-de-Ribeira-300x200.jpg 300w, https:\/\/p28223.grupoamper.com\/wp-content\/uploads\/2021\/05\/Foto-1.-Panoramica-de-Santa-Uxia-de-Ribeira-768x512.jpg 768w\" sizes=\"(max-width: 800px) 100vw, 800px\" \/>\t\t\t\t\t\t\t\t\t\t\t\t\t\t\t<\/div>\n\t\t\t\t<\/div>\n\t\t\t\t\t<\/div>\n\t\t\t\t<\/div>\n\t\t<div class=\"elementor-element elementor-element-d37ad5a e-flex e-con-boxed e-con e-parent\" data-id=\"d37ad5a\" data-element_type=\"container\">\n\t\t\t\t\t<div class=\"e-con-inner\">\n\t\t<div class=\"elementor-element elementor-element-d49d1e0 e-con-full e-flex e-con e-child\" data-id=\"d49d1e0\" data-element_type=\"container\">\n\t\t\t\t<div class=\"elementor-element elementor-element-38c1739 elementor-widget elementor-widget-text-editor\" data-id=\"38c1739\" data-element_type=\"widget\" data-widget_type=\"text-editor.default\">\n\t\t\t\t<div class=\"elementor-widget-container\">\n\t\t\t\t\t\t\t\t\t<p style=\"text-align: center;\">700.730 m\u00b2<\/p>\t\t\t\t\t\t\t\t<\/div>\n\t\t\t\t<\/div>\n\t\t\t\t<div class=\"elementor-element elementor-element-2ae89aa elementor-widget-divider--view-line elementor-widget elementor-widget-divider\" data-id=\"2ae89aa\" data-element_type=\"widget\" data-widget_type=\"divider.default\">\n\t\t\t\t<div class=\"elementor-widget-container\">\n\t\t\t\t\t\t\t<div class=\"elementor-divider\">\n\t\t\t<span class=\"elementor-divider-separator\">\n\t\t\t\t\t\t<\/span>\n\t\t<\/div>\n\t\t\t\t\t\t<\/div>\n\t\t\t\t<\/div>\n\t\t\t\t<div class=\"elementor-element elementor-element-facb681 elementor-widget elementor-widget-text-editor\" data-id=\"facb681\" data-element_type=\"widget\" data-widget_type=\"text-editor.default\">\n\t\t\t\t<div class=\"elementor-widget-container\">\n\t\t\t\t\t\t\t\t\t<p>surface\u00a0<\/p>\t\t\t\t\t\t\t\t<\/div>\n\t\t\t\t<\/div>\n\t\t\t\t<\/div>\n\t\t<div class=\"elementor-element elementor-element-2f9e185 e-con-full e-flex e-con e-child\" data-id=\"2f9e185\" data-element_type=\"container\">\n\t\t\t\t<div class=\"elementor-element elementor-element-5021c4d elementor-widget elementor-widget-text-editor\" data-id=\"5021c4d\" data-element_type=\"widget\" data-widget_type=\"text-editor.default\">\n\t\t\t\t<div class=\"elementor-widget-container\">\n\t\t\t\t\t\t\t\t\t<p style=\"text-align: center;\">370 m<\/p>\t\t\t\t\t\t\t\t<\/div>\n\t\t\t\t<\/div>\n\t\t\t\t<div class=\"elementor-element elementor-element-0f3f9ce elementor-widget-divider--view-line elementor-widget elementor-widget-divider\" data-id=\"0f3f9ce\" data-element_type=\"widget\" data-widget_type=\"divider.default\">\n\t\t\t\t<div class=\"elementor-widget-container\">\n\t\t\t\t\t\t\t<div class=\"elementor-divider\">\n\t\t\t<span class=\"elementor-divider-separator\">\n\t\t\t\t\t\t<\/span>\n\t\t<\/div>\n\t\t\t\t\t\t<\/div>\n\t\t\t\t<\/div>\n\t\t\t\t<div class=\"elementor-element elementor-element-e69e077 elementor-widget elementor-widget-text-editor\" data-id=\"e69e077\" data-element_type=\"widget\" data-widget_type=\"text-editor.default\">\n\t\t\t\t<div class=\"elementor-widget-container\">\n\t\t\t\t\t\t\t\t\t<p>berthing front<\/p>\t\t\t\t\t\t\t\t<\/div>\n\t\t\t\t<\/div>\n\t\t\t\t<\/div>\n\t\t\t\t\t<\/div>\n\t\t\t\t<\/div>\n\t\t<div class=\"elementor-element elementor-element-dac5cb7 e-flex e-con-boxed e-con e-parent\" data-id=\"dac5cb7\" data-element_type=\"container\">\n\t\t\t\t\t<div class=\"e-con-inner\">\n\t\t\t\t<div class=\"elementor-element elementor-element-a2134c5 elementor-widget__width-initial elementor-widget elementor-widget-text-editor\" data-id=\"a2134c5\" data-element_type=\"widget\" data-widget_type=\"text-editor.default\">\n\t\t\t\t<div class=\"elementor-widget-container\">\n\t\t\t\t\t\t\t\t\t<p>Actualizar y completar el Plan Director del puerto de Ribeira, a ra\u00edz de las conclusiones del Plan Estrat\u00e9gico 2004-2007 de la Entidad P\u00fablica de Puertos de Galicia.<\/p><p>El Plan Director abre el puerto a la ciudad suprimiendo la valla entre ambos. Las principales obras a ejecutar ser\u00e1n la construcci\u00f3n de una nueva d\u00e1rsena para aumentar la longitud de atraques destinados al tr\u00e1fico comercial, la construcci\u00f3n de una nueva lonja, la construcci\u00f3n de dos naves para la reparaci\u00f3n de redes y la construcci\u00f3n de un nuevo espig\u00f3n de contenci\u00f3n de arenas, cerrando el extremo norte del puerto.<\/p><p>\u00a0<\/p><p><span style=\"color: #002f53;\"><strong>Location:<\/strong> <\/span>Puerto de Ribeira, La Coru\u00f1a<\/p><p><span style=\"color: #002f53;\"><strong>Date:<\/strong> 2006-<\/span>2011<\/p><p><span style=\"color: #002f53;\"><strong>Scope of the project:<\/strong><\/span> actualizaci\u00f3n del Plan Director<\/p>\t\t\t\t\t\t\t\t<\/div>\n\t\t\t\t<\/div>\n\t\t\t\t\t<\/div>\n\t\t\t\t<\/div>\n\t\t\t\t<\/div>","protected":false},"excerpt":{"rendered":"<p>700.730 m\u00b2 superficie\u00a0 370 m frente de atraque Actualizar y completar el Plan Director del puerto de Ribeira, a ra\u00edz de las conclusiones del Plan Estrat\u00e9gico 2004-2007 de la Entidad P\u00fablica de Puertos de Galicia. El Plan Director abre el puerto a la ciudad suprimiendo la valla entre ambos. Las principales obras a ejecutar ser\u00e1n [&hellip;]<\/p>","protected":false},"author":14,"featured_media":30378,"comment_status":"closed","ping_status":"closed","sticky":false,"template":"","format":"standard","meta":{"footnotes":""},"categories":[76],"tags":[10],"class_list":["post-45061","post","type-post","status-publish","format-standard","has-post-thumbnail","hentry","category-diseno-de-infraestructuras-maritimas","tag-espana"],"yoast_head":"<!-- This site is optimized with the Yoast SEO plugin v26.8 - https:\/\/yoast.com\/product\/yoast-seo-wordpress\/ -->\n<title>Plan Director del Puerto de Ribeira, La Coru\u00f1a - Proes<\/title>\n<meta name=\"robots\" content=\"index, follow, max-snippet:-1, max-image-preview:large, max-video-preview:-1\" \/>\n<link rel=\"canonical\" href=\"https:\/\/www.proes.es\/en\/plan-director-del-puerto-de-ribeira-la-coruna\/\" \/>\n<meta property=\"og:locale\" content=\"en_GB\" \/>\n<meta property=\"og:type\" content=\"article\" \/>\n<meta property=\"og:title\" content=\"Plan Director del Puerto de Ribeira, La Coru\u00f1a - Proes\" \/>\n<meta property=\"og:description\" content=\"700.730 m\u00b2 superficie\u00a0 370 m frente de atraque Actualizar y completar el Plan Director del puerto de Ribeira, a ra\u00edz de las conclusiones del Plan Estrat\u00e9gico 2004-2007 de la Entidad P\u00fablica de Puertos de Galicia. El Plan Director abre el puerto a la ciudad suprimiendo la valla entre ambos. Las principales obras a ejecutar ser\u00e1n [&hellip;]\" \/>\n<meta property=\"og:url\" content=\"https:\/\/www.proes.es\/en\/plan-director-del-puerto-de-ribeira-la-coruna\/\" \/>\n<meta property=\"og:site_name\" content=\"Proes\" \/>\n<meta property=\"article:published_time\" content=\"2024-02-05T09:47:43+00:00\" \/>\n<meta property=\"article:modified_time\" content=\"2025-06-03T08:48:47+00:00\" \/>\n<meta property=\"og:image\" content=\"https:\/\/www.proes.es\/wp-content\/uploads\/2021\/05\/Foto-1.-Panoramica-de-Santa-Uxia-de-Ribeira.jpg\" \/>\n\t<meta property=\"og:image:width\" content=\"800\" \/>\n\t<meta property=\"og:image:height\" content=\"533\" \/>\n\t<meta property=\"og:image:type\" content=\"image\/jpeg\" \/>\n<meta name=\"author\" content=\"Isabel.Caruana\" \/>\n<meta name=\"twitter:card\" content=\"summary_large_image\" \/>\n<meta name=\"twitter:label1\" content=\"Written by\" \/>\n\t<meta name=\"twitter:data1\" content=\"Isabel.Caruana\" \/>\n\t<meta name=\"twitter:label2\" content=\"Estimated reading time\" \/>\n\t<meta name=\"twitter:data2\" content=\"1 minute\" \/>\n<script type=\"application\/ld+json\" class=\"yoast-schema-graph\">{\"@context\":\"https:\/\/schema.org\",\"@graph\":[{\"@type\":\"Article\",\"@id\":\"https:\/\/www.proes.es\/plan-director-del-puerto-de-ribeira-la-coruna\/#article\",\"isPartOf\":{\"@id\":\"https:\/\/www.proes.es\/plan-director-del-puerto-de-ribeira-la-coruna\/\"},\"author\":{\"name\":\"Isabel.Caruana\",\"@id\":\"https:\/\/p28223.grupoamper.com\/#\/schema\/person\/36e57a12577f759f8f2836cd8fba1c03\"},\"headline\":\"Plan Director del Puerto de Ribeira, La Coru\u00f1a\",\"datePublished\":\"2024-02-05T09:47:43+00:00\",\"dateModified\":\"2025-06-03T08:48:47+00:00\",\"mainEntityOfPage\":{\"@id\":\"https:\/\/www.proes.es\/plan-director-del-puerto-de-ribeira-la-coruna\/\"},\"wordCount\":142,\"publisher\":{\"@id\":\"https:\/\/p28223.grupoamper.com\/#organization\"},\"image\":{\"@id\":\"https:\/\/www.proes.es\/plan-director-del-puerto-de-ribeira-la-coruna\/#primaryimage\"},\"thumbnailUrl\":\"https:\/\/www.proes.es\/wp-content\/uploads\/2021\/05\/Foto-1.-Panoramica-de-Santa-Uxia-de-Ribeira.jpg\",\"keywords\":[\"Espa\u00f1a\"],\"articleSection\":[\"Dise\u00f1o de infraestructuras mar\u00edtimas\"],\"inLanguage\":\"en-GB\"},{\"@type\":\"WebPage\",\"@id\":\"https:\/\/www.proes.es\/plan-director-del-puerto-de-ribeira-la-coruna\/\",\"url\":\"https:\/\/www.proes.es\/plan-director-del-puerto-de-ribeira-la-coruna\/\",\"name\":\"Plan Director del Puerto de Ribeira, La Coru\u00f1a - Proes\",\"isPartOf\":{\"@id\":\"https:\/\/p28223.grupoamper.com\/#website\"},\"primaryImageOfPage\":{\"@id\":\"https:\/\/www.proes.es\/plan-director-del-puerto-de-ribeira-la-coruna\/#primaryimage\"},\"image\":{\"@id\":\"https:\/\/www.proes.es\/plan-director-del-puerto-de-ribeira-la-coruna\/#primaryimage\"},\"thumbnailUrl\":\"https:\/\/www.proes.es\/wp-content\/uploads\/2021\/05\/Foto-1.-Panoramica-de-Santa-Uxia-de-Ribeira.jpg\",\"datePublished\":\"2024-02-05T09:47:43+00:00\",\"dateModified\":\"2025-06-03T08:48:47+00:00\",\"breadcrumb\":{\"@id\":\"https:\/\/www.proes.es\/plan-director-del-puerto-de-ribeira-la-coruna\/#breadcrumb\"},\"inLanguage\":\"en-GB\",\"potentialAction\":[{\"@type\":\"ReadAction\",\"target\":[\"https:\/\/www.proes.es\/plan-director-del-puerto-de-ribeira-la-coruna\/\"]}]},{\"@type\":\"ImageObject\",\"inLanguage\":\"en-GB\",\"@id\":\"https:\/\/www.proes.es\/plan-director-del-puerto-de-ribeira-la-coruna\/#primaryimage\",\"url\":\"https:\/\/www.proes.es\/wp-content\/uploads\/2021\/05\/Foto-1.-Panoramica-de-Santa-Uxia-de-Ribeira.jpg\",\"contentUrl\":\"https:\/\/www.proes.es\/wp-content\/uploads\/2021\/05\/Foto-1.-Panoramica-de-Santa-Uxia-de-Ribeira.jpg\",\"width\":800,\"height\":533},{\"@type\":\"BreadcrumbList\",\"@id\":\"https:\/\/www.proes.es\/plan-director-del-puerto-de-ribeira-la-coruna\/#breadcrumb\",\"itemListElement\":[{\"@type\":\"ListItem\",\"position\":1,\"name\":\"Portada\",\"item\":\"https:\/\/p28223.grupoamper.com\/\"},{\"@type\":\"ListItem\",\"position\":2,\"name\":\"Plan Director del Puerto de Ribeira, La Coru\u00f1a\"}]},{\"@type\":\"WebSite\",\"@id\":\"https:\/\/p28223.grupoamper.com\/#website\",\"url\":\"https:\/\/p28223.grupoamper.com\/\",\"name\":\"Proes\",\"description\":\"\",\"publisher\":{\"@id\":\"https:\/\/p28223.grupoamper.com\/#organization\"},\"potentialAction\":[{\"@type\":\"SearchAction\",\"target\":{\"@type\":\"EntryPoint\",\"urlTemplate\":\"https:\/\/p28223.grupoamper.com\/?s={search_term_string}\"},\"query-input\":{\"@type\":\"PropertyValueSpecification\",\"valueRequired\":true,\"valueName\":\"search_term_string\"}}],\"inLanguage\":\"en-GB\"},{\"@type\":\"Organization\",\"@id\":\"https:\/\/p28223.grupoamper.com\/#organization\",\"name\":\"Proes\",\"url\":\"https:\/\/p28223.grupoamper.com\/\",\"logo\":{\"@type\":\"ImageObject\",\"inLanguage\":\"en-GB\",\"@id\":\"https:\/\/p28223.grupoamper.com\/#\/schema\/logo\/image\/\",\"url\":\"https:\/\/www.proes.es\/wp-content\/uploads\/2023\/05\/Logo-Proes.png\",\"contentUrl\":\"https:\/\/www.proes.es\/wp-content\/uploads\/2023\/05\/Logo-Proes.png\",\"width\":520,\"height\":140,\"caption\":\"Proes\"},\"image\":{\"@id\":\"https:\/\/p28223.grupoamper.com\/#\/schema\/logo\/image\/\"}},{\"@type\":\"Person\",\"@id\":\"https:\/\/p28223.grupoamper.com\/#\/schema\/person\/36e57a12577f759f8f2836cd8fba1c03\",\"name\":\"Isabel.Caruana\",\"image\":{\"@type\":\"ImageObject\",\"inLanguage\":\"en-GB\",\"@id\":\"https:\/\/p28223.grupoamper.com\/#\/schema\/person\/image\/\",\"url\":\"https:\/\/secure.gravatar.com\/avatar\/4a350cf9d30b1b93d55c0b1fca1bdc4539442248717055d1a3bb3f1d49dff91d?s=96&d=mm&r=g\",\"contentUrl\":\"https:\/\/secure.gravatar.com\/avatar\/4a350cf9d30b1b93d55c0b1fca1bdc4539442248717055d1a3bb3f1d49dff91d?s=96&d=mm&r=g\",\"caption\":\"Isabel.Caruana\"},\"sameAs\":[\"https:\/\/Proes\"],\"url\":\"https:\/\/www.proes.es\/en\/author\/isabel-caruana\/\"}]}<\/script>\n<!-- \/ Yoast SEO plugin. -->","yoast_head_json":{"title":"Plan Director del Puerto de Ribeira, La Coru\u00f1a - Proes","robots":{"index":"index","follow":"follow","max-snippet":"max-snippet:-1","max-image-preview":"max-image-preview:large","max-video-preview":"max-video-preview:-1"},"canonical":"https:\/\/www.proes.es\/en\/plan-director-del-puerto-de-ribeira-la-coruna\/","og_locale":"en_GB","og_type":"article","og_title":"Plan Director del Puerto de Ribeira, La Coru\u00f1a - Proes","og_description":"700.730 m\u00b2 superficie\u00a0 370 m frente de atraque Actualizar y completar el Plan Director del puerto de Ribeira, a ra\u00edz de las conclusiones del Plan Estrat\u00e9gico 2004-2007 de la Entidad P\u00fablica de Puertos de Galicia. El Plan Director abre el puerto a la ciudad suprimiendo la valla entre ambos. Las principales obras a ejecutar ser\u00e1n [&hellip;]","og_url":"https:\/\/www.proes.es\/en\/plan-director-del-puerto-de-ribeira-la-coruna\/","og_site_name":"Proes","article_published_time":"2024-02-05T09:47:43+00:00","article_modified_time":"2025-06-03T08:48:47+00:00","og_image":[{"width":800,"height":533,"url":"https:\/\/www.proes.es\/wp-content\/uploads\/2021\/05\/Foto-1.-Panoramica-de-Santa-Uxia-de-Ribeira.jpg","type":"image\/jpeg"}],"author":"Isabel.Caruana","twitter_card":"summary_large_image","twitter_misc":{"Written by":"Isabel.Caruana","Estimated reading time":"1 minute"},"schema":{"@context":"https:\/\/schema.org","@graph":[{"@type":"Article","@id":"https:\/\/www.proes.es\/plan-director-del-puerto-de-ribeira-la-coruna\/#article","isPartOf":{"@id":"https:\/\/www.proes.es\/plan-director-del-puerto-de-ribeira-la-coruna\/"},"author":{"name":"Isabel.Caruana","@id":"https:\/\/p28223.grupoamper.com\/#\/schema\/person\/36e57a12577f759f8f2836cd8fba1c03"},"headline":"Plan Director del Puerto de Ribeira, La Coru\u00f1a","datePublished":"2024-02-05T09:47:43+00:00","dateModified":"2025-06-03T08:48:47+00:00","mainEntityOfPage":{"@id":"https:\/\/www.proes.es\/plan-director-del-puerto-de-ribeira-la-coruna\/"},"wordCount":142,"publisher":{"@id":"https:\/\/p28223.grupoamper.com\/#organization"},"image":{"@id":"https:\/\/www.proes.es\/plan-director-del-puerto-de-ribeira-la-coruna\/#primaryimage"},"thumbnailUrl":"https:\/\/www.proes.es\/wp-content\/uploads\/2021\/05\/Foto-1.-Panoramica-de-Santa-Uxia-de-Ribeira.jpg","keywords":["Espa\u00f1a"],"articleSection":["Dise\u00f1o de infraestructuras mar\u00edtimas"],"inLanguage":"en-GB"},{"@type":"WebPage","@id":"https:\/\/www.proes.es\/plan-director-del-puerto-de-ribeira-la-coruna\/","url":"https:\/\/www.proes.es\/plan-director-del-puerto-de-ribeira-la-coruna\/","name":"Plan Director del Puerto de Ribeira, La Coru\u00f1a - Proes","isPartOf":{"@id":"https:\/\/p28223.grupoamper.com\/#website"},"primaryImageOfPage":{"@id":"https:\/\/www.proes.es\/plan-director-del-puerto-de-ribeira-la-coruna\/#primaryimage"},"image":{"@id":"https:\/\/www.proes.es\/plan-director-del-puerto-de-ribeira-la-coruna\/#primaryimage"},"thumbnailUrl":"https:\/\/www.proes.es\/wp-content\/uploads\/2021\/05\/Foto-1.-Panoramica-de-Santa-Uxia-de-Ribeira.jpg","datePublished":"2024-02-05T09:47:43+00:00","dateModified":"2025-06-03T08:48:47+00:00","breadcrumb":{"@id":"https:\/\/www.proes.es\/plan-director-del-puerto-de-ribeira-la-coruna\/#breadcrumb"},"inLanguage":"en-GB","potentialAction":[{"@type":"ReadAction","target":["https:\/\/www.proes.es\/plan-director-del-puerto-de-ribeira-la-coruna\/"]}]},{"@type":"ImageObject","inLanguage":"en-GB","@id":"https:\/\/www.proes.es\/plan-director-del-puerto-de-ribeira-la-coruna\/#primaryimage","url":"https:\/\/www.proes.es\/wp-content\/uploads\/2021\/05\/Foto-1.-Panoramica-de-Santa-Uxia-de-Ribeira.jpg","contentUrl":"https:\/\/www.proes.es\/wp-content\/uploads\/2021\/05\/Foto-1.-Panoramica-de-Santa-Uxia-de-Ribeira.jpg","width":800,"height":533},{"@type":"BreadcrumbList","@id":"https:\/\/www.proes.es\/plan-director-del-puerto-de-ribeira-la-coruna\/#breadcrumb","itemListElement":[{"@type":"ListItem","position":1,"name":"Portada","item":"https:\/\/p28223.grupoamper.com\/"},{"@type":"ListItem","position":2,"name":"Plan Director del Puerto de Ribeira, La Coru\u00f1a"}]},{"@type":"WebSite","@id":"https:\/\/p28223.grupoamper.com\/#website","url":"https:\/\/p28223.grupoamper.com\/","name":"Proes,","description":"","publisher":{"@id":"https:\/\/p28223.grupoamper.com\/#organization"},"potentialAction":[{"@type":"SearchAction","target":{"@type":"EntryPoint","urlTemplate":"https:\/\/p28223.grupoamper.com\/?s={search_term_string}"},"query-input":{"@type":"PropertyValueSpecification","valueRequired":true,"valueName":"search_term_string"}}],"inLanguage":"en-GB"},{"@type":"Organization","@id":"https:\/\/p28223.grupoamper.com\/#organization","name":"Proes,","url":"https:\/\/p28223.grupoamper.com\/","logo":{"@type":"ImageObject","inLanguage":"en-GB","@id":"https:\/\/p28223.grupoamper.com\/#\/schema\/logo\/image\/","url":"https:\/\/www.proes.es\/wp-content\/uploads\/2023\/05\/Logo-Proes.png","contentUrl":"https:\/\/www.proes.es\/wp-content\/uploads\/2023\/05\/Logo-Proes.png","width":520,"height":140,"caption":"Proes"},"image":{"@id":"https:\/\/p28223.grupoamper.com\/#\/schema\/logo\/image\/"}},{"@type":"Person","@id":"https:\/\/p28223.grupoamper.com\/#\/schema\/person\/36e57a12577f759f8f2836cd8fba1c03","name":"Isabel.Caruana","image":{"@type":"ImageObject","inLanguage":"en-GB","@id":"https:\/\/p28223.grupoamper.com\/#\/schema\/person\/image\/","url":"https:\/\/secure.gravatar.com\/avatar\/4a350cf9d30b1b93d55c0b1fca1bdc4539442248717055d1a3bb3f1d49dff91d?s=96&d=mm&r=g","contentUrl":"https:\/\/secure.gravatar.com\/avatar\/4a350cf9d30b1b93d55c0b1fca1bdc4539442248717055d1a3bb3f1d49dff91d?s=96&d=mm&r=g","caption":"Isabel.Caruana"},"sameAs":["https:\/\/Proes"],"url":"https:\/\/www.proes.es\/en\/author\/isabel-caruana\/"}]}},"_links":{"self":[{"href":"https:\/\/www.proes.es\/en\/wp-json\/wp\/v2\/posts\/45061","targetHints":{"allow":["GET"]}}],"collection":[{"href":"https:\/\/www.proes.es\/en\/wp-json\/wp\/v2\/posts"}],"about":[{"href":"https:\/\/www.proes.es\/en\/wp-json\/wp\/v2\/types\/post"}],"author":[{"embeddable":true,"href":"https:\/\/www.proes.es\/en\/wp-json\/wp\/v2\/users\/14"}],"replies":[{"embeddable":true,"href":"https:\/\/www.proes.es\/en\/wp-json\/wp\/v2\/comments?post=45061"}],"version-history":[{"count":20,"href":"https:\/\/www.proes.es\/en\/wp-json\/wp\/v2\/posts\/45061\/revisions"}],"predecessor-version":[{"id":48856,"href":"https:\/\/www.proes.es\/en\/wp-json\/wp\/v2\/posts\/45061\/revisions\/48856"}],"wp:featuredmedia":[{"embeddable":true,"href":"https:\/\/www.proes.es\/en\/wp-json\/wp\/v2\/media\/30378"}],"wp:attachment":[{"href":"https:\/\/www.proes.es\/en\/wp-json\/wp\/v2\/media?parent=45061"}],"wp:term":[{"taxonomy":"category","embeddable":true,"href":"https:\/\/www.proes.es\/en\/wp-json\/wp\/v2\/categories?post=45061"},{"taxonomy":"post_tag","embeddable":true,"href":"https:\/\/www.proes.es\/en\/wp-json\/wp\/v2\/tags?post=45061"}],"curies":[{"name":"wp","href":"https:\/\/api.w.org\/{rel}","templated":true}]}}