{"id":45093,"date":"2024-02-05T11:14:30","date_gmt":"2024-02-05T10:14:30","guid":{"rendered":"https:\/\/www.proes.es\/?p=45093"},"modified":"2025-06-02T14:26:35","modified_gmt":"2025-06-02T12:26:35","slug":"asistencia-tecnica-evaluacion-y-plan-de-proteccion-de-reganosa-puerto-de-ferrol","status":"publish","type":"post","link":"https:\/\/www.proes.es\/en\/asistencia-tecnica-evaluacion-y-plan-de-proteccion-de-reganosa-puerto-de-ferrol\/","title":{"rendered":"Technical assistance, assessment and security plan for Reganosa, port of Ferrol"},"content":{"rendered":"<div data-elementor-type=\"wp-post\" data-elementor-id=\"45093\" class=\"elementor elementor-45093\" data-elementor-post-type=\"post\">\n\t\t\t\t<div class=\"elementor-element elementor-element-3cdfe8a e-flex e-con-boxed e-con e-parent\" data-id=\"3cdfe8a\" data-element_type=\"container\">\n\t\t\t\t\t<div class=\"e-con-inner\">\n\t\t\t\t<div class=\"elementor-element elementor-element-33d9f86 elementor-widget elementor-widget-image\" data-id=\"33d9f86\" data-element_type=\"widget\" data-widget_type=\"image.default\">\n\t\t\t\t<div class=\"elementor-widget-container\">\n\t\t\t\t\t\t\t\t\t\t\t\t\t\t\t<img fetchpriority=\"high\" decoding=\"async\" width=\"1920\" height=\"1351\" src=\"https:\/\/www.proes.es\/wp-content\/uploads\/2021\/04\/20201230123507.jpg\" class=\"attachment-full size-full wp-image-30296\" alt=\"\" srcset=\"https:\/\/www.proes.es\/wp-content\/uploads\/2021\/04\/20201230123507.jpg 1920w, https:\/\/www.proes.es\/wp-content\/uploads\/2021\/04\/20201230123507-300x211.jpg 300w, https:\/\/www.proes.es\/wp-content\/uploads\/2021\/04\/20201230123507-1024x721.jpg 1024w, https:\/\/www.proes.es\/wp-content\/uploads\/2021\/04\/20201230123507-768x540.jpg 768w, https:\/\/www.proes.es\/wp-content\/uploads\/2021\/04\/20201230123507-1536x1081.jpg 1536w, https:\/\/www.proes.es\/wp-content\/uploads\/2021\/04\/20201230123507-400x280.jpg 400w\" sizes=\"(max-width: 1920px) 100vw, 1920px\" \/>\t\t\t\t\t\t\t\t\t\t\t\t\t\t\t<\/div>\n\t\t\t\t<\/div>\n\t\t\t\t\t<\/div>\n\t\t\t\t<\/div>\n\t\t<div class=\"elementor-element elementor-element-d37ad5a e-flex e-con-boxed e-con e-parent\" data-id=\"d37ad5a\" data-element_type=\"container\">\n\t\t\t\t\t<div class=\"e-con-inner\">\n\t\t<div class=\"elementor-element elementor-element-d49d1e0 e-con-full e-flex e-con e-child\" data-id=\"d49d1e0\" data-element_type=\"container\">\n\t\t\t\t<div class=\"elementor-element elementor-element-38c1739 elementor-widget elementor-widget-text-editor\" data-id=\"38c1739\" data-element_type=\"widget\" data-widget_type=\"text-editor.default\">\n\t\t\t\t<div class=\"elementor-widget-container\">\n\t\t\t\t\t\t\t\t\t<p style=\"text-align: center;\">3\u00aa terminal de GNL<\/p>\t\t\t\t\t\t\t\t<\/div>\n\t\t\t\t<\/div>\n\t\t\t\t<div class=\"elementor-element elementor-element-2ae89aa elementor-widget-divider--view-line elementor-widget elementor-widget-divider\" data-id=\"2ae89aa\" data-element_type=\"widget\" data-widget_type=\"divider.default\">\n\t\t\t\t<div class=\"elementor-widget-container\">\n\t\t\t\t\t\t\t<div class=\"elementor-divider\">\n\t\t\t<span class=\"elementor-divider-separator\">\n\t\t\t\t\t\t<\/span>\n\t\t<\/div>\n\t\t\t\t\t\t<\/div>\n\t\t\t\t<\/div>\n\t\t\t\t<div class=\"elementor-element elementor-element-facb681 elementor-widget elementor-widget-text-editor\" data-id=\"facb681\" data-element_type=\"widget\" data-widget_type=\"text-editor.default\">\n\t\t\t\t<div class=\"elementor-widget-container\">\n\t\t\t\t\t\t\t\t\t<p>del sistema espa\u00f1ol<\/p>\t\t\t\t\t\t\t\t<\/div>\n\t\t\t\t<\/div>\n\t\t\t\t<\/div>\n\t\t<div class=\"elementor-element elementor-element-2f9e185 e-con-full e-flex e-con e-child\" data-id=\"2f9e185\" data-element_type=\"container\">\n\t\t\t\t<div class=\"elementor-element elementor-element-5021c4d elementor-widget elementor-widget-text-editor\" data-id=\"5021c4d\" data-element_type=\"widget\" data-widget_type=\"text-editor.default\">\n\t\t\t\t<div class=\"elementor-widget-container\">\n\t\t\t\t\t\t\t\t\t<p style=\"text-align: center;\">3,8 millones de hogares<\/p>\t\t\t\t\t\t\t\t<\/div>\n\t\t\t\t<\/div>\n\t\t\t\t<div class=\"elementor-element elementor-element-0f3f9ce elementor-widget-divider--view-line elementor-widget elementor-widget-divider\" data-id=\"0f3f9ce\" data-element_type=\"widget\" data-widget_type=\"divider.default\">\n\t\t\t\t<div class=\"elementor-widget-container\">\n\t\t\t\t\t\t\t<div class=\"elementor-divider\">\n\t\t\t<span class=\"elementor-divider-separator\">\n\t\t\t\t\t\t<\/span>\n\t\t<\/div>\n\t\t\t\t\t\t<\/div>\n\t\t\t\t<\/div>\n\t\t\t\t<div class=\"elementor-element elementor-element-e69e077 elementor-widget elementor-widget-text-editor\" data-id=\"e69e077\" data-element_type=\"widget\" data-widget_type=\"text-editor.default\">\n\t\t\t\t<div class=\"elementor-widget-container\">\n\t\t\t\t\t\t\t\t\t<p>suministro anual<\/p>\t\t\t\t\t\t\t\t<\/div>\n\t\t\t\t<\/div>\n\t\t\t\t<\/div>\n\t\t\t\t\t<\/div>\n\t\t\t\t<\/div>\n\t\t<div class=\"elementor-element elementor-element-dac5cb7 e-flex e-con-boxed e-con e-parent\" data-id=\"dac5cb7\" data-element_type=\"container\">\n\t\t\t\t\t<div class=\"e-con-inner\">\n\t\t\t\t<div class=\"elementor-element elementor-element-a2134c5 elementor-widget__width-initial elementor-widget elementor-widget-text-editor\" data-id=\"a2134c5\" data-element_type=\"widget\" data-widget_type=\"text-editor.default\">\n\t\t\t\t<div class=\"elementor-widget-container\">\n\t\t\t\t\t\t\t\t\t<p>El proyecto consiste en la asistencia t\u00e9cnica para la Evaluaci\u00f3n de la Protecci\u00f3n de la terminal de regasificaci\u00f3n de Reganosa en el puerto de Ferrol,y posterior redacci\u00f3n del Plan de Protecci\u00f3n para cumplir con el C\u00f3digo ISPS y con el Reglamento CD\/725\/2004 del Parlamento Europeo y Consejo.<\/p><p>Las instalaciones reciben, almacenan y transforman gas natural licuado (GNL), proporcionando el suministro de las centrales el\u00e9ctricas de ciclo combinado que se encuentran en As Pontes de Garc\u00eda Rodr\u00edguez y Arteixo, as\u00ed como otro tipo de industrias.<\/p><p>\u00a0<\/p><p><span style=\"color: #002f53;\"><strong>Location:<\/strong><\/span>\u00a0instalaciones de Reganosa, puerto de Ferrol<\/p><p><span style=\"color: #002f53;\"><strong>Date:<\/strong><\/span> 2006<\/p><p><span style=\"color: #002f53;\"><strong>Scope of the project:<\/strong><\/span>\u00a0development of the Assessment and subsequent Protection Plan<\/p>\t\t\t\t\t\t\t\t<\/div>\n\t\t\t\t<\/div>\n\t\t\t\t\t<\/div>\n\t\t\t\t<\/div>\n\t\t\t\t<\/div>","protected":false},"excerpt":{"rendered":"<p>3\u00aa terminal de GNL del sistema espa\u00f1ol 3,8 millones de hogares suministro anual El proyecto consiste en la asistencia t\u00e9cnica para la Evaluaci\u00f3n de la Protecci\u00f3n de la terminal de regasificaci\u00f3n de Reganosa en el puerto de Ferrol,y posterior redacci\u00f3n del Plan de Protecci\u00f3n para cumplir con el C\u00f3digo ISPS y con el Reglamento CD\/725\/2004 [&hellip;]<\/p>","protected":false},"author":14,"featured_media":30296,"comment_status":"closed","ping_status":"closed","sticky":false,"template":"","format":"standard","meta":{"footnotes":""},"categories":[76],"tags":[10],"class_list":["post-45093","post","type-post","status-publish","format-standard","has-post-thumbnail","hentry","category-diseno-de-infraestructuras-maritimas","tag-espana"],"yoast_head":"<!-- This site is optimized with the Yoast SEO plugin v26.8 - https:\/\/yoast.com\/product\/yoast-seo-wordpress\/ -->\n<title>Asistencia t\u00e9cnica, evaluaci\u00f3n y plan de protecci\u00f3n de Reganosa, puerto de Ferrol - Proes<\/title>\n<meta name=\"robots\" content=\"index, follow, max-snippet:-1, max-image-preview:large, max-video-preview:-1\" \/>\n<link rel=\"canonical\" href=\"https:\/\/www.proes.es\/en\/asistencia-tecnica-evaluacion-y-plan-de-proteccion-de-reganosa-puerto-de-ferrol\/\" \/>\n<meta property=\"og:locale\" content=\"en_GB\" \/>\n<meta property=\"og:type\" content=\"article\" \/>\n<meta property=\"og:title\" content=\"Asistencia t\u00e9cnica, evaluaci\u00f3n y plan de protecci\u00f3n de Reganosa, puerto de Ferrol - Proes\" \/>\n<meta property=\"og:description\" content=\"3\u00aa terminal de GNL del sistema espa\u00f1ol 3,8 millones de hogares suministro anual El proyecto consiste en la asistencia t\u00e9cnica para la Evaluaci\u00f3n de la Protecci\u00f3n de la terminal de regasificaci\u00f3n de Reganosa en el puerto de Ferrol,y posterior redacci\u00f3n del Plan de Protecci\u00f3n para cumplir con el C\u00f3digo ISPS y con el Reglamento CD\/725\/2004 [&hellip;]\" \/>\n<meta property=\"og:url\" content=\"https:\/\/www.proes.es\/en\/asistencia-tecnica-evaluacion-y-plan-de-proteccion-de-reganosa-puerto-de-ferrol\/\" \/>\n<meta property=\"og:site_name\" content=\"Proes\" \/>\n<meta property=\"article:published_time\" content=\"2024-02-05T10:14:30+00:00\" \/>\n<meta property=\"article:modified_time\" content=\"2025-06-02T12:26:35+00:00\" \/>\n<meta property=\"og:image\" content=\"https:\/\/www.proes.es\/wp-content\/uploads\/2021\/04\/20201230123507.jpg\" \/>\n\t<meta property=\"og:image:width\" content=\"1920\" \/>\n\t<meta property=\"og:image:height\" content=\"1351\" \/>\n\t<meta property=\"og:image:type\" content=\"image\/jpeg\" \/>\n<meta name=\"author\" content=\"Isabel.Caruana\" \/>\n<meta name=\"twitter:card\" content=\"summary_large_image\" \/>\n<meta name=\"twitter:label1\" content=\"Written by\" \/>\n\t<meta name=\"twitter:data1\" content=\"Isabel.Caruana\" \/>\n\t<meta name=\"twitter:label2\" content=\"Estimated reading time\" \/>\n\t<meta name=\"twitter:data2\" content=\"1 minute\" \/>\n<script type=\"application\/ld+json\" class=\"yoast-schema-graph\">{\"@context\":\"https:\/\/schema.org\",\"@graph\":[{\"@type\":\"Article\",\"@id\":\"https:\/\/www.proes.es\/en\/asistencia-tecnica-evaluacion-y-plan-de-proteccion-de-reganosa-puerto-de-ferrol\/#article\",\"isPartOf\":{\"@id\":\"https:\/\/www.proes.es\/en\/asistencia-tecnica-evaluacion-y-plan-de-proteccion-de-reganosa-puerto-de-ferrol\/\"},\"author\":{\"name\":\"Isabel.Caruana\",\"@id\":\"https:\/\/p28223.grupoamper.com\/en\/#\/schema\/person\/36e57a12577f759f8f2836cd8fba1c03\"},\"headline\":\"Asistencia t\u00e9cnica, evaluaci\u00f3n y plan de protecci\u00f3n de Reganosa, puerto de Ferrol\",\"datePublished\":\"2024-02-05T10:14:30+00:00\",\"dateModified\":\"2025-06-02T12:26:35+00:00\",\"mainEntityOfPage\":{\"@id\":\"https:\/\/www.proes.es\/en\/asistencia-tecnica-evaluacion-y-plan-de-proteccion-de-reganosa-puerto-de-ferrol\/\"},\"wordCount\":145,\"publisher\":{\"@id\":\"https:\/\/p28223.grupoamper.com\/en\/#organization\"},\"image\":{\"@id\":\"https:\/\/www.proes.es\/en\/asistencia-tecnica-evaluacion-y-plan-de-proteccion-de-reganosa-puerto-de-ferrol\/#primaryimage\"},\"thumbnailUrl\":\"https:\/\/www.proes.es\/wp-content\/uploads\/2021\/04\/20201230123507.jpg\",\"keywords\":[\"Espa\u00f1a\"],\"articleSection\":[\"Dise\u00f1o de infraestructuras mar\u00edtimas\"],\"inLanguage\":\"en-GB\"},{\"@type\":\"WebPage\",\"@id\":\"https:\/\/www.proes.es\/en\/asistencia-tecnica-evaluacion-y-plan-de-proteccion-de-reganosa-puerto-de-ferrol\/\",\"url\":\"https:\/\/www.proes.es\/en\/asistencia-tecnica-evaluacion-y-plan-de-proteccion-de-reganosa-puerto-de-ferrol\/\",\"name\":\"Asistencia t\u00e9cnica, evaluaci\u00f3n y plan de protecci\u00f3n de Reganosa, puerto de Ferrol - Proes\",\"isPartOf\":{\"@id\":\"https:\/\/p28223.grupoamper.com\/en\/#website\"},\"primaryImageOfPage\":{\"@id\":\"https:\/\/www.proes.es\/en\/asistencia-tecnica-evaluacion-y-plan-de-proteccion-de-reganosa-puerto-de-ferrol\/#primaryimage\"},\"image\":{\"@id\":\"https:\/\/www.proes.es\/en\/asistencia-tecnica-evaluacion-y-plan-de-proteccion-de-reganosa-puerto-de-ferrol\/#primaryimage\"},\"thumbnailUrl\":\"https:\/\/www.proes.es\/wp-content\/uploads\/2021\/04\/20201230123507.jpg\",\"datePublished\":\"2024-02-05T10:14:30+00:00\",\"dateModified\":\"2025-06-02T12:26:35+00:00\",\"breadcrumb\":{\"@id\":\"https:\/\/www.proes.es\/en\/asistencia-tecnica-evaluacion-y-plan-de-proteccion-de-reganosa-puerto-de-ferrol\/#breadcrumb\"},\"inLanguage\":\"en-GB\",\"potentialAction\":[{\"@type\":\"ReadAction\",\"target\":[\"https:\/\/www.proes.es\/en\/asistencia-tecnica-evaluacion-y-plan-de-proteccion-de-reganosa-puerto-de-ferrol\/\"]}]},{\"@type\":\"ImageObject\",\"inLanguage\":\"en-GB\",\"@id\":\"https:\/\/www.proes.es\/en\/asistencia-tecnica-evaluacion-y-plan-de-proteccion-de-reganosa-puerto-de-ferrol\/#primaryimage\",\"url\":\"https:\/\/www.proes.es\/wp-content\/uploads\/2021\/04\/20201230123507.jpg\",\"contentUrl\":\"https:\/\/www.proes.es\/wp-content\/uploads\/2021\/04\/20201230123507.jpg\",\"width\":1920,\"height\":1351},{\"@type\":\"BreadcrumbList\",\"@id\":\"https:\/\/www.proes.es\/en\/asistencia-tecnica-evaluacion-y-plan-de-proteccion-de-reganosa-puerto-de-ferrol\/#breadcrumb\",\"itemListElement\":[{\"@type\":\"ListItem\",\"position\":1,\"name\":\"Portada\",\"item\":\"https:\/\/p28223.grupoamper.com\/en\/\"},{\"@type\":\"ListItem\",\"position\":2,\"name\":\"Asistencia t\u00e9cnica, evaluaci\u00f3n y plan de protecci\u00f3n de Reganosa, puerto de Ferrol\"}]},{\"@type\":\"WebSite\",\"@id\":\"https:\/\/p28223.grupoamper.com\/en\/#website\",\"url\":\"https:\/\/p28223.grupoamper.com\/en\/\",\"name\":\"Proes\",\"description\":\"\",\"publisher\":{\"@id\":\"https:\/\/p28223.grupoamper.com\/en\/#organization\"},\"potentialAction\":[{\"@type\":\"SearchAction\",\"target\":{\"@type\":\"EntryPoint\",\"urlTemplate\":\"https:\/\/p28223.grupoamper.com\/en\/?s={search_term_string}\"},\"query-input\":{\"@type\":\"PropertyValueSpecification\",\"valueRequired\":true,\"valueName\":\"search_term_string\"}}],\"inLanguage\":\"en-GB\"},{\"@type\":\"Organization\",\"@id\":\"https:\/\/p28223.grupoamper.com\/en\/#organization\",\"name\":\"Proes\",\"url\":\"https:\/\/p28223.grupoamper.com\/en\/\",\"logo\":{\"@type\":\"ImageObject\",\"inLanguage\":\"en-GB\",\"@id\":\"https:\/\/p28223.grupoamper.com\/en\/#\/schema\/logo\/image\/\",\"url\":\"https:\/\/www.proes.es\/wp-content\/uploads\/2023\/05\/Logo-Proes.png\",\"contentUrl\":\"https:\/\/www.proes.es\/wp-content\/uploads\/2023\/05\/Logo-Proes.png\",\"width\":520,\"height\":140,\"caption\":\"Proes\"},\"image\":{\"@id\":\"https:\/\/p28223.grupoamper.com\/en\/#\/schema\/logo\/image\/\"}},{\"@type\":\"Person\",\"@id\":\"https:\/\/p28223.grupoamper.com\/en\/#\/schema\/person\/36e57a12577f759f8f2836cd8fba1c03\",\"name\":\"Isabel.Caruana\",\"image\":{\"@type\":\"ImageObject\",\"inLanguage\":\"en-GB\",\"@id\":\"https:\/\/p28223.grupoamper.com\/en\/#\/schema\/person\/image\/\",\"url\":\"https:\/\/secure.gravatar.com\/avatar\/4a350cf9d30b1b93d55c0b1fca1bdc4539442248717055d1a3bb3f1d49dff91d?s=96&d=mm&r=g\",\"contentUrl\":\"https:\/\/secure.gravatar.com\/avatar\/4a350cf9d30b1b93d55c0b1fca1bdc4539442248717055d1a3bb3f1d49dff91d?s=96&d=mm&r=g\",\"caption\":\"Isabel.Caruana\"},\"sameAs\":[\"https:\/\/Proes\"],\"url\":\"https:\/\/www.proes.es\/en\/author\/isabel-caruana\/\"}]}<\/script>\n<!-- \/ Yoast SEO plugin. -->","yoast_head_json":{"title":"Asistencia t\u00e9cnica, evaluaci\u00f3n y plan de protecci\u00f3n de Reganosa, puerto de Ferrol - Proes","robots":{"index":"index","follow":"follow","max-snippet":"max-snippet:-1","max-image-preview":"max-image-preview:large","max-video-preview":"max-video-preview:-1"},"canonical":"https:\/\/www.proes.es\/en\/asistencia-tecnica-evaluacion-y-plan-de-proteccion-de-reganosa-puerto-de-ferrol\/","og_locale":"en_GB","og_type":"article","og_title":"Asistencia t\u00e9cnica, evaluaci\u00f3n y plan de protecci\u00f3n de Reganosa, puerto de Ferrol - Proes","og_description":"3\u00aa terminal de GNL del sistema espa\u00f1ol 3,8 millones de hogares suministro anual El proyecto consiste en la asistencia t\u00e9cnica para la Evaluaci\u00f3n de la Protecci\u00f3n de la terminal de regasificaci\u00f3n de Reganosa en el puerto de Ferrol,y posterior redacci\u00f3n del Plan de Protecci\u00f3n para cumplir con el C\u00f3digo ISPS y con el Reglamento CD\/725\/2004 [&hellip;]","og_url":"https:\/\/www.proes.es\/en\/asistencia-tecnica-evaluacion-y-plan-de-proteccion-de-reganosa-puerto-de-ferrol\/","og_site_name":"Proes","article_published_time":"2024-02-05T10:14:30+00:00","article_modified_time":"2025-06-02T12:26:35+00:00","og_image":[{"width":1920,"height":1351,"url":"https:\/\/www.proes.es\/wp-content\/uploads\/2021\/04\/20201230123507.jpg","type":"image\/jpeg"}],"author":"Isabel.Caruana","twitter_card":"summary_large_image","twitter_misc":{"Written by":"Isabel.Caruana","Estimated reading time":"1 minute"},"schema":{"@context":"https:\/\/schema.org","@graph":[{"@type":"Article","@id":"https:\/\/www.proes.es\/en\/asistencia-tecnica-evaluacion-y-plan-de-proteccion-de-reganosa-puerto-de-ferrol\/#article","isPartOf":{"@id":"https:\/\/www.proes.es\/en\/asistencia-tecnica-evaluacion-y-plan-de-proteccion-de-reganosa-puerto-de-ferrol\/"},"author":{"name":"Isabel.Caruana","@id":"https:\/\/p28223.grupoamper.com\/en\/#\/schema\/person\/36e57a12577f759f8f2836cd8fba1c03"},"headline":"Asistencia t\u00e9cnica, evaluaci\u00f3n y plan de protecci\u00f3n de Reganosa, puerto de Ferrol","datePublished":"2024-02-05T10:14:30+00:00","dateModified":"2025-06-02T12:26:35+00:00","mainEntityOfPage":{"@id":"https:\/\/www.proes.es\/en\/asistencia-tecnica-evaluacion-y-plan-de-proteccion-de-reganosa-puerto-de-ferrol\/"},"wordCount":145,"publisher":{"@id":"https:\/\/p28223.grupoamper.com\/en\/#organization"},"image":{"@id":"https:\/\/www.proes.es\/en\/asistencia-tecnica-evaluacion-y-plan-de-proteccion-de-reganosa-puerto-de-ferrol\/#primaryimage"},"thumbnailUrl":"https:\/\/www.proes.es\/wp-content\/uploads\/2021\/04\/20201230123507.jpg","keywords":["Espa\u00f1a"],"articleSection":["Dise\u00f1o de infraestructuras mar\u00edtimas"],"inLanguage":"en-GB"},{"@type":"WebPage","@id":"https:\/\/www.proes.es\/en\/asistencia-tecnica-evaluacion-y-plan-de-proteccion-de-reganosa-puerto-de-ferrol\/","url":"https:\/\/www.proes.es\/en\/asistencia-tecnica-evaluacion-y-plan-de-proteccion-de-reganosa-puerto-de-ferrol\/","name":"Asistencia t\u00e9cnica, evaluaci\u00f3n y plan de protecci\u00f3n de Reganosa, puerto de Ferrol - Proes","isPartOf":{"@id":"https:\/\/p28223.grupoamper.com\/en\/#website"},"primaryImageOfPage":{"@id":"https:\/\/www.proes.es\/en\/asistencia-tecnica-evaluacion-y-plan-de-proteccion-de-reganosa-puerto-de-ferrol\/#primaryimage"},"image":{"@id":"https:\/\/www.proes.es\/en\/asistencia-tecnica-evaluacion-y-plan-de-proteccion-de-reganosa-puerto-de-ferrol\/#primaryimage"},"thumbnailUrl":"https:\/\/www.proes.es\/wp-content\/uploads\/2021\/04\/20201230123507.jpg","datePublished":"2024-02-05T10:14:30+00:00","dateModified":"2025-06-02T12:26:35+00:00","breadcrumb":{"@id":"https:\/\/www.proes.es\/en\/asistencia-tecnica-evaluacion-y-plan-de-proteccion-de-reganosa-puerto-de-ferrol\/#breadcrumb"},"inLanguage":"en-GB","potentialAction":[{"@type":"ReadAction","target":["https:\/\/www.proes.es\/en\/asistencia-tecnica-evaluacion-y-plan-de-proteccion-de-reganosa-puerto-de-ferrol\/"]}]},{"@type":"ImageObject","inLanguage":"en-GB","@id":"https:\/\/www.proes.es\/en\/asistencia-tecnica-evaluacion-y-plan-de-proteccion-de-reganosa-puerto-de-ferrol\/#primaryimage","url":"https:\/\/www.proes.es\/wp-content\/uploads\/2021\/04\/20201230123507.jpg","contentUrl":"https:\/\/www.proes.es\/wp-content\/uploads\/2021\/04\/20201230123507.jpg","width":1920,"height":1351},{"@type":"BreadcrumbList","@id":"https:\/\/www.proes.es\/en\/asistencia-tecnica-evaluacion-y-plan-de-proteccion-de-reganosa-puerto-de-ferrol\/#breadcrumb","itemListElement":[{"@type":"ListItem","position":1,"name":"Portada","item":"https:\/\/p28223.grupoamper.com\/en\/"},{"@type":"ListItem","position":2,"name":"Asistencia t\u00e9cnica, evaluaci\u00f3n y plan de protecci\u00f3n de Reganosa, puerto de Ferrol"}]},{"@type":"WebSite","@id":"https:\/\/p28223.grupoamper.com\/en\/#website","url":"https:\/\/p28223.grupoamper.com\/en\/","name":"Proes,","description":"","publisher":{"@id":"https:\/\/p28223.grupoamper.com\/en\/#organization"},"potentialAction":[{"@type":"SearchAction","target":{"@type":"EntryPoint","urlTemplate":"https:\/\/p28223.grupoamper.com\/en\/?s={search_term_string}"},"query-input":{"@type":"PropertyValueSpecification","valueRequired":true,"valueName":"search_term_string"}}],"inLanguage":"en-GB"},{"@type":"Organization","@id":"https:\/\/p28223.grupoamper.com\/en\/#organization","name":"Proes,","url":"https:\/\/p28223.grupoamper.com\/en\/","logo":{"@type":"ImageObject","inLanguage":"en-GB","@id":"https:\/\/p28223.grupoamper.com\/en\/#\/schema\/logo\/image\/","url":"https:\/\/www.proes.es\/wp-content\/uploads\/2023\/05\/Logo-Proes.png","contentUrl":"https:\/\/www.proes.es\/wp-content\/uploads\/2023\/05\/Logo-Proes.png","width":520,"height":140,"caption":"Proes"},"image":{"@id":"https:\/\/p28223.grupoamper.com\/en\/#\/schema\/logo\/image\/"}},{"@type":"Person","@id":"https:\/\/p28223.grupoamper.com\/en\/#\/schema\/person\/36e57a12577f759f8f2836cd8fba1c03","name":"Isabel.Caruana","image":{"@type":"ImageObject","inLanguage":"en-GB","@id":"https:\/\/p28223.grupoamper.com\/en\/#\/schema\/person\/image\/","url":"https:\/\/secure.gravatar.com\/avatar\/4a350cf9d30b1b93d55c0b1fca1bdc4539442248717055d1a3bb3f1d49dff91d?s=96&d=mm&r=g","contentUrl":"https:\/\/secure.gravatar.com\/avatar\/4a350cf9d30b1b93d55c0b1fca1bdc4539442248717055d1a3bb3f1d49dff91d?s=96&d=mm&r=g","caption":"Isabel.Caruana"},"sameAs":["https:\/\/Proes"],"url":"https:\/\/www.proes.es\/en\/author\/isabel-caruana\/"}]}},"_links":{"self":[{"href":"https:\/\/www.proes.es\/en\/wp-json\/wp\/v2\/posts\/45093","targetHints":{"allow":["GET"]}}],"collection":[{"href":"https:\/\/www.proes.es\/en\/wp-json\/wp\/v2\/posts"}],"about":[{"href":"https:\/\/www.proes.es\/en\/wp-json\/wp\/v2\/types\/post"}],"author":[{"embeddable":true,"href":"https:\/\/www.proes.es\/en\/wp-json\/wp\/v2\/users\/14"}],"replies":[{"embeddable":true,"href":"https:\/\/www.proes.es\/en\/wp-json\/wp\/v2\/comments?post=45093"}],"version-history":[{"count":17,"href":"https:\/\/www.proes.es\/en\/wp-json\/wp\/v2\/posts\/45093\/revisions"}],"predecessor-version":[{"id":49109,"href":"https:\/\/www.proes.es\/en\/wp-json\/wp\/v2\/posts\/45093\/revisions\/49109"}],"wp:featuredmedia":[{"embeddable":true,"href":"https:\/\/www.proes.es\/en\/wp-json\/wp\/v2\/media\/30296"}],"wp:attachment":[{"href":"https:\/\/www.proes.es\/en\/wp-json\/wp\/v2\/media?parent=45093"}],"wp:term":[{"taxonomy":"category","embeddable":true,"href":"https:\/\/www.proes.es\/en\/wp-json\/wp\/v2\/categories?post=45093"},{"taxonomy":"post_tag","embeddable":true,"href":"https:\/\/www.proes.es\/en\/wp-json\/wp\/v2\/tags?post=45093"}],"curies":[{"name":"wp","href":"https:\/\/api.w.org\/{rel}","templated":true}]}}