{"id":45334,"date":"2024-02-05T13:42:23","date_gmt":"2024-02-05T12:42:23","guid":{"rendered":"https:\/\/www.proes.es\/?p=45334"},"modified":"2025-06-03T10:53:09","modified_gmt":"2025-06-03T08:53:09","slug":"plan-general-de-ordenacion-urbana-de-polanco-cantabria","status":"publish","type":"post","link":"https:\/\/www.proes.es\/en\/plan-general-de-ordenacion-urbana-de-polanco-cantabria\/","title":{"rendered":"Master Plan for the Urban Development of Polanco, Cantabria"},"content":{"rendered":"<div data-elementor-type=\"wp-post\" data-elementor-id=\"45334\" class=\"elementor elementor-45334\" data-elementor-post-type=\"post\">\n\t\t\t\t<div class=\"elementor-element elementor-element-3cdfe8a e-flex e-con-boxed e-con e-parent\" data-id=\"3cdfe8a\" data-element_type=\"container\">\n\t\t\t\t\t<div class=\"e-con-inner\">\n\t\t\t\t<div class=\"elementor-element elementor-element-33d9f86 elementor-widget elementor-widget-image\" data-id=\"33d9f86\" data-element_type=\"widget\" data-widget_type=\"image.default\">\n\t\t\t\t<div class=\"elementor-widget-container\">\n\t\t\t\t\t\t\t\t\t\t\t\t\t\t\t<img fetchpriority=\"high\" decoding=\"async\" width=\"1376\" height=\"891\" src=\"https:\/\/www.proes.es\/wp-content\/uploads\/2021\/04\/I101_Localizacion.jpg\" class=\"attachment-full size-full wp-image-30313\" alt=\"\" srcset=\"https:\/\/www.proes.es\/wp-content\/uploads\/2021\/04\/I101_Localizacion.jpg 1376w, https:\/\/www.proes.es\/wp-content\/uploads\/2021\/04\/I101_Localizacion-300x194.jpg 300w, https:\/\/www.proes.es\/wp-content\/uploads\/2021\/04\/I101_Localizacion-1024x663.jpg 1024w, https:\/\/www.proes.es\/wp-content\/uploads\/2021\/04\/I101_Localizacion-768x497.jpg 768w\" sizes=\"(max-width: 1376px) 100vw, 1376px\" \/>\t\t\t\t\t\t\t\t\t\t\t\t\t\t\t<\/div>\n\t\t\t\t<\/div>\n\t\t\t\t\t<\/div>\n\t\t\t\t<\/div>\n\t\t<div class=\"elementor-element elementor-element-d37ad5a e-flex e-con-boxed e-con e-parent\" data-id=\"d37ad5a\" data-element_type=\"container\">\n\t\t\t\t\t<div class=\"e-con-inner\">\n\t\t<div class=\"elementor-element elementor-element-d49d1e0 e-con-full e-flex e-con e-child\" data-id=\"d49d1e0\" data-element_type=\"container\">\n\t\t\t\t<div class=\"elementor-element elementor-element-38c1739 elementor-widget elementor-widget-text-editor\" data-id=\"38c1739\" data-element_type=\"widget\" data-widget_type=\"text-editor.default\">\n\t\t\t\t<div class=\"elementor-widget-container\">\n\t\t\t\t\t\t\t\t\t<p style=\"text-align: center;\">18 km\u00b2<\/p>\t\t\t\t\t\t\t\t<\/div>\n\t\t\t\t<\/div>\n\t\t\t\t<div class=\"elementor-element elementor-element-2ae89aa elementor-widget-divider--view-line elementor-widget elementor-widget-divider\" data-id=\"2ae89aa\" data-element_type=\"widget\" data-widget_type=\"divider.default\">\n\t\t\t\t<div class=\"elementor-widget-container\">\n\t\t\t\t\t\t\t<div class=\"elementor-divider\">\n\t\t\t<span class=\"elementor-divider-separator\">\n\t\t\t\t\t\t<\/span>\n\t\t<\/div>\n\t\t\t\t\t\t<\/div>\n\t\t\t\t<\/div>\n\t\t\t\t<div class=\"elementor-element elementor-element-facb681 elementor-widget elementor-widget-text-editor\" data-id=\"facb681\" data-element_type=\"widget\" data-widget_type=\"text-editor.default\">\n\t\t\t\t<div class=\"elementor-widget-container\">\n\t\t\t\t\t\t\t\t\t<p>surface<\/p>\t\t\t\t\t\t\t\t<\/div>\n\t\t\t\t<\/div>\n\t\t\t\t<\/div>\n\t\t<div class=\"elementor-element elementor-element-2f9e185 e-con-full e-flex e-con e-child\" data-id=\"2f9e185\" data-element_type=\"container\">\n\t\t\t\t<div class=\"elementor-element elementor-element-5021c4d elementor-widget elementor-widget-text-editor\" data-id=\"5021c4d\" data-element_type=\"widget\" data-widget_type=\"text-editor.default\">\n\t\t\t\t<div class=\"elementor-widget-container\">\n\t\t\t\t\t\t\t\t\t<p style=\"text-align: center;\">6.175\u00a0<\/p>\t\t\t\t\t\t\t\t<\/div>\n\t\t\t\t<\/div>\n\t\t\t\t<div class=\"elementor-element elementor-element-0f3f9ce elementor-widget-divider--view-line elementor-widget elementor-widget-divider\" data-id=\"0f3f9ce\" data-element_type=\"widget\" data-widget_type=\"divider.default\">\n\t\t\t\t<div class=\"elementor-widget-container\">\n\t\t\t\t\t\t\t<div class=\"elementor-divider\">\n\t\t\t<span class=\"elementor-divider-separator\">\n\t\t\t\t\t\t<\/span>\n\t\t<\/div>\n\t\t\t\t\t\t<\/div>\n\t\t\t\t<\/div>\n\t\t\t\t<div class=\"elementor-element elementor-element-e69e077 elementor-widget elementor-widget-text-editor\" data-id=\"e69e077\" data-element_type=\"widget\" data-widget_type=\"text-editor.default\">\n\t\t\t\t<div class=\"elementor-widget-container\">\n\t\t\t\t\t\t\t\t\t<p>population (2023)<\/p>\t\t\t\t\t\t\t\t<\/div>\n\t\t\t\t<\/div>\n\t\t\t\t<\/div>\n\t\t\t\t\t<\/div>\n\t\t\t\t<\/div>\n\t\t<div class=\"elementor-element elementor-element-dac5cb7 e-flex e-con-boxed e-con e-parent\" data-id=\"dac5cb7\" data-element_type=\"container\">\n\t\t\t\t\t<div class=\"e-con-inner\">\n\t\t\t\t<div class=\"elementor-element elementor-element-a2134c5 elementor-widget__width-initial elementor-widget elementor-widget-text-editor\" data-id=\"a2134c5\" data-element_type=\"widget\" data-widget_type=\"text-editor.default\">\n\t\t\t\t<div class=\"elementor-widget-container\">\n\t\t\t\t\t\t\t\t\t<p>El municipio de Polanco est\u00e1 situado entre Santander y Torrelavega, la zona con mayor actividad productiva de Cantabria. El Plan General de Ordenaci\u00f3n Urbana que promueve el Ayuntamiento, tiene por objeto la revisi\u00f3n de las normas vigentes en el t\u00e9rmino y su adecuaci\u00f3n al marco legislativo actual.<\/p><p>El crecimiento futuro se lleva a cabo evitando las afecciones negativas a los paisajes productivos urbano-r\u00fasticos. Se apuesta por el modelo productivo actual ligado a la manera de habitar tradicional c\u00e1ntabra.<\/p><p>\u00a0<\/p><p><span style=\"color: #002f53;\"><strong>Location:<\/strong><\/span> Polanco, Cantabria<\/p><p><span style=\"color: #002f53;\"><strong>Date:<\/strong><\/span> 2007<\/p><p><span style=\"color: #002f53;\"><strong>Scope of the project:<\/strong><\/span>\u00a0redacci\u00f3n del Plan General de Ordenaci\u00f3n Urbana<\/p><p><span style=\"color: #002f53;\"><strong>Significant data:<\/strong><\/span> poblaci\u00f3n 6.175 habitantes en 2023, superficie 18 km\u00b2<\/p>\t\t\t\t\t\t\t\t<\/div>\n\t\t\t\t<\/div>\n\t\t\t\t\t<\/div>\n\t\t\t\t<\/div>\n\t\t\t\t<\/div>","protected":false},"excerpt":{"rendered":"<p>18 km\u00b2 superficie 6.175\u00a0 habitantes (2023) El municipio de Polanco est\u00e1 situado entre Santander y Torrelavega, la zona con mayor actividad productiva de Cantabria. El Plan General de Ordenaci\u00f3n Urbana que promueve el Ayuntamiento, tiene por objeto la revisi\u00f3n de las normas vigentes en el t\u00e9rmino y su adecuaci\u00f3n al marco legislativo actual. El crecimiento [&hellip;]<\/p>","protected":false},"author":14,"featured_media":30313,"comment_status":"closed","ping_status":"closed","sticky":false,"template":"","format":"standard","meta":{"footnotes":""},"categories":[69],"tags":[10],"class_list":["post-45334","post","type-post","status-publish","format-standard","has-post-thumbnail","hentry","category-edificacion","tag-espana"],"yoast_head":"<!-- This site is optimized with the Yoast SEO plugin v26.8 - https:\/\/yoast.com\/product\/yoast-seo-wordpress\/ -->\n<title>Plan General de Ordenaci\u00f3n Urbana de Polanco, Cantabria - Proes<\/title>\n<meta name=\"robots\" content=\"index, follow, max-snippet:-1, max-image-preview:large, max-video-preview:-1\" \/>\n<link rel=\"canonical\" href=\"https:\/\/p28223.grupoamper.com\/en\/plan-general-de-ordenacion-urbana-de-polanco-cantabria\/\" \/>\n<meta property=\"og:locale\" content=\"en_GB\" \/>\n<meta property=\"og:type\" content=\"article\" \/>\n<meta property=\"og:title\" content=\"Plan General de Ordenaci\u00f3n Urbana de Polanco, Cantabria - Proes\" \/>\n<meta property=\"og:description\" content=\"18 km\u00b2 superficie 6.175\u00a0 habitantes (2023) El municipio de Polanco est\u00e1 situado entre Santander y Torrelavega, la zona con mayor actividad productiva de Cantabria. El Plan General de Ordenaci\u00f3n Urbana que promueve el Ayuntamiento, tiene por objeto la revisi\u00f3n de las normas vigentes en el t\u00e9rmino y su adecuaci\u00f3n al marco legislativo actual. El crecimiento [&hellip;]\" \/>\n<meta property=\"og:url\" content=\"https:\/\/p28223.grupoamper.com\/en\/plan-general-de-ordenacion-urbana-de-polanco-cantabria\/\" \/>\n<meta property=\"og:site_name\" content=\"Proes\" \/>\n<meta property=\"article:published_time\" content=\"2024-02-05T12:42:23+00:00\" \/>\n<meta property=\"article:modified_time\" content=\"2025-06-03T08:53:09+00:00\" \/>\n<meta property=\"og:image\" content=\"https:\/\/p28223.grupoamper.com\/wp-content\/uploads\/2021\/04\/I101_Localizacion.jpg\" \/>\n\t<meta property=\"og:image:width\" content=\"1376\" \/>\n\t<meta property=\"og:image:height\" content=\"891\" \/>\n\t<meta property=\"og:image:type\" content=\"image\/jpeg\" \/>\n<meta name=\"author\" content=\"Isabel.Caruana\" \/>\n<meta name=\"twitter:card\" content=\"summary_large_image\" \/>\n<meta name=\"twitter:label1\" content=\"Written by\" \/>\n\t<meta name=\"twitter:data1\" content=\"Isabel.Caruana\" \/>\n\t<meta name=\"twitter:label2\" content=\"Estimated reading time\" \/>\n\t<meta name=\"twitter:data2\" content=\"1 minute\" \/>\n<script type=\"application\/ld+json\" class=\"yoast-schema-graph\">{\"@context\":\"https:\/\/schema.org\",\"@graph\":[{\"@type\":\"Article\",\"@id\":\"https:\/\/p28223.grupoamper.com\/en\/plan-general-de-ordenacion-urbana-de-polanco-cantabria\/#article\",\"isPartOf\":{\"@id\":\"https:\/\/p28223.grupoamper.com\/en\/plan-general-de-ordenacion-urbana-de-polanco-cantabria\/\"},\"author\":{\"name\":\"Isabel.Caruana\",\"@id\":\"https:\/\/p28223.grupoamper.com\/en\/#\/schema\/person\/36e57a12577f759f8f2836cd8fba1c03\"},\"headline\":\"Plan General de Ordenaci\u00f3n Urbana de Polanco, Cantabria\",\"datePublished\":\"2024-02-05T12:42:23+00:00\",\"dateModified\":\"2025-06-03T08:53:09+00:00\",\"mainEntityOfPage\":{\"@id\":\"https:\/\/p28223.grupoamper.com\/en\/plan-general-de-ordenacion-urbana-de-polanco-cantabria\/\"},\"wordCount\":121,\"publisher\":{\"@id\":\"https:\/\/p28223.grupoamper.com\/en\/#organization\"},\"image\":{\"@id\":\"https:\/\/p28223.grupoamper.com\/en\/plan-general-de-ordenacion-urbana-de-polanco-cantabria\/#primaryimage\"},\"thumbnailUrl\":\"https:\/\/www.proes.es\/wp-content\/uploads\/2021\/04\/I101_Localizacion.jpg\",\"keywords\":[\"Espa\u00f1a\"],\"articleSection\":[\"Edificaci\u00f3n\"],\"inLanguage\":\"en-GB\"},{\"@type\":\"WebPage\",\"@id\":\"https:\/\/p28223.grupoamper.com\/en\/plan-general-de-ordenacion-urbana-de-polanco-cantabria\/\",\"url\":\"https:\/\/p28223.grupoamper.com\/en\/plan-general-de-ordenacion-urbana-de-polanco-cantabria\/\",\"name\":\"Plan General de Ordenaci\u00f3n Urbana de Polanco, Cantabria - Proes\",\"isPartOf\":{\"@id\":\"https:\/\/p28223.grupoamper.com\/en\/#website\"},\"primaryImageOfPage\":{\"@id\":\"https:\/\/p28223.grupoamper.com\/en\/plan-general-de-ordenacion-urbana-de-polanco-cantabria\/#primaryimage\"},\"image\":{\"@id\":\"https:\/\/p28223.grupoamper.com\/en\/plan-general-de-ordenacion-urbana-de-polanco-cantabria\/#primaryimage\"},\"thumbnailUrl\":\"https:\/\/www.proes.es\/wp-content\/uploads\/2021\/04\/I101_Localizacion.jpg\",\"datePublished\":\"2024-02-05T12:42:23+00:00\",\"dateModified\":\"2025-06-03T08:53:09+00:00\",\"breadcrumb\":{\"@id\":\"https:\/\/p28223.grupoamper.com\/en\/plan-general-de-ordenacion-urbana-de-polanco-cantabria\/#breadcrumb\"},\"inLanguage\":\"en-GB\",\"potentialAction\":[{\"@type\":\"ReadAction\",\"target\":[\"https:\/\/p28223.grupoamper.com\/en\/plan-general-de-ordenacion-urbana-de-polanco-cantabria\/\"]}]},{\"@type\":\"ImageObject\",\"inLanguage\":\"en-GB\",\"@id\":\"https:\/\/p28223.grupoamper.com\/en\/plan-general-de-ordenacion-urbana-de-polanco-cantabria\/#primaryimage\",\"url\":\"https:\/\/www.proes.es\/wp-content\/uploads\/2021\/04\/I101_Localizacion.jpg\",\"contentUrl\":\"https:\/\/www.proes.es\/wp-content\/uploads\/2021\/04\/I101_Localizacion.jpg\",\"width\":1376,\"height\":891},{\"@type\":\"BreadcrumbList\",\"@id\":\"https:\/\/p28223.grupoamper.com\/en\/plan-general-de-ordenacion-urbana-de-polanco-cantabria\/#breadcrumb\",\"itemListElement\":[{\"@type\":\"ListItem\",\"position\":1,\"name\":\"Portada\",\"item\":\"https:\/\/p28223.grupoamper.com\/en\/\"},{\"@type\":\"ListItem\",\"position\":2,\"name\":\"Plan General de Ordenaci\u00f3n Urbana de Polanco, Cantabria\"}]},{\"@type\":\"WebSite\",\"@id\":\"https:\/\/p28223.grupoamper.com\/en\/#website\",\"url\":\"https:\/\/p28223.grupoamper.com\/en\/\",\"name\":\"Proes\",\"description\":\"\",\"publisher\":{\"@id\":\"https:\/\/p28223.grupoamper.com\/en\/#organization\"},\"potentialAction\":[{\"@type\":\"SearchAction\",\"target\":{\"@type\":\"EntryPoint\",\"urlTemplate\":\"https:\/\/p28223.grupoamper.com\/en\/?s={search_term_string}\"},\"query-input\":{\"@type\":\"PropertyValueSpecification\",\"valueRequired\":true,\"valueName\":\"search_term_string\"}}],\"inLanguage\":\"en-GB\"},{\"@type\":\"Organization\",\"@id\":\"https:\/\/p28223.grupoamper.com\/en\/#organization\",\"name\":\"Proes\",\"url\":\"https:\/\/p28223.grupoamper.com\/en\/\",\"logo\":{\"@type\":\"ImageObject\",\"inLanguage\":\"en-GB\",\"@id\":\"https:\/\/p28223.grupoamper.com\/en\/#\/schema\/logo\/image\/\",\"url\":\"https:\/\/www.proes.es\/wp-content\/uploads\/2023\/05\/Logo-Proes.png\",\"contentUrl\":\"https:\/\/www.proes.es\/wp-content\/uploads\/2023\/05\/Logo-Proes.png\",\"width\":520,\"height\":140,\"caption\":\"Proes\"},\"image\":{\"@id\":\"https:\/\/p28223.grupoamper.com\/en\/#\/schema\/logo\/image\/\"}},{\"@type\":\"Person\",\"@id\":\"https:\/\/p28223.grupoamper.com\/en\/#\/schema\/person\/36e57a12577f759f8f2836cd8fba1c03\",\"name\":\"Isabel.Caruana\",\"image\":{\"@type\":\"ImageObject\",\"inLanguage\":\"en-GB\",\"@id\":\"https:\/\/p28223.grupoamper.com\/en\/#\/schema\/person\/image\/\",\"url\":\"https:\/\/secure.gravatar.com\/avatar\/4a350cf9d30b1b93d55c0b1fca1bdc4539442248717055d1a3bb3f1d49dff91d?s=96&d=mm&r=g\",\"contentUrl\":\"https:\/\/secure.gravatar.com\/avatar\/4a350cf9d30b1b93d55c0b1fca1bdc4539442248717055d1a3bb3f1d49dff91d?s=96&d=mm&r=g\",\"caption\":\"Isabel.Caruana\"},\"sameAs\":[\"https:\/\/Proes\"],\"url\":\"https:\/\/www.proes.es\/en\/author\/isabel-caruana\/\"}]}<\/script>\n<!-- \/ Yoast SEO plugin. -->","yoast_head_json":{"title":"Plan General de Ordenaci\u00f3n Urbana de Polanco, Cantabria - Proes","robots":{"index":"index","follow":"follow","max-snippet":"max-snippet:-1","max-image-preview":"max-image-preview:large","max-video-preview":"max-video-preview:-1"},"canonical":"https:\/\/p28223.grupoamper.com\/en\/plan-general-de-ordenacion-urbana-de-polanco-cantabria\/","og_locale":"en_GB","og_type":"article","og_title":"Plan General de Ordenaci\u00f3n Urbana de Polanco, Cantabria - Proes","og_description":"18 km\u00b2 superficie 6.175\u00a0 habitantes (2023) El municipio de Polanco est\u00e1 situado entre Santander y Torrelavega, la zona con mayor actividad productiva de Cantabria. El Plan General de Ordenaci\u00f3n Urbana que promueve el Ayuntamiento, tiene por objeto la revisi\u00f3n de las normas vigentes en el t\u00e9rmino y su adecuaci\u00f3n al marco legislativo actual. El crecimiento [&hellip;]","og_url":"https:\/\/p28223.grupoamper.com\/en\/plan-general-de-ordenacion-urbana-de-polanco-cantabria\/","og_site_name":"Proes","article_published_time":"2024-02-05T12:42:23+00:00","article_modified_time":"2025-06-03T08:53:09+00:00","og_image":[{"width":1376,"height":891,"url":"https:\/\/p28223.grupoamper.com\/wp-content\/uploads\/2021\/04\/I101_Localizacion.jpg","type":"image\/jpeg"}],"author":"Isabel.Caruana","twitter_card":"summary_large_image","twitter_misc":{"Written by":"Isabel.Caruana","Estimated reading time":"1 minute"},"schema":{"@context":"https:\/\/schema.org","@graph":[{"@type":"Article","@id":"https:\/\/p28223.grupoamper.com\/en\/plan-general-de-ordenacion-urbana-de-polanco-cantabria\/#article","isPartOf":{"@id":"https:\/\/p28223.grupoamper.com\/en\/plan-general-de-ordenacion-urbana-de-polanco-cantabria\/"},"author":{"name":"Isabel.Caruana","@id":"https:\/\/p28223.grupoamper.com\/en\/#\/schema\/person\/36e57a12577f759f8f2836cd8fba1c03"},"headline":"Plan General de Ordenaci\u00f3n Urbana de Polanco, Cantabria","datePublished":"2024-02-05T12:42:23+00:00","dateModified":"2025-06-03T08:53:09+00:00","mainEntityOfPage":{"@id":"https:\/\/p28223.grupoamper.com\/en\/plan-general-de-ordenacion-urbana-de-polanco-cantabria\/"},"wordCount":121,"publisher":{"@id":"https:\/\/p28223.grupoamper.com\/en\/#organization"},"image":{"@id":"https:\/\/p28223.grupoamper.com\/en\/plan-general-de-ordenacion-urbana-de-polanco-cantabria\/#primaryimage"},"thumbnailUrl":"https:\/\/www.proes.es\/wp-content\/uploads\/2021\/04\/I101_Localizacion.jpg","keywords":["Espa\u00f1a"],"articleSection":["Edificaci\u00f3n"],"inLanguage":"en-GB"},{"@type":"WebPage","@id":"https:\/\/p28223.grupoamper.com\/en\/plan-general-de-ordenacion-urbana-de-polanco-cantabria\/","url":"https:\/\/p28223.grupoamper.com\/en\/plan-general-de-ordenacion-urbana-de-polanco-cantabria\/","name":"Plan General de Ordenaci\u00f3n Urbana de Polanco, Cantabria - Proes","isPartOf":{"@id":"https:\/\/p28223.grupoamper.com\/en\/#website"},"primaryImageOfPage":{"@id":"https:\/\/p28223.grupoamper.com\/en\/plan-general-de-ordenacion-urbana-de-polanco-cantabria\/#primaryimage"},"image":{"@id":"https:\/\/p28223.grupoamper.com\/en\/plan-general-de-ordenacion-urbana-de-polanco-cantabria\/#primaryimage"},"thumbnailUrl":"https:\/\/www.proes.es\/wp-content\/uploads\/2021\/04\/I101_Localizacion.jpg","datePublished":"2024-02-05T12:42:23+00:00","dateModified":"2025-06-03T08:53:09+00:00","breadcrumb":{"@id":"https:\/\/p28223.grupoamper.com\/en\/plan-general-de-ordenacion-urbana-de-polanco-cantabria\/#breadcrumb"},"inLanguage":"en-GB","potentialAction":[{"@type":"ReadAction","target":["https:\/\/p28223.grupoamper.com\/en\/plan-general-de-ordenacion-urbana-de-polanco-cantabria\/"]}]},{"@type":"ImageObject","inLanguage":"en-GB","@id":"https:\/\/p28223.grupoamper.com\/en\/plan-general-de-ordenacion-urbana-de-polanco-cantabria\/#primaryimage","url":"https:\/\/www.proes.es\/wp-content\/uploads\/2021\/04\/I101_Localizacion.jpg","contentUrl":"https:\/\/www.proes.es\/wp-content\/uploads\/2021\/04\/I101_Localizacion.jpg","width":1376,"height":891},{"@type":"BreadcrumbList","@id":"https:\/\/p28223.grupoamper.com\/en\/plan-general-de-ordenacion-urbana-de-polanco-cantabria\/#breadcrumb","itemListElement":[{"@type":"ListItem","position":1,"name":"Portada","item":"https:\/\/p28223.grupoamper.com\/en\/"},{"@type":"ListItem","position":2,"name":"Plan General de Ordenaci\u00f3n Urbana de Polanco, Cantabria"}]},{"@type":"WebSite","@id":"https:\/\/p28223.grupoamper.com\/en\/#website","url":"https:\/\/p28223.grupoamper.com\/en\/","name":"Proes,","description":"","publisher":{"@id":"https:\/\/p28223.grupoamper.com\/en\/#organization"},"potentialAction":[{"@type":"SearchAction","target":{"@type":"EntryPoint","urlTemplate":"https:\/\/p28223.grupoamper.com\/en\/?s={search_term_string}"},"query-input":{"@type":"PropertyValueSpecification","valueRequired":true,"valueName":"search_term_string"}}],"inLanguage":"en-GB"},{"@type":"Organization","@id":"https:\/\/p28223.grupoamper.com\/en\/#organization","name":"Proes,","url":"https:\/\/p28223.grupoamper.com\/en\/","logo":{"@type":"ImageObject","inLanguage":"en-GB","@id":"https:\/\/p28223.grupoamper.com\/en\/#\/schema\/logo\/image\/","url":"https:\/\/www.proes.es\/wp-content\/uploads\/2023\/05\/Logo-Proes.png","contentUrl":"https:\/\/www.proes.es\/wp-content\/uploads\/2023\/05\/Logo-Proes.png","width":520,"height":140,"caption":"Proes"},"image":{"@id":"https:\/\/p28223.grupoamper.com\/en\/#\/schema\/logo\/image\/"}},{"@type":"Person","@id":"https:\/\/p28223.grupoamper.com\/en\/#\/schema\/person\/36e57a12577f759f8f2836cd8fba1c03","name":"Isabel.Caruana","image":{"@type":"ImageObject","inLanguage":"en-GB","@id":"https:\/\/p28223.grupoamper.com\/en\/#\/schema\/person\/image\/","url":"https:\/\/secure.gravatar.com\/avatar\/4a350cf9d30b1b93d55c0b1fca1bdc4539442248717055d1a3bb3f1d49dff91d?s=96&d=mm&r=g","contentUrl":"https:\/\/secure.gravatar.com\/avatar\/4a350cf9d30b1b93d55c0b1fca1bdc4539442248717055d1a3bb3f1d49dff91d?s=96&d=mm&r=g","caption":"Isabel.Caruana"},"sameAs":["https:\/\/Proes"],"url":"https:\/\/www.proes.es\/en\/author\/isabel-caruana\/"}]}},"_links":{"self":[{"href":"https:\/\/www.proes.es\/en\/wp-json\/wp\/v2\/posts\/45334","targetHints":{"allow":["GET"]}}],"collection":[{"href":"https:\/\/www.proes.es\/en\/wp-json\/wp\/v2\/posts"}],"about":[{"href":"https:\/\/www.proes.es\/en\/wp-json\/wp\/v2\/types\/post"}],"author":[{"embeddable":true,"href":"https:\/\/www.proes.es\/en\/wp-json\/wp\/v2\/users\/14"}],"replies":[{"embeddable":true,"href":"https:\/\/www.proes.es\/en\/wp-json\/wp\/v2\/comments?post=45334"}],"version-history":[{"count":17,"href":"https:\/\/www.proes.es\/en\/wp-json\/wp\/v2\/posts\/45334\/revisions"}],"predecessor-version":[{"id":48848,"href":"https:\/\/www.proes.es\/en\/wp-json\/wp\/v2\/posts\/45334\/revisions\/48848"}],"wp:featuredmedia":[{"embeddable":true,"href":"https:\/\/www.proes.es\/en\/wp-json\/wp\/v2\/media\/30313"}],"wp:attachment":[{"href":"https:\/\/www.proes.es\/en\/wp-json\/wp\/v2\/media?parent=45334"}],"wp:term":[{"taxonomy":"category","embeddable":true,"href":"https:\/\/www.proes.es\/en\/wp-json\/wp\/v2\/categories?post=45334"},{"taxonomy":"post_tag","embeddable":true,"href":"https:\/\/www.proes.es\/en\/wp-json\/wp\/v2\/tags?post=45334"}],"curies":[{"name":"wp","href":"https:\/\/api.w.org\/{rel}","templated":true}]}}