{"id":45353,"date":"2024-02-05T13:48:12","date_gmt":"2024-02-05T12:48:12","guid":{"rendered":"https:\/\/www.proes.es\/?p=45353"},"modified":"2024-07-03T12:49:02","modified_gmt":"2024-07-03T10:49:02","slug":"proyecto-y-direccion-de-obra-de-la-nueva-terminal-de-pasajeros-para-el-ferry-en-denia-alicante","status":"publish","type":"post","link":"https:\/\/www.proes.es\/en\/proyecto-y-direccion-de-obra-de-la-nueva-terminal-de-pasajeros-para-el-ferry-en-denia-alicante\/","title":{"rendered":"Design and construction management of the new passenger terminal for the ferry in Denia, Alicante"},"content":{"rendered":"<div data-elementor-type=\"wp-post\" data-elementor-id=\"45353\" class=\"elementor elementor-45353\" data-elementor-post-type=\"post\">\n\t\t\t\t<div class=\"elementor-element elementor-element-3cdfe8a e-flex e-con-boxed e-con e-parent\" data-id=\"3cdfe8a\" data-element_type=\"container\">\n\t\t\t\t\t<div class=\"e-con-inner\">\n\t\t\t\t<div class=\"elementor-element elementor-element-33d9f86 elementor-widget elementor-widget-image\" data-id=\"33d9f86\" data-element_type=\"widget\" data-widget_type=\"image.default\">\n\t\t\t\t<div class=\"elementor-widget-container\">\n\t\t\t\t\t\t\t\t\t\t\t\t\t\t\t<img fetchpriority=\"high\" decoding=\"async\" width=\"2560\" height=\"1707\" src=\"https:\/\/www.proes.es\/wp-content\/uploads\/2023\/07\/1-Terminal pasajeros Denia02-scaled.jpg\" class=\"attachment-full size-full wp-image-35855\" alt=\"\" srcset=\"https:\/\/www.proes.es\/wp-content\/uploads\/2023\/07\/1-Terminal%20pasajeros%20Denia02-scaled.jpg 2560w, https:\/\/www.proes.es\/wp-content\/uploads\/2023\/07\/1-Terminal%20pasajeros%20Denia02-300x200.jpg 300w, https:\/\/www.proes.es\/wp-content\/uploads\/2023\/07\/1-Terminal%20pasajeros%20Denia02-1024x683.jpg 1024w, https:\/\/www.proes.es\/wp-content\/uploads\/2023\/07\/1-Terminal%20pasajeros%20Denia02-768x512.jpg 768w, https:\/\/www.proes.es\/wp-content\/uploads\/2023\/07\/1-Terminal%20pasajeros%20Denia02-1536x1024.jpg 1536w, https:\/\/www.proes.es\/wp-content\/uploads\/2023\/07\/1-Terminal%20pasajeros%20Denia02-2048x1365.jpg 2048w, https:\/\/www.proes.es\/wp-content\/uploads\/2023\/07\/1-Terminal%20pasajeros%20Denia02-18x12.jpg 18w\" sizes=\"(max-width: 2560px) 100vw, 2560px\" \/>\t\t\t\t\t\t\t\t\t\t\t\t\t\t\t<\/div>\n\t\t\t\t<\/div>\n\t\t\t\t\t<\/div>\n\t\t\t\t<\/div>\n\t\t<div class=\"elementor-element elementor-element-d37ad5a e-flex e-con-boxed e-con e-parent\" data-id=\"d37ad5a\" data-element_type=\"container\">\n\t\t\t\t\t<div class=\"e-con-inner\">\n\t\t<div class=\"elementor-element elementor-element-d49d1e0 e-con-full e-flex e-con e-child\" data-id=\"d49d1e0\" data-element_type=\"container\">\n\t\t\t\t<div class=\"elementor-element elementor-element-38c1739 elementor-widget elementor-widget-text-editor\" data-id=\"38c1739\" data-element_type=\"widget\" data-widget_type=\"text-editor.default\">\n\t\t\t\t<div class=\"elementor-widget-container\">\n\t\t\t\t\t\t\t\t\t<p style=\"text-align: center;\">9.364,95 m\u00b2<\/p>\t\t\t\t\t\t\t\t<\/div>\n\t\t\t\t<\/div>\n\t\t\t\t<div class=\"elementor-element elementor-element-2ae89aa elementor-widget-divider--view-line elementor-widget elementor-widget-divider\" data-id=\"2ae89aa\" data-element_type=\"widget\" data-widget_type=\"divider.default\">\n\t\t\t\t<div class=\"elementor-widget-container\">\n\t\t\t\t\t\t\t<div class=\"elementor-divider\">\n\t\t\t<span class=\"elementor-divider-separator\">\n\t\t\t\t\t\t<\/span>\n\t\t<\/div>\n\t\t\t\t\t\t<\/div>\n\t\t\t\t<\/div>\n\t\t\t\t<div class=\"elementor-element elementor-element-facb681 elementor-widget elementor-widget-text-editor\" data-id=\"facb681\" data-element_type=\"widget\" data-widget_type=\"text-editor.default\">\n\t\t\t\t<div class=\"elementor-widget-container\">\n\t\t\t\t\t\t\t\t\t<p>surface<\/p>\t\t\t\t\t\t\t\t<\/div>\n\t\t\t\t<\/div>\n\t\t\t\t<\/div>\n\t\t<div class=\"elementor-element elementor-element-2f9e185 e-con-full e-flex e-con e-child\" data-id=\"2f9e185\" data-element_type=\"container\">\n\t\t\t\t<div class=\"elementor-element elementor-element-5021c4d elementor-widget elementor-widget-text-editor\" data-id=\"5021c4d\" data-element_type=\"widget\" data-widget_type=\"text-editor.default\">\n\t\t\t\t<div class=\"elementor-widget-container\">\n\t\t\t\t\t\t\t\t\t<p style=\"text-align: center;\">250.000 pasajeros<\/p>\t\t\t\t\t\t\t\t<\/div>\n\t\t\t\t<\/div>\n\t\t\t\t<div class=\"elementor-element elementor-element-0f3f9ce elementor-widget-divider--view-line elementor-widget elementor-widget-divider\" data-id=\"0f3f9ce\" data-element_type=\"widget\" data-widget_type=\"divider.default\">\n\t\t\t\t<div class=\"elementor-widget-container\">\n\t\t\t\t\t\t\t<div class=\"elementor-divider\">\n\t\t\t<span class=\"elementor-divider-separator\">\n\t\t\t\t\t\t<\/span>\n\t\t<\/div>\n\t\t\t\t\t\t<\/div>\n\t\t\t\t<\/div>\n\t\t\t\t<div class=\"elementor-element elementor-element-e69e077 elementor-widget elementor-widget-text-editor\" data-id=\"e69e077\" data-element_type=\"widget\" data-widget_type=\"text-editor.default\">\n\t\t\t\t<div class=\"elementor-widget-container\">\n\t\t\t\t\t\t\t\t\t<p>anuales (2017)<\/p>\t\t\t\t\t\t\t\t<\/div>\n\t\t\t\t<\/div>\n\t\t\t\t<\/div>\n\t\t\t\t\t<\/div>\n\t\t\t\t<\/div>\n\t\t<div class=\"elementor-element elementor-element-dac5cb7 e-flex e-con-boxed e-con e-parent\" data-id=\"dac5cb7\" data-element_type=\"container\">\n\t\t\t\t\t<div class=\"e-con-inner\">\n\t\t\t\t<div class=\"elementor-element elementor-element-a2134c5 elementor-widget__width-initial elementor-widget elementor-widget-text-editor\" data-id=\"a2134c5\" data-element_type=\"widget\" data-widget_type=\"text-editor.default\">\n\t\t\t\t<div class=\"elementor-widget-container\">\n\t\t\t\t\t\t\t\t\t<p>El puerto de Denia es el m\u00e1s relevante de la red de puertos dependientes de la Generalitat Valenciana. Su proximidad a la isla de Ibiza (69,0 millas) lo convierte en el centro de un intenso tr\u00e1fico de pasajeros. Para\u00a0la edificaci\u00f3n de\u00a0la nueva terminal de pasajeros del ferry, se requiere\u00a0la ampliaci\u00f3n del muelle de la Pansa, lo cual conlleva adem\u00e1s una gran obra de urbanizaci\u00f3n en el puerto.<\/p><p>Por parte de Proes se llevaron a cabo tanto los estudios previos, como el anteproyecto, as\u00ed como el proyecto b\u00e1sico y constructivo. Posteriormente, asimismo, se encarg\u00f3 de la direcci\u00f3n facultativa de las obras.<\/p><p>\u00a0<\/p><p><span style=\"color: #002f53;\"><strong>Location:<\/strong> <\/span>puerto de Denia, Alicante<\/p><p><span style=\"color: #002f53;\"><strong>Date:<\/strong><\/span> 2003-2011<\/p><p><span style=\"color: #002f53;\"><strong>Budget:<\/strong> <\/span>10.858.776,42 \u20ac<\/p><p><span style=\"color: #002f53;\"><strong>Scope of the project:<\/strong><\/span>\u00a0proyecto y direcci\u00f3n facultativa<\/p><p><span style=\"color: #002f53;\"><strong>Significant data: <\/strong><\/span>superficie de 9.364,95 m\u00b2 y tipolog\u00eda estructural de pilotes en cimentaci\u00f3n, losa en voladizo y pilares de hormig\u00f3n<\/p>\t\t\t\t\t\t\t\t<\/div>\n\t\t\t\t<\/div>\n\t\t\t\t\t<\/div>\n\t\t\t\t<\/div>\n\t\t\t\t<\/div>","protected":false},"excerpt":{"rendered":"<p>9.364,95 m\u00b2 superficie 250.000 pasajeros anuales (2017) El puerto de Denia es el m\u00e1s relevante de la red de puertos dependientes de la Generalitat Valenciana. Su proximidad a la isla de Ibiza (69,0 millas) lo convierte en el centro de un intenso tr\u00e1fico de pasajeros. Para\u00a0la edificaci\u00f3n de\u00a0la nueva terminal de pasajeros del ferry, se [&hellip;]<\/p>","protected":false},"author":14,"featured_media":35855,"comment_status":"closed","ping_status":"closed","sticky":false,"template":"","format":"standard","meta":{"footnotes":""},"categories":[69],"tags":[10],"class_list":["post-45353","post","type-post","status-publish","format-standard","has-post-thumbnail","hentry","category-edificacion","tag-espana"],"yoast_head":"<!-- This site is optimized with the Yoast SEO plugin v26.8 - https:\/\/yoast.com\/product\/yoast-seo-wordpress\/ -->\n<title>Proyecto y direcci\u00f3n de obra de la nueva terminal de pasajeros para el ferry en Denia, Alicante - Proes<\/title>\n<meta name=\"robots\" content=\"index, follow, max-snippet:-1, max-image-preview:large, max-video-preview:-1\" \/>\n<link rel=\"canonical\" href=\"https:\/\/www.proes.es\/en\/proyecto-y-direccion-de-obra-de-la-nueva-terminal-de-pasajeros-para-el-ferry-en-denia-alicante\/\" \/>\n<meta property=\"og:locale\" content=\"en_GB\" \/>\n<meta property=\"og:type\" content=\"article\" \/>\n<meta property=\"og:title\" content=\"Proyecto y direcci\u00f3n de obra de la nueva terminal de pasajeros para el ferry en Denia, Alicante - Proes\" \/>\n<meta property=\"og:description\" content=\"9.364,95 m\u00b2 superficie 250.000 pasajeros anuales (2017) El puerto de Denia es el m\u00e1s relevante de la red de puertos dependientes de la Generalitat Valenciana. Su proximidad a la isla de Ibiza (69,0 millas) lo convierte en el centro de un intenso tr\u00e1fico de pasajeros. Para\u00a0la edificaci\u00f3n de\u00a0la nueva terminal de pasajeros del ferry, se [&hellip;]\" \/>\n<meta property=\"og:url\" content=\"https:\/\/www.proes.es\/en\/proyecto-y-direccion-de-obra-de-la-nueva-terminal-de-pasajeros-para-el-ferry-en-denia-alicante\/\" \/>\n<meta property=\"og:site_name\" content=\"Proes\" \/>\n<meta property=\"article:published_time\" content=\"2024-02-05T12:48:12+00:00\" \/>\n<meta property=\"article:modified_time\" content=\"2024-07-03T10:49:02+00:00\" \/>\n<meta property=\"og:image\" content=\"https:\/\/www.proes.es\/wp-content\/uploads\/2023\/07\/1-Terminal%20pasajeros%20Denia02-scaled.jpg\" \/>\n\t<meta property=\"og:image:width\" content=\"2560\" \/>\n\t<meta property=\"og:image:height\" content=\"1707\" \/>\n\t<meta property=\"og:image:type\" content=\"image\/jpeg\" \/>\n<meta name=\"author\" content=\"Isabel.Caruana\" \/>\n<meta name=\"twitter:card\" content=\"summary_large_image\" \/>\n<meta name=\"twitter:label1\" content=\"Written by\" \/>\n\t<meta name=\"twitter:data1\" content=\"Isabel.Caruana\" \/>\n\t<meta name=\"twitter:label2\" content=\"Estimated reading time\" \/>\n\t<meta name=\"twitter:data2\" content=\"1 minute\" \/>\n<script type=\"application\/ld+json\" class=\"yoast-schema-graph\">{\"@context\":\"https:\/\/schema.org\",\"@graph\":[{\"@type\":\"Article\",\"@id\":\"https:\/\/www.proes.es\/en\/proyecto-y-direccion-de-obra-de-la-nueva-terminal-de-pasajeros-para-el-ferry-en-denia-alicante\/#article\",\"isPartOf\":{\"@id\":\"https:\/\/www.proes.es\/en\/proyecto-y-direccion-de-obra-de-la-nueva-terminal-de-pasajeros-para-el-ferry-en-denia-alicante\/\"},\"author\":{\"name\":\"Isabel.Caruana\",\"@id\":\"https:\/\/p28223.grupoamper.com\/en\/#\/schema\/person\/36e57a12577f759f8f2836cd8fba1c03\"},\"headline\":\"Proyecto y direcci\u00f3n de obra de la nueva terminal de pasajeros para el ferry en Denia, Alicante\",\"datePublished\":\"2024-02-05T12:48:12+00:00\",\"dateModified\":\"2024-07-03T10:49:02+00:00\",\"mainEntityOfPage\":{\"@id\":\"https:\/\/www.proes.es\/en\/proyecto-y-direccion-de-obra-de-la-nueva-terminal-de-pasajeros-para-el-ferry-en-denia-alicante\/\"},\"wordCount\":171,\"publisher\":{\"@id\":\"https:\/\/p28223.grupoamper.com\/en\/#organization\"},\"image\":{\"@id\":\"https:\/\/www.proes.es\/en\/proyecto-y-direccion-de-obra-de-la-nueva-terminal-de-pasajeros-para-el-ferry-en-denia-alicante\/#primaryimage\"},\"thumbnailUrl\":\"https:\/\/www.proes.es\/wp-content\/uploads\/2023\/07\/1-Terminal pasajeros Denia02-scaled.jpg\",\"keywords\":[\"Espa\u00f1a\"],\"articleSection\":[\"Edificaci\u00f3n\"],\"inLanguage\":\"en-GB\"},{\"@type\":\"WebPage\",\"@id\":\"https:\/\/www.proes.es\/en\/proyecto-y-direccion-de-obra-de-la-nueva-terminal-de-pasajeros-para-el-ferry-en-denia-alicante\/\",\"url\":\"https:\/\/www.proes.es\/en\/proyecto-y-direccion-de-obra-de-la-nueva-terminal-de-pasajeros-para-el-ferry-en-denia-alicante\/\",\"name\":\"Proyecto y direcci\u00f3n de obra de la nueva terminal de pasajeros para el ferry en Denia, Alicante - Proes\",\"isPartOf\":{\"@id\":\"https:\/\/p28223.grupoamper.com\/en\/#website\"},\"primaryImageOfPage\":{\"@id\":\"https:\/\/www.proes.es\/en\/proyecto-y-direccion-de-obra-de-la-nueva-terminal-de-pasajeros-para-el-ferry-en-denia-alicante\/#primaryimage\"},\"image\":{\"@id\":\"https:\/\/www.proes.es\/en\/proyecto-y-direccion-de-obra-de-la-nueva-terminal-de-pasajeros-para-el-ferry-en-denia-alicante\/#primaryimage\"},\"thumbnailUrl\":\"https:\/\/www.proes.es\/wp-content\/uploads\/2023\/07\/1-Terminal pasajeros Denia02-scaled.jpg\",\"datePublished\":\"2024-02-05T12:48:12+00:00\",\"dateModified\":\"2024-07-03T10:49:02+00:00\",\"breadcrumb\":{\"@id\":\"https:\/\/www.proes.es\/en\/proyecto-y-direccion-de-obra-de-la-nueva-terminal-de-pasajeros-para-el-ferry-en-denia-alicante\/#breadcrumb\"},\"inLanguage\":\"en-GB\",\"potentialAction\":[{\"@type\":\"ReadAction\",\"target\":[\"https:\/\/www.proes.es\/en\/proyecto-y-direccion-de-obra-de-la-nueva-terminal-de-pasajeros-para-el-ferry-en-denia-alicante\/\"]}]},{\"@type\":\"ImageObject\",\"inLanguage\":\"en-GB\",\"@id\":\"https:\/\/www.proes.es\/en\/proyecto-y-direccion-de-obra-de-la-nueva-terminal-de-pasajeros-para-el-ferry-en-denia-alicante\/#primaryimage\",\"url\":\"https:\/\/www.proes.es\/wp-content\/uploads\/2023\/07\/1-Terminal pasajeros Denia02-scaled.jpg\",\"contentUrl\":\"https:\/\/www.proes.es\/wp-content\/uploads\/2023\/07\/1-Terminal pasajeros Denia02-scaled.jpg\",\"width\":2560,\"height\":1707},{\"@type\":\"BreadcrumbList\",\"@id\":\"https:\/\/www.proes.es\/en\/proyecto-y-direccion-de-obra-de-la-nueva-terminal-de-pasajeros-para-el-ferry-en-denia-alicante\/#breadcrumb\",\"itemListElement\":[{\"@type\":\"ListItem\",\"position\":1,\"name\":\"Portada\",\"item\":\"https:\/\/p28223.grupoamper.com\/en\/\"},{\"@type\":\"ListItem\",\"position\":2,\"name\":\"Proyecto y direcci\u00f3n de obra de la nueva terminal de pasajeros para el ferry en Denia, Alicante\"}]},{\"@type\":\"WebSite\",\"@id\":\"https:\/\/p28223.grupoamper.com\/en\/#website\",\"url\":\"https:\/\/p28223.grupoamper.com\/en\/\",\"name\":\"Proes\",\"description\":\"\",\"publisher\":{\"@id\":\"https:\/\/p28223.grupoamper.com\/en\/#organization\"},\"potentialAction\":[{\"@type\":\"SearchAction\",\"target\":{\"@type\":\"EntryPoint\",\"urlTemplate\":\"https:\/\/p28223.grupoamper.com\/en\/?s={search_term_string}\"},\"query-input\":{\"@type\":\"PropertyValueSpecification\",\"valueRequired\":true,\"valueName\":\"search_term_string\"}}],\"inLanguage\":\"en-GB\"},{\"@type\":\"Organization\",\"@id\":\"https:\/\/p28223.grupoamper.com\/en\/#organization\",\"name\":\"Proes\",\"url\":\"https:\/\/p28223.grupoamper.com\/en\/\",\"logo\":{\"@type\":\"ImageObject\",\"inLanguage\":\"en-GB\",\"@id\":\"https:\/\/p28223.grupoamper.com\/en\/#\/schema\/logo\/image\/\",\"url\":\"https:\/\/www.proes.es\/wp-content\/uploads\/2023\/05\/Logo-Proes.png\",\"contentUrl\":\"https:\/\/www.proes.es\/wp-content\/uploads\/2023\/05\/Logo-Proes.png\",\"width\":520,\"height\":140,\"caption\":\"Proes\"},\"image\":{\"@id\":\"https:\/\/p28223.grupoamper.com\/en\/#\/schema\/logo\/image\/\"}},{\"@type\":\"Person\",\"@id\":\"https:\/\/p28223.grupoamper.com\/en\/#\/schema\/person\/36e57a12577f759f8f2836cd8fba1c03\",\"name\":\"Isabel.Caruana\",\"image\":{\"@type\":\"ImageObject\",\"inLanguage\":\"en-GB\",\"@id\":\"https:\/\/p28223.grupoamper.com\/en\/#\/schema\/person\/image\/\",\"url\":\"https:\/\/secure.gravatar.com\/avatar\/4a350cf9d30b1b93d55c0b1fca1bdc4539442248717055d1a3bb3f1d49dff91d?s=96&d=mm&r=g\",\"contentUrl\":\"https:\/\/secure.gravatar.com\/avatar\/4a350cf9d30b1b93d55c0b1fca1bdc4539442248717055d1a3bb3f1d49dff91d?s=96&d=mm&r=g\",\"caption\":\"Isabel.Caruana\"},\"sameAs\":[\"https:\/\/Proes\"],\"url\":\"https:\/\/www.proes.es\/en\/author\/isabel-caruana\/\"}]}<\/script>\n<!-- \/ Yoast SEO plugin. -->","yoast_head_json":{"title":"Proyecto y direcci\u00f3n de obra de la nueva terminal de pasajeros para el ferry en Denia, Alicante - Proes","robots":{"index":"index","follow":"follow","max-snippet":"max-snippet:-1","max-image-preview":"max-image-preview:large","max-video-preview":"max-video-preview:-1"},"canonical":"https:\/\/www.proes.es\/en\/proyecto-y-direccion-de-obra-de-la-nueva-terminal-de-pasajeros-para-el-ferry-en-denia-alicante\/","og_locale":"en_GB","og_type":"article","og_title":"Proyecto y direcci\u00f3n de obra de la nueva terminal de pasajeros para el ferry en Denia, Alicante - Proes","og_description":"9.364,95 m\u00b2 superficie 250.000 pasajeros anuales (2017) El puerto de Denia es el m\u00e1s relevante de la red de puertos dependientes de la Generalitat Valenciana. Su proximidad a la isla de Ibiza (69,0 millas) lo convierte en el centro de un intenso tr\u00e1fico de pasajeros. Para\u00a0la edificaci\u00f3n de\u00a0la nueva terminal de pasajeros del ferry, se [&hellip;]","og_url":"https:\/\/www.proes.es\/en\/proyecto-y-direccion-de-obra-de-la-nueva-terminal-de-pasajeros-para-el-ferry-en-denia-alicante\/","og_site_name":"Proes","article_published_time":"2024-02-05T12:48:12+00:00","article_modified_time":"2024-07-03T10:49:02+00:00","og_image":[{"width":2560,"height":1707,"url":"https:\/\/www.proes.es\/wp-content\/uploads\/2023\/07\/1-Terminal pasajeros Denia02-scaled.jpg","type":"image\/jpeg"}],"author":"Isabel.Caruana","twitter_card":"summary_large_image","twitter_misc":{"Written by":"Isabel.Caruana","Estimated reading time":"1 minute"},"schema":{"@context":"https:\/\/schema.org","@graph":[{"@type":"Article","@id":"https:\/\/www.proes.es\/en\/proyecto-y-direccion-de-obra-de-la-nueva-terminal-de-pasajeros-para-el-ferry-en-denia-alicante\/#article","isPartOf":{"@id":"https:\/\/www.proes.es\/en\/proyecto-y-direccion-de-obra-de-la-nueva-terminal-de-pasajeros-para-el-ferry-en-denia-alicante\/"},"author":{"name":"Isabel.Caruana","@id":"https:\/\/p28223.grupoamper.com\/en\/#\/schema\/person\/36e57a12577f759f8f2836cd8fba1c03"},"headline":"Proyecto y direcci\u00f3n de obra de la nueva terminal de pasajeros para el ferry en Denia, Alicante","datePublished":"2024-02-05T12:48:12+00:00","dateModified":"2024-07-03T10:49:02+00:00","mainEntityOfPage":{"@id":"https:\/\/www.proes.es\/en\/proyecto-y-direccion-de-obra-de-la-nueva-terminal-de-pasajeros-para-el-ferry-en-denia-alicante\/"},"wordCount":171,"publisher":{"@id":"https:\/\/p28223.grupoamper.com\/en\/#organization"},"image":{"@id":"https:\/\/www.proes.es\/en\/proyecto-y-direccion-de-obra-de-la-nueva-terminal-de-pasajeros-para-el-ferry-en-denia-alicante\/#primaryimage"},"thumbnailUrl":"https:\/\/www.proes.es\/wp-content\/uploads\/2023\/07\/1-Terminal pasajeros Denia02-scaled.jpg","keywords":["Espa\u00f1a"],"articleSection":["Edificaci\u00f3n"],"inLanguage":"en-GB"},{"@type":"WebPage","@id":"https:\/\/www.proes.es\/en\/proyecto-y-direccion-de-obra-de-la-nueva-terminal-de-pasajeros-para-el-ferry-en-denia-alicante\/","url":"https:\/\/www.proes.es\/en\/proyecto-y-direccion-de-obra-de-la-nueva-terminal-de-pasajeros-para-el-ferry-en-denia-alicante\/","name":"Proyecto y direcci\u00f3n de obra de la nueva terminal de pasajeros para el ferry en Denia, Alicante - Proes","isPartOf":{"@id":"https:\/\/p28223.grupoamper.com\/en\/#website"},"primaryImageOfPage":{"@id":"https:\/\/www.proes.es\/en\/proyecto-y-direccion-de-obra-de-la-nueva-terminal-de-pasajeros-para-el-ferry-en-denia-alicante\/#primaryimage"},"image":{"@id":"https:\/\/www.proes.es\/en\/proyecto-y-direccion-de-obra-de-la-nueva-terminal-de-pasajeros-para-el-ferry-en-denia-alicante\/#primaryimage"},"thumbnailUrl":"https:\/\/www.proes.es\/wp-content\/uploads\/2023\/07\/1-Terminal pasajeros Denia02-scaled.jpg","datePublished":"2024-02-05T12:48:12+00:00","dateModified":"2024-07-03T10:49:02+00:00","breadcrumb":{"@id":"https:\/\/www.proes.es\/en\/proyecto-y-direccion-de-obra-de-la-nueva-terminal-de-pasajeros-para-el-ferry-en-denia-alicante\/#breadcrumb"},"inLanguage":"en-GB","potentialAction":[{"@type":"ReadAction","target":["https:\/\/www.proes.es\/en\/proyecto-y-direccion-de-obra-de-la-nueva-terminal-de-pasajeros-para-el-ferry-en-denia-alicante\/"]}]},{"@type":"ImageObject","inLanguage":"en-GB","@id":"https:\/\/www.proes.es\/en\/proyecto-y-direccion-de-obra-de-la-nueva-terminal-de-pasajeros-para-el-ferry-en-denia-alicante\/#primaryimage","url":"https:\/\/www.proes.es\/wp-content\/uploads\/2023\/07\/1-Terminal pasajeros Denia02-scaled.jpg","contentUrl":"https:\/\/www.proes.es\/wp-content\/uploads\/2023\/07\/1-Terminal pasajeros Denia02-scaled.jpg","width":2560,"height":1707},{"@type":"BreadcrumbList","@id":"https:\/\/www.proes.es\/en\/proyecto-y-direccion-de-obra-de-la-nueva-terminal-de-pasajeros-para-el-ferry-en-denia-alicante\/#breadcrumb","itemListElement":[{"@type":"ListItem","position":1,"name":"Portada","item":"https:\/\/p28223.grupoamper.com\/en\/"},{"@type":"ListItem","position":2,"name":"Proyecto y direcci\u00f3n de obra de la nueva terminal de pasajeros para el ferry en Denia, Alicante"}]},{"@type":"WebSite","@id":"https:\/\/p28223.grupoamper.com\/en\/#website","url":"https:\/\/p28223.grupoamper.com\/en\/","name":"Proes,","description":"","publisher":{"@id":"https:\/\/p28223.grupoamper.com\/en\/#organization"},"potentialAction":[{"@type":"SearchAction","target":{"@type":"EntryPoint","urlTemplate":"https:\/\/p28223.grupoamper.com\/en\/?s={search_term_string}"},"query-input":{"@type":"PropertyValueSpecification","valueRequired":true,"valueName":"search_term_string"}}],"inLanguage":"en-GB"},{"@type":"Organization","@id":"https:\/\/p28223.grupoamper.com\/en\/#organization","name":"Proes,","url":"https:\/\/p28223.grupoamper.com\/en\/","logo":{"@type":"ImageObject","inLanguage":"en-GB","@id":"https:\/\/p28223.grupoamper.com\/en\/#\/schema\/logo\/image\/","url":"https:\/\/www.proes.es\/wp-content\/uploads\/2023\/05\/Logo-Proes.png","contentUrl":"https:\/\/www.proes.es\/wp-content\/uploads\/2023\/05\/Logo-Proes.png","width":520,"height":140,"caption":"Proes"},"image":{"@id":"https:\/\/p28223.grupoamper.com\/en\/#\/schema\/logo\/image\/"}},{"@type":"Person","@id":"https:\/\/p28223.grupoamper.com\/en\/#\/schema\/person\/36e57a12577f759f8f2836cd8fba1c03","name":"Isabel.Caruana","image":{"@type":"ImageObject","inLanguage":"en-GB","@id":"https:\/\/p28223.grupoamper.com\/en\/#\/schema\/person\/image\/","url":"https:\/\/secure.gravatar.com\/avatar\/4a350cf9d30b1b93d55c0b1fca1bdc4539442248717055d1a3bb3f1d49dff91d?s=96&d=mm&r=g","contentUrl":"https:\/\/secure.gravatar.com\/avatar\/4a350cf9d30b1b93d55c0b1fca1bdc4539442248717055d1a3bb3f1d49dff91d?s=96&d=mm&r=g","caption":"Isabel.Caruana"},"sameAs":["https:\/\/Proes"],"url":"https:\/\/www.proes.es\/en\/author\/isabel-caruana\/"}]}},"_links":{"self":[{"href":"https:\/\/www.proes.es\/en\/wp-json\/wp\/v2\/posts\/45353","targetHints":{"allow":["GET"]}}],"collection":[{"href":"https:\/\/www.proes.es\/en\/wp-json\/wp\/v2\/posts"}],"about":[{"href":"https:\/\/www.proes.es\/en\/wp-json\/wp\/v2\/types\/post"}],"author":[{"embeddable":true,"href":"https:\/\/www.proes.es\/en\/wp-json\/wp\/v2\/users\/14"}],"replies":[{"embeddable":true,"href":"https:\/\/www.proes.es\/en\/wp-json\/wp\/v2\/comments?post=45353"}],"version-history":[{"count":11,"href":"https:\/\/www.proes.es\/en\/wp-json\/wp\/v2\/posts\/45353\/revisions"}],"predecessor-version":[{"id":47705,"href":"https:\/\/www.proes.es\/en\/wp-json\/wp\/v2\/posts\/45353\/revisions\/47705"}],"wp:featuredmedia":[{"embeddable":true,"href":"https:\/\/www.proes.es\/en\/wp-json\/wp\/v2\/media\/35855"}],"wp:attachment":[{"href":"https:\/\/www.proes.es\/en\/wp-json\/wp\/v2\/media?parent=45353"}],"wp:term":[{"taxonomy":"category","embeddable":true,"href":"https:\/\/www.proes.es\/en\/wp-json\/wp\/v2\/categories?post=45353"},{"taxonomy":"post_tag","embeddable":true,"href":"https:\/\/www.proes.es\/en\/wp-json\/wp\/v2\/tags?post=45353"}],"curies":[{"name":"wp","href":"https:\/\/api.w.org\/{rel}","templated":true}]}}