{"id":45436,"date":"2024-02-06T09:55:40","date_gmt":"2024-02-06T08:55:40","guid":{"rendered":"https:\/\/www.proes.es\/?p=45436"},"modified":"2025-05-19T13:20:04","modified_gmt":"2025-05-19T11:20:04","slug":"terminal-de-regasificacion-de-gnl-en-el-puerto-lazaro-cardenas-mexico-2","status":"publish","type":"post","link":"https:\/\/www.proes.es\/en\/terminal-de-regasificacion-de-gnl-en-el-puerto-lazaro-cardenas-mexico-2\/","title":{"rendered":"LNG regasification terminal at the port of L\u00e1zaro C\u00e1rdenas, Mexico"},"content":{"rendered":"<div data-elementor-type=\"wp-post\" data-elementor-id=\"45436\" class=\"elementor elementor-45436\" data-elementor-post-type=\"post\">\n\t\t\t\t<div class=\"elementor-element elementor-element-3cdfe8a e-flex e-con-boxed e-con e-parent\" data-id=\"3cdfe8a\" data-element_type=\"container\">\n\t\t\t\t\t<div class=\"e-con-inner\">\n\t\t\t\t<div class=\"elementor-element elementor-element-33d9f86 elementor-widget elementor-widget-image\" data-id=\"33d9f86\" data-element_type=\"widget\" data-widget_type=\"image.default\">\n\t\t\t\t<div class=\"elementor-widget-container\">\n\t\t\t\t\t\t\t\t\t\t\t\t\t\t\t<img fetchpriority=\"high\" decoding=\"async\" width=\"512\" height=\"341\" src=\"https:\/\/www.proes.es\/wp-content\/uploads\/2021\/02\/lazarocardenas.jpg\" class=\"attachment-full size-full wp-image-30196\" alt=\"\" srcset=\"https:\/\/www.proes.es\/wp-content\/uploads\/2021\/02\/lazarocardenas.jpg 512w, https:\/\/www.proes.es\/wp-content\/uploads\/2021\/02\/lazarocardenas-300x200.jpg 300w\" sizes=\"(max-width: 512px) 100vw, 512px\" \/>\t\t\t\t\t\t\t\t\t\t\t\t\t\t\t<\/div>\n\t\t\t\t<\/div>\n\t\t\t\t\t<\/div>\n\t\t\t\t<\/div>\n\t\t<div class=\"elementor-element elementor-element-d37ad5a e-flex e-con-boxed e-con e-parent\" data-id=\"d37ad5a\" data-element_type=\"container\">\n\t\t\t\t\t<div class=\"e-con-inner\">\n\t\t<div class=\"elementor-element elementor-element-d49d1e0 e-con-full e-flex e-con e-child\" data-id=\"d49d1e0\" data-element_type=\"container\">\n\t\t\t\t<div class=\"elementor-element elementor-element-38c1739 elementor-widget elementor-widget-text-editor\" data-id=\"38c1739\" data-element_type=\"widget\" data-widget_type=\"text-editor.default\">\n\t\t\t\t<div class=\"elementor-widget-container\">\n\t\t\t\t\t\t\t\t\t<p style=\"text-align: center;\">350.000.000 US$<\/p>\t\t\t\t\t\t\t\t<\/div>\n\t\t\t\t<\/div>\n\t\t\t\t<div class=\"elementor-element elementor-element-2ae89aa elementor-widget-divider--view-line elementor-widget elementor-widget-divider\" data-id=\"2ae89aa\" data-element_type=\"widget\" data-widget_type=\"divider.default\">\n\t\t\t\t<div class=\"elementor-widget-container\">\n\t\t\t\t\t\t\t<div class=\"elementor-divider\">\n\t\t\t<span class=\"elementor-divider-separator\">\n\t\t\t\t\t\t<\/span>\n\t\t<\/div>\n\t\t\t\t\t\t<\/div>\n\t\t\t\t<\/div>\n\t\t\t\t<div class=\"elementor-element elementor-element-facb681 elementor-widget elementor-widget-text-editor\" data-id=\"facb681\" data-element_type=\"widget\" data-widget_type=\"text-editor.default\">\n\t\t\t\t<div class=\"elementor-widget-container\">\n\t\t\t\t\t\t\t\t\t<p>up-front investment\u00a0<\/p>\t\t\t\t\t\t\t\t<\/div>\n\t\t\t\t<\/div>\n\t\t\t\t<\/div>\n\t\t\t\t\t<\/div>\n\t\t\t\t<\/div>\n\t\t<div class=\"elementor-element elementor-element-dac5cb7 e-flex e-con-boxed e-con e-parent\" data-id=\"dac5cb7\" data-element_type=\"container\">\n\t\t\t\t\t<div class=\"e-con-inner\">\n\t\t\t\t<div class=\"elementor-element elementor-element-a2134c5 elementor-widget__width-initial elementor-widget elementor-widget-text-editor\" data-id=\"a2134c5\" data-element_type=\"widget\" data-widget_type=\"text-editor.default\">\n\t\t\t\t<div class=\"elementor-widget-container\">\n\t\t\t\t\t\t\t\t\t<p>In a first phase, as part of the basic project, the basic studies are drawn up to form the basis for the subsequent development of specific documents related to the safety, engineering and navigation of the regasification terminal.<\/p><p>In the next phase, the basic engineering of the berthing front, for LNG carriers with a capacity of 70,000 m\u00b3 to 200,000 m\u00b3, and a review of the intake and discharge facilities, will be carried out. <span style=\"color: #002f53;\">vertido<\/span> de agua de mar.<\/p><p>\u00a0<\/p><p><span style=\"color: #002f53;\"><strong>Location:<\/strong><\/span>\u00a0Port of L\u00e1zaro C\u00e1rdenas, Michoac\u00e1n, Mexico<\/p><p><span style=\"color: #002f53;\"><strong>Date:<\/strong><\/span> 2003-2005<\/p><p><span style=\"color: #002f53;\"><strong>Scope of the project:<\/strong><\/span>\u00a0definition, at basic engineering level, of the different constituent elements that make up the LNG regasification plant as a whole, review of the seawater intake and discharge facilities, analysis of EPC bids, etcetera.<\/p>\t\t\t\t\t\t\t\t<\/div>\n\t\t\t\t<\/div>\n\t\t\t\t\t<\/div>\n\t\t\t\t<\/div>\n\t\t\t\t<\/div>","protected":false},"excerpt":{"rendered":"<p>350.000.000 US$ inversi\u00f3n inicial\u00a0 En una primera fase, como parte del proyecto b\u00e1sico, se elaboran los estudios b\u00e1sicos para constituir las bases de partida, necesarias para el desarrollo posterior de documentos particulares relacionados con la seguridad, ingenier\u00eda y navegaci\u00f3n de la terminal de regasificaci\u00f3n. En la siguiente fase, se procede a la elaboraci\u00f3n de la [&hellip;]<\/p>","protected":false},"author":13,"featured_media":30196,"comment_status":"closed","ping_status":"closed","sticky":false,"template":"","format":"standard","meta":{"footnotes":""},"categories":[76],"tags":[27],"class_list":["post-45436","post","type-post","status-publish","format-standard","has-post-thumbnail","hentry","category-diseno-de-infraestructuras-maritimas","tag-mexico"],"yoast_head":"<!-- This site is optimized with the Yoast SEO plugin v26.8 - https:\/\/yoast.com\/product\/yoast-seo-wordpress\/ -->\n<title>Terminal de regasificaci\u00f3n de GNL en el puerto L\u00e1zaro C\u00e1rdenas, M\u00e9xico - Proes<\/title>\n<meta name=\"robots\" content=\"index, follow, max-snippet:-1, max-image-preview:large, max-video-preview:-1\" \/>\n<link rel=\"canonical\" href=\"https:\/\/p28223.grupoamper.com\/terminal-de-regasificacion-de-gnl-en-el-puerto-lazaro-cardenas-mexico-2\/\" \/>\n<meta property=\"og:locale\" content=\"en_GB\" \/>\n<meta property=\"og:type\" content=\"article\" \/>\n<meta property=\"og:title\" content=\"Terminal de regasificaci\u00f3n de GNL en el puerto L\u00e1zaro C\u00e1rdenas, M\u00e9xico - Proes\" \/>\n<meta property=\"og:description\" content=\"350.000.000 US$ inversi\u00f3n inicial\u00a0 En una primera fase, como parte del proyecto b\u00e1sico, se elaboran los estudios b\u00e1sicos para constituir las bases de partida, necesarias para el desarrollo posterior de documentos particulares relacionados con la seguridad, ingenier\u00eda y navegaci\u00f3n de la terminal de regasificaci\u00f3n. En la siguiente fase, se procede a la elaboraci\u00f3n de la [&hellip;]\" \/>\n<meta property=\"og:url\" content=\"https:\/\/p28223.grupoamper.com\/terminal-de-regasificacion-de-gnl-en-el-puerto-lazaro-cardenas-mexico-2\/\" \/>\n<meta property=\"og:site_name\" content=\"Proes\" \/>\n<meta property=\"article:published_time\" content=\"2024-02-06T08:55:40+00:00\" \/>\n<meta property=\"article:modified_time\" content=\"2025-05-19T11:20:04+00:00\" \/>\n<meta property=\"og:image\" content=\"https:\/\/p28223.grupoamper.com\/wp-content\/uploads\/2021\/02\/lazarocardenas.jpg\" \/>\n\t<meta property=\"og:image:width\" content=\"512\" \/>\n\t<meta property=\"og:image:height\" content=\"341\" \/>\n\t<meta property=\"og:image:type\" content=\"image\/jpeg\" \/>\n<meta name=\"author\" content=\"Maria Victoria Del Pozo Vindel\" \/>\n<meta name=\"twitter:card\" content=\"summary_large_image\" \/>\n<meta name=\"twitter:label1\" content=\"Written by\" \/>\n\t<meta name=\"twitter:data1\" content=\"Maria Victoria Del Pozo Vindel\" \/>\n\t<meta name=\"twitter:label2\" content=\"Estimated reading time\" \/>\n\t<meta name=\"twitter:data2\" content=\"1 minute\" \/>\n<script type=\"application\/ld+json\" class=\"yoast-schema-graph\">{\"@context\":\"https:\/\/schema.org\",\"@graph\":[{\"@type\":\"Article\",\"@id\":\"https:\/\/p28223.grupoamper.com\/terminal-de-regasificacion-de-gnl-en-el-puerto-lazaro-cardenas-mexico-2\/#article\",\"isPartOf\":{\"@id\":\"https:\/\/p28223.grupoamper.com\/terminal-de-regasificacion-de-gnl-en-el-puerto-lazaro-cardenas-mexico-2\/\"},\"author\":{\"name\":\"Maria Victoria Del Pozo Vindel\",\"@id\":\"https:\/\/p28223.grupoamper.com\/en\/#\/schema\/person\/97e415e7296dfb24d5c9c8cca875e830\"},\"headline\":\"Terminal de regasificaci\u00f3n de GNL en el puerto L\u00e1zaro C\u00e1rdenas, M\u00e9xico\",\"datePublished\":\"2024-02-06T08:55:40+00:00\",\"dateModified\":\"2025-05-19T11:20:04+00:00\",\"mainEntityOfPage\":{\"@id\":\"https:\/\/p28223.grupoamper.com\/terminal-de-regasificacion-de-gnl-en-el-puerto-lazaro-cardenas-mexico-2\/\"},\"wordCount\":172,\"publisher\":{\"@id\":\"https:\/\/p28223.grupoamper.com\/en\/#organization\"},\"image\":{\"@id\":\"https:\/\/p28223.grupoamper.com\/terminal-de-regasificacion-de-gnl-en-el-puerto-lazaro-cardenas-mexico-2\/#primaryimage\"},\"thumbnailUrl\":\"https:\/\/www.proes.es\/wp-content\/uploads\/2021\/02\/lazarocardenas.jpg\",\"keywords\":[\"M\u00e9xico\"],\"articleSection\":[\"Dise\u00f1o de infraestructuras mar\u00edtimas\"],\"inLanguage\":\"en-GB\"},{\"@type\":\"WebPage\",\"@id\":\"https:\/\/p28223.grupoamper.com\/terminal-de-regasificacion-de-gnl-en-el-puerto-lazaro-cardenas-mexico-2\/\",\"url\":\"https:\/\/p28223.grupoamper.com\/terminal-de-regasificacion-de-gnl-en-el-puerto-lazaro-cardenas-mexico-2\/\",\"name\":\"Terminal de regasificaci\u00f3n de GNL en el puerto L\u00e1zaro C\u00e1rdenas, M\u00e9xico - Proes\",\"isPartOf\":{\"@id\":\"https:\/\/p28223.grupoamper.com\/en\/#website\"},\"primaryImageOfPage\":{\"@id\":\"https:\/\/p28223.grupoamper.com\/terminal-de-regasificacion-de-gnl-en-el-puerto-lazaro-cardenas-mexico-2\/#primaryimage\"},\"image\":{\"@id\":\"https:\/\/p28223.grupoamper.com\/terminal-de-regasificacion-de-gnl-en-el-puerto-lazaro-cardenas-mexico-2\/#primaryimage\"},\"thumbnailUrl\":\"https:\/\/www.proes.es\/wp-content\/uploads\/2021\/02\/lazarocardenas.jpg\",\"datePublished\":\"2024-02-06T08:55:40+00:00\",\"dateModified\":\"2025-05-19T11:20:04+00:00\",\"breadcrumb\":{\"@id\":\"https:\/\/p28223.grupoamper.com\/terminal-de-regasificacion-de-gnl-en-el-puerto-lazaro-cardenas-mexico-2\/#breadcrumb\"},\"inLanguage\":\"en-GB\",\"potentialAction\":[{\"@type\":\"ReadAction\",\"target\":[\"https:\/\/p28223.grupoamper.com\/terminal-de-regasificacion-de-gnl-en-el-puerto-lazaro-cardenas-mexico-2\/\"]}]},{\"@type\":\"ImageObject\",\"inLanguage\":\"en-GB\",\"@id\":\"https:\/\/p28223.grupoamper.com\/terminal-de-regasificacion-de-gnl-en-el-puerto-lazaro-cardenas-mexico-2\/#primaryimage\",\"url\":\"https:\/\/www.proes.es\/wp-content\/uploads\/2021\/02\/lazarocardenas.jpg\",\"contentUrl\":\"https:\/\/www.proes.es\/wp-content\/uploads\/2021\/02\/lazarocardenas.jpg\",\"width\":512,\"height\":341},{\"@type\":\"BreadcrumbList\",\"@id\":\"https:\/\/p28223.grupoamper.com\/terminal-de-regasificacion-de-gnl-en-el-puerto-lazaro-cardenas-mexico-2\/#breadcrumb\",\"itemListElement\":[{\"@type\":\"ListItem\",\"position\":1,\"name\":\"Portada\",\"item\":\"https:\/\/p28223.grupoamper.com\/en\/\"},{\"@type\":\"ListItem\",\"position\":2,\"name\":\"Terminal de regasificaci\u00f3n de GNL en el puerto L\u00e1zaro C\u00e1rdenas, M\u00e9xico\"}]},{\"@type\":\"WebSite\",\"@id\":\"https:\/\/p28223.grupoamper.com\/en\/#website\",\"url\":\"https:\/\/p28223.grupoamper.com\/en\/\",\"name\":\"Proes\",\"description\":\"\",\"publisher\":{\"@id\":\"https:\/\/p28223.grupoamper.com\/en\/#organization\"},\"potentialAction\":[{\"@type\":\"SearchAction\",\"target\":{\"@type\":\"EntryPoint\",\"urlTemplate\":\"https:\/\/p28223.grupoamper.com\/en\/?s={search_term_string}\"},\"query-input\":{\"@type\":\"PropertyValueSpecification\",\"valueRequired\":true,\"valueName\":\"search_term_string\"}}],\"inLanguage\":\"en-GB\"},{\"@type\":\"Organization\",\"@id\":\"https:\/\/p28223.grupoamper.com\/en\/#organization\",\"name\":\"Proes\",\"url\":\"https:\/\/p28223.grupoamper.com\/en\/\",\"logo\":{\"@type\":\"ImageObject\",\"inLanguage\":\"en-GB\",\"@id\":\"https:\/\/p28223.grupoamper.com\/en\/#\/schema\/logo\/image\/\",\"url\":\"https:\/\/www.proes.es\/wp-content\/uploads\/2023\/05\/Logo-Proes.png\",\"contentUrl\":\"https:\/\/www.proes.es\/wp-content\/uploads\/2023\/05\/Logo-Proes.png\",\"width\":520,\"height\":140,\"caption\":\"Proes\"},\"image\":{\"@id\":\"https:\/\/p28223.grupoamper.com\/en\/#\/schema\/logo\/image\/\"}},{\"@type\":\"Person\",\"@id\":\"https:\/\/p28223.grupoamper.com\/en\/#\/schema\/person\/97e415e7296dfb24d5c9c8cca875e830\",\"name\":\"Maria Victoria Del Pozo Vindel\",\"image\":{\"@type\":\"ImageObject\",\"inLanguage\":\"en-GB\",\"@id\":\"https:\/\/p28223.grupoamper.com\/en\/#\/schema\/person\/image\/\",\"url\":\"https:\/\/secure.gravatar.com\/avatar\/c8eb3a2abdf0e175fcb40a96a47283720040014ac5fb9b6ea4658d8d6b726bda?s=96&d=mm&r=g\",\"contentUrl\":\"https:\/\/secure.gravatar.com\/avatar\/c8eb3a2abdf0e175fcb40a96a47283720040014ac5fb9b6ea4658d8d6b726bda?s=96&d=mm&r=g\",\"caption\":\"Maria Victoria Del Pozo Vindel\"},\"sameAs\":[\"https:\/\/Proes\"],\"url\":\"https:\/\/www.proes.es\/en\/author\/marivi-pozo\/\"}]}<\/script>\n<!-- \/ Yoast SEO plugin. -->","yoast_head_json":{"title":"Terminal de regasificaci\u00f3n de GNL en el puerto L\u00e1zaro C\u00e1rdenas, M\u00e9xico - Proes","robots":{"index":"index","follow":"follow","max-snippet":"max-snippet:-1","max-image-preview":"max-image-preview:large","max-video-preview":"max-video-preview:-1"},"canonical":"https:\/\/p28223.grupoamper.com\/terminal-de-regasificacion-de-gnl-en-el-puerto-lazaro-cardenas-mexico-2\/","og_locale":"en_GB","og_type":"article","og_title":"Terminal de regasificaci\u00f3n de GNL en el puerto L\u00e1zaro C\u00e1rdenas, M\u00e9xico - Proes","og_description":"350.000.000 US$ inversi\u00f3n inicial\u00a0 En una primera fase, como parte del proyecto b\u00e1sico, se elaboran los estudios b\u00e1sicos para constituir las bases de partida, necesarias para el desarrollo posterior de documentos particulares relacionados con la seguridad, ingenier\u00eda y navegaci\u00f3n de la terminal de regasificaci\u00f3n. En la siguiente fase, se procede a la elaboraci\u00f3n de la [&hellip;]","og_url":"https:\/\/p28223.grupoamper.com\/terminal-de-regasificacion-de-gnl-en-el-puerto-lazaro-cardenas-mexico-2\/","og_site_name":"Proes","article_published_time":"2024-02-06T08:55:40+00:00","article_modified_time":"2025-05-19T11:20:04+00:00","og_image":[{"width":512,"height":341,"url":"https:\/\/p28223.grupoamper.com\/wp-content\/uploads\/2021\/02\/lazarocardenas.jpg","type":"image\/jpeg"}],"author":"Maria Victoria Del Pozo Vindel","twitter_card":"summary_large_image","twitter_misc":{"Written by":"Maria Victoria Del Pozo Vindel","Estimated reading time":"1 minute"},"schema":{"@context":"https:\/\/schema.org","@graph":[{"@type":"Article","@id":"https:\/\/p28223.grupoamper.com\/terminal-de-regasificacion-de-gnl-en-el-puerto-lazaro-cardenas-mexico-2\/#article","isPartOf":{"@id":"https:\/\/p28223.grupoamper.com\/terminal-de-regasificacion-de-gnl-en-el-puerto-lazaro-cardenas-mexico-2\/"},"author":{"name":"Maria Victoria Del Pozo Vindel","@id":"https:\/\/p28223.grupoamper.com\/en\/#\/schema\/person\/97e415e7296dfb24d5c9c8cca875e830"},"headline":"Terminal de regasificaci\u00f3n de GNL en el puerto L\u00e1zaro C\u00e1rdenas, M\u00e9xico","datePublished":"2024-02-06T08:55:40+00:00","dateModified":"2025-05-19T11:20:04+00:00","mainEntityOfPage":{"@id":"https:\/\/p28223.grupoamper.com\/terminal-de-regasificacion-de-gnl-en-el-puerto-lazaro-cardenas-mexico-2\/"},"wordCount":172,"publisher":{"@id":"https:\/\/p28223.grupoamper.com\/en\/#organization"},"image":{"@id":"https:\/\/p28223.grupoamper.com\/terminal-de-regasificacion-de-gnl-en-el-puerto-lazaro-cardenas-mexico-2\/#primaryimage"},"thumbnailUrl":"https:\/\/www.proes.es\/wp-content\/uploads\/2021\/02\/lazarocardenas.jpg","keywords":["M\u00e9xico"],"articleSection":["Dise\u00f1o de infraestructuras mar\u00edtimas"],"inLanguage":"en-GB"},{"@type":"WebPage","@id":"https:\/\/p28223.grupoamper.com\/terminal-de-regasificacion-de-gnl-en-el-puerto-lazaro-cardenas-mexico-2\/","url":"https:\/\/p28223.grupoamper.com\/terminal-de-regasificacion-de-gnl-en-el-puerto-lazaro-cardenas-mexico-2\/","name":"Terminal de regasificaci\u00f3n de GNL en el puerto L\u00e1zaro C\u00e1rdenas, M\u00e9xico - Proes","isPartOf":{"@id":"https:\/\/p28223.grupoamper.com\/en\/#website"},"primaryImageOfPage":{"@id":"https:\/\/p28223.grupoamper.com\/terminal-de-regasificacion-de-gnl-en-el-puerto-lazaro-cardenas-mexico-2\/#primaryimage"},"image":{"@id":"https:\/\/p28223.grupoamper.com\/terminal-de-regasificacion-de-gnl-en-el-puerto-lazaro-cardenas-mexico-2\/#primaryimage"},"thumbnailUrl":"https:\/\/www.proes.es\/wp-content\/uploads\/2021\/02\/lazarocardenas.jpg","datePublished":"2024-02-06T08:55:40+00:00","dateModified":"2025-05-19T11:20:04+00:00","breadcrumb":{"@id":"https:\/\/p28223.grupoamper.com\/terminal-de-regasificacion-de-gnl-en-el-puerto-lazaro-cardenas-mexico-2\/#breadcrumb"},"inLanguage":"en-GB","potentialAction":[{"@type":"ReadAction","target":["https:\/\/p28223.grupoamper.com\/terminal-de-regasificacion-de-gnl-en-el-puerto-lazaro-cardenas-mexico-2\/"]}]},{"@type":"ImageObject","inLanguage":"en-GB","@id":"https:\/\/p28223.grupoamper.com\/terminal-de-regasificacion-de-gnl-en-el-puerto-lazaro-cardenas-mexico-2\/#primaryimage","url":"https:\/\/www.proes.es\/wp-content\/uploads\/2021\/02\/lazarocardenas.jpg","contentUrl":"https:\/\/www.proes.es\/wp-content\/uploads\/2021\/02\/lazarocardenas.jpg","width":512,"height":341},{"@type":"BreadcrumbList","@id":"https:\/\/p28223.grupoamper.com\/terminal-de-regasificacion-de-gnl-en-el-puerto-lazaro-cardenas-mexico-2\/#breadcrumb","itemListElement":[{"@type":"ListItem","position":1,"name":"Portada","item":"https:\/\/p28223.grupoamper.com\/en\/"},{"@type":"ListItem","position":2,"name":"Terminal de regasificaci\u00f3n de GNL en el puerto L\u00e1zaro C\u00e1rdenas, M\u00e9xico"}]},{"@type":"WebSite","@id":"https:\/\/p28223.grupoamper.com\/en\/#website","url":"https:\/\/p28223.grupoamper.com\/en\/","name":"Proes,","description":"","publisher":{"@id":"https:\/\/p28223.grupoamper.com\/en\/#organization"},"potentialAction":[{"@type":"SearchAction","target":{"@type":"EntryPoint","urlTemplate":"https:\/\/p28223.grupoamper.com\/en\/?s={search_term_string}"},"query-input":{"@type":"PropertyValueSpecification","valueRequired":true,"valueName":"search_term_string"}}],"inLanguage":"en-GB"},{"@type":"Organization","@id":"https:\/\/p28223.grupoamper.com\/en\/#organization","name":"Proes,","url":"https:\/\/p28223.grupoamper.com\/en\/","logo":{"@type":"ImageObject","inLanguage":"en-GB","@id":"https:\/\/p28223.grupoamper.com\/en\/#\/schema\/logo\/image\/","url":"https:\/\/www.proes.es\/wp-content\/uploads\/2023\/05\/Logo-Proes.png","contentUrl":"https:\/\/www.proes.es\/wp-content\/uploads\/2023\/05\/Logo-Proes.png","width":520,"height":140,"caption":"Proes"},"image":{"@id":"https:\/\/p28223.grupoamper.com\/en\/#\/schema\/logo\/image\/"}},{"@type":"Person","@id":"https:\/\/p28223.grupoamper.com\/en\/#\/schema\/person\/97e415e7296dfb24d5c9c8cca875e830","name":"Maria Victoria Del Pozo Vindel","image":{"@type":"ImageObject","inLanguage":"en-GB","@id":"https:\/\/p28223.grupoamper.com\/en\/#\/schema\/person\/image\/","url":"https:\/\/secure.gravatar.com\/avatar\/c8eb3a2abdf0e175fcb40a96a47283720040014ac5fb9b6ea4658d8d6b726bda?s=96&d=mm&r=g","contentUrl":"https:\/\/secure.gravatar.com\/avatar\/c8eb3a2abdf0e175fcb40a96a47283720040014ac5fb9b6ea4658d8d6b726bda?s=96&d=mm&r=g","caption":"Maria Victoria Del Pozo Vindel"},"sameAs":["https:\/\/Proes"],"url":"https:\/\/www.proes.es\/en\/author\/marivi-pozo\/"}]}},"_links":{"self":[{"href":"https:\/\/www.proes.es\/en\/wp-json\/wp\/v2\/posts\/45436","targetHints":{"allow":["GET"]}}],"collection":[{"href":"https:\/\/www.proes.es\/en\/wp-json\/wp\/v2\/posts"}],"about":[{"href":"https:\/\/www.proes.es\/en\/wp-json\/wp\/v2\/types\/post"}],"author":[{"embeddable":true,"href":"https:\/\/www.proes.es\/en\/wp-json\/wp\/v2\/users\/13"}],"replies":[{"embeddable":true,"href":"https:\/\/www.proes.es\/en\/wp-json\/wp\/v2\/comments?post=45436"}],"version-history":[{"count":10,"href":"https:\/\/www.proes.es\/en\/wp-json\/wp\/v2\/posts\/45436\/revisions"}],"predecessor-version":[{"id":48694,"href":"https:\/\/www.proes.es\/en\/wp-json\/wp\/v2\/posts\/45436\/revisions\/48694"}],"wp:featuredmedia":[{"embeddable":true,"href":"https:\/\/www.proes.es\/en\/wp-json\/wp\/v2\/media\/30196"}],"wp:attachment":[{"href":"https:\/\/www.proes.es\/en\/wp-json\/wp\/v2\/media?parent=45436"}],"wp:term":[{"taxonomy":"category","embeddable":true,"href":"https:\/\/www.proes.es\/en\/wp-json\/wp\/v2\/categories?post=45436"},{"taxonomy":"post_tag","embeddable":true,"href":"https:\/\/www.proes.es\/en\/wp-json\/wp\/v2\/tags?post=45436"}],"curies":[{"name":"wp","href":"https:\/\/api.w.org\/{rel}","templated":true}]}}