{"id":45567,"date":"2024-02-06T13:04:56","date_gmt":"2024-02-06T12:04:56","guid":{"rendered":"https:\/\/www.proes.es\/?p=45567"},"modified":"2025-05-20T10:42:33","modified_gmt":"2025-05-20T08:42:33","slug":"informe-de-la-galeria-de-servicios-del-aeropuerto-de-malaga","status":"publish","type":"post","link":"https:\/\/www.proes.es\/en\/informe-de-la-galeria-de-servicios-del-aeropuerto-de-malaga\/","title":{"rendered":"Malaga Airport Services Gallery Report"},"content":{"rendered":"<div data-elementor-type=\"wp-post\" data-elementor-id=\"45567\" class=\"elementor elementor-45567\" data-elementor-post-type=\"post\">\n\t\t\t\t<div class=\"elementor-element elementor-element-3cdfe8a e-flex e-con-boxed e-con e-parent\" data-id=\"3cdfe8a\" data-element_type=\"container\">\n\t\t\t\t\t<div class=\"e-con-inner\">\n\t\t\t\t<div class=\"elementor-element elementor-element-33d9f86 elementor-widget elementor-widget-image\" data-id=\"33d9f86\" data-element_type=\"widget\" data-widget_type=\"image.default\">\n\t\t\t\t<div class=\"elementor-widget-container\">\n\t\t\t\t\t\t\t\t\t\t\t\t\t\t\t<img fetchpriority=\"high\" decoding=\"async\" width=\"1880\" height=\"1231\" src=\"https:\/\/195.55.65.51\/wp-content\/uploads\/2021\/04\/25.0003.jpg\" class=\"attachment-full size-full wp-image-30297\" alt=\"\" srcset=\"https:\/\/195.55.65.51\/wp-content\/uploads\/2021\/04\/25.0003.jpg 1880w, https:\/\/195.55.65.51\/wp-content\/uploads\/2021\/04\/25.0003-300x196.jpg 300w, https:\/\/195.55.65.51\/wp-content\/uploads\/2021\/04\/25.0003-1024x671.jpg 1024w, https:\/\/195.55.65.51\/wp-content\/uploads\/2021\/04\/25.0003-768x503.jpg 768w, https:\/\/195.55.65.51\/wp-content\/uploads\/2021\/04\/25.0003-1536x1006.jpg 1536w\" sizes=\"(max-width: 1880px) 100vw, 1880px\" \/>\t\t\t\t\t\t\t\t\t\t\t\t\t\t\t<\/div>\n\t\t\t\t<\/div>\n\t\t\t\t\t<\/div>\n\t\t\t\t<\/div>\n\t\t<div class=\"elementor-element elementor-element-7deb6ba e-flex e-con-boxed e-con e-parent\" data-id=\"7deb6ba\" data-element_type=\"container\">\n\t\t\t\t\t<div class=\"e-con-inner\">\n\t\t<div class=\"elementor-element elementor-element-58d15e8 e-flex e-con-boxed e-con e-child\" data-id=\"58d15e8\" data-element_type=\"container\">\n\t\t\t\t\t<div class=\"e-con-inner\">\n\t\t<div class=\"elementor-element elementor-element-329cb90 e-con-full e-flex e-con e-child\" data-id=\"329cb90\" data-element_type=\"container\">\n\t\t\t\t<div class=\"elementor-element elementor-element-f326e73 elementor-widget elementor-widget-text-editor\" data-id=\"f326e73\" data-element_type=\"widget\" data-widget_type=\"text-editor.default\">\n\t\t\t\t<div class=\"elementor-widget-container\">\n\t\t\t\t\t\t\t\t\t<p style=\"text-align: center;\">420 m<\/p>\t\t\t\t\t\t\t\t<\/div>\n\t\t\t\t<\/div>\n\t\t\t\t<div class=\"elementor-element elementor-element-9da720b elementor-widget-divider--view-line elementor-widget elementor-widget-divider\" data-id=\"9da720b\" data-element_type=\"widget\" data-widget_type=\"divider.default\">\n\t\t\t\t<div class=\"elementor-widget-container\">\n\t\t\t\t\t\t\t<div class=\"elementor-divider\">\n\t\t\t<span class=\"elementor-divider-separator\">\n\t\t\t\t\t\t<\/span>\n\t\t<\/div>\n\t\t\t\t\t\t<\/div>\n\t\t\t\t<\/div>\n\t\t\t\t<div class=\"elementor-element elementor-element-4400445 elementor-widget elementor-widget-text-editor\" data-id=\"4400445\" data-element_type=\"widget\" data-widget_type=\"text-editor.default\">\n\t\t\t\t<div class=\"elementor-widget-container\">\n\t\t\t\t\t\t\t\t\t<p>lenght of gallery inspected\u00a0<\/p>\t\t\t\t\t\t\t\t<\/div>\n\t\t\t\t<\/div>\n\t\t\t\t<\/div>\n\t\t\t\t\t<\/div>\n\t\t\t\t<\/div>\n\t\t\t\t\t<\/div>\n\t\t\t\t<\/div>\n\t\t<div class=\"elementor-element elementor-element-dac5cb7 e-flex e-con-boxed e-con e-parent\" data-id=\"dac5cb7\" data-element_type=\"container\">\n\t\t\t\t\t<div class=\"e-con-inner\">\n\t\t\t\t<div class=\"elementor-element elementor-element-a2134c5 elementor-widget__width-initial elementor-widget elementor-widget-text-editor\" data-id=\"a2134c5\" data-element_type=\"widget\" data-widget_type=\"text-editor.default\">\n\t\t\t\t<div class=\"elementor-widget-container\">\n\t\t\t\t\t\t\t\t\t<p>Proes carries out the inspection of a section of the Malaga airport service gallery that runs in the vicinity of the interior roads, under the east apron.<\/p><p>The aim of this inspection is to check the gallery under the new loads to which it would be subjected on the surface after the extension of the roads, also assessing its state of conservation and analysing the extent of the pathologies observed, proposing rehabilitation actions.<\/p><p>\u00a0<\/p><p><span style=\"color: #002f53;\"><strong>Location:<\/strong><\/span>\u00a0Malaga airport, Andaluc\u00eda<\/p><p><span style=\"color: #002f53;\"><strong>Date:<\/strong><\/span> 2008<\/p><p><span style=\"color: #002f53;\"><strong>Scope of the project:<\/strong><\/span>\u00a0inspection work on a service gallery at Malaga airport in order to draw up an assessment report on the current state and propose actions to be taken.<\/p><p><span style=\"color: #002f53;\"><strong>Significant data:<\/strong><\/span>\u00a0the surveyed area of the gallery is approximately 420 metres in length<\/p>\t\t\t\t\t\t\t\t<\/div>\n\t\t\t\t<\/div>\n\t\t\t\t\t<\/div>\n\t\t\t\t<\/div>\n\t\t\t\t<\/div>","protected":false},"excerpt":{"rendered":"<p>420 m longitud de galer\u00eda inspeccionada\u00a0 Proes realiza la inspecci\u00f3n de un tramo de la galer\u00eda de servicios del aeropuerto de M\u00e1laga que discurre en las proximidades de los viales interiores, bajo la plataforma este. El objetivo de dicha inspecci\u00f3n es el de comprobar la galer\u00eda bajo las nuevas cargas a las que iba a [&hellip;]<\/p>","protected":false},"author":14,"featured_media":30297,"comment_status":"closed","ping_status":"closed","sticky":false,"template":"","format":"standard","meta":{"footnotes":""},"categories":[69],"tags":[10],"class_list":["post-45567","post","type-post","status-publish","format-standard","has-post-thumbnail","hentry","category-edificacion","tag-espana"],"yoast_head":"<!-- This site is optimized with the Yoast SEO plugin v26.8 - https:\/\/yoast.com\/product\/yoast-seo-wordpress\/ -->\n<title>Informe de la galer\u00eda de servicios del aeropuerto de M\u00e1laga - Proes<\/title>\n<meta name=\"robots\" content=\"index, follow, max-snippet:-1, max-image-preview:large, max-video-preview:-1\" \/>\n<link rel=\"canonical\" href=\"https:\/\/p28223.grupoamper.com\/en\/informe-de-la-galeria-de-servicios-del-aeropuerto-de-malaga\/\" \/>\n<meta property=\"og:locale\" content=\"en_GB\" \/>\n<meta property=\"og:type\" content=\"article\" \/>\n<meta property=\"og:title\" content=\"Informe de la galer\u00eda de servicios del aeropuerto de M\u00e1laga - Proes\" \/>\n<meta property=\"og:description\" content=\"420 m longitud de galer\u00eda inspeccionada\u00a0 Proes realiza la inspecci\u00f3n de un tramo de la galer\u00eda de servicios del aeropuerto de M\u00e1laga que discurre en las proximidades de los viales interiores, bajo la plataforma este. El objetivo de dicha inspecci\u00f3n es el de comprobar la galer\u00eda bajo las nuevas cargas a las que iba a [&hellip;]\" \/>\n<meta property=\"og:url\" content=\"https:\/\/p28223.grupoamper.com\/en\/informe-de-la-galeria-de-servicios-del-aeropuerto-de-malaga\/\" \/>\n<meta property=\"og:site_name\" content=\"Proes\" \/>\n<meta property=\"article:published_time\" content=\"2024-02-06T12:04:56+00:00\" \/>\n<meta property=\"article:modified_time\" content=\"2025-05-20T08:42:33+00:00\" \/>\n<meta property=\"og:image\" content=\"https:\/\/p28223.grupoamper.com\/wp-content\/uploads\/2021\/04\/25.0003.jpg\" \/>\n\t<meta property=\"og:image:width\" content=\"1880\" \/>\n\t<meta property=\"og:image:height\" content=\"1231\" \/>\n\t<meta property=\"og:image:type\" content=\"image\/jpeg\" \/>\n<meta name=\"author\" content=\"Isabel.Caruana\" \/>\n<meta name=\"twitter:card\" content=\"summary_large_image\" \/>\n<meta name=\"twitter:label1\" content=\"Written by\" \/>\n\t<meta name=\"twitter:data1\" content=\"Isabel.Caruana\" \/>\n\t<meta name=\"twitter:label2\" content=\"Estimated reading time\" \/>\n\t<meta name=\"twitter:data2\" content=\"1 minute\" \/>\n<script type=\"application\/ld+json\" class=\"yoast-schema-graph\">{\"@context\":\"https:\/\/schema.org\",\"@graph\":[{\"@type\":\"Article\",\"@id\":\"https:\/\/p28223.grupoamper.com\/en\/informe-de-la-galeria-de-servicios-del-aeropuerto-de-malaga\/#article\",\"isPartOf\":{\"@id\":\"https:\/\/p28223.grupoamper.com\/en\/informe-de-la-galeria-de-servicios-del-aeropuerto-de-malaga\/\"},\"author\":{\"name\":\"Isabel.Caruana\",\"@id\":\"https:\/\/p28223.grupoamper.com\/en\/#\/schema\/person\/36e57a12577f759f8f2836cd8fba1c03\"},\"headline\":\"Informe de la galer\u00eda de servicios del aeropuerto de M\u00e1laga\",\"datePublished\":\"2024-02-06T12:04:56+00:00\",\"dateModified\":\"2025-05-20T08:42:33+00:00\",\"mainEntityOfPage\":{\"@id\":\"https:\/\/p28223.grupoamper.com\/en\/informe-de-la-galeria-de-servicios-del-aeropuerto-de-malaga\/\"},\"wordCount\":161,\"publisher\":{\"@id\":\"https:\/\/p28223.grupoamper.com\/en\/#organization\"},\"image\":{\"@id\":\"https:\/\/p28223.grupoamper.com\/en\/informe-de-la-galeria-de-servicios-del-aeropuerto-de-malaga\/#primaryimage\"},\"thumbnailUrl\":\"https:\/\/www.proes.es\/wp-content\/uploads\/2021\/04\/25.0003.jpg\",\"keywords\":[\"Espa\u00f1a\"],\"articleSection\":[\"Edificaci\u00f3n\"],\"inLanguage\":\"en-GB\"},{\"@type\":\"WebPage\",\"@id\":\"https:\/\/p28223.grupoamper.com\/en\/informe-de-la-galeria-de-servicios-del-aeropuerto-de-malaga\/\",\"url\":\"https:\/\/p28223.grupoamper.com\/en\/informe-de-la-galeria-de-servicios-del-aeropuerto-de-malaga\/\",\"name\":\"Informe de la galer\u00eda de servicios del aeropuerto de M\u00e1laga - Proes\",\"isPartOf\":{\"@id\":\"https:\/\/p28223.grupoamper.com\/en\/#website\"},\"primaryImageOfPage\":{\"@id\":\"https:\/\/p28223.grupoamper.com\/en\/informe-de-la-galeria-de-servicios-del-aeropuerto-de-malaga\/#primaryimage\"},\"image\":{\"@id\":\"https:\/\/p28223.grupoamper.com\/en\/informe-de-la-galeria-de-servicios-del-aeropuerto-de-malaga\/#primaryimage\"},\"thumbnailUrl\":\"https:\/\/www.proes.es\/wp-content\/uploads\/2021\/04\/25.0003.jpg\",\"datePublished\":\"2024-02-06T12:04:56+00:00\",\"dateModified\":\"2025-05-20T08:42:33+00:00\",\"breadcrumb\":{\"@id\":\"https:\/\/p28223.grupoamper.com\/en\/informe-de-la-galeria-de-servicios-del-aeropuerto-de-malaga\/#breadcrumb\"},\"inLanguage\":\"en-GB\",\"potentialAction\":[{\"@type\":\"ReadAction\",\"target\":[\"https:\/\/p28223.grupoamper.com\/en\/informe-de-la-galeria-de-servicios-del-aeropuerto-de-malaga\/\"]}]},{\"@type\":\"ImageObject\",\"inLanguage\":\"en-GB\",\"@id\":\"https:\/\/p28223.grupoamper.com\/en\/informe-de-la-galeria-de-servicios-del-aeropuerto-de-malaga\/#primaryimage\",\"url\":\"https:\/\/www.proes.es\/wp-content\/uploads\/2021\/04\/25.0003.jpg\",\"contentUrl\":\"https:\/\/www.proes.es\/wp-content\/uploads\/2021\/04\/25.0003.jpg\",\"width\":1880,\"height\":1231},{\"@type\":\"BreadcrumbList\",\"@id\":\"https:\/\/p28223.grupoamper.com\/en\/informe-de-la-galeria-de-servicios-del-aeropuerto-de-malaga\/#breadcrumb\",\"itemListElement\":[{\"@type\":\"ListItem\",\"position\":1,\"name\":\"Portada\",\"item\":\"https:\/\/p28223.grupoamper.com\/en\/\"},{\"@type\":\"ListItem\",\"position\":2,\"name\":\"Informe de la galer\u00eda de servicios del aeropuerto de M\u00e1laga\"}]},{\"@type\":\"WebSite\",\"@id\":\"https:\/\/p28223.grupoamper.com\/en\/#website\",\"url\":\"https:\/\/p28223.grupoamper.com\/en\/\",\"name\":\"Proes\",\"description\":\"\",\"publisher\":{\"@id\":\"https:\/\/p28223.grupoamper.com\/en\/#organization\"},\"potentialAction\":[{\"@type\":\"SearchAction\",\"target\":{\"@type\":\"EntryPoint\",\"urlTemplate\":\"https:\/\/p28223.grupoamper.com\/en\/?s={search_term_string}\"},\"query-input\":{\"@type\":\"PropertyValueSpecification\",\"valueRequired\":true,\"valueName\":\"search_term_string\"}}],\"inLanguage\":\"en-GB\"},{\"@type\":\"Organization\",\"@id\":\"https:\/\/p28223.grupoamper.com\/en\/#organization\",\"name\":\"Proes\",\"url\":\"https:\/\/p28223.grupoamper.com\/en\/\",\"logo\":{\"@type\":\"ImageObject\",\"inLanguage\":\"en-GB\",\"@id\":\"https:\/\/p28223.grupoamper.com\/en\/#\/schema\/logo\/image\/\",\"url\":\"https:\/\/www.proes.es\/wp-content\/uploads\/2023\/05\/Logo-Proes.png\",\"contentUrl\":\"https:\/\/www.proes.es\/wp-content\/uploads\/2023\/05\/Logo-Proes.png\",\"width\":520,\"height\":140,\"caption\":\"Proes\"},\"image\":{\"@id\":\"https:\/\/p28223.grupoamper.com\/en\/#\/schema\/logo\/image\/\"}},{\"@type\":\"Person\",\"@id\":\"https:\/\/p28223.grupoamper.com\/en\/#\/schema\/person\/36e57a12577f759f8f2836cd8fba1c03\",\"name\":\"Isabel.Caruana\",\"image\":{\"@type\":\"ImageObject\",\"inLanguage\":\"en-GB\",\"@id\":\"https:\/\/p28223.grupoamper.com\/en\/#\/schema\/person\/image\/\",\"url\":\"https:\/\/secure.gravatar.com\/avatar\/4a350cf9d30b1b93d55c0b1fca1bdc4539442248717055d1a3bb3f1d49dff91d?s=96&d=mm&r=g\",\"contentUrl\":\"https:\/\/secure.gravatar.com\/avatar\/4a350cf9d30b1b93d55c0b1fca1bdc4539442248717055d1a3bb3f1d49dff91d?s=96&d=mm&r=g\",\"caption\":\"Isabel.Caruana\"},\"sameAs\":[\"https:\/\/Proes\"],\"url\":\"https:\/\/www.proes.es\/en\/author\/isabel-caruana\/\"}]}<\/script>\n<!-- \/ Yoast SEO plugin. -->","yoast_head_json":{"title":"Informe de la galer\u00eda de servicios del aeropuerto de M\u00e1laga - Proes","robots":{"index":"index","follow":"follow","max-snippet":"max-snippet:-1","max-image-preview":"max-image-preview:large","max-video-preview":"max-video-preview:-1"},"canonical":"https:\/\/p28223.grupoamper.com\/en\/informe-de-la-galeria-de-servicios-del-aeropuerto-de-malaga\/","og_locale":"en_GB","og_type":"article","og_title":"Informe de la galer\u00eda de servicios del aeropuerto de M\u00e1laga - Proes","og_description":"420 m longitud de galer\u00eda inspeccionada\u00a0 Proes realiza la inspecci\u00f3n de un tramo de la galer\u00eda de servicios del aeropuerto de M\u00e1laga que discurre en las proximidades de los viales interiores, bajo la plataforma este. El objetivo de dicha inspecci\u00f3n es el de comprobar la galer\u00eda bajo las nuevas cargas a las que iba a [&hellip;]","og_url":"https:\/\/p28223.grupoamper.com\/en\/informe-de-la-galeria-de-servicios-del-aeropuerto-de-malaga\/","og_site_name":"Proes","article_published_time":"2024-02-06T12:04:56+00:00","article_modified_time":"2025-05-20T08:42:33+00:00","og_image":[{"width":1880,"height":1231,"url":"https:\/\/p28223.grupoamper.com\/wp-content\/uploads\/2021\/04\/25.0003.jpg","type":"image\/jpeg"}],"author":"Isabel.Caruana","twitter_card":"summary_large_image","twitter_misc":{"Written by":"Isabel.Caruana","Estimated reading time":"1 minute"},"schema":{"@context":"https:\/\/schema.org","@graph":[{"@type":"Article","@id":"https:\/\/p28223.grupoamper.com\/en\/informe-de-la-galeria-de-servicios-del-aeropuerto-de-malaga\/#article","isPartOf":{"@id":"https:\/\/p28223.grupoamper.com\/en\/informe-de-la-galeria-de-servicios-del-aeropuerto-de-malaga\/"},"author":{"name":"Isabel.Caruana","@id":"https:\/\/p28223.grupoamper.com\/en\/#\/schema\/person\/36e57a12577f759f8f2836cd8fba1c03"},"headline":"Informe de la galer\u00eda de servicios del aeropuerto de M\u00e1laga","datePublished":"2024-02-06T12:04:56+00:00","dateModified":"2025-05-20T08:42:33+00:00","mainEntityOfPage":{"@id":"https:\/\/p28223.grupoamper.com\/en\/informe-de-la-galeria-de-servicios-del-aeropuerto-de-malaga\/"},"wordCount":161,"publisher":{"@id":"https:\/\/p28223.grupoamper.com\/en\/#organization"},"image":{"@id":"https:\/\/p28223.grupoamper.com\/en\/informe-de-la-galeria-de-servicios-del-aeropuerto-de-malaga\/#primaryimage"},"thumbnailUrl":"https:\/\/www.proes.es\/wp-content\/uploads\/2021\/04\/25.0003.jpg","keywords":["Espa\u00f1a"],"articleSection":["Edificaci\u00f3n"],"inLanguage":"en-GB"},{"@type":"WebPage","@id":"https:\/\/p28223.grupoamper.com\/en\/informe-de-la-galeria-de-servicios-del-aeropuerto-de-malaga\/","url":"https:\/\/p28223.grupoamper.com\/en\/informe-de-la-galeria-de-servicios-del-aeropuerto-de-malaga\/","name":"Informe de la galer\u00eda de servicios del aeropuerto de M\u00e1laga - Proes","isPartOf":{"@id":"https:\/\/p28223.grupoamper.com\/en\/#website"},"primaryImageOfPage":{"@id":"https:\/\/p28223.grupoamper.com\/en\/informe-de-la-galeria-de-servicios-del-aeropuerto-de-malaga\/#primaryimage"},"image":{"@id":"https:\/\/p28223.grupoamper.com\/en\/informe-de-la-galeria-de-servicios-del-aeropuerto-de-malaga\/#primaryimage"},"thumbnailUrl":"https:\/\/www.proes.es\/wp-content\/uploads\/2021\/04\/25.0003.jpg","datePublished":"2024-02-06T12:04:56+00:00","dateModified":"2025-05-20T08:42:33+00:00","breadcrumb":{"@id":"https:\/\/p28223.grupoamper.com\/en\/informe-de-la-galeria-de-servicios-del-aeropuerto-de-malaga\/#breadcrumb"},"inLanguage":"en-GB","potentialAction":[{"@type":"ReadAction","target":["https:\/\/p28223.grupoamper.com\/en\/informe-de-la-galeria-de-servicios-del-aeropuerto-de-malaga\/"]}]},{"@type":"ImageObject","inLanguage":"en-GB","@id":"https:\/\/p28223.grupoamper.com\/en\/informe-de-la-galeria-de-servicios-del-aeropuerto-de-malaga\/#primaryimage","url":"https:\/\/www.proes.es\/wp-content\/uploads\/2021\/04\/25.0003.jpg","contentUrl":"https:\/\/www.proes.es\/wp-content\/uploads\/2021\/04\/25.0003.jpg","width":1880,"height":1231},{"@type":"BreadcrumbList","@id":"https:\/\/p28223.grupoamper.com\/en\/informe-de-la-galeria-de-servicios-del-aeropuerto-de-malaga\/#breadcrumb","itemListElement":[{"@type":"ListItem","position":1,"name":"Portada","item":"https:\/\/p28223.grupoamper.com\/en\/"},{"@type":"ListItem","position":2,"name":"Informe de la galer\u00eda de servicios del aeropuerto de M\u00e1laga"}]},{"@type":"WebSite","@id":"https:\/\/p28223.grupoamper.com\/en\/#website","url":"https:\/\/p28223.grupoamper.com\/en\/","name":"Proes,","description":"","publisher":{"@id":"https:\/\/p28223.grupoamper.com\/en\/#organization"},"potentialAction":[{"@type":"SearchAction","target":{"@type":"EntryPoint","urlTemplate":"https:\/\/p28223.grupoamper.com\/en\/?s={search_term_string}"},"query-input":{"@type":"PropertyValueSpecification","valueRequired":true,"valueName":"search_term_string"}}],"inLanguage":"en-GB"},{"@type":"Organization","@id":"https:\/\/p28223.grupoamper.com\/en\/#organization","name":"Proes,","url":"https:\/\/p28223.grupoamper.com\/en\/","logo":{"@type":"ImageObject","inLanguage":"en-GB","@id":"https:\/\/p28223.grupoamper.com\/en\/#\/schema\/logo\/image\/","url":"https:\/\/www.proes.es\/wp-content\/uploads\/2023\/05\/Logo-Proes.png","contentUrl":"https:\/\/www.proes.es\/wp-content\/uploads\/2023\/05\/Logo-Proes.png","width":520,"height":140,"caption":"Proes"},"image":{"@id":"https:\/\/p28223.grupoamper.com\/en\/#\/schema\/logo\/image\/"}},{"@type":"Person","@id":"https:\/\/p28223.grupoamper.com\/en\/#\/schema\/person\/36e57a12577f759f8f2836cd8fba1c03","name":"Isabel.Caruana","image":{"@type":"ImageObject","inLanguage":"en-GB","@id":"https:\/\/p28223.grupoamper.com\/en\/#\/schema\/person\/image\/","url":"https:\/\/secure.gravatar.com\/avatar\/4a350cf9d30b1b93d55c0b1fca1bdc4539442248717055d1a3bb3f1d49dff91d?s=96&d=mm&r=g","contentUrl":"https:\/\/secure.gravatar.com\/avatar\/4a350cf9d30b1b93d55c0b1fca1bdc4539442248717055d1a3bb3f1d49dff91d?s=96&d=mm&r=g","caption":"Isabel.Caruana"},"sameAs":["https:\/\/Proes"],"url":"https:\/\/www.proes.es\/en\/author\/isabel-caruana\/"}]}},"_links":{"self":[{"href":"https:\/\/www.proes.es\/en\/wp-json\/wp\/v2\/posts\/45567","targetHints":{"allow":["GET"]}}],"collection":[{"href":"https:\/\/www.proes.es\/en\/wp-json\/wp\/v2\/posts"}],"about":[{"href":"https:\/\/www.proes.es\/en\/wp-json\/wp\/v2\/types\/post"}],"author":[{"embeddable":true,"href":"https:\/\/www.proes.es\/en\/wp-json\/wp\/v2\/users\/14"}],"replies":[{"embeddable":true,"href":"https:\/\/www.proes.es\/en\/wp-json\/wp\/v2\/comments?post=45567"}],"version-history":[{"count":17,"href":"https:\/\/www.proes.es\/en\/wp-json\/wp\/v2\/posts\/45567\/revisions"}],"predecessor-version":[{"id":48731,"href":"https:\/\/www.proes.es\/en\/wp-json\/wp\/v2\/posts\/45567\/revisions\/48731"}],"wp:featuredmedia":[{"embeddable":true,"href":"https:\/\/www.proes.es\/en\/wp-json\/wp\/v2\/media\/30297"}],"wp:attachment":[{"href":"https:\/\/www.proes.es\/en\/wp-json\/wp\/v2\/media?parent=45567"}],"wp:term":[{"taxonomy":"category","embeddable":true,"href":"https:\/\/www.proes.es\/en\/wp-json\/wp\/v2\/categories?post=45567"},{"taxonomy":"post_tag","embeddable":true,"href":"https:\/\/www.proes.es\/en\/wp-json\/wp\/v2\/tags?post=45567"}],"curies":[{"name":"wp","href":"https:\/\/api.w.org\/{rel}","templated":true}]}}