{"id":45754,"date":"2024-02-07T16:07:05","date_gmt":"2024-02-07T15:07:05","guid":{"rendered":"https:\/\/www.proes.es\/?p=45754"},"modified":"2025-05-30T12:16:02","modified_gmt":"2025-05-30T10:16:02","slug":"proyecto-de-ampliacion-del-puerto-de-playa-santiago-la-gomera","status":"publish","type":"post","link":"https:\/\/www.proes.es\/en\/proyecto-de-ampliacion-del-puerto-de-playa-santiago-la-gomera\/","title":{"rendered":"Project for the extension of the port of Playa Santiago, La Gomera"},"content":{"rendered":"<div data-elementor-type=\"wp-post\" data-elementor-id=\"45754\" class=\"elementor elementor-45754\" data-elementor-post-type=\"post\">\n\t\t\t\t<div class=\"elementor-element elementor-element-3cdfe8a e-flex e-con-boxed e-con e-parent\" data-id=\"3cdfe8a\" data-element_type=\"container\">\n\t\t\t\t\t<div class=\"e-con-inner\">\n\t\t\t\t<div class=\"elementor-element elementor-element-33d9f86 elementor-widget elementor-widget-image\" data-id=\"33d9f86\" data-element_type=\"widget\" data-widget_type=\"image.default\">\n\t\t\t\t<div class=\"elementor-widget-container\">\n\t\t\t\t\t\t\t\t\t\t\t\t\t\t\t<img fetchpriority=\"high\" decoding=\"async\" width=\"2171\" height=\"1628\" src=\"https:\/\/p28223.grupoamper.com\/wp-content\/uploads\/2021\/04\/M0707_2007_11_Playa-Santiago_088-scaled-e1686154497188.jpg\" class=\"attachment-full size-full wp-image-30325\" alt=\"\" srcset=\"https:\/\/p28223.grupoamper.com\/wp-content\/uploads\/2021\/04\/M0707_2007_11_Playa-Santiago_088-scaled-e1686154497188.jpg 2171w, https:\/\/p28223.grupoamper.com\/wp-content\/uploads\/2021\/04\/M0707_2007_11_Playa-Santiago_088-scaled-e1686154497188-300x225.jpg 300w, https:\/\/p28223.grupoamper.com\/wp-content\/uploads\/2021\/04\/M0707_2007_11_Playa-Santiago_088-scaled-e1686154497188-1024x768.jpg 1024w, https:\/\/p28223.grupoamper.com\/wp-content\/uploads\/2021\/04\/M0707_2007_11_Playa-Santiago_088-scaled-e1686154497188-768x576.jpg 768w, https:\/\/p28223.grupoamper.com\/wp-content\/uploads\/2021\/04\/M0707_2007_11_Playa-Santiago_088-scaled-e1686154497188-1536x1152.jpg 1536w, https:\/\/p28223.grupoamper.com\/wp-content\/uploads\/2021\/04\/M0707_2007_11_Playa-Santiago_088-scaled-e1686154497188-2048x1536.jpg 2048w, https:\/\/p28223.grupoamper.com\/wp-content\/uploads\/2021\/04\/M0707_2007_11_Playa-Santiago_088-scaled-e1686154497188-16x12.jpg 16w\" sizes=\"(max-width: 2171px) 100vw, 2171px\" \/>\t\t\t\t\t\t\t\t\t\t\t\t\t\t\t<\/div>\n\t\t\t\t<\/div>\n\t\t\t\t\t<\/div>\n\t\t\t\t<\/div>\n\t\t<div class=\"elementor-element elementor-element-d37ad5a e-flex e-con-boxed e-con e-parent\" data-id=\"d37ad5a\" data-element_type=\"container\">\n\t\t\t\t\t<div class=\"e-con-inner\">\n\t\t<div class=\"elementor-element elementor-element-d49d1e0 e-con-full e-flex e-con e-child\" data-id=\"d49d1e0\" data-element_type=\"container\">\n\t\t\t\t<div class=\"elementor-element elementor-element-38c1739 elementor-widget elementor-widget-text-editor\" data-id=\"38c1739\" data-element_type=\"widget\" data-widget_type=\"text-editor.default\">\n\t\t\t\t<div class=\"elementor-widget-container\">\n\t\t\t\t\t\t\t\t\t<p style=\"text-align: center;\">106,4 M\u20ac<\/p>\t\t\t\t\t\t\t\t<\/div>\n\t\t\t\t<\/div>\n\t\t\t\t<div class=\"elementor-element elementor-element-2ae89aa elementor-widget-divider--view-line elementor-widget elementor-widget-divider\" data-id=\"2ae89aa\" data-element_type=\"widget\" data-widget_type=\"divider.default\">\n\t\t\t\t<div class=\"elementor-widget-container\">\n\t\t\t\t\t\t\t<div class=\"elementor-divider\">\n\t\t\t<span class=\"elementor-divider-separator\">\n\t\t\t\t\t\t<\/span>\n\t\t<\/div>\n\t\t\t\t\t\t<\/div>\n\t\t\t\t<\/div>\n\t\t\t\t<div class=\"elementor-element elementor-element-facb681 elementor-widget elementor-widget-text-editor\" data-id=\"facb681\" data-element_type=\"widget\" data-widget_type=\"text-editor.default\">\n\t\t\t\t<div class=\"elementor-widget-container\">\n\t\t\t\t\t\t\t\t\t<p>Budget&nbsp;<\/p>\t\t\t\t\t\t\t\t<\/div>\n\t\t\t\t<\/div>\n\t\t\t\t<\/div>\n\t\t<div class=\"elementor-element elementor-element-2f9e185 e-con-full e-flex e-con e-child\" data-id=\"2f9e185\" data-element_type=\"container\">\n\t\t\t\t<div class=\"elementor-element elementor-element-5021c4d elementor-widget elementor-widget-text-editor\" data-id=\"5021c4d\" data-element_type=\"widget\" data-widget_type=\"text-editor.default\">\n\t\t\t\t<div class=\"elementor-widget-container\">\n\t\t\t\t\t\t\t\t\t<p style=\"text-align: center;\">23.900 m\u00b2<\/p>\t\t\t\t\t\t\t\t<\/div>\n\t\t\t\t<\/div>\n\t\t\t\t<div class=\"elementor-element elementor-element-0f3f9ce elementor-widget-divider--view-line elementor-widget elementor-widget-divider\" data-id=\"0f3f9ce\" data-element_type=\"widget\" data-widget_type=\"divider.default\">\n\t\t\t\t<div class=\"elementor-widget-container\">\n\t\t\t\t\t\t\t<div class=\"elementor-divider\">\n\t\t\t<span class=\"elementor-divider-separator\">\n\t\t\t\t\t\t<\/span>\n\t\t<\/div>\n\t\t\t\t\t\t<\/div>\n\t\t\t\t<\/div>\n\t\t\t\t<div class=\"elementor-element elementor-element-e69e077 elementor-widget elementor-widget-text-editor\" data-id=\"e69e077\" data-element_type=\"widget\" data-widget_type=\"text-editor.default\">\n\t\t\t\t<div class=\"elementor-widget-container\">\n\t\t\t\t\t\t\t\t\t<p>surface<\/p>\t\t\t\t\t\t\t\t<\/div>\n\t\t\t\t<\/div>\n\t\t\t\t<\/div>\n\t\t\t\t\t<\/div>\n\t\t\t\t<\/div>\n\t\t<div class=\"elementor-element elementor-element-dac5cb7 e-flex e-con-boxed e-con e-parent\" data-id=\"dac5cb7\" data-element_type=\"container\">\n\t\t\t\t\t<div class=\"e-con-inner\">\n\t\t\t\t<div class=\"elementor-element elementor-element-a2134c5 elementor-widget__width-initial elementor-widget elementor-widget-text-editor\" data-id=\"a2134c5\" data-element_type=\"widget\" data-widget_type=\"text-editor.default\">\n\t\t\t\t<div class=\"elementor-widget-container\">\n\t\t\t\t\t\t\t\t\t<p>Ante las expectativas del crecimiento socio-econ\u00f3mico, as\u00ed como de la demanda tur\u00edstica en la zona, surge la necesidad de la ampliaci\u00f3n del puerto de Playa de Santiago. Teniendo en cuenta dichas necesidades, y con el fin de seleccionar la disposici\u00f3n en planta y la tipolog\u00eda estructural m\u00e1s adecuada para dicha ampliaci\u00f3n, Proes realiz\u00f3 un estudio de alternativas.<\/p><p>A la vista de los resultados de dicho estudio, se selecciona una soluci\u00f3n por parte del Gobierno de Canarias, con las actuaciones pertinentes para el dise\u00f1o y las obras de construcci\u00f3n de la ampliaci\u00f3n del puerto.<\/p><p>\u00a0<\/p><p><span style=\"color: #002f53;\"><strong>Location:<\/strong><\/span> Alajer\u00f3, isla de la Gomera, Islas Canarias<\/p><p><span style=\"color: #002f53;\"><strong>Date:<\/strong> <\/span>2007<\/p><p><span style=\"color: #002f53;\"><strong>Budget:<\/strong><\/span> 106.485.571,59 \u20ac<\/p><p><span style=\"color: #002f53;\"><strong>Scope of the project:<\/strong><\/span>\u00a0estudio de alternativas y proyecto de ampliaci\u00f3n<\/p>\t\t\t\t\t\t\t\t<\/div>\n\t\t\t\t<\/div>\n\t\t\t\t\t<\/div>\n\t\t\t\t<\/div>\n\t\t\t\t<\/div>","protected":false},"excerpt":{"rendered":"<p>106,4 M\u20ac PEM&nbsp; 23.900 m\u00b2 superficie Ante las expectativas del crecimiento socio-econ\u00f3mico, as\u00ed como de la demanda tur\u00edstica en la zona, surge la necesidad de la ampliaci\u00f3n del puerto de Playa de Santiago. Teniendo en cuenta dichas necesidades, y con el fin de seleccionar la disposici\u00f3n en planta y la tipolog\u00eda estructural m\u00e1s adecuada para [&hellip;]<\/p>","protected":false},"author":14,"featured_media":30325,"comment_status":"closed","ping_status":"closed","sticky":false,"template":"","format":"standard","meta":{"footnotes":""},"categories":[76],"tags":[10],"class_list":["post-45754","post","type-post","status-publish","format-standard","has-post-thumbnail","hentry","category-diseno-de-infraestructuras-maritimas","tag-espana"],"yoast_head":"<!-- This site is optimized with the Yoast SEO plugin v26.8 - https:\/\/yoast.com\/product\/yoast-seo-wordpress\/ -->\n<title>Proyecto de ampliaci\u00f3n del puerto de Playa Santiago, La Gomera - Proes<\/title>\n<meta name=\"robots\" content=\"index, follow, max-snippet:-1, max-image-preview:large, max-video-preview:-1\" \/>\n<link rel=\"canonical\" href=\"https:\/\/p28223.grupoamper.com\/en\/proyecto-de-ampliacion-del-puerto-de-playa-santiago-la-gomera\/\" \/>\n<meta property=\"og:locale\" content=\"en_GB\" \/>\n<meta property=\"og:type\" content=\"article\" \/>\n<meta property=\"og:title\" content=\"Proyecto de ampliaci\u00f3n del puerto de Playa Santiago, La Gomera - Proes\" \/>\n<meta property=\"og:description\" content=\"106,4 M\u20ac PEM&nbsp; 23.900 m\u00b2 superficie Ante las expectativas del crecimiento socio-econ\u00f3mico, as\u00ed como de la demanda tur\u00edstica en la zona, surge la necesidad de la ampliaci\u00f3n del puerto de Playa de Santiago. Teniendo en cuenta dichas necesidades, y con el fin de seleccionar la disposici\u00f3n en planta y la tipolog\u00eda estructural m\u00e1s adecuada para [&hellip;]\" \/>\n<meta property=\"og:url\" content=\"https:\/\/p28223.grupoamper.com\/en\/proyecto-de-ampliacion-del-puerto-de-playa-santiago-la-gomera\/\" \/>\n<meta property=\"og:site_name\" content=\"Proes\" \/>\n<meta property=\"article:published_time\" content=\"2024-02-07T15:07:05+00:00\" \/>\n<meta property=\"article:modified_time\" content=\"2025-05-30T10:16:02+00:00\" \/>\n<meta property=\"og:image\" content=\"https:\/\/p28223.grupoamper.com\/wp-content\/uploads\/2021\/04\/M0707_2007_11_Playa-Santiago_088-scaled-e1686154497188.jpg\" \/>\n\t<meta property=\"og:image:width\" content=\"2171\" \/>\n\t<meta property=\"og:image:height\" content=\"1628\" \/>\n\t<meta property=\"og:image:type\" content=\"image\/jpeg\" \/>\n<meta name=\"author\" content=\"Isabel.Caruana\" \/>\n<meta name=\"twitter:card\" content=\"summary_large_image\" \/>\n<meta name=\"twitter:label1\" content=\"Written by\" \/>\n\t<meta name=\"twitter:data1\" content=\"Isabel.Caruana\" \/>\n\t<meta name=\"twitter:label2\" content=\"Estimated reading time\" \/>\n\t<meta name=\"twitter:data2\" content=\"1 minute\" \/>\n<script type=\"application\/ld+json\" class=\"yoast-schema-graph\">{\"@context\":\"https:\/\/schema.org\",\"@graph\":[{\"@type\":\"Article\",\"@id\":\"https:\/\/p28223.grupoamper.com\/en\/proyecto-de-ampliacion-del-puerto-de-playa-santiago-la-gomera\/#article\",\"isPartOf\":{\"@id\":\"https:\/\/p28223.grupoamper.com\/en\/proyecto-de-ampliacion-del-puerto-de-playa-santiago-la-gomera\/\"},\"author\":{\"name\":\"Isabel.Caruana\",\"@id\":\"https:\/\/p28223.grupoamper.com\/en\/#\/schema\/person\/36e57a12577f759f8f2836cd8fba1c03\"},\"headline\":\"Proyecto de ampliaci\u00f3n del puerto de Playa Santiago, La Gomera\",\"datePublished\":\"2024-02-07T15:07:05+00:00\",\"dateModified\":\"2025-05-30T10:16:02+00:00\",\"mainEntityOfPage\":{\"@id\":\"https:\/\/p28223.grupoamper.com\/en\/proyecto-de-ampliacion-del-puerto-de-playa-santiago-la-gomera\/\"},\"wordCount\":142,\"publisher\":{\"@id\":\"https:\/\/p28223.grupoamper.com\/en\/#organization\"},\"image\":{\"@id\":\"https:\/\/p28223.grupoamper.com\/en\/proyecto-de-ampliacion-del-puerto-de-playa-santiago-la-gomera\/#primaryimage\"},\"thumbnailUrl\":\"https:\/\/www.proes.es\/wp-content\/uploads\/2021\/04\/M0707_2007_11_Playa-Santiago_088-scaled-e1686154497188.jpg\",\"keywords\":[\"Espa\u00f1a\"],\"articleSection\":[\"Dise\u00f1o de infraestructuras mar\u00edtimas\"],\"inLanguage\":\"en-GB\"},{\"@type\":\"WebPage\",\"@id\":\"https:\/\/p28223.grupoamper.com\/en\/proyecto-de-ampliacion-del-puerto-de-playa-santiago-la-gomera\/\",\"url\":\"https:\/\/p28223.grupoamper.com\/en\/proyecto-de-ampliacion-del-puerto-de-playa-santiago-la-gomera\/\",\"name\":\"Proyecto de ampliaci\u00f3n del puerto de Playa Santiago, La Gomera - Proes\",\"isPartOf\":{\"@id\":\"https:\/\/p28223.grupoamper.com\/en\/#website\"},\"primaryImageOfPage\":{\"@id\":\"https:\/\/p28223.grupoamper.com\/en\/proyecto-de-ampliacion-del-puerto-de-playa-santiago-la-gomera\/#primaryimage\"},\"image\":{\"@id\":\"https:\/\/p28223.grupoamper.com\/en\/proyecto-de-ampliacion-del-puerto-de-playa-santiago-la-gomera\/#primaryimage\"},\"thumbnailUrl\":\"https:\/\/www.proes.es\/wp-content\/uploads\/2021\/04\/M0707_2007_11_Playa-Santiago_088-scaled-e1686154497188.jpg\",\"datePublished\":\"2024-02-07T15:07:05+00:00\",\"dateModified\":\"2025-05-30T10:16:02+00:00\",\"breadcrumb\":{\"@id\":\"https:\/\/p28223.grupoamper.com\/en\/proyecto-de-ampliacion-del-puerto-de-playa-santiago-la-gomera\/#breadcrumb\"},\"inLanguage\":\"en-GB\",\"potentialAction\":[{\"@type\":\"ReadAction\",\"target\":[\"https:\/\/p28223.grupoamper.com\/en\/proyecto-de-ampliacion-del-puerto-de-playa-santiago-la-gomera\/\"]}]},{\"@type\":\"ImageObject\",\"inLanguage\":\"en-GB\",\"@id\":\"https:\/\/p28223.grupoamper.com\/en\/proyecto-de-ampliacion-del-puerto-de-playa-santiago-la-gomera\/#primaryimage\",\"url\":\"https:\/\/www.proes.es\/wp-content\/uploads\/2021\/04\/M0707_2007_11_Playa-Santiago_088-scaled-e1686154497188.jpg\",\"contentUrl\":\"https:\/\/www.proes.es\/wp-content\/uploads\/2021\/04\/M0707_2007_11_Playa-Santiago_088-scaled-e1686154497188.jpg\",\"width\":2171,\"height\":1628},{\"@type\":\"BreadcrumbList\",\"@id\":\"https:\/\/p28223.grupoamper.com\/en\/proyecto-de-ampliacion-del-puerto-de-playa-santiago-la-gomera\/#breadcrumb\",\"itemListElement\":[{\"@type\":\"ListItem\",\"position\":1,\"name\":\"Portada\",\"item\":\"https:\/\/p28223.grupoamper.com\/en\/\"},{\"@type\":\"ListItem\",\"position\":2,\"name\":\"Proyecto de ampliaci\u00f3n del puerto de Playa Santiago, La Gomera\"}]},{\"@type\":\"WebSite\",\"@id\":\"https:\/\/p28223.grupoamper.com\/en\/#website\",\"url\":\"https:\/\/p28223.grupoamper.com\/en\/\",\"name\":\"Proes\",\"description\":\"\",\"publisher\":{\"@id\":\"https:\/\/p28223.grupoamper.com\/en\/#organization\"},\"potentialAction\":[{\"@type\":\"SearchAction\",\"target\":{\"@type\":\"EntryPoint\",\"urlTemplate\":\"https:\/\/p28223.grupoamper.com\/en\/?s={search_term_string}\"},\"query-input\":{\"@type\":\"PropertyValueSpecification\",\"valueRequired\":true,\"valueName\":\"search_term_string\"}}],\"inLanguage\":\"en-GB\"},{\"@type\":\"Organization\",\"@id\":\"https:\/\/p28223.grupoamper.com\/en\/#organization\",\"name\":\"Proes\",\"url\":\"https:\/\/p28223.grupoamper.com\/en\/\",\"logo\":{\"@type\":\"ImageObject\",\"inLanguage\":\"en-GB\",\"@id\":\"https:\/\/p28223.grupoamper.com\/en\/#\/schema\/logo\/image\/\",\"url\":\"https:\/\/www.proes.es\/wp-content\/uploads\/2023\/05\/Logo-Proes.png\",\"contentUrl\":\"https:\/\/www.proes.es\/wp-content\/uploads\/2023\/05\/Logo-Proes.png\",\"width\":520,\"height\":140,\"caption\":\"Proes\"},\"image\":{\"@id\":\"https:\/\/p28223.grupoamper.com\/en\/#\/schema\/logo\/image\/\"}},{\"@type\":\"Person\",\"@id\":\"https:\/\/p28223.grupoamper.com\/en\/#\/schema\/person\/36e57a12577f759f8f2836cd8fba1c03\",\"name\":\"Isabel.Caruana\",\"image\":{\"@type\":\"ImageObject\",\"inLanguage\":\"en-GB\",\"@id\":\"https:\/\/p28223.grupoamper.com\/en\/#\/schema\/person\/image\/\",\"url\":\"https:\/\/secure.gravatar.com\/avatar\/4a350cf9d30b1b93d55c0b1fca1bdc4539442248717055d1a3bb3f1d49dff91d?s=96&d=mm&r=g\",\"contentUrl\":\"https:\/\/secure.gravatar.com\/avatar\/4a350cf9d30b1b93d55c0b1fca1bdc4539442248717055d1a3bb3f1d49dff91d?s=96&d=mm&r=g\",\"caption\":\"Isabel.Caruana\"},\"sameAs\":[\"https:\/\/Proes\"],\"url\":\"https:\/\/www.proes.es\/en\/author\/isabel-caruana\/\"}]}<\/script>\n<!-- \/ Yoast SEO plugin. -->","yoast_head_json":{"title":"Proyecto de ampliaci\u00f3n del puerto de Playa Santiago, La Gomera - Proes","robots":{"index":"index","follow":"follow","max-snippet":"max-snippet:-1","max-image-preview":"max-image-preview:large","max-video-preview":"max-video-preview:-1"},"canonical":"https:\/\/p28223.grupoamper.com\/en\/proyecto-de-ampliacion-del-puerto-de-playa-santiago-la-gomera\/","og_locale":"en_GB","og_type":"article","og_title":"Proyecto de ampliaci\u00f3n del puerto de Playa Santiago, La Gomera - Proes","og_description":"106,4 M\u20ac PEM&nbsp; 23.900 m\u00b2 superficie Ante las expectativas del crecimiento socio-econ\u00f3mico, as\u00ed como de la demanda tur\u00edstica en la zona, surge la necesidad de la ampliaci\u00f3n del puerto de Playa de Santiago. Teniendo en cuenta dichas necesidades, y con el fin de seleccionar la disposici\u00f3n en planta y la tipolog\u00eda estructural m\u00e1s adecuada para [&hellip;]","og_url":"https:\/\/p28223.grupoamper.com\/en\/proyecto-de-ampliacion-del-puerto-de-playa-santiago-la-gomera\/","og_site_name":"Proes","article_published_time":"2024-02-07T15:07:05+00:00","article_modified_time":"2025-05-30T10:16:02+00:00","og_image":[{"width":2171,"height":1628,"url":"https:\/\/p28223.grupoamper.com\/wp-content\/uploads\/2021\/04\/M0707_2007_11_Playa-Santiago_088-scaled-e1686154497188.jpg","type":"image\/jpeg"}],"author":"Isabel.Caruana","twitter_card":"summary_large_image","twitter_misc":{"Written by":"Isabel.Caruana","Estimated reading time":"1 minute"},"schema":{"@context":"https:\/\/schema.org","@graph":[{"@type":"Article","@id":"https:\/\/p28223.grupoamper.com\/en\/proyecto-de-ampliacion-del-puerto-de-playa-santiago-la-gomera\/#article","isPartOf":{"@id":"https:\/\/p28223.grupoamper.com\/en\/proyecto-de-ampliacion-del-puerto-de-playa-santiago-la-gomera\/"},"author":{"name":"Isabel.Caruana","@id":"https:\/\/p28223.grupoamper.com\/en\/#\/schema\/person\/36e57a12577f759f8f2836cd8fba1c03"},"headline":"Proyecto de ampliaci\u00f3n del puerto de Playa Santiago, La Gomera","datePublished":"2024-02-07T15:07:05+00:00","dateModified":"2025-05-30T10:16:02+00:00","mainEntityOfPage":{"@id":"https:\/\/p28223.grupoamper.com\/en\/proyecto-de-ampliacion-del-puerto-de-playa-santiago-la-gomera\/"},"wordCount":142,"publisher":{"@id":"https:\/\/p28223.grupoamper.com\/en\/#organization"},"image":{"@id":"https:\/\/p28223.grupoamper.com\/en\/proyecto-de-ampliacion-del-puerto-de-playa-santiago-la-gomera\/#primaryimage"},"thumbnailUrl":"https:\/\/www.proes.es\/wp-content\/uploads\/2021\/04\/M0707_2007_11_Playa-Santiago_088-scaled-e1686154497188.jpg","keywords":["Espa\u00f1a"],"articleSection":["Dise\u00f1o de infraestructuras mar\u00edtimas"],"inLanguage":"en-GB"},{"@type":"WebPage","@id":"https:\/\/p28223.grupoamper.com\/en\/proyecto-de-ampliacion-del-puerto-de-playa-santiago-la-gomera\/","url":"https:\/\/p28223.grupoamper.com\/en\/proyecto-de-ampliacion-del-puerto-de-playa-santiago-la-gomera\/","name":"Proyecto de ampliaci\u00f3n del puerto de Playa Santiago, La Gomera - Proes","isPartOf":{"@id":"https:\/\/p28223.grupoamper.com\/en\/#website"},"primaryImageOfPage":{"@id":"https:\/\/p28223.grupoamper.com\/en\/proyecto-de-ampliacion-del-puerto-de-playa-santiago-la-gomera\/#primaryimage"},"image":{"@id":"https:\/\/p28223.grupoamper.com\/en\/proyecto-de-ampliacion-del-puerto-de-playa-santiago-la-gomera\/#primaryimage"},"thumbnailUrl":"https:\/\/www.proes.es\/wp-content\/uploads\/2021\/04\/M0707_2007_11_Playa-Santiago_088-scaled-e1686154497188.jpg","datePublished":"2024-02-07T15:07:05+00:00","dateModified":"2025-05-30T10:16:02+00:00","breadcrumb":{"@id":"https:\/\/p28223.grupoamper.com\/en\/proyecto-de-ampliacion-del-puerto-de-playa-santiago-la-gomera\/#breadcrumb"},"inLanguage":"en-GB","potentialAction":[{"@type":"ReadAction","target":["https:\/\/p28223.grupoamper.com\/en\/proyecto-de-ampliacion-del-puerto-de-playa-santiago-la-gomera\/"]}]},{"@type":"ImageObject","inLanguage":"en-GB","@id":"https:\/\/p28223.grupoamper.com\/en\/proyecto-de-ampliacion-del-puerto-de-playa-santiago-la-gomera\/#primaryimage","url":"https:\/\/www.proes.es\/wp-content\/uploads\/2021\/04\/M0707_2007_11_Playa-Santiago_088-scaled-e1686154497188.jpg","contentUrl":"https:\/\/www.proes.es\/wp-content\/uploads\/2021\/04\/M0707_2007_11_Playa-Santiago_088-scaled-e1686154497188.jpg","width":2171,"height":1628},{"@type":"BreadcrumbList","@id":"https:\/\/p28223.grupoamper.com\/en\/proyecto-de-ampliacion-del-puerto-de-playa-santiago-la-gomera\/#breadcrumb","itemListElement":[{"@type":"ListItem","position":1,"name":"Portada","item":"https:\/\/p28223.grupoamper.com\/en\/"},{"@type":"ListItem","position":2,"name":"Proyecto de ampliaci\u00f3n del puerto de Playa Santiago, La Gomera"}]},{"@type":"WebSite","@id":"https:\/\/p28223.grupoamper.com\/en\/#website","url":"https:\/\/p28223.grupoamper.com\/en\/","name":"Proes,","description":"","publisher":{"@id":"https:\/\/p28223.grupoamper.com\/en\/#organization"},"potentialAction":[{"@type":"SearchAction","target":{"@type":"EntryPoint","urlTemplate":"https:\/\/p28223.grupoamper.com\/en\/?s={search_term_string}"},"query-input":{"@type":"PropertyValueSpecification","valueRequired":true,"valueName":"search_term_string"}}],"inLanguage":"en-GB"},{"@type":"Organization","@id":"https:\/\/p28223.grupoamper.com\/en\/#organization","name":"Proes,","url":"https:\/\/p28223.grupoamper.com\/en\/","logo":{"@type":"ImageObject","inLanguage":"en-GB","@id":"https:\/\/p28223.grupoamper.com\/en\/#\/schema\/logo\/image\/","url":"https:\/\/www.proes.es\/wp-content\/uploads\/2023\/05\/Logo-Proes.png","contentUrl":"https:\/\/www.proes.es\/wp-content\/uploads\/2023\/05\/Logo-Proes.png","width":520,"height":140,"caption":"Proes"},"image":{"@id":"https:\/\/p28223.grupoamper.com\/en\/#\/schema\/logo\/image\/"}},{"@type":"Person","@id":"https:\/\/p28223.grupoamper.com\/en\/#\/schema\/person\/36e57a12577f759f8f2836cd8fba1c03","name":"Isabel.Caruana","image":{"@type":"ImageObject","inLanguage":"en-GB","@id":"https:\/\/p28223.grupoamper.com\/en\/#\/schema\/person\/image\/","url":"https:\/\/secure.gravatar.com\/avatar\/4a350cf9d30b1b93d55c0b1fca1bdc4539442248717055d1a3bb3f1d49dff91d?s=96&d=mm&r=g","contentUrl":"https:\/\/secure.gravatar.com\/avatar\/4a350cf9d30b1b93d55c0b1fca1bdc4539442248717055d1a3bb3f1d49dff91d?s=96&d=mm&r=g","caption":"Isabel.Caruana"},"sameAs":["https:\/\/Proes"],"url":"https:\/\/www.proes.es\/en\/author\/isabel-caruana\/"}]}},"_links":{"self":[{"href":"https:\/\/www.proes.es\/en\/wp-json\/wp\/v2\/posts\/45754","targetHints":{"allow":["GET"]}}],"collection":[{"href":"https:\/\/www.proes.es\/en\/wp-json\/wp\/v2\/posts"}],"about":[{"href":"https:\/\/www.proes.es\/en\/wp-json\/wp\/v2\/types\/post"}],"author":[{"embeddable":true,"href":"https:\/\/www.proes.es\/en\/wp-json\/wp\/v2\/users\/14"}],"replies":[{"embeddable":true,"href":"https:\/\/www.proes.es\/en\/wp-json\/wp\/v2\/comments?post=45754"}],"version-history":[{"count":11,"href":"https:\/\/www.proes.es\/en\/wp-json\/wp\/v2\/posts\/45754\/revisions"}],"predecessor-version":[{"id":47072,"href":"https:\/\/www.proes.es\/en\/wp-json\/wp\/v2\/posts\/45754\/revisions\/47072"}],"wp:featuredmedia":[{"embeddable":true,"href":"https:\/\/www.proes.es\/en\/wp-json\/wp\/v2\/media\/30325"}],"wp:attachment":[{"href":"https:\/\/www.proes.es\/en\/wp-json\/wp\/v2\/media?parent=45754"}],"wp:term":[{"taxonomy":"category","embeddable":true,"href":"https:\/\/www.proes.es\/en\/wp-json\/wp\/v2\/categories?post=45754"},{"taxonomy":"post_tag","embeddable":true,"href":"https:\/\/www.proes.es\/en\/wp-json\/wp\/v2\/tags?post=45754"}],"curies":[{"name":"wp","href":"https:\/\/api.w.org\/{rel}","templated":true}]}}