{"id":45829,"date":"2024-02-08T09:43:49","date_gmt":"2024-02-08T08:43:49","guid":{"rendered":"https:\/\/www.proes.es\/?p=45829"},"modified":"2024-07-02T13:11:26","modified_gmt":"2024-07-02T11:11:26","slug":"servicios-de-ingenieria-para-la-nueva-terminal-maritima-de-ilo-peru-2","status":"publish","type":"post","link":"https:\/\/www.proes.es\/en\/servicios-de-ingenieria-para-la-nueva-terminal-maritima-de-ilo-peru-2\/","title":{"rendered":"Engineering services for the new maritime terminal at Ilo, Peru"},"content":{"rendered":"<div data-elementor-type=\"wp-post\" data-elementor-id=\"45829\" class=\"elementor elementor-45829\" data-elementor-post-type=\"post\">\n\t\t\t\t<div class=\"elementor-element elementor-element-3cdfe8a e-flex e-con-boxed e-con e-parent\" data-id=\"3cdfe8a\" data-element_type=\"container\">\n\t\t\t\t\t<div class=\"e-con-inner\">\n\t\t\t\t<div class=\"elementor-element elementor-element-33d9f86 elementor-widget elementor-widget-image\" data-id=\"33d9f86\" data-element_type=\"widget\" data-widget_type=\"image.default\">\n\t\t\t\t<div class=\"elementor-widget-container\">\n\t\t\t\t\t\t\t\t\t\t\t\t\t\t\t<img fetchpriority=\"high\" decoding=\"async\" width=\"2000\" height=\"1213\" src=\"https:\/\/www.proes.es\/wp-content\/uploads\/2021\/02\/Terminal-Portuario-de-Ilo.jpg\" class=\"attachment-full size-full wp-image-30175\" alt=\"\" srcset=\"https:\/\/www.proes.es\/wp-content\/uploads\/2021\/02\/Terminal-Portuario-de-Ilo.jpg 2000w, https:\/\/www.proes.es\/wp-content\/uploads\/2021\/02\/Terminal-Portuario-de-Ilo-300x182.jpg 300w, https:\/\/www.proes.es\/wp-content\/uploads\/2021\/02\/Terminal-Portuario-de-Ilo-1024x621.jpg 1024w, https:\/\/www.proes.es\/wp-content\/uploads\/2021\/02\/Terminal-Portuario-de-Ilo-768x466.jpg 768w, https:\/\/www.proes.es\/wp-content\/uploads\/2021\/02\/Terminal-Portuario-de-Ilo-1536x932.jpg 1536w\" sizes=\"(max-width: 2000px) 100vw, 2000px\" \/>\t\t\t\t\t\t\t\t\t\t\t\t\t\t\t<\/div>\n\t\t\t\t<\/div>\n\t\t\t\t\t<\/div>\n\t\t\t\t<\/div>\n\t\t<div class=\"elementor-element elementor-element-d37ad5a e-flex e-con-boxed e-con e-parent\" data-id=\"d37ad5a\" data-element_type=\"container\">\n\t\t\t\t\t<div class=\"e-con-inner\">\n\t\t<div class=\"elementor-element elementor-element-d49d1e0 e-con-full e-flex e-con e-child\" data-id=\"d49d1e0\" data-element_type=\"container\">\n\t\t\t\t<div class=\"elementor-element elementor-element-38c1739 elementor-widget elementor-widget-text-editor\" data-id=\"38c1739\" data-element_type=\"widget\" data-widget_type=\"text-editor.default\">\n\t\t\t\t<div class=\"elementor-widget-container\">\n\t\t\t\t\t\t\t\t\t<p style=\"text-align: center;\">1.000.000 t<\/p>\t\t\t\t\t\t\t\t<\/div>\n\t\t\t\t<\/div>\n\t\t\t\t<div class=\"elementor-element elementor-element-2ae89aa elementor-widget-divider--view-line elementor-widget elementor-widget-divider\" data-id=\"2ae89aa\" data-element_type=\"widget\" data-widget_type=\"divider.default\">\n\t\t\t\t<div class=\"elementor-widget-container\">\n\t\t\t\t\t\t\t<div class=\"elementor-divider\">\n\t\t\t<span class=\"elementor-divider-separator\">\n\t\t\t\t\t\t<\/span>\n\t\t<\/div>\n\t\t\t\t\t\t<\/div>\n\t\t\t\t<\/div>\n\t\t\t\t<div class=\"elementor-element elementor-element-facb681 elementor-widget elementor-widget-text-editor\" data-id=\"facb681\" data-element_type=\"widget\" data-widget_type=\"text-editor.default\">\n\t\t\t\t<div class=\"elementor-widget-container\">\n\t\t\t\t\t\t\t\t\t<p>capacity\u00a0<\/p>\t\t\t\t\t\t\t\t<\/div>\n\t\t\t\t<\/div>\n\t\t\t\t<\/div>\n\t\t<div class=\"elementor-element elementor-element-2f9e185 e-con-full e-flex e-con e-child\" data-id=\"2f9e185\" data-element_type=\"container\">\n\t\t\t\t<div class=\"elementor-element elementor-element-5021c4d elementor-widget elementor-widget-text-editor\" data-id=\"5021c4d\" data-element_type=\"widget\" data-widget_type=\"text-editor.default\">\n\t\t\t\t<div class=\"elementor-widget-container\">\n\t\t\t\t\t\t\t\t\t<p style=\"text-align: center;\">30.000 Teu<\/p>\t\t\t\t\t\t\t\t<\/div>\n\t\t\t\t<\/div>\n\t\t\t\t<div class=\"elementor-element elementor-element-0f3f9ce elementor-widget-divider--view-line elementor-widget elementor-widget-divider\" data-id=\"0f3f9ce\" data-element_type=\"widget\" data-widget_type=\"divider.default\">\n\t\t\t\t<div class=\"elementor-widget-container\">\n\t\t\t\t\t\t\t<div class=\"elementor-divider\">\n\t\t\t<span class=\"elementor-divider-separator\">\n\t\t\t\t\t\t<\/span>\n\t\t<\/div>\n\t\t\t\t\t\t<\/div>\n\t\t\t\t<\/div>\n\t\t\t\t<div class=\"elementor-element elementor-element-e69e077 elementor-widget elementor-widget-text-editor\" data-id=\"e69e077\" data-element_type=\"widget\" data-widget_type=\"text-editor.default\">\n\t\t\t\t<div class=\"elementor-widget-container\">\n\t\t\t\t\t\t\t\t\t<p>per year<\/p>\t\t\t\t\t\t\t\t<\/div>\n\t\t\t\t<\/div>\n\t\t\t\t<\/div>\n\t\t\t\t\t<\/div>\n\t\t\t\t<\/div>\n\t\t<div class=\"elementor-element elementor-element-dac5cb7 e-flex e-con-boxed e-con e-parent\" data-id=\"dac5cb7\" data-element_type=\"container\">\n\t\t\t\t\t<div class=\"e-con-inner\">\n\t\t\t\t<div class=\"elementor-element elementor-element-a2134c5 elementor-widget__width-initial elementor-widget elementor-widget-text-editor\" data-id=\"a2134c5\" data-element_type=\"widget\" data-widget_type=\"text-editor.default\">\n\t\t\t\t<div class=\"elementor-widget-container\">\n\t\t\t\t\t\t\t\t\t<p>Petr\u00f3leos del Per\u00fa, Petroper\u00fa, S.A., est\u00e1 desarrollando una nueva terminal para embarque, descarga y distribuci\u00f3n de productos petrol\u00edferos con el fin de cubrir la creciente demanda en el sur de Per\u00fa, a la vez que cumplir con las m\u00e1s estrictas consideraciones de seguridad y protecci\u00f3n del medio ambiente.<\/p><p>Para ello, Proes ha desarrollado la ingenier\u00eda de detalle de la parte marina de la nueva planta de Ilo, que comprende el dise\u00f1o de la nueva terminal mar\u00edtima compuesta por diferentes sistemas que, en su conjunto, permitir\u00e1n el desarrollo de las actividades de recepci\u00f3n de buques tanque tipo Handymax y Panamax de capacidad entre 35.000 y 60.000 DWT.<\/p><p><span style=\"color: #002f53;\"><strong>Location:<\/strong><\/span> Moquegua, provincia de Ilo, Per\u00fa<\/p><p><span style=\"color: #002f53;\"><strong>Date:<\/strong> <\/span>2016-2017<\/p><p><span style=\"color: #002f53;\"><strong>Scope of the project:<\/strong><\/span>\u00a0servicios de ingenier\u00eda<\/p>\t\t\t\t\t\t\t\t<\/div>\n\t\t\t\t<\/div>\n\t\t\t\t\t<\/div>\n\t\t\t\t<\/div>\n\t\t\t\t<\/div>","protected":false},"excerpt":{"rendered":"<p>1.000.000 t capacidad\u00a0 30.000 Teu anuales Petr\u00f3leos del Per\u00fa, Petroper\u00fa, S.A., est\u00e1 desarrollando una nueva terminal para embarque, descarga y distribuci\u00f3n de productos petrol\u00edferos con el fin de cubrir la creciente demanda en el sur de Per\u00fa, a la vez que cumplir con las m\u00e1s estrictas consideraciones de seguridad y protecci\u00f3n del medio ambiente. Para [&hellip;]<\/p>","protected":false},"author":13,"featured_media":30175,"comment_status":"closed","ping_status":"closed","sticky":false,"template":"","format":"standard","meta":{"footnotes":""},"categories":[76],"tags":[22],"class_list":["post-45829","post","type-post","status-publish","format-standard","has-post-thumbnail","hentry","category-diseno-de-infraestructuras-maritimas","tag-peru"],"yoast_head":"<!-- This site is optimized with the Yoast SEO plugin v26.8 - https:\/\/yoast.com\/product\/yoast-seo-wordpress\/ -->\n<title>Servicios de ingenier\u00eda para la nueva terminal mar\u00edtima de Ilo, Per\u00fa - Proes<\/title>\n<meta name=\"robots\" content=\"index, follow, max-snippet:-1, max-image-preview:large, max-video-preview:-1\" \/>\n<link rel=\"canonical\" href=\"https:\/\/p28223.grupoamper.com\/en\/servicios-de-ingenieria-para-la-nueva-terminal-maritima-de-ilo-peru-2\/\" \/>\n<meta property=\"og:locale\" content=\"en_GB\" \/>\n<meta property=\"og:type\" content=\"article\" \/>\n<meta property=\"og:title\" content=\"Servicios de ingenier\u00eda para la nueva terminal mar\u00edtima de Ilo, Per\u00fa - Proes\" \/>\n<meta property=\"og:description\" content=\"1.000.000 t capacidad\u00a0 30.000 Teu anuales Petr\u00f3leos del Per\u00fa, Petroper\u00fa, S.A., est\u00e1 desarrollando una nueva terminal para embarque, descarga y distribuci\u00f3n de productos petrol\u00edferos con el fin de cubrir la creciente demanda en el sur de Per\u00fa, a la vez que cumplir con las m\u00e1s estrictas consideraciones de seguridad y protecci\u00f3n del medio ambiente. Para [&hellip;]\" \/>\n<meta property=\"og:url\" content=\"https:\/\/p28223.grupoamper.com\/en\/servicios-de-ingenieria-para-la-nueva-terminal-maritima-de-ilo-peru-2\/\" \/>\n<meta property=\"og:site_name\" content=\"Proes\" \/>\n<meta property=\"article:published_time\" content=\"2024-02-08T08:43:49+00:00\" \/>\n<meta property=\"article:modified_time\" content=\"2024-07-02T11:11:26+00:00\" \/>\n<meta property=\"og:image\" content=\"https:\/\/p28223.grupoamper.com\/wp-content\/uploads\/2021\/02\/Terminal-Portuario-de-Ilo.jpg\" \/>\n\t<meta property=\"og:image:width\" content=\"2000\" \/>\n\t<meta property=\"og:image:height\" content=\"1213\" \/>\n\t<meta property=\"og:image:type\" content=\"image\/jpeg\" \/>\n<meta name=\"author\" content=\"Maria Victoria Del Pozo Vindel\" \/>\n<meta name=\"twitter:card\" content=\"summary_large_image\" \/>\n<meta name=\"twitter:label1\" content=\"Written by\" \/>\n\t<meta name=\"twitter:data1\" content=\"Maria Victoria Del Pozo Vindel\" \/>\n\t<meta name=\"twitter:label2\" content=\"Estimated reading time\" \/>\n\t<meta name=\"twitter:data2\" content=\"1 minute\" \/>\n<script type=\"application\/ld+json\" class=\"yoast-schema-graph\">{\"@context\":\"https:\/\/schema.org\",\"@graph\":[{\"@type\":\"Article\",\"@id\":\"https:\/\/p28223.grupoamper.com\/en\/servicios-de-ingenieria-para-la-nueva-terminal-maritima-de-ilo-peru-2\/#article\",\"isPartOf\":{\"@id\":\"https:\/\/p28223.grupoamper.com\/en\/servicios-de-ingenieria-para-la-nueva-terminal-maritima-de-ilo-peru-2\/\"},\"author\":{\"name\":\"Maria Victoria Del Pozo Vindel\",\"@id\":\"https:\/\/p28223.grupoamper.com\/en\/#\/schema\/person\/97e415e7296dfb24d5c9c8cca875e830\"},\"headline\":\"Servicios de ingenier\u00eda para la nueva terminal mar\u00edtima de Ilo, Per\u00fa\",\"datePublished\":\"2024-02-08T08:43:49+00:00\",\"dateModified\":\"2024-07-02T11:11:26+00:00\",\"mainEntityOfPage\":{\"@id\":\"https:\/\/p28223.grupoamper.com\/en\/servicios-de-ingenieria-para-la-nueva-terminal-maritima-de-ilo-peru-2\/\"},\"wordCount\":148,\"publisher\":{\"@id\":\"https:\/\/p28223.grupoamper.com\/en\/#organization\"},\"image\":{\"@id\":\"https:\/\/p28223.grupoamper.com\/en\/servicios-de-ingenieria-para-la-nueva-terminal-maritima-de-ilo-peru-2\/#primaryimage\"},\"thumbnailUrl\":\"https:\/\/www.proes.es\/wp-content\/uploads\/2021\/02\/Terminal-Portuario-de-Ilo.jpg\",\"keywords\":[\"Per\u00fa\"],\"articleSection\":[\"Dise\u00f1o de infraestructuras mar\u00edtimas\"],\"inLanguage\":\"en-GB\"},{\"@type\":\"WebPage\",\"@id\":\"https:\/\/p28223.grupoamper.com\/en\/servicios-de-ingenieria-para-la-nueva-terminal-maritima-de-ilo-peru-2\/\",\"url\":\"https:\/\/p28223.grupoamper.com\/en\/servicios-de-ingenieria-para-la-nueva-terminal-maritima-de-ilo-peru-2\/\",\"name\":\"Servicios de ingenier\u00eda para la nueva terminal mar\u00edtima de Ilo, Per\u00fa - Proes\",\"isPartOf\":{\"@id\":\"https:\/\/p28223.grupoamper.com\/en\/#website\"},\"primaryImageOfPage\":{\"@id\":\"https:\/\/p28223.grupoamper.com\/en\/servicios-de-ingenieria-para-la-nueva-terminal-maritima-de-ilo-peru-2\/#primaryimage\"},\"image\":{\"@id\":\"https:\/\/p28223.grupoamper.com\/en\/servicios-de-ingenieria-para-la-nueva-terminal-maritima-de-ilo-peru-2\/#primaryimage\"},\"thumbnailUrl\":\"https:\/\/www.proes.es\/wp-content\/uploads\/2021\/02\/Terminal-Portuario-de-Ilo.jpg\",\"datePublished\":\"2024-02-08T08:43:49+00:00\",\"dateModified\":\"2024-07-02T11:11:26+00:00\",\"breadcrumb\":{\"@id\":\"https:\/\/p28223.grupoamper.com\/en\/servicios-de-ingenieria-para-la-nueva-terminal-maritima-de-ilo-peru-2\/#breadcrumb\"},\"inLanguage\":\"en-GB\",\"potentialAction\":[{\"@type\":\"ReadAction\",\"target\":[\"https:\/\/p28223.grupoamper.com\/en\/servicios-de-ingenieria-para-la-nueva-terminal-maritima-de-ilo-peru-2\/\"]}]},{\"@type\":\"ImageObject\",\"inLanguage\":\"en-GB\",\"@id\":\"https:\/\/p28223.grupoamper.com\/en\/servicios-de-ingenieria-para-la-nueva-terminal-maritima-de-ilo-peru-2\/#primaryimage\",\"url\":\"https:\/\/www.proes.es\/wp-content\/uploads\/2021\/02\/Terminal-Portuario-de-Ilo.jpg\",\"contentUrl\":\"https:\/\/www.proes.es\/wp-content\/uploads\/2021\/02\/Terminal-Portuario-de-Ilo.jpg\",\"width\":2000,\"height\":1213},{\"@type\":\"BreadcrumbList\",\"@id\":\"https:\/\/p28223.grupoamper.com\/en\/servicios-de-ingenieria-para-la-nueva-terminal-maritima-de-ilo-peru-2\/#breadcrumb\",\"itemListElement\":[{\"@type\":\"ListItem\",\"position\":1,\"name\":\"Portada\",\"item\":\"https:\/\/p28223.grupoamper.com\/en\/\"},{\"@type\":\"ListItem\",\"position\":2,\"name\":\"Servicios de ingenier\u00eda para la nueva terminal mar\u00edtima de Ilo, Per\u00fa\"}]},{\"@type\":\"WebSite\",\"@id\":\"https:\/\/p28223.grupoamper.com\/en\/#website\",\"url\":\"https:\/\/p28223.grupoamper.com\/en\/\",\"name\":\"Proes\",\"description\":\"\",\"publisher\":{\"@id\":\"https:\/\/p28223.grupoamper.com\/en\/#organization\"},\"potentialAction\":[{\"@type\":\"SearchAction\",\"target\":{\"@type\":\"EntryPoint\",\"urlTemplate\":\"https:\/\/p28223.grupoamper.com\/en\/?s={search_term_string}\"},\"query-input\":{\"@type\":\"PropertyValueSpecification\",\"valueRequired\":true,\"valueName\":\"search_term_string\"}}],\"inLanguage\":\"en-GB\"},{\"@type\":\"Organization\",\"@id\":\"https:\/\/p28223.grupoamper.com\/en\/#organization\",\"name\":\"Proes\",\"url\":\"https:\/\/p28223.grupoamper.com\/en\/\",\"logo\":{\"@type\":\"ImageObject\",\"inLanguage\":\"en-GB\",\"@id\":\"https:\/\/p28223.grupoamper.com\/en\/#\/schema\/logo\/image\/\",\"url\":\"https:\/\/www.proes.es\/wp-content\/uploads\/2023\/05\/Logo-Proes.png\",\"contentUrl\":\"https:\/\/www.proes.es\/wp-content\/uploads\/2023\/05\/Logo-Proes.png\",\"width\":520,\"height\":140,\"caption\":\"Proes\"},\"image\":{\"@id\":\"https:\/\/p28223.grupoamper.com\/en\/#\/schema\/logo\/image\/\"}},{\"@type\":\"Person\",\"@id\":\"https:\/\/p28223.grupoamper.com\/en\/#\/schema\/person\/97e415e7296dfb24d5c9c8cca875e830\",\"name\":\"Maria Victoria Del Pozo Vindel\",\"image\":{\"@type\":\"ImageObject\",\"inLanguage\":\"en-GB\",\"@id\":\"https:\/\/p28223.grupoamper.com\/en\/#\/schema\/person\/image\/\",\"url\":\"https:\/\/secure.gravatar.com\/avatar\/c8eb3a2abdf0e175fcb40a96a47283720040014ac5fb9b6ea4658d8d6b726bda?s=96&d=mm&r=g\",\"contentUrl\":\"https:\/\/secure.gravatar.com\/avatar\/c8eb3a2abdf0e175fcb40a96a47283720040014ac5fb9b6ea4658d8d6b726bda?s=96&d=mm&r=g\",\"caption\":\"Maria Victoria Del Pozo Vindel\"},\"sameAs\":[\"https:\/\/Proes\"],\"url\":\"https:\/\/www.proes.es\/en\/author\/marivi-pozo\/\"}]}<\/script>\n<!-- \/ Yoast SEO plugin. -->","yoast_head_json":{"title":"Servicios de ingenier\u00eda para la nueva terminal mar\u00edtima de Ilo, Per\u00fa - Proes","robots":{"index":"index","follow":"follow","max-snippet":"max-snippet:-1","max-image-preview":"max-image-preview:large","max-video-preview":"max-video-preview:-1"},"canonical":"https:\/\/p28223.grupoamper.com\/en\/servicios-de-ingenieria-para-la-nueva-terminal-maritima-de-ilo-peru-2\/","og_locale":"en_GB","og_type":"article","og_title":"Servicios de ingenier\u00eda para la nueva terminal mar\u00edtima de Ilo, Per\u00fa - Proes","og_description":"1.000.000 t capacidad\u00a0 30.000 Teu anuales Petr\u00f3leos del Per\u00fa, Petroper\u00fa, S.A., est\u00e1 desarrollando una nueva terminal para embarque, descarga y distribuci\u00f3n de productos petrol\u00edferos con el fin de cubrir la creciente demanda en el sur de Per\u00fa, a la vez que cumplir con las m\u00e1s estrictas consideraciones de seguridad y protecci\u00f3n del medio ambiente. Para [&hellip;]","og_url":"https:\/\/p28223.grupoamper.com\/en\/servicios-de-ingenieria-para-la-nueva-terminal-maritima-de-ilo-peru-2\/","og_site_name":"Proes","article_published_time":"2024-02-08T08:43:49+00:00","article_modified_time":"2024-07-02T11:11:26+00:00","og_image":[{"width":2000,"height":1213,"url":"https:\/\/p28223.grupoamper.com\/wp-content\/uploads\/2021\/02\/Terminal-Portuario-de-Ilo.jpg","type":"image\/jpeg"}],"author":"Maria Victoria Del Pozo Vindel","twitter_card":"summary_large_image","twitter_misc":{"Written by":"Maria Victoria Del Pozo Vindel","Estimated reading time":"1 minute"},"schema":{"@context":"https:\/\/schema.org","@graph":[{"@type":"Article","@id":"https:\/\/p28223.grupoamper.com\/en\/servicios-de-ingenieria-para-la-nueva-terminal-maritima-de-ilo-peru-2\/#article","isPartOf":{"@id":"https:\/\/p28223.grupoamper.com\/en\/servicios-de-ingenieria-para-la-nueva-terminal-maritima-de-ilo-peru-2\/"},"author":{"name":"Maria Victoria Del Pozo Vindel","@id":"https:\/\/p28223.grupoamper.com\/en\/#\/schema\/person\/97e415e7296dfb24d5c9c8cca875e830"},"headline":"Servicios de ingenier\u00eda para la nueva terminal mar\u00edtima de Ilo, Per\u00fa","datePublished":"2024-02-08T08:43:49+00:00","dateModified":"2024-07-02T11:11:26+00:00","mainEntityOfPage":{"@id":"https:\/\/p28223.grupoamper.com\/en\/servicios-de-ingenieria-para-la-nueva-terminal-maritima-de-ilo-peru-2\/"},"wordCount":148,"publisher":{"@id":"https:\/\/p28223.grupoamper.com\/en\/#organization"},"image":{"@id":"https:\/\/p28223.grupoamper.com\/en\/servicios-de-ingenieria-para-la-nueva-terminal-maritima-de-ilo-peru-2\/#primaryimage"},"thumbnailUrl":"https:\/\/www.proes.es\/wp-content\/uploads\/2021\/02\/Terminal-Portuario-de-Ilo.jpg","keywords":["Per\u00fa"],"articleSection":["Dise\u00f1o de infraestructuras mar\u00edtimas"],"inLanguage":"en-GB"},{"@type":"WebPage","@id":"https:\/\/p28223.grupoamper.com\/en\/servicios-de-ingenieria-para-la-nueva-terminal-maritima-de-ilo-peru-2\/","url":"https:\/\/p28223.grupoamper.com\/en\/servicios-de-ingenieria-para-la-nueva-terminal-maritima-de-ilo-peru-2\/","name":"Servicios de ingenier\u00eda para la nueva terminal mar\u00edtima de Ilo, Per\u00fa - Proes","isPartOf":{"@id":"https:\/\/p28223.grupoamper.com\/en\/#website"},"primaryImageOfPage":{"@id":"https:\/\/p28223.grupoamper.com\/en\/servicios-de-ingenieria-para-la-nueva-terminal-maritima-de-ilo-peru-2\/#primaryimage"},"image":{"@id":"https:\/\/p28223.grupoamper.com\/en\/servicios-de-ingenieria-para-la-nueva-terminal-maritima-de-ilo-peru-2\/#primaryimage"},"thumbnailUrl":"https:\/\/www.proes.es\/wp-content\/uploads\/2021\/02\/Terminal-Portuario-de-Ilo.jpg","datePublished":"2024-02-08T08:43:49+00:00","dateModified":"2024-07-02T11:11:26+00:00","breadcrumb":{"@id":"https:\/\/p28223.grupoamper.com\/en\/servicios-de-ingenieria-para-la-nueva-terminal-maritima-de-ilo-peru-2\/#breadcrumb"},"inLanguage":"en-GB","potentialAction":[{"@type":"ReadAction","target":["https:\/\/p28223.grupoamper.com\/en\/servicios-de-ingenieria-para-la-nueva-terminal-maritima-de-ilo-peru-2\/"]}]},{"@type":"ImageObject","inLanguage":"en-GB","@id":"https:\/\/p28223.grupoamper.com\/en\/servicios-de-ingenieria-para-la-nueva-terminal-maritima-de-ilo-peru-2\/#primaryimage","url":"https:\/\/www.proes.es\/wp-content\/uploads\/2021\/02\/Terminal-Portuario-de-Ilo.jpg","contentUrl":"https:\/\/www.proes.es\/wp-content\/uploads\/2021\/02\/Terminal-Portuario-de-Ilo.jpg","width":2000,"height":1213},{"@type":"BreadcrumbList","@id":"https:\/\/p28223.grupoamper.com\/en\/servicios-de-ingenieria-para-la-nueva-terminal-maritima-de-ilo-peru-2\/#breadcrumb","itemListElement":[{"@type":"ListItem","position":1,"name":"Portada","item":"https:\/\/p28223.grupoamper.com\/en\/"},{"@type":"ListItem","position":2,"name":"Servicios de ingenier\u00eda para la nueva terminal mar\u00edtima de Ilo, Per\u00fa"}]},{"@type":"WebSite","@id":"https:\/\/p28223.grupoamper.com\/en\/#website","url":"https:\/\/p28223.grupoamper.com\/en\/","name":"Proes,","description":"","publisher":{"@id":"https:\/\/p28223.grupoamper.com\/en\/#organization"},"potentialAction":[{"@type":"SearchAction","target":{"@type":"EntryPoint","urlTemplate":"https:\/\/p28223.grupoamper.com\/en\/?s={search_term_string}"},"query-input":{"@type":"PropertyValueSpecification","valueRequired":true,"valueName":"search_term_string"}}],"inLanguage":"en-GB"},{"@type":"Organization","@id":"https:\/\/p28223.grupoamper.com\/en\/#organization","name":"Proes,","url":"https:\/\/p28223.grupoamper.com\/en\/","logo":{"@type":"ImageObject","inLanguage":"en-GB","@id":"https:\/\/p28223.grupoamper.com\/en\/#\/schema\/logo\/image\/","url":"https:\/\/www.proes.es\/wp-content\/uploads\/2023\/05\/Logo-Proes.png","contentUrl":"https:\/\/www.proes.es\/wp-content\/uploads\/2023\/05\/Logo-Proes.png","width":520,"height":140,"caption":"Proes"},"image":{"@id":"https:\/\/p28223.grupoamper.com\/en\/#\/schema\/logo\/image\/"}},{"@type":"Person","@id":"https:\/\/p28223.grupoamper.com\/en\/#\/schema\/person\/97e415e7296dfb24d5c9c8cca875e830","name":"Maria Victoria Del Pozo Vindel","image":{"@type":"ImageObject","inLanguage":"en-GB","@id":"https:\/\/p28223.grupoamper.com\/en\/#\/schema\/person\/image\/","url":"https:\/\/secure.gravatar.com\/avatar\/c8eb3a2abdf0e175fcb40a96a47283720040014ac5fb9b6ea4658d8d6b726bda?s=96&d=mm&r=g","contentUrl":"https:\/\/secure.gravatar.com\/avatar\/c8eb3a2abdf0e175fcb40a96a47283720040014ac5fb9b6ea4658d8d6b726bda?s=96&d=mm&r=g","caption":"Maria Victoria Del Pozo Vindel"},"sameAs":["https:\/\/Proes"],"url":"https:\/\/www.proes.es\/en\/author\/marivi-pozo\/"}]}},"_links":{"self":[{"href":"https:\/\/www.proes.es\/en\/wp-json\/wp\/v2\/posts\/45829","targetHints":{"allow":["GET"]}}],"collection":[{"href":"https:\/\/www.proes.es\/en\/wp-json\/wp\/v2\/posts"}],"about":[{"href":"https:\/\/www.proes.es\/en\/wp-json\/wp\/v2\/types\/post"}],"author":[{"embeddable":true,"href":"https:\/\/www.proes.es\/en\/wp-json\/wp\/v2\/users\/13"}],"replies":[{"embeddable":true,"href":"https:\/\/www.proes.es\/en\/wp-json\/wp\/v2\/comments?post=45829"}],"version-history":[{"count":8,"href":"https:\/\/www.proes.es\/en\/wp-json\/wp\/v2\/posts\/45829\/revisions"}],"predecessor-version":[{"id":48679,"href":"https:\/\/www.proes.es\/en\/wp-json\/wp\/v2\/posts\/45829\/revisions\/48679"}],"wp:featuredmedia":[{"embeddable":true,"href":"https:\/\/www.proes.es\/en\/wp-json\/wp\/v2\/media\/30175"}],"wp:attachment":[{"href":"https:\/\/www.proes.es\/en\/wp-json\/wp\/v2\/media?parent=45829"}],"wp:term":[{"taxonomy":"category","embeddable":true,"href":"https:\/\/www.proes.es\/en\/wp-json\/wp\/v2\/categories?post=45829"},{"taxonomy":"post_tag","embeddable":true,"href":"https:\/\/www.proes.es\/en\/wp-json\/wp\/v2\/tags?post=45829"}],"curies":[{"name":"wp","href":"https:\/\/api.w.org\/{rel}","templated":true}]}}