{"id":45861,"date":"2024-02-08T10:23:51","date_gmt":"2024-02-08T09:23:51","guid":{"rendered":"https:\/\/www.proes.es\/?p=45861"},"modified":"2025-02-14T13:14:52","modified_gmt":"2025-02-14T12:14:52","slug":"proyecto-de-habilitacion-para-la-nueva-terminal-publica-de-contenedores-en-santa-cruz-de-tenerife","status":"publish","type":"post","link":"https:\/\/www.proes.es\/en\/proyecto-de-habilitacion-para-la-nueva-terminal-publica-de-contenedores-en-santa-cruz-de-tenerife\/","title":{"rendered":"Project for the new public container terminal in Santa Cruz de Tenerife"},"content":{"rendered":"<div data-elementor-type=\"wp-post\" data-elementor-id=\"45861\" class=\"elementor elementor-45861\" data-elementor-post-type=\"post\">\n\t\t\t\t<div class=\"elementor-element elementor-element-3cdfe8a e-flex e-con-boxed e-con e-parent\" data-id=\"3cdfe8a\" data-element_type=\"container\">\n\t\t\t\t\t<div class=\"e-con-inner\">\n\t\t\t\t<div class=\"elementor-element elementor-element-33d9f86 elementor-widget elementor-widget-image\" data-id=\"33d9f86\" data-element_type=\"widget\" data-widget_type=\"image.default\">\n\t\t\t\t<div class=\"elementor-widget-container\">\n\t\t\t\t\t\t\t\t\t\t\t\t\t\t\t<img fetchpriority=\"high\" decoding=\"async\" width=\"2560\" height=\"1603\" src=\"https:\/\/www.proes.es\/wp-content\/uploads\/2021\/04\/tenerife.jpg\" class=\"attachment-full size-full wp-image-30350\" alt=\"\" srcset=\"https:\/\/www.proes.es\/wp-content\/uploads\/2021\/04\/tenerife.jpg 2560w, https:\/\/www.proes.es\/wp-content\/uploads\/2021\/04\/tenerife-300x188.jpg 300w, https:\/\/www.proes.es\/wp-content\/uploads\/2021\/04\/tenerife-1024x641.jpg 1024w, https:\/\/www.proes.es\/wp-content\/uploads\/2021\/04\/tenerife-768x481.jpg 768w, https:\/\/www.proes.es\/wp-content\/uploads\/2021\/04\/tenerife-1536x962.jpg 1536w, https:\/\/www.proes.es\/wp-content\/uploads\/2021\/04\/tenerife-2048x1282.jpg 2048w\" sizes=\"(max-width: 2560px) 100vw, 2560px\" \/>\t\t\t\t\t\t\t\t\t\t\t\t\t\t\t<\/div>\n\t\t\t\t<\/div>\n\t\t\t\t\t<\/div>\n\t\t\t\t<\/div>\n\t\t<div class=\"elementor-element elementor-element-d37ad5a e-flex e-con-boxed e-con e-parent\" data-id=\"d37ad5a\" data-element_type=\"container\">\n\t\t\t\t\t<div class=\"e-con-inner\">\n\t\t<div class=\"elementor-element elementor-element-d49d1e0 e-con-full e-flex e-con e-child\" data-id=\"d49d1e0\" data-element_type=\"container\">\n\t\t\t\t<div class=\"elementor-element elementor-element-38c1739 elementor-widget elementor-widget-text-editor\" data-id=\"38c1739\" data-element_type=\"widget\" data-widget_type=\"text-editor.default\">\n\t\t\t\t<div class=\"elementor-widget-container\">\n\t\t\t\t\t\t\t\t\t<p style=\"text-align: center;\">8,9 M\u20ac<\/p>\t\t\t\t\t\t\t\t<\/div>\n\t\t\t\t<\/div>\n\t\t\t\t<div class=\"elementor-element elementor-element-2ae89aa elementor-widget-divider--view-line elementor-widget elementor-widget-divider\" data-id=\"2ae89aa\" data-element_type=\"widget\" data-widget_type=\"divider.default\">\n\t\t\t\t<div class=\"elementor-widget-container\">\n\t\t\t\t\t\t\t<div class=\"elementor-divider\">\n\t\t\t<span class=\"elementor-divider-separator\">\n\t\t\t\t\t\t<\/span>\n\t\t<\/div>\n\t\t\t\t\t\t<\/div>\n\t\t\t\t<\/div>\n\t\t\t\t<div class=\"elementor-element elementor-element-facb681 elementor-widget elementor-widget-text-editor\" data-id=\"facb681\" data-element_type=\"widget\" data-widget_type=\"text-editor.default\">\n\t\t\t\t<div class=\"elementor-widget-container\">\n\t\t\t\t\t\t\t\t\t<p>Budget&nbsp;<\/p>\t\t\t\t\t\t\t\t<\/div>\n\t\t\t\t<\/div>\n\t\t\t\t<\/div>\n\t\t<div class=\"elementor-element elementor-element-2f9e185 e-con-full e-flex e-con e-child\" data-id=\"2f9e185\" data-element_type=\"container\">\n\t\t\t\t<div class=\"elementor-element elementor-element-5021c4d elementor-widget elementor-widget-text-editor\" data-id=\"5021c4d\" data-element_type=\"widget\" data-widget_type=\"text-editor.default\">\n\t\t\t\t<div class=\"elementor-widget-container\">\n\t\t\t\t\t\t\t\t\t<p style=\"text-align: center;\">152.804 m\u00b2<\/p>\t\t\t\t\t\t\t\t<\/div>\n\t\t\t\t<\/div>\n\t\t\t\t<div class=\"elementor-element elementor-element-0f3f9ce elementor-widget-divider--view-line elementor-widget elementor-widget-divider\" data-id=\"0f3f9ce\" data-element_type=\"widget\" data-widget_type=\"divider.default\">\n\t\t\t\t<div class=\"elementor-widget-container\">\n\t\t\t\t\t\t\t<div class=\"elementor-divider\">\n\t\t\t<span class=\"elementor-divider-separator\">\n\t\t\t\t\t\t<\/span>\n\t\t<\/div>\n\t\t\t\t\t\t<\/div>\n\t\t\t\t<\/div>\n\t\t\t\t<div class=\"elementor-element elementor-element-e69e077 elementor-widget elementor-widget-text-editor\" data-id=\"e69e077\" data-element_type=\"widget\" data-widget_type=\"text-editor.default\">\n\t\t\t\t<div class=\"elementor-widget-container\">\n\t\t\t\t\t\t\t\t\t<p>area excluding the maneuvering area<\/p>\t\t\t\t\t\t\t\t<\/div>\n\t\t\t\t<\/div>\n\t\t\t\t<\/div>\n\t\t\t\t\t<\/div>\n\t\t\t\t<\/div>\n\t\t<div class=\"elementor-element elementor-element-dac5cb7 e-flex e-con-boxed e-con e-parent\" data-id=\"dac5cb7\" data-element_type=\"container\">\n\t\t\t\t\t<div class=\"e-con-inner\">\n\t\t\t\t<div class=\"elementor-element elementor-element-a2134c5 elementor-widget__width-initial elementor-widget elementor-widget-text-editor\" data-id=\"a2134c5\" data-element_type=\"widget\" data-widget_type=\"text-editor.default\">\n\t\t\t\t<div class=\"elementor-widget-container\">\n\t\t\t\t\t\t\t\t\t<p>The project defines the adaptation works for the concession of the occupation of the port public domain space in the new public container terminal in the east dock, so that it is open to general use and serves as a support for the provision of the port service of goods handling to container traffic.<\/p><p>\u00a0<\/p><p><span style=\"color: #002f53;\"><strong>Location:<\/strong><\/span>\u00a0east dock, Santa Cruz de Tenerife port<\/p><p><span style=\"color: #002f53;\"><strong>Date:<\/strong><\/span> 2011-2012<\/p><p><span style=\"color: #002f53;\"><strong style=\"letter-spacing: 0px; word-spacing: 0em;\">Budget<\/strong><strong>:<\/strong><\/span> 8.933.661 \u20ac<\/p><p><span style=\"color: #002f53;\"><strong>Scope of the project:<\/strong><\/span>\u00a0project for the new public container terminal, according to the bases established in the public tender called by the Port Authority of Tenerife for the operation of the terminal under concession. The concession area, excluding the maneuvering area, has a total area of 152,804 m\u00b2.<\/p>\t\t\t\t\t\t\t\t<\/div>\n\t\t\t\t<\/div>\n\t\t\t\t\t<\/div>\n\t\t\t\t<\/div>\n\t\t\t\t<\/div>","protected":false},"excerpt":{"rendered":"<p>8,9 M\u20ac PEM&nbsp; 152.804 m\u00b2 superficie excluida la zona de maniobras El proyecto define las obras de adecuaci\u00f3n para la concesi\u00f3n de la ocupaci\u00f3n del espacio de dominio p\u00fablico portuario en la nueva terminal p\u00fablica de contenedores en la d\u00e1rsena del este, de modo que est\u00e9 abierta al uso general y sirva de soporte para [&hellip;]<\/p>","protected":false},"author":14,"featured_media":30350,"comment_status":"closed","ping_status":"closed","sticky":false,"template":"","format":"standard","meta":{"footnotes":""},"categories":[69,77],"tags":[10],"class_list":["post-45861","post","type-post","status-publish","format-standard","has-post-thumbnail","hentry","category-edificacion","category-infraestructuras-maritimas-y-fluviales","tag-espana"],"yoast_head":"<!-- This site is optimized with the Yoast SEO plugin v26.8 - https:\/\/yoast.com\/product\/yoast-seo-wordpress\/ -->\n<title>Proyecto de habilitaci\u00f3n para la nueva terminal p\u00fablica de contenedores en Santa Cruz de Tenerife - Proes<\/title>\n<meta name=\"robots\" content=\"index, follow, max-snippet:-1, max-image-preview:large, max-video-preview:-1\" \/>\n<link rel=\"canonical\" href=\"https:\/\/www.proes.es\/en\/proyecto-de-habilitacion-para-la-nueva-terminal-publica-de-contenedores-en-santa-cruz-de-tenerife\/\" \/>\n<meta property=\"og:locale\" content=\"en_GB\" \/>\n<meta property=\"og:type\" content=\"article\" \/>\n<meta property=\"og:title\" content=\"Proyecto de habilitaci\u00f3n para la nueva terminal p\u00fablica de contenedores en Santa Cruz de Tenerife - Proes\" \/>\n<meta property=\"og:description\" content=\"8,9 M\u20ac PEM&nbsp; 152.804 m\u00b2 superficie excluida la zona de maniobras El proyecto define las obras de adecuaci\u00f3n para la concesi\u00f3n de la ocupaci\u00f3n del espacio de dominio p\u00fablico portuario en la nueva terminal p\u00fablica de contenedores en la d\u00e1rsena del este, de modo que est\u00e9 abierta al uso general y sirva de soporte para [&hellip;]\" \/>\n<meta property=\"og:url\" content=\"https:\/\/www.proes.es\/en\/proyecto-de-habilitacion-para-la-nueva-terminal-publica-de-contenedores-en-santa-cruz-de-tenerife\/\" \/>\n<meta property=\"og:site_name\" content=\"Proes\" \/>\n<meta property=\"article:published_time\" content=\"2024-02-08T09:23:51+00:00\" \/>\n<meta property=\"article:modified_time\" content=\"2025-02-14T12:14:52+00:00\" \/>\n<meta property=\"og:image\" content=\"https:\/\/www.proes.es\/wp-content\/uploads\/2021\/04\/tenerife.jpg\" \/>\n\t<meta property=\"og:image:width\" content=\"2560\" \/>\n\t<meta property=\"og:image:height\" content=\"1603\" \/>\n\t<meta property=\"og:image:type\" content=\"image\/jpeg\" \/>\n<meta name=\"author\" content=\"Isabel.Caruana\" \/>\n<meta name=\"twitter:card\" content=\"summary_large_image\" \/>\n<meta name=\"twitter:label1\" content=\"Written by\" \/>\n\t<meta name=\"twitter:data1\" content=\"Isabel.Caruana\" \/>\n\t<meta name=\"twitter:label2\" content=\"Estimated reading time\" \/>\n\t<meta name=\"twitter:data2\" content=\"1 minute\" \/>\n<script type=\"application\/ld+json\" class=\"yoast-schema-graph\">{\"@context\":\"https:\/\/schema.org\",\"@graph\":[{\"@type\":\"Article\",\"@id\":\"https:\/\/www.proes.es\/en\/proyecto-de-habilitacion-para-la-nueva-terminal-publica-de-contenedores-en-santa-cruz-de-tenerife\/#article\",\"isPartOf\":{\"@id\":\"https:\/\/www.proes.es\/en\/proyecto-de-habilitacion-para-la-nueva-terminal-publica-de-contenedores-en-santa-cruz-de-tenerife\/\"},\"author\":{\"name\":\"Isabel.Caruana\",\"@id\":\"https:\/\/p28223.grupoamper.com\/en\/#\/schema\/person\/36e57a12577f759f8f2836cd8fba1c03\"},\"headline\":\"Proyecto de habilitaci\u00f3n para la nueva terminal p\u00fablica de contenedores en Santa Cruz de Tenerife\",\"datePublished\":\"2024-02-08T09:23:51+00:00\",\"dateModified\":\"2025-02-14T12:14:52+00:00\",\"mainEntityOfPage\":{\"@id\":\"https:\/\/www.proes.es\/en\/proyecto-de-habilitacion-para-la-nueva-terminal-publica-de-contenedores-en-santa-cruz-de-tenerife\/\"},\"wordCount\":163,\"publisher\":{\"@id\":\"https:\/\/p28223.grupoamper.com\/en\/#organization\"},\"image\":{\"@id\":\"https:\/\/www.proes.es\/en\/proyecto-de-habilitacion-para-la-nueva-terminal-publica-de-contenedores-en-santa-cruz-de-tenerife\/#primaryimage\"},\"thumbnailUrl\":\"https:\/\/www.proes.es\/wp-content\/uploads\/2021\/04\/tenerife.jpg\",\"keywords\":[\"Espa\u00f1a\"],\"articleSection\":[\"Edificaci\u00f3n\",\"Infraestructuras mar\u00edtimas y fluviales\"],\"inLanguage\":\"en-GB\"},{\"@type\":\"WebPage\",\"@id\":\"https:\/\/www.proes.es\/en\/proyecto-de-habilitacion-para-la-nueva-terminal-publica-de-contenedores-en-santa-cruz-de-tenerife\/\",\"url\":\"https:\/\/www.proes.es\/en\/proyecto-de-habilitacion-para-la-nueva-terminal-publica-de-contenedores-en-santa-cruz-de-tenerife\/\",\"name\":\"Proyecto de habilitaci\u00f3n para la nueva terminal p\u00fablica de contenedores en Santa Cruz de Tenerife - Proes\",\"isPartOf\":{\"@id\":\"https:\/\/p28223.grupoamper.com\/en\/#website\"},\"primaryImageOfPage\":{\"@id\":\"https:\/\/www.proes.es\/en\/proyecto-de-habilitacion-para-la-nueva-terminal-publica-de-contenedores-en-santa-cruz-de-tenerife\/#primaryimage\"},\"image\":{\"@id\":\"https:\/\/www.proes.es\/en\/proyecto-de-habilitacion-para-la-nueva-terminal-publica-de-contenedores-en-santa-cruz-de-tenerife\/#primaryimage\"},\"thumbnailUrl\":\"https:\/\/www.proes.es\/wp-content\/uploads\/2021\/04\/tenerife.jpg\",\"datePublished\":\"2024-02-08T09:23:51+00:00\",\"dateModified\":\"2025-02-14T12:14:52+00:00\",\"breadcrumb\":{\"@id\":\"https:\/\/www.proes.es\/en\/proyecto-de-habilitacion-para-la-nueva-terminal-publica-de-contenedores-en-santa-cruz-de-tenerife\/#breadcrumb\"},\"inLanguage\":\"en-GB\",\"potentialAction\":[{\"@type\":\"ReadAction\",\"target\":[\"https:\/\/www.proes.es\/en\/proyecto-de-habilitacion-para-la-nueva-terminal-publica-de-contenedores-en-santa-cruz-de-tenerife\/\"]}]},{\"@type\":\"ImageObject\",\"inLanguage\":\"en-GB\",\"@id\":\"https:\/\/www.proes.es\/en\/proyecto-de-habilitacion-para-la-nueva-terminal-publica-de-contenedores-en-santa-cruz-de-tenerife\/#primaryimage\",\"url\":\"https:\/\/www.proes.es\/wp-content\/uploads\/2021\/04\/tenerife.jpg\",\"contentUrl\":\"https:\/\/www.proes.es\/wp-content\/uploads\/2021\/04\/tenerife.jpg\",\"width\":2560,\"height\":1603},{\"@type\":\"BreadcrumbList\",\"@id\":\"https:\/\/www.proes.es\/en\/proyecto-de-habilitacion-para-la-nueva-terminal-publica-de-contenedores-en-santa-cruz-de-tenerife\/#breadcrumb\",\"itemListElement\":[{\"@type\":\"ListItem\",\"position\":1,\"name\":\"Portada\",\"item\":\"https:\/\/p28223.grupoamper.com\/en\/\"},{\"@type\":\"ListItem\",\"position\":2,\"name\":\"Proyecto de habilitaci\u00f3n para la nueva terminal p\u00fablica de contenedores en Santa Cruz de Tenerife\"}]},{\"@type\":\"WebSite\",\"@id\":\"https:\/\/p28223.grupoamper.com\/en\/#website\",\"url\":\"https:\/\/p28223.grupoamper.com\/en\/\",\"name\":\"Proes\",\"description\":\"\",\"publisher\":{\"@id\":\"https:\/\/p28223.grupoamper.com\/en\/#organization\"},\"potentialAction\":[{\"@type\":\"SearchAction\",\"target\":{\"@type\":\"EntryPoint\",\"urlTemplate\":\"https:\/\/p28223.grupoamper.com\/en\/?s={search_term_string}\"},\"query-input\":{\"@type\":\"PropertyValueSpecification\",\"valueRequired\":true,\"valueName\":\"search_term_string\"}}],\"inLanguage\":\"en-GB\"},{\"@type\":\"Organization\",\"@id\":\"https:\/\/p28223.grupoamper.com\/en\/#organization\",\"name\":\"Proes\",\"url\":\"https:\/\/p28223.grupoamper.com\/en\/\",\"logo\":{\"@type\":\"ImageObject\",\"inLanguage\":\"en-GB\",\"@id\":\"https:\/\/p28223.grupoamper.com\/en\/#\/schema\/logo\/image\/\",\"url\":\"https:\/\/www.proes.es\/wp-content\/uploads\/2023\/05\/Logo-Proes.png\",\"contentUrl\":\"https:\/\/www.proes.es\/wp-content\/uploads\/2023\/05\/Logo-Proes.png\",\"width\":520,\"height\":140,\"caption\":\"Proes\"},\"image\":{\"@id\":\"https:\/\/p28223.grupoamper.com\/en\/#\/schema\/logo\/image\/\"}},{\"@type\":\"Person\",\"@id\":\"https:\/\/p28223.grupoamper.com\/en\/#\/schema\/person\/36e57a12577f759f8f2836cd8fba1c03\",\"name\":\"Isabel.Caruana\",\"image\":{\"@type\":\"ImageObject\",\"inLanguage\":\"en-GB\",\"@id\":\"https:\/\/p28223.grupoamper.com\/en\/#\/schema\/person\/image\/\",\"url\":\"https:\/\/secure.gravatar.com\/avatar\/4a350cf9d30b1b93d55c0b1fca1bdc4539442248717055d1a3bb3f1d49dff91d?s=96&d=mm&r=g\",\"contentUrl\":\"https:\/\/secure.gravatar.com\/avatar\/4a350cf9d30b1b93d55c0b1fca1bdc4539442248717055d1a3bb3f1d49dff91d?s=96&d=mm&r=g\",\"caption\":\"Isabel.Caruana\"},\"sameAs\":[\"https:\/\/Proes\"],\"url\":\"https:\/\/www.proes.es\/en\/author\/isabel-caruana\/\"}]}<\/script>\n<!-- \/ Yoast SEO plugin. -->","yoast_head_json":{"title":"Proyecto de habilitaci\u00f3n para la nueva terminal p\u00fablica de contenedores en Santa Cruz de Tenerife - Proes","robots":{"index":"index","follow":"follow","max-snippet":"max-snippet:-1","max-image-preview":"max-image-preview:large","max-video-preview":"max-video-preview:-1"},"canonical":"https:\/\/www.proes.es\/en\/proyecto-de-habilitacion-para-la-nueva-terminal-publica-de-contenedores-en-santa-cruz-de-tenerife\/","og_locale":"en_GB","og_type":"article","og_title":"Proyecto de habilitaci\u00f3n para la nueva terminal p\u00fablica de contenedores en Santa Cruz de Tenerife - Proes","og_description":"8,9 M\u20ac PEM&nbsp; 152.804 m\u00b2 superficie excluida la zona de maniobras El proyecto define las obras de adecuaci\u00f3n para la concesi\u00f3n de la ocupaci\u00f3n del espacio de dominio p\u00fablico portuario en la nueva terminal p\u00fablica de contenedores en la d\u00e1rsena del este, de modo que est\u00e9 abierta al uso general y sirva de soporte para [&hellip;]","og_url":"https:\/\/www.proes.es\/en\/proyecto-de-habilitacion-para-la-nueva-terminal-publica-de-contenedores-en-santa-cruz-de-tenerife\/","og_site_name":"Proes","article_published_time":"2024-02-08T09:23:51+00:00","article_modified_time":"2025-02-14T12:14:52+00:00","og_image":[{"width":2560,"height":1603,"url":"https:\/\/www.proes.es\/wp-content\/uploads\/2021\/04\/tenerife.jpg","type":"image\/jpeg"}],"author":"Isabel.Caruana","twitter_card":"summary_large_image","twitter_misc":{"Written by":"Isabel.Caruana","Estimated reading time":"1 minute"},"schema":{"@context":"https:\/\/schema.org","@graph":[{"@type":"Article","@id":"https:\/\/www.proes.es\/en\/proyecto-de-habilitacion-para-la-nueva-terminal-publica-de-contenedores-en-santa-cruz-de-tenerife\/#article","isPartOf":{"@id":"https:\/\/www.proes.es\/en\/proyecto-de-habilitacion-para-la-nueva-terminal-publica-de-contenedores-en-santa-cruz-de-tenerife\/"},"author":{"name":"Isabel.Caruana","@id":"https:\/\/p28223.grupoamper.com\/en\/#\/schema\/person\/36e57a12577f759f8f2836cd8fba1c03"},"headline":"Proyecto de habilitaci\u00f3n para la nueva terminal p\u00fablica de contenedores en Santa Cruz de Tenerife","datePublished":"2024-02-08T09:23:51+00:00","dateModified":"2025-02-14T12:14:52+00:00","mainEntityOfPage":{"@id":"https:\/\/www.proes.es\/en\/proyecto-de-habilitacion-para-la-nueva-terminal-publica-de-contenedores-en-santa-cruz-de-tenerife\/"},"wordCount":163,"publisher":{"@id":"https:\/\/p28223.grupoamper.com\/en\/#organization"},"image":{"@id":"https:\/\/www.proes.es\/en\/proyecto-de-habilitacion-para-la-nueva-terminal-publica-de-contenedores-en-santa-cruz-de-tenerife\/#primaryimage"},"thumbnailUrl":"https:\/\/www.proes.es\/wp-content\/uploads\/2021\/04\/tenerife.jpg","keywords":["Espa\u00f1a"],"articleSection":["Edificaci\u00f3n","Infraestructuras mar\u00edtimas y fluviales"],"inLanguage":"en-GB"},{"@type":"WebPage","@id":"https:\/\/www.proes.es\/en\/proyecto-de-habilitacion-para-la-nueva-terminal-publica-de-contenedores-en-santa-cruz-de-tenerife\/","url":"https:\/\/www.proes.es\/en\/proyecto-de-habilitacion-para-la-nueva-terminal-publica-de-contenedores-en-santa-cruz-de-tenerife\/","name":"Proyecto de habilitaci\u00f3n para la nueva terminal p\u00fablica de contenedores en Santa Cruz de Tenerife - Proes","isPartOf":{"@id":"https:\/\/p28223.grupoamper.com\/en\/#website"},"primaryImageOfPage":{"@id":"https:\/\/www.proes.es\/en\/proyecto-de-habilitacion-para-la-nueva-terminal-publica-de-contenedores-en-santa-cruz-de-tenerife\/#primaryimage"},"image":{"@id":"https:\/\/www.proes.es\/en\/proyecto-de-habilitacion-para-la-nueva-terminal-publica-de-contenedores-en-santa-cruz-de-tenerife\/#primaryimage"},"thumbnailUrl":"https:\/\/www.proes.es\/wp-content\/uploads\/2021\/04\/tenerife.jpg","datePublished":"2024-02-08T09:23:51+00:00","dateModified":"2025-02-14T12:14:52+00:00","breadcrumb":{"@id":"https:\/\/www.proes.es\/en\/proyecto-de-habilitacion-para-la-nueva-terminal-publica-de-contenedores-en-santa-cruz-de-tenerife\/#breadcrumb"},"inLanguage":"en-GB","potentialAction":[{"@type":"ReadAction","target":["https:\/\/www.proes.es\/en\/proyecto-de-habilitacion-para-la-nueva-terminal-publica-de-contenedores-en-santa-cruz-de-tenerife\/"]}]},{"@type":"ImageObject","inLanguage":"en-GB","@id":"https:\/\/www.proes.es\/en\/proyecto-de-habilitacion-para-la-nueva-terminal-publica-de-contenedores-en-santa-cruz-de-tenerife\/#primaryimage","url":"https:\/\/www.proes.es\/wp-content\/uploads\/2021\/04\/tenerife.jpg","contentUrl":"https:\/\/www.proes.es\/wp-content\/uploads\/2021\/04\/tenerife.jpg","width":2560,"height":1603},{"@type":"BreadcrumbList","@id":"https:\/\/www.proes.es\/en\/proyecto-de-habilitacion-para-la-nueva-terminal-publica-de-contenedores-en-santa-cruz-de-tenerife\/#breadcrumb","itemListElement":[{"@type":"ListItem","position":1,"name":"Portada","item":"https:\/\/p28223.grupoamper.com\/en\/"},{"@type":"ListItem","position":2,"name":"Proyecto de habilitaci\u00f3n para la nueva terminal p\u00fablica de contenedores en Santa Cruz de Tenerife"}]},{"@type":"WebSite","@id":"https:\/\/p28223.grupoamper.com\/en\/#website","url":"https:\/\/p28223.grupoamper.com\/en\/","name":"Proes,","description":"","publisher":{"@id":"https:\/\/p28223.grupoamper.com\/en\/#organization"},"potentialAction":[{"@type":"SearchAction","target":{"@type":"EntryPoint","urlTemplate":"https:\/\/p28223.grupoamper.com\/en\/?s={search_term_string}"},"query-input":{"@type":"PropertyValueSpecification","valueRequired":true,"valueName":"search_term_string"}}],"inLanguage":"en-GB"},{"@type":"Organization","@id":"https:\/\/p28223.grupoamper.com\/en\/#organization","name":"Proes,","url":"https:\/\/p28223.grupoamper.com\/en\/","logo":{"@type":"ImageObject","inLanguage":"en-GB","@id":"https:\/\/p28223.grupoamper.com\/en\/#\/schema\/logo\/image\/","url":"https:\/\/www.proes.es\/wp-content\/uploads\/2023\/05\/Logo-Proes.png","contentUrl":"https:\/\/www.proes.es\/wp-content\/uploads\/2023\/05\/Logo-Proes.png","width":520,"height":140,"caption":"Proes"},"image":{"@id":"https:\/\/p28223.grupoamper.com\/en\/#\/schema\/logo\/image\/"}},{"@type":"Person","@id":"https:\/\/p28223.grupoamper.com\/en\/#\/schema\/person\/36e57a12577f759f8f2836cd8fba1c03","name":"Isabel.Caruana","image":{"@type":"ImageObject","inLanguage":"en-GB","@id":"https:\/\/p28223.grupoamper.com\/en\/#\/schema\/person\/image\/","url":"https:\/\/secure.gravatar.com\/avatar\/4a350cf9d30b1b93d55c0b1fca1bdc4539442248717055d1a3bb3f1d49dff91d?s=96&d=mm&r=g","contentUrl":"https:\/\/secure.gravatar.com\/avatar\/4a350cf9d30b1b93d55c0b1fca1bdc4539442248717055d1a3bb3f1d49dff91d?s=96&d=mm&r=g","caption":"Isabel.Caruana"},"sameAs":["https:\/\/Proes"],"url":"https:\/\/www.proes.es\/en\/author\/isabel-caruana\/"}]}},"_links":{"self":[{"href":"https:\/\/www.proes.es\/en\/wp-json\/wp\/v2\/posts\/45861","targetHints":{"allow":["GET"]}}],"collection":[{"href":"https:\/\/www.proes.es\/en\/wp-json\/wp\/v2\/posts"}],"about":[{"href":"https:\/\/www.proes.es\/en\/wp-json\/wp\/v2\/types\/post"}],"author":[{"embeddable":true,"href":"https:\/\/www.proes.es\/en\/wp-json\/wp\/v2\/users\/14"}],"replies":[{"embeddable":true,"href":"https:\/\/www.proes.es\/en\/wp-json\/wp\/v2\/comments?post=45861"}],"version-history":[{"count":11,"href":"https:\/\/www.proes.es\/en\/wp-json\/wp\/v2\/posts\/45861\/revisions"}],"predecessor-version":[{"id":48100,"href":"https:\/\/www.proes.es\/en\/wp-json\/wp\/v2\/posts\/45861\/revisions\/48100"}],"wp:featuredmedia":[{"embeddable":true,"href":"https:\/\/www.proes.es\/en\/wp-json\/wp\/v2\/media\/30350"}],"wp:attachment":[{"href":"https:\/\/www.proes.es\/en\/wp-json\/wp\/v2\/media?parent=45861"}],"wp:term":[{"taxonomy":"category","embeddable":true,"href":"https:\/\/www.proes.es\/en\/wp-json\/wp\/v2\/categories?post=45861"},{"taxonomy":"post_tag","embeddable":true,"href":"https:\/\/www.proes.es\/en\/wp-json\/wp\/v2\/tags?post=45861"}],"curies":[{"name":"wp","href":"https:\/\/api.w.org\/{rel}","templated":true}]}}