{"id":45888,"date":"2024-02-08T10:56:37","date_gmt":"2024-02-08T09:56:37","guid":{"rendered":"https:\/\/www.proes.es\/?p=45888"},"modified":"2024-07-02T13:11:00","modified_gmt":"2024-07-02T11:11:00","slug":"adecuacion-del-frente-de-atraque-de-forestal-del-atlantico-en-mugardos-la-coruna","status":"publish","type":"post","link":"https:\/\/www.proes.es\/en\/adecuacion-del-frente-de-atraque-de-forestal-del-atlantico-en-mugardos-la-coruna\/","title":{"rendered":"Adequacy of the Forestal del Atl\u00e1ntico mooring front in Mugardos, La Coru\u00f1a."},"content":{"rendered":"<div data-elementor-type=\"wp-post\" data-elementor-id=\"45888\" class=\"elementor elementor-45888\" data-elementor-post-type=\"post\">\n\t\t\t\t<div class=\"elementor-element elementor-element-3cdfe8a e-flex e-con-boxed e-con e-parent\" data-id=\"3cdfe8a\" data-element_type=\"container\">\n\t\t\t\t\t<div class=\"e-con-inner\">\n\t\t\t\t<div class=\"elementor-element elementor-element-33d9f86 elementor-widget elementor-widget-image\" data-id=\"33d9f86\" data-element_type=\"widget\" data-widget_type=\"image.default\">\n\t\t\t\t<div class=\"elementor-widget-container\">\n\t\t\t\t\t\t\t\t\t\t\t\t\t\t\t<img fetchpriority=\"high\" decoding=\"async\" width=\"1830\" height=\"1172\" src=\"https:\/\/www.proes.es\/wp-content\/uploads\/2021\/04\/09-12-15_Forestal_Mugardos_AIO_18.jpg\" class=\"attachment-full size-full wp-image-30292\" alt=\"\" srcset=\"https:\/\/www.proes.es\/wp-content\/uploads\/2021\/04\/09-12-15_Forestal_Mugardos_AIO_18.jpg 1830w, https:\/\/www.proes.es\/wp-content\/uploads\/2021\/04\/09-12-15_Forestal_Mugardos_AIO_18-300x192.jpg 300w, https:\/\/www.proes.es\/wp-content\/uploads\/2021\/04\/09-12-15_Forestal_Mugardos_AIO_18-1024x656.jpg 1024w, https:\/\/www.proes.es\/wp-content\/uploads\/2021\/04\/09-12-15_Forestal_Mugardos_AIO_18-768x492.jpg 768w, https:\/\/www.proes.es\/wp-content\/uploads\/2021\/04\/09-12-15_Forestal_Mugardos_AIO_18-1536x984.jpg 1536w\" sizes=\"(max-width: 1830px) 100vw, 1830px\" \/>\t\t\t\t\t\t\t\t\t\t\t\t\t\t\t<\/div>\n\t\t\t\t<\/div>\n\t\t\t\t\t<\/div>\n\t\t\t\t<\/div>\n\t\t<div class=\"elementor-element elementor-element-215c510 e-flex e-con-boxed e-con e-parent\" data-id=\"215c510\" data-element_type=\"container\">\n\t\t\t\t\t<div class=\"e-con-inner\">\n\t\t<div class=\"elementor-element elementor-element-476b9fe e-flex e-con-boxed e-con e-child\" data-id=\"476b9fe\" data-element_type=\"container\">\n\t\t\t\t\t<div class=\"e-con-inner\">\n\t\t<div class=\"elementor-element elementor-element-69fb1a1 e-con-full e-flex e-con e-child\" data-id=\"69fb1a1\" data-element_type=\"container\">\n\t\t\t\t<div class=\"elementor-element elementor-element-c904a7c elementor-widget elementor-widget-text-editor\" data-id=\"c904a7c\" data-element_type=\"widget\" data-widget_type=\"text-editor.default\">\n\t\t\t\t<div class=\"elementor-widget-container\">\n\t\t\t\t\t\t\t\t\t<p style=\"text-align: center;\">-12,00 a -14,00 m<\/p>\t\t\t\t\t\t\t\t<\/div>\n\t\t\t\t<\/div>\n\t\t\t\t<div class=\"elementor-element elementor-element-8c2abc5 elementor-widget-divider--view-line elementor-widget elementor-widget-divider\" data-id=\"8c2abc5\" data-element_type=\"widget\" data-widget_type=\"divider.default\">\n\t\t\t\t<div class=\"elementor-widget-container\">\n\t\t\t\t\t\t\t<div class=\"elementor-divider\">\n\t\t\t<span class=\"elementor-divider-separator\">\n\t\t\t\t\t\t<\/span>\n\t\t<\/div>\n\t\t\t\t\t\t<\/div>\n\t\t\t\t<\/div>\n\t\t\t\t<div class=\"elementor-element elementor-element-14e702a elementor-widget elementor-widget-text-editor\" data-id=\"14e702a\" data-element_type=\"widget\" data-widget_type=\"text-editor.default\">\n\t\t\t\t<div class=\"elementor-widget-container\">\n\t\t\t\t\t\t\t\t\t<p>incremento de calado<\/p>\t\t\t\t\t\t\t\t<\/div>\n\t\t\t\t<\/div>\n\t\t\t\t<\/div>\n\t\t\t\t\t<\/div>\n\t\t\t\t<\/div>\n\t\t\t\t\t<\/div>\n\t\t\t\t<\/div>\n\t\t<div class=\"elementor-element elementor-element-dac5cb7 e-flex e-con-boxed e-con e-parent\" data-id=\"dac5cb7\" data-element_type=\"container\">\n\t\t\t\t\t<div class=\"e-con-inner\">\n\t\t\t\t<div class=\"elementor-element elementor-element-a2134c5 elementor-widget__width-initial elementor-widget elementor-widget-text-editor\" data-id=\"a2134c5\" data-element_type=\"widget\" data-widget_type=\"text-editor.default\">\n\t\t\t\t<div class=\"elementor-widget-container\">\n\t\t\t\t\t\t\t\t\t<p>Con el fin de incrementar la competitividad en el sector y ofrecer servicio a buques de mayor capacidad, se realiza el estudio de adecuaci\u00f3n del frente de atraque de Forestal del Atl\u00e1ntico en el puerto de Mugardos, La Coru\u00f1a.<\/p><p>En una primera fase, se realizaron los trabajos de campo: inspecci\u00f3n exterior, inspecci\u00f3n subacu\u00e1tica, informe de evaluaci\u00f3n y propuestas. En una segunda fase, se desarrollan los estudios de las diferentes soluciones a adoptar, tanto en profundizaci\u00f3n de la zona de atraque como en la estructura de adelantamiento de defensas.<\/p><p>\u00a0<\/p><p><span style=\"color: #002f53;\"><strong>Location:<\/strong><\/span> Mugardos, r\u00eda de Ferrol, La Coru\u00f1a<\/p><p><span style=\"color: #002f53;\"><strong>Date:<\/strong><\/span> 2009-2012<\/p><p><span style=\"color: #002f53;\"><strong>Scope of the project:<\/strong><\/span>\u00a0estudio de diferentes alternativas de incremento de calado, desde -12.5 m hasta -14.00 m<\/p>\t\t\t\t\t\t\t\t<\/div>\n\t\t\t\t<\/div>\n\t\t\t\t\t<\/div>\n\t\t\t\t<\/div>\n\t\t\t\t<\/div>","protected":false},"excerpt":{"rendered":"<p>-12,00 a -14,00 m incremento de calado Con el fin de incrementar la competitividad en el sector y ofrecer servicio a buques de mayor capacidad, se realiza el estudio de adecuaci\u00f3n del frente de atraque de Forestal del Atl\u00e1ntico en el puerto de Mugardos, La Coru\u00f1a. En una primera fase, se realizaron los trabajos de [&hellip;]<\/p>","protected":false},"author":14,"featured_media":30292,"comment_status":"closed","ping_status":"closed","sticky":false,"template":"","format":"standard","meta":{"footnotes":""},"categories":[76],"tags":[10],"class_list":["post-45888","post","type-post","status-publish","format-standard","has-post-thumbnail","hentry","category-diseno-de-infraestructuras-maritimas","tag-espana"],"yoast_head":"<!-- This site is optimized with the Yoast SEO plugin v26.8 - https:\/\/yoast.com\/product\/yoast-seo-wordpress\/ -->\n<title>Adecuaci\u00f3n del frente de atraque de Forestal del Atl\u00e1ntico en Mugardos, La Coru\u00f1a - Proes<\/title>\n<meta name=\"robots\" content=\"index, follow, max-snippet:-1, max-image-preview:large, max-video-preview:-1\" \/>\n<link rel=\"canonical\" href=\"https:\/\/www.proes.es\/en\/adecuacion-del-frente-de-atraque-de-forestal-del-atlantico-en-mugardos-la-coruna\/\" \/>\n<meta property=\"og:locale\" content=\"en_GB\" \/>\n<meta property=\"og:type\" content=\"article\" \/>\n<meta property=\"og:title\" content=\"Adecuaci\u00f3n del frente de atraque de Forestal del Atl\u00e1ntico en Mugardos, La Coru\u00f1a - Proes\" \/>\n<meta property=\"og:description\" content=\"-12,00 a -14,00 m incremento de calado Con el fin de incrementar la competitividad en el sector y ofrecer servicio a buques de mayor capacidad, se realiza el estudio de adecuaci\u00f3n del frente de atraque de Forestal del Atl\u00e1ntico en el puerto de Mugardos, La Coru\u00f1a. En una primera fase, se realizaron los trabajos de [&hellip;]\" \/>\n<meta property=\"og:url\" content=\"https:\/\/www.proes.es\/en\/adecuacion-del-frente-de-atraque-de-forestal-del-atlantico-en-mugardos-la-coruna\/\" \/>\n<meta property=\"og:site_name\" content=\"Proes\" \/>\n<meta property=\"article:published_time\" content=\"2024-02-08T09:56:37+00:00\" \/>\n<meta property=\"article:modified_time\" content=\"2024-07-02T11:11:00+00:00\" \/>\n<meta property=\"og:image\" content=\"https:\/\/www.proes.es\/wp-content\/uploads\/2021\/04\/09-12-15_Forestal_Mugardos_AIO_18.jpg\" \/>\n\t<meta property=\"og:image:width\" content=\"1830\" \/>\n\t<meta property=\"og:image:height\" content=\"1172\" \/>\n\t<meta property=\"og:image:type\" content=\"image\/jpeg\" \/>\n<meta name=\"author\" content=\"Isabel.Caruana\" \/>\n<meta name=\"twitter:card\" content=\"summary_large_image\" \/>\n<meta name=\"twitter:label1\" content=\"Written by\" \/>\n\t<meta name=\"twitter:data1\" content=\"Isabel.Caruana\" \/>\n\t<meta name=\"twitter:label2\" content=\"Estimated reading time\" \/>\n\t<meta name=\"twitter:data2\" content=\"1 minute\" \/>\n<script type=\"application\/ld+json\" class=\"yoast-schema-graph\">{\"@context\":\"https:\/\/schema.org\",\"@graph\":[{\"@type\":\"Article\",\"@id\":\"https:\/\/www.proes.es\/adecuacion-del-frente-de-atraque-de-forestal-del-atlantico-en-mugardos-la-coruna\/#article\",\"isPartOf\":{\"@id\":\"https:\/\/www.proes.es\/adecuacion-del-frente-de-atraque-de-forestal-del-atlantico-en-mugardos-la-coruna\/\"},\"author\":{\"name\":\"Isabel.Caruana\",\"@id\":\"https:\/\/p28223.grupoamper.com\/en\/#\/schema\/person\/36e57a12577f759f8f2836cd8fba1c03\"},\"headline\":\"Adecuaci\u00f3n del frente de atraque de Forestal del Atl\u00e1ntico en Mugardos, La Coru\u00f1a\",\"datePublished\":\"2024-02-08T09:56:37+00:00\",\"dateModified\":\"2024-07-02T11:11:00+00:00\",\"mainEntityOfPage\":{\"@id\":\"https:\/\/www.proes.es\/adecuacion-del-frente-de-atraque-de-forestal-del-atlantico-en-mugardos-la-coruna\/\"},\"wordCount\":148,\"publisher\":{\"@id\":\"https:\/\/p28223.grupoamper.com\/en\/#organization\"},\"image\":{\"@id\":\"https:\/\/www.proes.es\/adecuacion-del-frente-de-atraque-de-forestal-del-atlantico-en-mugardos-la-coruna\/#primaryimage\"},\"thumbnailUrl\":\"https:\/\/www.proes.es\/wp-content\/uploads\/2021\/04\/09-12-15_Forestal_Mugardos_AIO_18.jpg\",\"keywords\":[\"Espa\u00f1a\"],\"articleSection\":[\"Dise\u00f1o de infraestructuras mar\u00edtimas\"],\"inLanguage\":\"en-GB\"},{\"@type\":\"WebPage\",\"@id\":\"https:\/\/www.proes.es\/adecuacion-del-frente-de-atraque-de-forestal-del-atlantico-en-mugardos-la-coruna\/\",\"url\":\"https:\/\/www.proes.es\/adecuacion-del-frente-de-atraque-de-forestal-del-atlantico-en-mugardos-la-coruna\/\",\"name\":\"Adecuaci\u00f3n del frente de atraque de Forestal del Atl\u00e1ntico en Mugardos, La Coru\u00f1a - Proes\",\"isPartOf\":{\"@id\":\"https:\/\/p28223.grupoamper.com\/en\/#website\"},\"primaryImageOfPage\":{\"@id\":\"https:\/\/www.proes.es\/adecuacion-del-frente-de-atraque-de-forestal-del-atlantico-en-mugardos-la-coruna\/#primaryimage\"},\"image\":{\"@id\":\"https:\/\/www.proes.es\/adecuacion-del-frente-de-atraque-de-forestal-del-atlantico-en-mugardos-la-coruna\/#primaryimage\"},\"thumbnailUrl\":\"https:\/\/www.proes.es\/wp-content\/uploads\/2021\/04\/09-12-15_Forestal_Mugardos_AIO_18.jpg\",\"datePublished\":\"2024-02-08T09:56:37+00:00\",\"dateModified\":\"2024-07-02T11:11:00+00:00\",\"breadcrumb\":{\"@id\":\"https:\/\/www.proes.es\/adecuacion-del-frente-de-atraque-de-forestal-del-atlantico-en-mugardos-la-coruna\/#breadcrumb\"},\"inLanguage\":\"en-GB\",\"potentialAction\":[{\"@type\":\"ReadAction\",\"target\":[\"https:\/\/www.proes.es\/adecuacion-del-frente-de-atraque-de-forestal-del-atlantico-en-mugardos-la-coruna\/\"]}]},{\"@type\":\"ImageObject\",\"inLanguage\":\"en-GB\",\"@id\":\"https:\/\/www.proes.es\/adecuacion-del-frente-de-atraque-de-forestal-del-atlantico-en-mugardos-la-coruna\/#primaryimage\",\"url\":\"https:\/\/www.proes.es\/wp-content\/uploads\/2021\/04\/09-12-15_Forestal_Mugardos_AIO_18.jpg\",\"contentUrl\":\"https:\/\/www.proes.es\/wp-content\/uploads\/2021\/04\/09-12-15_Forestal_Mugardos_AIO_18.jpg\",\"width\":1830,\"height\":1172},{\"@type\":\"BreadcrumbList\",\"@id\":\"https:\/\/www.proes.es\/adecuacion-del-frente-de-atraque-de-forestal-del-atlantico-en-mugardos-la-coruna\/#breadcrumb\",\"itemListElement\":[{\"@type\":\"ListItem\",\"position\":1,\"name\":\"Portada\",\"item\":\"https:\/\/p28223.grupoamper.com\/en\/\"},{\"@type\":\"ListItem\",\"position\":2,\"name\":\"Adecuaci\u00f3n del frente de atraque de Forestal del Atl\u00e1ntico en Mugardos, La Coru\u00f1a\"}]},{\"@type\":\"WebSite\",\"@id\":\"https:\/\/p28223.grupoamper.com\/en\/#website\",\"url\":\"https:\/\/p28223.grupoamper.com\/en\/\",\"name\":\"Proes\",\"description\":\"\",\"publisher\":{\"@id\":\"https:\/\/p28223.grupoamper.com\/en\/#organization\"},\"potentialAction\":[{\"@type\":\"SearchAction\",\"target\":{\"@type\":\"EntryPoint\",\"urlTemplate\":\"https:\/\/p28223.grupoamper.com\/en\/?s={search_term_string}\"},\"query-input\":{\"@type\":\"PropertyValueSpecification\",\"valueRequired\":true,\"valueName\":\"search_term_string\"}}],\"inLanguage\":\"en-GB\"},{\"@type\":\"Organization\",\"@id\":\"https:\/\/p28223.grupoamper.com\/en\/#organization\",\"name\":\"Proes\",\"url\":\"https:\/\/p28223.grupoamper.com\/en\/\",\"logo\":{\"@type\":\"ImageObject\",\"inLanguage\":\"en-GB\",\"@id\":\"https:\/\/p28223.grupoamper.com\/en\/#\/schema\/logo\/image\/\",\"url\":\"https:\/\/www.proes.es\/wp-content\/uploads\/2023\/05\/Logo-Proes.png\",\"contentUrl\":\"https:\/\/www.proes.es\/wp-content\/uploads\/2023\/05\/Logo-Proes.png\",\"width\":520,\"height\":140,\"caption\":\"Proes\"},\"image\":{\"@id\":\"https:\/\/p28223.grupoamper.com\/en\/#\/schema\/logo\/image\/\"}},{\"@type\":\"Person\",\"@id\":\"https:\/\/p28223.grupoamper.com\/en\/#\/schema\/person\/36e57a12577f759f8f2836cd8fba1c03\",\"name\":\"Isabel.Caruana\",\"image\":{\"@type\":\"ImageObject\",\"inLanguage\":\"en-GB\",\"@id\":\"https:\/\/p28223.grupoamper.com\/en\/#\/schema\/person\/image\/\",\"url\":\"https:\/\/secure.gravatar.com\/avatar\/4a350cf9d30b1b93d55c0b1fca1bdc4539442248717055d1a3bb3f1d49dff91d?s=96&d=mm&r=g\",\"contentUrl\":\"https:\/\/secure.gravatar.com\/avatar\/4a350cf9d30b1b93d55c0b1fca1bdc4539442248717055d1a3bb3f1d49dff91d?s=96&d=mm&r=g\",\"caption\":\"Isabel.Caruana\"},\"sameAs\":[\"https:\/\/Proes\"],\"url\":\"https:\/\/www.proes.es\/en\/author\/isabel-caruana\/\"}]}<\/script>\n<!-- \/ Yoast SEO plugin. -->","yoast_head_json":{"title":"Adecuaci\u00f3n del frente de atraque de Forestal del Atl\u00e1ntico en Mugardos, La Coru\u00f1a - Proes","robots":{"index":"index","follow":"follow","max-snippet":"max-snippet:-1","max-image-preview":"max-image-preview:large","max-video-preview":"max-video-preview:-1"},"canonical":"https:\/\/www.proes.es\/en\/adecuacion-del-frente-de-atraque-de-forestal-del-atlantico-en-mugardos-la-coruna\/","og_locale":"en_GB","og_type":"article","og_title":"Adecuaci\u00f3n del frente de atraque de Forestal del Atl\u00e1ntico en Mugardos, La Coru\u00f1a - Proes","og_description":"-12,00 a -14,00 m incremento de calado Con el fin de incrementar la competitividad en el sector y ofrecer servicio a buques de mayor capacidad, se realiza el estudio de adecuaci\u00f3n del frente de atraque de Forestal del Atl\u00e1ntico en el puerto de Mugardos, La Coru\u00f1a. En una primera fase, se realizaron los trabajos de [&hellip;]","og_url":"https:\/\/www.proes.es\/en\/adecuacion-del-frente-de-atraque-de-forestal-del-atlantico-en-mugardos-la-coruna\/","og_site_name":"Proes","article_published_time":"2024-02-08T09:56:37+00:00","article_modified_time":"2024-07-02T11:11:00+00:00","og_image":[{"width":1830,"height":1172,"url":"https:\/\/www.proes.es\/wp-content\/uploads\/2021\/04\/09-12-15_Forestal_Mugardos_AIO_18.jpg","type":"image\/jpeg"}],"author":"Isabel.Caruana","twitter_card":"summary_large_image","twitter_misc":{"Written by":"Isabel.Caruana","Estimated reading time":"1 minute"},"schema":{"@context":"https:\/\/schema.org","@graph":[{"@type":"Article","@id":"https:\/\/www.proes.es\/adecuacion-del-frente-de-atraque-de-forestal-del-atlantico-en-mugardos-la-coruna\/#article","isPartOf":{"@id":"https:\/\/www.proes.es\/adecuacion-del-frente-de-atraque-de-forestal-del-atlantico-en-mugardos-la-coruna\/"},"author":{"name":"Isabel.Caruana","@id":"https:\/\/p28223.grupoamper.com\/en\/#\/schema\/person\/36e57a12577f759f8f2836cd8fba1c03"},"headline":"Adecuaci\u00f3n del frente de atraque de Forestal del Atl\u00e1ntico en Mugardos, La Coru\u00f1a","datePublished":"2024-02-08T09:56:37+00:00","dateModified":"2024-07-02T11:11:00+00:00","mainEntityOfPage":{"@id":"https:\/\/www.proes.es\/adecuacion-del-frente-de-atraque-de-forestal-del-atlantico-en-mugardos-la-coruna\/"},"wordCount":148,"publisher":{"@id":"https:\/\/p28223.grupoamper.com\/en\/#organization"},"image":{"@id":"https:\/\/www.proes.es\/adecuacion-del-frente-de-atraque-de-forestal-del-atlantico-en-mugardos-la-coruna\/#primaryimage"},"thumbnailUrl":"https:\/\/www.proes.es\/wp-content\/uploads\/2021\/04\/09-12-15_Forestal_Mugardos_AIO_18.jpg","keywords":["Espa\u00f1a"],"articleSection":["Dise\u00f1o de infraestructuras mar\u00edtimas"],"inLanguage":"en-GB"},{"@type":"WebPage","@id":"https:\/\/www.proes.es\/adecuacion-del-frente-de-atraque-de-forestal-del-atlantico-en-mugardos-la-coruna\/","url":"https:\/\/www.proes.es\/adecuacion-del-frente-de-atraque-de-forestal-del-atlantico-en-mugardos-la-coruna\/","name":"Adecuaci\u00f3n del frente de atraque de Forestal del Atl\u00e1ntico en Mugardos, La Coru\u00f1a - Proes","isPartOf":{"@id":"https:\/\/p28223.grupoamper.com\/en\/#website"},"primaryImageOfPage":{"@id":"https:\/\/www.proes.es\/adecuacion-del-frente-de-atraque-de-forestal-del-atlantico-en-mugardos-la-coruna\/#primaryimage"},"image":{"@id":"https:\/\/www.proes.es\/adecuacion-del-frente-de-atraque-de-forestal-del-atlantico-en-mugardos-la-coruna\/#primaryimage"},"thumbnailUrl":"https:\/\/www.proes.es\/wp-content\/uploads\/2021\/04\/09-12-15_Forestal_Mugardos_AIO_18.jpg","datePublished":"2024-02-08T09:56:37+00:00","dateModified":"2024-07-02T11:11:00+00:00","breadcrumb":{"@id":"https:\/\/www.proes.es\/adecuacion-del-frente-de-atraque-de-forestal-del-atlantico-en-mugardos-la-coruna\/#breadcrumb"},"inLanguage":"en-GB","potentialAction":[{"@type":"ReadAction","target":["https:\/\/www.proes.es\/adecuacion-del-frente-de-atraque-de-forestal-del-atlantico-en-mugardos-la-coruna\/"]}]},{"@type":"ImageObject","inLanguage":"en-GB","@id":"https:\/\/www.proes.es\/adecuacion-del-frente-de-atraque-de-forestal-del-atlantico-en-mugardos-la-coruna\/#primaryimage","url":"https:\/\/www.proes.es\/wp-content\/uploads\/2021\/04\/09-12-15_Forestal_Mugardos_AIO_18.jpg","contentUrl":"https:\/\/www.proes.es\/wp-content\/uploads\/2021\/04\/09-12-15_Forestal_Mugardos_AIO_18.jpg","width":1830,"height":1172},{"@type":"BreadcrumbList","@id":"https:\/\/www.proes.es\/adecuacion-del-frente-de-atraque-de-forestal-del-atlantico-en-mugardos-la-coruna\/#breadcrumb","itemListElement":[{"@type":"ListItem","position":1,"name":"Portada","item":"https:\/\/p28223.grupoamper.com\/en\/"},{"@type":"ListItem","position":2,"name":"Adecuaci\u00f3n del frente de atraque de Forestal del Atl\u00e1ntico en Mugardos, La Coru\u00f1a"}]},{"@type":"WebSite","@id":"https:\/\/p28223.grupoamper.com\/en\/#website","url":"https:\/\/p28223.grupoamper.com\/en\/","name":"Proes,","description":"","publisher":{"@id":"https:\/\/p28223.grupoamper.com\/en\/#organization"},"potentialAction":[{"@type":"SearchAction","target":{"@type":"EntryPoint","urlTemplate":"https:\/\/p28223.grupoamper.com\/en\/?s={search_term_string}"},"query-input":{"@type":"PropertyValueSpecification","valueRequired":true,"valueName":"search_term_string"}}],"inLanguage":"en-GB"},{"@type":"Organization","@id":"https:\/\/p28223.grupoamper.com\/en\/#organization","name":"Proes,","url":"https:\/\/p28223.grupoamper.com\/en\/","logo":{"@type":"ImageObject","inLanguage":"en-GB","@id":"https:\/\/p28223.grupoamper.com\/en\/#\/schema\/logo\/image\/","url":"https:\/\/www.proes.es\/wp-content\/uploads\/2023\/05\/Logo-Proes.png","contentUrl":"https:\/\/www.proes.es\/wp-content\/uploads\/2023\/05\/Logo-Proes.png","width":520,"height":140,"caption":"Proes"},"image":{"@id":"https:\/\/p28223.grupoamper.com\/en\/#\/schema\/logo\/image\/"}},{"@type":"Person","@id":"https:\/\/p28223.grupoamper.com\/en\/#\/schema\/person\/36e57a12577f759f8f2836cd8fba1c03","name":"Isabel.Caruana","image":{"@type":"ImageObject","inLanguage":"en-GB","@id":"https:\/\/p28223.grupoamper.com\/en\/#\/schema\/person\/image\/","url":"https:\/\/secure.gravatar.com\/avatar\/4a350cf9d30b1b93d55c0b1fca1bdc4539442248717055d1a3bb3f1d49dff91d?s=96&d=mm&r=g","contentUrl":"https:\/\/secure.gravatar.com\/avatar\/4a350cf9d30b1b93d55c0b1fca1bdc4539442248717055d1a3bb3f1d49dff91d?s=96&d=mm&r=g","caption":"Isabel.Caruana"},"sameAs":["https:\/\/Proes"],"url":"https:\/\/www.proes.es\/en\/author\/isabel-caruana\/"}]}},"_links":{"self":[{"href":"https:\/\/www.proes.es\/en\/wp-json\/wp\/v2\/posts\/45888","targetHints":{"allow":["GET"]}}],"collection":[{"href":"https:\/\/www.proes.es\/en\/wp-json\/wp\/v2\/posts"}],"about":[{"href":"https:\/\/www.proes.es\/en\/wp-json\/wp\/v2\/types\/post"}],"author":[{"embeddable":true,"href":"https:\/\/www.proes.es\/en\/wp-json\/wp\/v2\/users\/14"}],"replies":[{"embeddable":true,"href":"https:\/\/www.proes.es\/en\/wp-json\/wp\/v2\/comments?post=45888"}],"version-history":[{"count":15,"href":"https:\/\/www.proes.es\/en\/wp-json\/wp\/v2\/posts\/45888\/revisions"}],"predecessor-version":[{"id":48673,"href":"https:\/\/www.proes.es\/en\/wp-json\/wp\/v2\/posts\/45888\/revisions\/48673"}],"wp:featuredmedia":[{"embeddable":true,"href":"https:\/\/www.proes.es\/en\/wp-json\/wp\/v2\/media\/30292"}],"wp:attachment":[{"href":"https:\/\/www.proes.es\/en\/wp-json\/wp\/v2\/media?parent=45888"}],"wp:term":[{"taxonomy":"category","embeddable":true,"href":"https:\/\/www.proes.es\/en\/wp-json\/wp\/v2\/categories?post=45888"},{"taxonomy":"post_tag","embeddable":true,"href":"https:\/\/www.proes.es\/en\/wp-json\/wp\/v2\/tags?post=45888"}],"curies":[{"name":"wp","href":"https:\/\/api.w.org\/{rel}","templated":true}]}}