{"id":45946,"date":"2024-02-08T11:36:47","date_gmt":"2024-02-08T10:36:47","guid":{"rendered":"https:\/\/www.proes.es\/?p=45946"},"modified":"2024-07-02T13:10:10","modified_gmt":"2024-07-02T11:10:10","slug":"estudio-de-viabilidad-de-una-terminal-de-gnl-en-ceyhan-turquia-2","status":"publish","type":"post","link":"https:\/\/www.proes.es\/en\/estudio-de-viabilidad-de-una-terminal-de-gnl-en-ceyhan-turquia-2\/","title":{"rendered":"Feasibility study for an LNG terminal in Ceyhan, Turkey"},"content":{"rendered":"<div data-elementor-type=\"wp-post\" data-elementor-id=\"45946\" class=\"elementor elementor-45946\" data-elementor-post-type=\"post\">\n\t\t\t\t<div class=\"elementor-element elementor-element-3cdfe8a e-flex e-con-boxed e-con e-parent\" data-id=\"3cdfe8a\" data-element_type=\"container\">\n\t\t\t\t\t<div class=\"e-con-inner\">\n\t\t\t\t<div class=\"elementor-element elementor-element-33d9f86 elementor-widget elementor-widget-image\" data-id=\"33d9f86\" data-element_type=\"widget\" data-widget_type=\"image.default\">\n\t\t\t\t<div class=\"elementor-widget-container\">\n\t\t\t\t\t\t\t\t\t\t\t\t\t\t\t<img fetchpriority=\"high\" decoding=\"async\" width=\"512\" height=\"340\" src=\"https:\/\/www.proes.es\/wp-content\/uploads\/2021\/02\/CEYHAN.jpg\" class=\"attachment-full size-full wp-image-30150\" alt=\"\" srcset=\"https:\/\/www.proes.es\/wp-content\/uploads\/2021\/02\/CEYHAN.jpg 512w, https:\/\/www.proes.es\/wp-content\/uploads\/2021\/02\/CEYHAN-300x199.jpg 300w\" sizes=\"(max-width: 512px) 100vw, 512px\" \/>\t\t\t\t\t\t\t\t\t\t\t\t\t\t\t<\/div>\n\t\t\t\t<\/div>\n\t\t\t\t\t<\/div>\n\t\t\t\t<\/div>\n\t\t<div class=\"elementor-element elementor-element-dac5cb7 e-flex e-con-boxed e-con e-parent\" data-id=\"dac5cb7\" data-element_type=\"container\">\n\t\t\t\t\t<div class=\"e-con-inner\">\n\t\t\t\t<div class=\"elementor-element elementor-element-a2134c5 elementor-widget__width-initial elementor-widget elementor-widget-text-editor\" data-id=\"a2134c5\" data-element_type=\"widget\" data-widget_type=\"text-editor.default\">\n\t\t\t\t<div class=\"elementor-widget-container\">\n\t\t\t\t\t\t\t\t\t<p>The possibility of setting up an LNG import terminal in Turkey is being evaluated. In preliminary phases of the project, it was concluded that Ceyhan has the optimal conditions to receive such a facility.<\/p><p>The Iskenderun Bay hosts various private and government facilities and docks, including crude oil and cargo terminals, serving as a gateway for goods from Middle Eastern countries. Some of these ports and terminals were built for specific purposes, such as importing minerals or fertilizers and exporting iron or steel.<\/p><p><span style=\"color: #002f53;\"><strong>Location:<\/strong><\/span> Ceyhan, Iskenderun bay, Turkey<\/p><p><span style=\"color: #002f53;\"><strong>Date:<\/strong> <\/span>2007<\/p><p><span style=\"color: #002f53;\"><strong>Scope of the project:<\/strong><\/span>\u00a0Feasibility Study for a New LNG Terminal<\/p>\t\t\t\t\t\t\t\t<\/div>\n\t\t\t\t<\/div>\n\t\t\t\t\t<\/div>\n\t\t\t\t<\/div>\n\t\t\t\t<\/div>","protected":false},"excerpt":{"rendered":"<p>Se eval\u00faa la posibilidad de la implantaci\u00f3n de una terminal de importaci\u00f3n de GNL en Turqu\u00eda. En fases preliminares del proyecto se concluy\u00f3 que Ceyhan presenta las condiciones \u00f3ptimas para recibir una instalaci\u00f3n de estas caracter\u00edsticas. La bah\u00eda de Iskenderun acoge diversas instalaciones y atraques privados y gubernamentales, incluyendo terminales de crudo y de carga, [&hellip;]<\/p>","protected":false},"author":13,"featured_media":30150,"comment_status":"closed","ping_status":"closed","sticky":false,"template":"","format":"standard","meta":{"footnotes":""},"categories":[76],"tags":[24],"class_list":["post-45946","post","type-post","status-publish","format-standard","has-post-thumbnail","hentry","category-diseno-de-infraestructuras-maritimas","tag-turquia"],"yoast_head":"<!-- This site is optimized with the Yoast SEO plugin v26.8 - https:\/\/yoast.com\/product\/yoast-seo-wordpress\/ -->\n<title>Estudio de viabilidad de una terminal de GNL en Ceyhan, Turqu\u00eda - Proes<\/title>\n<meta name=\"robots\" content=\"index, follow, max-snippet:-1, max-image-preview:large, max-video-preview:-1\" \/>\n<link rel=\"canonical\" href=\"https:\/\/www.proes.es\/en\/estudio-de-viabilidad-de-una-terminal-de-gnl-en-ceyhan-turquia-2\/\" \/>\n<meta property=\"og:locale\" content=\"en_GB\" \/>\n<meta property=\"og:type\" content=\"article\" \/>\n<meta property=\"og:title\" content=\"Estudio de viabilidad de una terminal de GNL en Ceyhan, Turqu\u00eda - Proes\" \/>\n<meta property=\"og:description\" content=\"Se eval\u00faa la posibilidad de la implantaci\u00f3n de una terminal de importaci\u00f3n de GNL en Turqu\u00eda. En fases preliminares del proyecto se concluy\u00f3 que Ceyhan presenta las condiciones \u00f3ptimas para recibir una instalaci\u00f3n de estas caracter\u00edsticas. La bah\u00eda de Iskenderun acoge diversas instalaciones y atraques privados y gubernamentales, incluyendo terminales de crudo y de carga, [&hellip;]\" \/>\n<meta property=\"og:url\" content=\"https:\/\/www.proes.es\/en\/estudio-de-viabilidad-de-una-terminal-de-gnl-en-ceyhan-turquia-2\/\" \/>\n<meta property=\"og:site_name\" content=\"Proes\" \/>\n<meta property=\"article:published_time\" content=\"2024-02-08T10:36:47+00:00\" \/>\n<meta property=\"article:modified_time\" content=\"2024-07-02T11:10:10+00:00\" \/>\n<meta property=\"og:image\" content=\"https:\/\/www.proes.es\/wp-content\/uploads\/2021\/02\/CEYHAN.jpg\" \/>\n\t<meta property=\"og:image:width\" content=\"512\" \/>\n\t<meta property=\"og:image:height\" content=\"340\" \/>\n\t<meta property=\"og:image:type\" content=\"image\/jpeg\" \/>\n<meta name=\"author\" content=\"Maria Victoria Del Pozo Vindel\" \/>\n<meta name=\"twitter:card\" content=\"summary_large_image\" \/>\n<meta name=\"twitter:label1\" content=\"Written by\" \/>\n\t<meta name=\"twitter:data1\" content=\"Maria Victoria Del Pozo Vindel\" \/>\n\t<meta name=\"twitter:label2\" content=\"Estimated reading time\" \/>\n\t<meta name=\"twitter:data2\" content=\"1 minute\" \/>\n<script type=\"application\/ld+json\" class=\"yoast-schema-graph\">{\"@context\":\"https:\/\/schema.org\",\"@graph\":[{\"@type\":\"Article\",\"@id\":\"https:\/\/www.proes.es\/en\/estudio-de-viabilidad-de-una-terminal-de-gnl-en-ceyhan-turquia-2\/#article\",\"isPartOf\":{\"@id\":\"https:\/\/www.proes.es\/en\/estudio-de-viabilidad-de-una-terminal-de-gnl-en-ceyhan-turquia-2\/\"},\"author\":{\"name\":\"Maria Victoria Del Pozo Vindel\",\"@id\":\"https:\/\/p28223.grupoamper.com\/en\/#\/schema\/person\/97e415e7296dfb24d5c9c8cca875e830\"},\"headline\":\"Estudio de viabilidad de una terminal de GNL en Ceyhan, Turqu\u00eda\",\"datePublished\":\"2024-02-08T10:36:47+00:00\",\"dateModified\":\"2024-07-02T11:10:10+00:00\",\"mainEntityOfPage\":{\"@id\":\"https:\/\/www.proes.es\/en\/estudio-de-viabilidad-de-una-terminal-de-gnl-en-ceyhan-turquia-2\/\"},\"wordCount\":139,\"publisher\":{\"@id\":\"https:\/\/p28223.grupoamper.com\/en\/#organization\"},\"image\":{\"@id\":\"https:\/\/www.proes.es\/en\/estudio-de-viabilidad-de-una-terminal-de-gnl-en-ceyhan-turquia-2\/#primaryimage\"},\"thumbnailUrl\":\"https:\/\/www.proes.es\/wp-content\/uploads\/2021\/02\/CEYHAN.jpg\",\"keywords\":[\"Turqu\u00eda\"],\"articleSection\":[\"Dise\u00f1o de infraestructuras mar\u00edtimas\"],\"inLanguage\":\"en-GB\"},{\"@type\":\"WebPage\",\"@id\":\"https:\/\/www.proes.es\/en\/estudio-de-viabilidad-de-una-terminal-de-gnl-en-ceyhan-turquia-2\/\",\"url\":\"https:\/\/www.proes.es\/en\/estudio-de-viabilidad-de-una-terminal-de-gnl-en-ceyhan-turquia-2\/\",\"name\":\"Estudio de viabilidad de una terminal de GNL en Ceyhan, Turqu\u00eda - Proes\",\"isPartOf\":{\"@id\":\"https:\/\/p28223.grupoamper.com\/en\/#website\"},\"primaryImageOfPage\":{\"@id\":\"https:\/\/www.proes.es\/en\/estudio-de-viabilidad-de-una-terminal-de-gnl-en-ceyhan-turquia-2\/#primaryimage\"},\"image\":{\"@id\":\"https:\/\/www.proes.es\/en\/estudio-de-viabilidad-de-una-terminal-de-gnl-en-ceyhan-turquia-2\/#primaryimage\"},\"thumbnailUrl\":\"https:\/\/www.proes.es\/wp-content\/uploads\/2021\/02\/CEYHAN.jpg\",\"datePublished\":\"2024-02-08T10:36:47+00:00\",\"dateModified\":\"2024-07-02T11:10:10+00:00\",\"breadcrumb\":{\"@id\":\"https:\/\/www.proes.es\/en\/estudio-de-viabilidad-de-una-terminal-de-gnl-en-ceyhan-turquia-2\/#breadcrumb\"},\"inLanguage\":\"en-GB\",\"potentialAction\":[{\"@type\":\"ReadAction\",\"target\":[\"https:\/\/www.proes.es\/en\/estudio-de-viabilidad-de-una-terminal-de-gnl-en-ceyhan-turquia-2\/\"]}]},{\"@type\":\"ImageObject\",\"inLanguage\":\"en-GB\",\"@id\":\"https:\/\/www.proes.es\/en\/estudio-de-viabilidad-de-una-terminal-de-gnl-en-ceyhan-turquia-2\/#primaryimage\",\"url\":\"https:\/\/www.proes.es\/wp-content\/uploads\/2021\/02\/CEYHAN.jpg\",\"contentUrl\":\"https:\/\/www.proes.es\/wp-content\/uploads\/2021\/02\/CEYHAN.jpg\",\"width\":512,\"height\":340},{\"@type\":\"BreadcrumbList\",\"@id\":\"https:\/\/www.proes.es\/en\/estudio-de-viabilidad-de-una-terminal-de-gnl-en-ceyhan-turquia-2\/#breadcrumb\",\"itemListElement\":[{\"@type\":\"ListItem\",\"position\":1,\"name\":\"Portada\",\"item\":\"https:\/\/p28223.grupoamper.com\/en\/\"},{\"@type\":\"ListItem\",\"position\":2,\"name\":\"Estudio de viabilidad de una terminal de GNL en Ceyhan, Turqu\u00eda\"}]},{\"@type\":\"WebSite\",\"@id\":\"https:\/\/p28223.grupoamper.com\/en\/#website\",\"url\":\"https:\/\/p28223.grupoamper.com\/en\/\",\"name\":\"Proes\",\"description\":\"\",\"publisher\":{\"@id\":\"https:\/\/p28223.grupoamper.com\/en\/#organization\"},\"potentialAction\":[{\"@type\":\"SearchAction\",\"target\":{\"@type\":\"EntryPoint\",\"urlTemplate\":\"https:\/\/p28223.grupoamper.com\/en\/?s={search_term_string}\"},\"query-input\":{\"@type\":\"PropertyValueSpecification\",\"valueRequired\":true,\"valueName\":\"search_term_string\"}}],\"inLanguage\":\"en-GB\"},{\"@type\":\"Organization\",\"@id\":\"https:\/\/p28223.grupoamper.com\/en\/#organization\",\"name\":\"Proes\",\"url\":\"https:\/\/p28223.grupoamper.com\/en\/\",\"logo\":{\"@type\":\"ImageObject\",\"inLanguage\":\"en-GB\",\"@id\":\"https:\/\/p28223.grupoamper.com\/en\/#\/schema\/logo\/image\/\",\"url\":\"https:\/\/www.proes.es\/wp-content\/uploads\/2023\/05\/Logo-Proes.png\",\"contentUrl\":\"https:\/\/www.proes.es\/wp-content\/uploads\/2023\/05\/Logo-Proes.png\",\"width\":520,\"height\":140,\"caption\":\"Proes\"},\"image\":{\"@id\":\"https:\/\/p28223.grupoamper.com\/en\/#\/schema\/logo\/image\/\"}},{\"@type\":\"Person\",\"@id\":\"https:\/\/p28223.grupoamper.com\/en\/#\/schema\/person\/97e415e7296dfb24d5c9c8cca875e830\",\"name\":\"Maria Victoria Del Pozo Vindel\",\"image\":{\"@type\":\"ImageObject\",\"inLanguage\":\"en-GB\",\"@id\":\"https:\/\/p28223.grupoamper.com\/en\/#\/schema\/person\/image\/\",\"url\":\"https:\/\/secure.gravatar.com\/avatar\/c8eb3a2abdf0e175fcb40a96a47283720040014ac5fb9b6ea4658d8d6b726bda?s=96&d=mm&r=g\",\"contentUrl\":\"https:\/\/secure.gravatar.com\/avatar\/c8eb3a2abdf0e175fcb40a96a47283720040014ac5fb9b6ea4658d8d6b726bda?s=96&d=mm&r=g\",\"caption\":\"Maria Victoria Del Pozo Vindel\"},\"sameAs\":[\"https:\/\/Proes\"],\"url\":\"https:\/\/www.proes.es\/en\/author\/marivi-pozo\/\"}]}<\/script>\n<!-- \/ Yoast SEO plugin. -->","yoast_head_json":{"title":"Estudio de viabilidad de una terminal de GNL en Ceyhan, Turqu\u00eda - Proes","robots":{"index":"index","follow":"follow","max-snippet":"max-snippet:-1","max-image-preview":"max-image-preview:large","max-video-preview":"max-video-preview:-1"},"canonical":"https:\/\/www.proes.es\/en\/estudio-de-viabilidad-de-una-terminal-de-gnl-en-ceyhan-turquia-2\/","og_locale":"en_GB","og_type":"article","og_title":"Estudio de viabilidad de una terminal de GNL en Ceyhan, Turqu\u00eda - Proes","og_description":"Se eval\u00faa la posibilidad de la implantaci\u00f3n de una terminal de importaci\u00f3n de GNL en Turqu\u00eda. En fases preliminares del proyecto se concluy\u00f3 que Ceyhan presenta las condiciones \u00f3ptimas para recibir una instalaci\u00f3n de estas caracter\u00edsticas. La bah\u00eda de Iskenderun acoge diversas instalaciones y atraques privados y gubernamentales, incluyendo terminales de crudo y de carga, [&hellip;]","og_url":"https:\/\/www.proes.es\/en\/estudio-de-viabilidad-de-una-terminal-de-gnl-en-ceyhan-turquia-2\/","og_site_name":"Proes","article_published_time":"2024-02-08T10:36:47+00:00","article_modified_time":"2024-07-02T11:10:10+00:00","og_image":[{"width":512,"height":340,"url":"https:\/\/www.proes.es\/wp-content\/uploads\/2021\/02\/CEYHAN.jpg","type":"image\/jpeg"}],"author":"Maria Victoria Del Pozo Vindel","twitter_card":"summary_large_image","twitter_misc":{"Written by":"Maria Victoria Del Pozo Vindel","Estimated reading time":"1 minute"},"schema":{"@context":"https:\/\/schema.org","@graph":[{"@type":"Article","@id":"https:\/\/www.proes.es\/en\/estudio-de-viabilidad-de-una-terminal-de-gnl-en-ceyhan-turquia-2\/#article","isPartOf":{"@id":"https:\/\/www.proes.es\/en\/estudio-de-viabilidad-de-una-terminal-de-gnl-en-ceyhan-turquia-2\/"},"author":{"name":"Maria Victoria Del Pozo Vindel","@id":"https:\/\/p28223.grupoamper.com\/en\/#\/schema\/person\/97e415e7296dfb24d5c9c8cca875e830"},"headline":"Estudio de viabilidad de una terminal de GNL en Ceyhan, Turqu\u00eda","datePublished":"2024-02-08T10:36:47+00:00","dateModified":"2024-07-02T11:10:10+00:00","mainEntityOfPage":{"@id":"https:\/\/www.proes.es\/en\/estudio-de-viabilidad-de-una-terminal-de-gnl-en-ceyhan-turquia-2\/"},"wordCount":139,"publisher":{"@id":"https:\/\/p28223.grupoamper.com\/en\/#organization"},"image":{"@id":"https:\/\/www.proes.es\/en\/estudio-de-viabilidad-de-una-terminal-de-gnl-en-ceyhan-turquia-2\/#primaryimage"},"thumbnailUrl":"https:\/\/www.proes.es\/wp-content\/uploads\/2021\/02\/CEYHAN.jpg","keywords":["Turqu\u00eda"],"articleSection":["Dise\u00f1o de infraestructuras mar\u00edtimas"],"inLanguage":"en-GB"},{"@type":"WebPage","@id":"https:\/\/www.proes.es\/en\/estudio-de-viabilidad-de-una-terminal-de-gnl-en-ceyhan-turquia-2\/","url":"https:\/\/www.proes.es\/en\/estudio-de-viabilidad-de-una-terminal-de-gnl-en-ceyhan-turquia-2\/","name":"Estudio de viabilidad de una terminal de GNL en Ceyhan, Turqu\u00eda - Proes","isPartOf":{"@id":"https:\/\/p28223.grupoamper.com\/en\/#website"},"primaryImageOfPage":{"@id":"https:\/\/www.proes.es\/en\/estudio-de-viabilidad-de-una-terminal-de-gnl-en-ceyhan-turquia-2\/#primaryimage"},"image":{"@id":"https:\/\/www.proes.es\/en\/estudio-de-viabilidad-de-una-terminal-de-gnl-en-ceyhan-turquia-2\/#primaryimage"},"thumbnailUrl":"https:\/\/www.proes.es\/wp-content\/uploads\/2021\/02\/CEYHAN.jpg","datePublished":"2024-02-08T10:36:47+00:00","dateModified":"2024-07-02T11:10:10+00:00","breadcrumb":{"@id":"https:\/\/www.proes.es\/en\/estudio-de-viabilidad-de-una-terminal-de-gnl-en-ceyhan-turquia-2\/#breadcrumb"},"inLanguage":"en-GB","potentialAction":[{"@type":"ReadAction","target":["https:\/\/www.proes.es\/en\/estudio-de-viabilidad-de-una-terminal-de-gnl-en-ceyhan-turquia-2\/"]}]},{"@type":"ImageObject","inLanguage":"en-GB","@id":"https:\/\/www.proes.es\/en\/estudio-de-viabilidad-de-una-terminal-de-gnl-en-ceyhan-turquia-2\/#primaryimage","url":"https:\/\/www.proes.es\/wp-content\/uploads\/2021\/02\/CEYHAN.jpg","contentUrl":"https:\/\/www.proes.es\/wp-content\/uploads\/2021\/02\/CEYHAN.jpg","width":512,"height":340},{"@type":"BreadcrumbList","@id":"https:\/\/www.proes.es\/en\/estudio-de-viabilidad-de-una-terminal-de-gnl-en-ceyhan-turquia-2\/#breadcrumb","itemListElement":[{"@type":"ListItem","position":1,"name":"Portada","item":"https:\/\/p28223.grupoamper.com\/en\/"},{"@type":"ListItem","position":2,"name":"Estudio de viabilidad de una terminal de GNL en Ceyhan, Turqu\u00eda"}]},{"@type":"WebSite","@id":"https:\/\/p28223.grupoamper.com\/en\/#website","url":"https:\/\/p28223.grupoamper.com\/en\/","name":"Proes,","description":"","publisher":{"@id":"https:\/\/p28223.grupoamper.com\/en\/#organization"},"potentialAction":[{"@type":"SearchAction","target":{"@type":"EntryPoint","urlTemplate":"https:\/\/p28223.grupoamper.com\/en\/?s={search_term_string}"},"query-input":{"@type":"PropertyValueSpecification","valueRequired":true,"valueName":"search_term_string"}}],"inLanguage":"en-GB"},{"@type":"Organization","@id":"https:\/\/p28223.grupoamper.com\/en\/#organization","name":"Proes,","url":"https:\/\/p28223.grupoamper.com\/en\/","logo":{"@type":"ImageObject","inLanguage":"en-GB","@id":"https:\/\/p28223.grupoamper.com\/en\/#\/schema\/logo\/image\/","url":"https:\/\/www.proes.es\/wp-content\/uploads\/2023\/05\/Logo-Proes.png","contentUrl":"https:\/\/www.proes.es\/wp-content\/uploads\/2023\/05\/Logo-Proes.png","width":520,"height":140,"caption":"Proes"},"image":{"@id":"https:\/\/p28223.grupoamper.com\/en\/#\/schema\/logo\/image\/"}},{"@type":"Person","@id":"https:\/\/p28223.grupoamper.com\/en\/#\/schema\/person\/97e415e7296dfb24d5c9c8cca875e830","name":"Maria Victoria Del Pozo Vindel","image":{"@type":"ImageObject","inLanguage":"en-GB","@id":"https:\/\/p28223.grupoamper.com\/en\/#\/schema\/person\/image\/","url":"https:\/\/secure.gravatar.com\/avatar\/c8eb3a2abdf0e175fcb40a96a47283720040014ac5fb9b6ea4658d8d6b726bda?s=96&d=mm&r=g","contentUrl":"https:\/\/secure.gravatar.com\/avatar\/c8eb3a2abdf0e175fcb40a96a47283720040014ac5fb9b6ea4658d8d6b726bda?s=96&d=mm&r=g","caption":"Maria Victoria Del Pozo Vindel"},"sameAs":["https:\/\/Proes"],"url":"https:\/\/www.proes.es\/en\/author\/marivi-pozo\/"}]}},"_links":{"self":[{"href":"https:\/\/www.proes.es\/en\/wp-json\/wp\/v2\/posts\/45946","targetHints":{"allow":["GET"]}}],"collection":[{"href":"https:\/\/www.proes.es\/en\/wp-json\/wp\/v2\/posts"}],"about":[{"href":"https:\/\/www.proes.es\/en\/wp-json\/wp\/v2\/types\/post"}],"author":[{"embeddable":true,"href":"https:\/\/www.proes.es\/en\/wp-json\/wp\/v2\/users\/13"}],"replies":[{"embeddable":true,"href":"https:\/\/www.proes.es\/en\/wp-json\/wp\/v2\/comments?post=45946"}],"version-history":[{"count":8,"href":"https:\/\/www.proes.es\/en\/wp-json\/wp\/v2\/posts\/45946\/revisions"}],"predecessor-version":[{"id":48670,"href":"https:\/\/www.proes.es\/en\/wp-json\/wp\/v2\/posts\/45946\/revisions\/48670"}],"wp:featuredmedia":[{"embeddable":true,"href":"https:\/\/www.proes.es\/en\/wp-json\/wp\/v2\/media\/30150"}],"wp:attachment":[{"href":"https:\/\/www.proes.es\/en\/wp-json\/wp\/v2\/media?parent=45946"}],"wp:term":[{"taxonomy":"category","embeddable":true,"href":"https:\/\/www.proes.es\/en\/wp-json\/wp\/v2\/categories?post=45946"},{"taxonomy":"post_tag","embeddable":true,"href":"https:\/\/www.proes.es\/en\/wp-json\/wp\/v2\/tags?post=45946"}],"curies":[{"name":"wp","href":"https:\/\/api.w.org\/{rel}","templated":true}]}}