{"id":45952,"date":"2024-02-08T11:41:04","date_gmt":"2024-02-08T10:41:04","guid":{"rendered":"https:\/\/www.proes.es\/?p=45952"},"modified":"2024-07-02T13:09:56","modified_gmt":"2024-07-02T11:09:56","slug":"asistencia-tecnica-para-la-construccion-de-la-terminal-de-contenedores-de-ege-gubre-en-izmir-turquia-2","status":"publish","type":"post","link":"https:\/\/www.proes.es\/en\/asistencia-tecnica-para-la-construccion-de-la-terminal-de-contenedores-de-ege-gubre-en-izmir-turquia-2\/","title":{"rendered":"Technical assistance for the construction of the Ege G\u00fcbre container terminal in Izmir, Turkey"},"content":{"rendered":"<div data-elementor-type=\"wp-post\" data-elementor-id=\"45952\" class=\"elementor elementor-45952\" data-elementor-post-type=\"post\">\n\t\t\t\t<div class=\"elementor-element elementor-element-3cdfe8a e-flex e-con-boxed e-con e-parent\" data-id=\"3cdfe8a\" data-element_type=\"container\">\n\t\t\t\t\t<div class=\"e-con-inner\">\n\t\t\t\t<div class=\"elementor-element elementor-element-33d9f86 elementor-widget elementor-widget-image\" data-id=\"33d9f86\" data-element_type=\"widget\" data-widget_type=\"image.default\">\n\t\t\t\t<div class=\"elementor-widget-container\">\n\t\t\t\t\t\t\t\t\t\t\t\t\t\t\t<img fetchpriority=\"high\" decoding=\"async\" width=\"2560\" height=\"1671\" src=\"https:\/\/www.proes.es\/wp-content\/uploads\/2021\/02\/ege-gubre-scaled.jpg\" class=\"attachment-full size-full wp-image-30191\" alt=\"\" srcset=\"https:\/\/www.proes.es\/wp-content\/uploads\/2021\/02\/ege-gubre-scaled.jpg 2560w, https:\/\/www.proes.es\/wp-content\/uploads\/2021\/02\/ege-gubre-300x196.jpg 300w, https:\/\/www.proes.es\/wp-content\/uploads\/2021\/02\/ege-gubre-1024x668.jpg 1024w, https:\/\/www.proes.es\/wp-content\/uploads\/2021\/02\/ege-gubre-768x501.jpg 768w, https:\/\/www.proes.es\/wp-content\/uploads\/2021\/02\/ege-gubre-1536x1002.jpg 1536w, https:\/\/www.proes.es\/wp-content\/uploads\/2021\/02\/ege-gubre-2048x1336.jpg 2048w\" sizes=\"(max-width: 2560px) 100vw, 2560px\" \/>\t\t\t\t\t\t\t\t\t\t\t\t\t\t\t<\/div>\n\t\t\t\t<\/div>\n\t\t\t\t\t<\/div>\n\t\t\t\t<\/div>\n\t\t<div class=\"elementor-element elementor-element-d37ad5a e-flex e-con-boxed e-con e-parent\" data-id=\"d37ad5a\" data-element_type=\"container\">\n\t\t\t\t\t<div class=\"e-con-inner\">\n\t\t<div class=\"elementor-element elementor-element-d49d1e0 e-con-full e-flex e-con e-child\" data-id=\"d49d1e0\" data-element_type=\"container\">\n\t\t\t\t<div class=\"elementor-element elementor-element-38c1739 elementor-widget elementor-widget-text-editor\" data-id=\"38c1739\" data-element_type=\"widget\" data-widget_type=\"text-editor.default\">\n\t\t\t\t<div class=\"elementor-widget-container\">\n\t\t\t\t\t\t\t\t\t<p style=\"text-align: center;\">51.700.000 \u20ac<\/p>\t\t\t\t\t\t\t\t<\/div>\n\t\t\t\t<\/div>\n\t\t\t\t<div class=\"elementor-element elementor-element-2ae89aa elementor-widget-divider--view-line elementor-widget elementor-widget-divider\" data-id=\"2ae89aa\" data-element_type=\"widget\" data-widget_type=\"divider.default\">\n\t\t\t\t<div class=\"elementor-widget-container\">\n\t\t\t\t\t\t\t<div class=\"elementor-divider\">\n\t\t\t<span class=\"elementor-divider-separator\">\n\t\t\t\t\t\t<\/span>\n\t\t<\/div>\n\t\t\t\t\t\t<\/div>\n\t\t\t\t<\/div>\n\t\t\t\t<div class=\"elementor-element elementor-element-facb681 elementor-widget elementor-widget-text-editor\" data-id=\"facb681\" data-element_type=\"widget\" data-widget_type=\"text-editor.default\">\n\t\t\t\t<div class=\"elementor-widget-container\">\n\t\t\t\t\t\t\t\t\t<p>Budget&nbsp;<\/p>\t\t\t\t\t\t\t\t<\/div>\n\t\t\t\t<\/div>\n\t\t\t\t<\/div>\n\t\t\t\t\t<\/div>\n\t\t\t\t<\/div>\n\t\t<div class=\"elementor-element elementor-element-dac5cb7 e-flex e-con-boxed e-con e-parent\" data-id=\"dac5cb7\" data-element_type=\"container\">\n\t\t\t\t\t<div class=\"e-con-inner\">\n\t\t\t\t<div class=\"elementor-element elementor-element-a2134c5 elementor-widget__width-initial elementor-widget elementor-widget-text-editor\" data-id=\"a2134c5\" data-element_type=\"widget\" data-widget_type=\"text-editor.default\">\n\t\t\t\t<div class=\"elementor-widget-container\">\n\t\t\t\t\t\t\t\t\t<p>The new container terminal in Izmir will include new berths as well as the upgrading of existing berths to provide the necessary maritime infrastructure for container reception and storage.<\/p><p>The project is based on the verification of the structural capacity of the existing piers for the new required uses and the revision of the engineering of the new piers.<\/p><p><span style=\"color: #002f53;\"><strong>Location:<\/strong> <\/span>Izmir, Turkey<\/p><p><span style=\"color: #002f53;\"><strong>Date:<\/strong><\/span> 2008<\/p><p><span style=\"color: #002f53;\"><strong>Scope of the project:<\/strong><\/span>\u00a0consultancy services and assistance to property on design review of new and existing piers.<\/p><p><span style=\"color: #002f53;\"><strong>Significant data:<\/strong><\/span>\u00a0each existing module has been modelled in three dimensions with the new loads to check its structural capacity.<\/p>\t\t\t\t\t\t\t\t<\/div>\n\t\t\t\t<\/div>\n\t\t\t\t\t<\/div>\n\t\t\t\t<\/div>\n\t\t\t\t<\/div>","protected":false},"excerpt":{"rendered":"<p>51.700.000 \u20ac PEM&nbsp; La nueva terminal de contenedores en Izmir incluir\u00e1 nuevos muelles asi como la adecuaci\u00f3n de otros existente para dotar la infraestructura mar\u00edtima necesaria para la recepci\u00f3n y el almacenamiento de contenedores. El proyecto est\u00e1 basado en la verificaci\u00f3n de la capacidad estructural de los muelles existentes para los nuevos usos requeridos y [&hellip;]<\/p>","protected":false},"author":13,"featured_media":30191,"comment_status":"closed","ping_status":"closed","sticky":false,"template":"","format":"standard","meta":{"footnotes":""},"categories":[76],"tags":[24],"class_list":["post-45952","post","type-post","status-publish","format-standard","has-post-thumbnail","hentry","category-diseno-de-infraestructuras-maritimas","tag-turquia"],"yoast_head":"<!-- This site is optimized with the Yoast SEO plugin v26.8 - https:\/\/yoast.com\/product\/yoast-seo-wordpress\/ -->\n<title>Asistencia t\u00e9cnica para la construcci\u00f3n de la terminal de contenedores de Ege G\u00fcbre en Izmir, Turqu\u00eda - Proes<\/title>\n<meta name=\"robots\" content=\"index, follow, max-snippet:-1, max-image-preview:large, max-video-preview:-1\" \/>\n<link rel=\"canonical\" href=\"https:\/\/p28223.grupoamper.com\/asistencia-tecnica-para-la-construccion-de-la-terminal-de-contenedores-de-ege-gubre-en-izmir-turquia-2\/\" \/>\n<meta property=\"og:locale\" content=\"en_GB\" \/>\n<meta property=\"og:type\" content=\"article\" \/>\n<meta property=\"og:title\" content=\"Asistencia t\u00e9cnica para la construcci\u00f3n de la terminal de contenedores de Ege G\u00fcbre en Izmir, Turqu\u00eda - Proes\" \/>\n<meta property=\"og:description\" content=\"51.700.000 \u20ac PEM&nbsp; La nueva terminal de contenedores en Izmir incluir\u00e1 nuevos muelles asi como la adecuaci\u00f3n de otros existente para dotar la infraestructura mar\u00edtima necesaria para la recepci\u00f3n y el almacenamiento de contenedores. El proyecto est\u00e1 basado en la verificaci\u00f3n de la capacidad estructural de los muelles existentes para los nuevos usos requeridos y [&hellip;]\" \/>\n<meta property=\"og:url\" content=\"https:\/\/p28223.grupoamper.com\/asistencia-tecnica-para-la-construccion-de-la-terminal-de-contenedores-de-ege-gubre-en-izmir-turquia-2\/\" \/>\n<meta property=\"og:site_name\" content=\"Proes\" \/>\n<meta property=\"article:published_time\" content=\"2024-02-08T10:41:04+00:00\" \/>\n<meta property=\"article:modified_time\" content=\"2024-07-02T11:09:56+00:00\" \/>\n<meta property=\"og:image\" content=\"https:\/\/p28223.grupoamper.com\/wp-content\/uploads\/2021\/02\/ege-gubre-scaled.jpg\" \/>\n\t<meta property=\"og:image:width\" content=\"2560\" \/>\n\t<meta property=\"og:image:height\" content=\"1671\" \/>\n\t<meta property=\"og:image:type\" content=\"image\/jpeg\" \/>\n<meta name=\"author\" content=\"Maria Victoria Del Pozo Vindel\" \/>\n<meta name=\"twitter:card\" content=\"summary_large_image\" \/>\n<meta name=\"twitter:label1\" content=\"Written by\" \/>\n\t<meta name=\"twitter:data1\" content=\"Maria Victoria Del Pozo Vindel\" \/>\n\t<meta name=\"twitter:label2\" content=\"Estimated reading time\" \/>\n\t<meta name=\"twitter:data2\" content=\"1 minute\" \/>\n<script type=\"application\/ld+json\" class=\"yoast-schema-graph\">{\"@context\":\"https:\/\/schema.org\",\"@graph\":[{\"@type\":\"Article\",\"@id\":\"https:\/\/p28223.grupoamper.com\/asistencia-tecnica-para-la-construccion-de-la-terminal-de-contenedores-de-ege-gubre-en-izmir-turquia-2\/#article\",\"isPartOf\":{\"@id\":\"https:\/\/p28223.grupoamper.com\/asistencia-tecnica-para-la-construccion-de-la-terminal-de-contenedores-de-ege-gubre-en-izmir-turquia-2\/\"},\"author\":{\"name\":\"Maria Victoria Del Pozo Vindel\",\"@id\":\"https:\/\/p28223.grupoamper.com\/en\/#\/schema\/person\/97e415e7296dfb24d5c9c8cca875e830\"},\"headline\":\"Asistencia t\u00e9cnica para la construcci\u00f3n de la terminal de contenedores de Ege G\u00fcbre en Izmir, Turqu\u00eda\",\"datePublished\":\"2024-02-08T10:41:04+00:00\",\"dateModified\":\"2024-07-02T11:09:56+00:00\",\"mainEntityOfPage\":{\"@id\":\"https:\/\/p28223.grupoamper.com\/asistencia-tecnica-para-la-construccion-de-la-terminal-de-contenedores-de-ege-gubre-en-izmir-turquia-2\/\"},\"wordCount\":141,\"publisher\":{\"@id\":\"https:\/\/p28223.grupoamper.com\/en\/#organization\"},\"image\":{\"@id\":\"https:\/\/p28223.grupoamper.com\/asistencia-tecnica-para-la-construccion-de-la-terminal-de-contenedores-de-ege-gubre-en-izmir-turquia-2\/#primaryimage\"},\"thumbnailUrl\":\"https:\/\/www.proes.es\/wp-content\/uploads\/2021\/02\/ege-gubre-scaled.jpg\",\"keywords\":[\"Turqu\u00eda\"],\"articleSection\":[\"Dise\u00f1o de infraestructuras mar\u00edtimas\"],\"inLanguage\":\"en-GB\"},{\"@type\":\"WebPage\",\"@id\":\"https:\/\/p28223.grupoamper.com\/asistencia-tecnica-para-la-construccion-de-la-terminal-de-contenedores-de-ege-gubre-en-izmir-turquia-2\/\",\"url\":\"https:\/\/p28223.grupoamper.com\/asistencia-tecnica-para-la-construccion-de-la-terminal-de-contenedores-de-ege-gubre-en-izmir-turquia-2\/\",\"name\":\"Asistencia t\u00e9cnica para la construcci\u00f3n de la terminal de contenedores de Ege G\u00fcbre en Izmir, Turqu\u00eda - Proes\",\"isPartOf\":{\"@id\":\"https:\/\/p28223.grupoamper.com\/en\/#website\"},\"primaryImageOfPage\":{\"@id\":\"https:\/\/p28223.grupoamper.com\/asistencia-tecnica-para-la-construccion-de-la-terminal-de-contenedores-de-ege-gubre-en-izmir-turquia-2\/#primaryimage\"},\"image\":{\"@id\":\"https:\/\/p28223.grupoamper.com\/asistencia-tecnica-para-la-construccion-de-la-terminal-de-contenedores-de-ege-gubre-en-izmir-turquia-2\/#primaryimage\"},\"thumbnailUrl\":\"https:\/\/www.proes.es\/wp-content\/uploads\/2021\/02\/ege-gubre-scaled.jpg\",\"datePublished\":\"2024-02-08T10:41:04+00:00\",\"dateModified\":\"2024-07-02T11:09:56+00:00\",\"breadcrumb\":{\"@id\":\"https:\/\/p28223.grupoamper.com\/asistencia-tecnica-para-la-construccion-de-la-terminal-de-contenedores-de-ege-gubre-en-izmir-turquia-2\/#breadcrumb\"},\"inLanguage\":\"en-GB\",\"potentialAction\":[{\"@type\":\"ReadAction\",\"target\":[\"https:\/\/p28223.grupoamper.com\/asistencia-tecnica-para-la-construccion-de-la-terminal-de-contenedores-de-ege-gubre-en-izmir-turquia-2\/\"]}]},{\"@type\":\"ImageObject\",\"inLanguage\":\"en-GB\",\"@id\":\"https:\/\/p28223.grupoamper.com\/asistencia-tecnica-para-la-construccion-de-la-terminal-de-contenedores-de-ege-gubre-en-izmir-turquia-2\/#primaryimage\",\"url\":\"https:\/\/www.proes.es\/wp-content\/uploads\/2021\/02\/ege-gubre-scaled.jpg\",\"contentUrl\":\"https:\/\/www.proes.es\/wp-content\/uploads\/2021\/02\/ege-gubre-scaled.jpg\",\"width\":2560,\"height\":1671},{\"@type\":\"BreadcrumbList\",\"@id\":\"https:\/\/p28223.grupoamper.com\/asistencia-tecnica-para-la-construccion-de-la-terminal-de-contenedores-de-ege-gubre-en-izmir-turquia-2\/#breadcrumb\",\"itemListElement\":[{\"@type\":\"ListItem\",\"position\":1,\"name\":\"Portada\",\"item\":\"https:\/\/p28223.grupoamper.com\/en\/\"},{\"@type\":\"ListItem\",\"position\":2,\"name\":\"Asistencia t\u00e9cnica para la construcci\u00f3n de la terminal de contenedores de Ege G\u00fcbre en Izmir, Turqu\u00eda\"}]},{\"@type\":\"WebSite\",\"@id\":\"https:\/\/p28223.grupoamper.com\/en\/#website\",\"url\":\"https:\/\/p28223.grupoamper.com\/en\/\",\"name\":\"Proes\",\"description\":\"\",\"publisher\":{\"@id\":\"https:\/\/p28223.grupoamper.com\/en\/#organization\"},\"potentialAction\":[{\"@type\":\"SearchAction\",\"target\":{\"@type\":\"EntryPoint\",\"urlTemplate\":\"https:\/\/p28223.grupoamper.com\/en\/?s={search_term_string}\"},\"query-input\":{\"@type\":\"PropertyValueSpecification\",\"valueRequired\":true,\"valueName\":\"search_term_string\"}}],\"inLanguage\":\"en-GB\"},{\"@type\":\"Organization\",\"@id\":\"https:\/\/p28223.grupoamper.com\/en\/#organization\",\"name\":\"Proes\",\"url\":\"https:\/\/p28223.grupoamper.com\/en\/\",\"logo\":{\"@type\":\"ImageObject\",\"inLanguage\":\"en-GB\",\"@id\":\"https:\/\/p28223.grupoamper.com\/en\/#\/schema\/logo\/image\/\",\"url\":\"https:\/\/www.proes.es\/wp-content\/uploads\/2023\/05\/Logo-Proes.png\",\"contentUrl\":\"https:\/\/www.proes.es\/wp-content\/uploads\/2023\/05\/Logo-Proes.png\",\"width\":520,\"height\":140,\"caption\":\"Proes\"},\"image\":{\"@id\":\"https:\/\/p28223.grupoamper.com\/en\/#\/schema\/logo\/image\/\"}},{\"@type\":\"Person\",\"@id\":\"https:\/\/p28223.grupoamper.com\/en\/#\/schema\/person\/97e415e7296dfb24d5c9c8cca875e830\",\"name\":\"Maria Victoria Del Pozo Vindel\",\"image\":{\"@type\":\"ImageObject\",\"inLanguage\":\"en-GB\",\"@id\":\"https:\/\/p28223.grupoamper.com\/en\/#\/schema\/person\/image\/\",\"url\":\"https:\/\/secure.gravatar.com\/avatar\/c8eb3a2abdf0e175fcb40a96a47283720040014ac5fb9b6ea4658d8d6b726bda?s=96&d=mm&r=g\",\"contentUrl\":\"https:\/\/secure.gravatar.com\/avatar\/c8eb3a2abdf0e175fcb40a96a47283720040014ac5fb9b6ea4658d8d6b726bda?s=96&d=mm&r=g\",\"caption\":\"Maria Victoria Del Pozo Vindel\"},\"sameAs\":[\"https:\/\/Proes\"],\"url\":\"https:\/\/www.proes.es\/en\/author\/marivi-pozo\/\"}]}<\/script>\n<!-- \/ Yoast SEO plugin. -->","yoast_head_json":{"title":"Asistencia t\u00e9cnica para la construcci\u00f3n de la terminal de contenedores de Ege G\u00fcbre en Izmir, Turqu\u00eda - Proes","robots":{"index":"index","follow":"follow","max-snippet":"max-snippet:-1","max-image-preview":"max-image-preview:large","max-video-preview":"max-video-preview:-1"},"canonical":"https:\/\/p28223.grupoamper.com\/asistencia-tecnica-para-la-construccion-de-la-terminal-de-contenedores-de-ege-gubre-en-izmir-turquia-2\/","og_locale":"en_GB","og_type":"article","og_title":"Asistencia t\u00e9cnica para la construcci\u00f3n de la terminal de contenedores de Ege G\u00fcbre en Izmir, Turqu\u00eda - Proes","og_description":"51.700.000 \u20ac PEM&nbsp; La nueva terminal de contenedores en Izmir incluir\u00e1 nuevos muelles asi como la adecuaci\u00f3n de otros existente para dotar la infraestructura mar\u00edtima necesaria para la recepci\u00f3n y el almacenamiento de contenedores. El proyecto est\u00e1 basado en la verificaci\u00f3n de la capacidad estructural de los muelles existentes para los nuevos usos requeridos y [&hellip;]","og_url":"https:\/\/p28223.grupoamper.com\/asistencia-tecnica-para-la-construccion-de-la-terminal-de-contenedores-de-ege-gubre-en-izmir-turquia-2\/","og_site_name":"Proes","article_published_time":"2024-02-08T10:41:04+00:00","article_modified_time":"2024-07-02T11:09:56+00:00","og_image":[{"width":2560,"height":1671,"url":"https:\/\/p28223.grupoamper.com\/wp-content\/uploads\/2021\/02\/ege-gubre-scaled.jpg","type":"image\/jpeg"}],"author":"Maria Victoria Del Pozo Vindel","twitter_card":"summary_large_image","twitter_misc":{"Written by":"Maria Victoria Del Pozo Vindel","Estimated reading time":"1 minute"},"schema":{"@context":"https:\/\/schema.org","@graph":[{"@type":"Article","@id":"https:\/\/p28223.grupoamper.com\/asistencia-tecnica-para-la-construccion-de-la-terminal-de-contenedores-de-ege-gubre-en-izmir-turquia-2\/#article","isPartOf":{"@id":"https:\/\/p28223.grupoamper.com\/asistencia-tecnica-para-la-construccion-de-la-terminal-de-contenedores-de-ege-gubre-en-izmir-turquia-2\/"},"author":{"name":"Maria Victoria Del Pozo Vindel","@id":"https:\/\/p28223.grupoamper.com\/en\/#\/schema\/person\/97e415e7296dfb24d5c9c8cca875e830"},"headline":"Asistencia t\u00e9cnica para la construcci\u00f3n de la terminal de contenedores de Ege G\u00fcbre en Izmir, Turqu\u00eda","datePublished":"2024-02-08T10:41:04+00:00","dateModified":"2024-07-02T11:09:56+00:00","mainEntityOfPage":{"@id":"https:\/\/p28223.grupoamper.com\/asistencia-tecnica-para-la-construccion-de-la-terminal-de-contenedores-de-ege-gubre-en-izmir-turquia-2\/"},"wordCount":141,"publisher":{"@id":"https:\/\/p28223.grupoamper.com\/en\/#organization"},"image":{"@id":"https:\/\/p28223.grupoamper.com\/asistencia-tecnica-para-la-construccion-de-la-terminal-de-contenedores-de-ege-gubre-en-izmir-turquia-2\/#primaryimage"},"thumbnailUrl":"https:\/\/www.proes.es\/wp-content\/uploads\/2021\/02\/ege-gubre-scaled.jpg","keywords":["Turqu\u00eda"],"articleSection":["Dise\u00f1o de infraestructuras mar\u00edtimas"],"inLanguage":"en-GB"},{"@type":"WebPage","@id":"https:\/\/p28223.grupoamper.com\/asistencia-tecnica-para-la-construccion-de-la-terminal-de-contenedores-de-ege-gubre-en-izmir-turquia-2\/","url":"https:\/\/p28223.grupoamper.com\/asistencia-tecnica-para-la-construccion-de-la-terminal-de-contenedores-de-ege-gubre-en-izmir-turquia-2\/","name":"Asistencia t\u00e9cnica para la construcci\u00f3n de la terminal de contenedores de Ege G\u00fcbre en Izmir, Turqu\u00eda - Proes","isPartOf":{"@id":"https:\/\/p28223.grupoamper.com\/en\/#website"},"primaryImageOfPage":{"@id":"https:\/\/p28223.grupoamper.com\/asistencia-tecnica-para-la-construccion-de-la-terminal-de-contenedores-de-ege-gubre-en-izmir-turquia-2\/#primaryimage"},"image":{"@id":"https:\/\/p28223.grupoamper.com\/asistencia-tecnica-para-la-construccion-de-la-terminal-de-contenedores-de-ege-gubre-en-izmir-turquia-2\/#primaryimage"},"thumbnailUrl":"https:\/\/www.proes.es\/wp-content\/uploads\/2021\/02\/ege-gubre-scaled.jpg","datePublished":"2024-02-08T10:41:04+00:00","dateModified":"2024-07-02T11:09:56+00:00","breadcrumb":{"@id":"https:\/\/p28223.grupoamper.com\/asistencia-tecnica-para-la-construccion-de-la-terminal-de-contenedores-de-ege-gubre-en-izmir-turquia-2\/#breadcrumb"},"inLanguage":"en-GB","potentialAction":[{"@type":"ReadAction","target":["https:\/\/p28223.grupoamper.com\/asistencia-tecnica-para-la-construccion-de-la-terminal-de-contenedores-de-ege-gubre-en-izmir-turquia-2\/"]}]},{"@type":"ImageObject","inLanguage":"en-GB","@id":"https:\/\/p28223.grupoamper.com\/asistencia-tecnica-para-la-construccion-de-la-terminal-de-contenedores-de-ege-gubre-en-izmir-turquia-2\/#primaryimage","url":"https:\/\/www.proes.es\/wp-content\/uploads\/2021\/02\/ege-gubre-scaled.jpg","contentUrl":"https:\/\/www.proes.es\/wp-content\/uploads\/2021\/02\/ege-gubre-scaled.jpg","width":2560,"height":1671},{"@type":"BreadcrumbList","@id":"https:\/\/p28223.grupoamper.com\/asistencia-tecnica-para-la-construccion-de-la-terminal-de-contenedores-de-ege-gubre-en-izmir-turquia-2\/#breadcrumb","itemListElement":[{"@type":"ListItem","position":1,"name":"Portada","item":"https:\/\/p28223.grupoamper.com\/en\/"},{"@type":"ListItem","position":2,"name":"Asistencia t\u00e9cnica para la construcci\u00f3n de la terminal de contenedores de Ege G\u00fcbre en Izmir, Turqu\u00eda"}]},{"@type":"WebSite","@id":"https:\/\/p28223.grupoamper.com\/en\/#website","url":"https:\/\/p28223.grupoamper.com\/en\/","name":"Proes,","description":"","publisher":{"@id":"https:\/\/p28223.grupoamper.com\/en\/#organization"},"potentialAction":[{"@type":"SearchAction","target":{"@type":"EntryPoint","urlTemplate":"https:\/\/p28223.grupoamper.com\/en\/?s={search_term_string}"},"query-input":{"@type":"PropertyValueSpecification","valueRequired":true,"valueName":"search_term_string"}}],"inLanguage":"en-GB"},{"@type":"Organization","@id":"https:\/\/p28223.grupoamper.com\/en\/#organization","name":"Proes,","url":"https:\/\/p28223.grupoamper.com\/en\/","logo":{"@type":"ImageObject","inLanguage":"en-GB","@id":"https:\/\/p28223.grupoamper.com\/en\/#\/schema\/logo\/image\/","url":"https:\/\/www.proes.es\/wp-content\/uploads\/2023\/05\/Logo-Proes.png","contentUrl":"https:\/\/www.proes.es\/wp-content\/uploads\/2023\/05\/Logo-Proes.png","width":520,"height":140,"caption":"Proes"},"image":{"@id":"https:\/\/p28223.grupoamper.com\/en\/#\/schema\/logo\/image\/"}},{"@type":"Person","@id":"https:\/\/p28223.grupoamper.com\/en\/#\/schema\/person\/97e415e7296dfb24d5c9c8cca875e830","name":"Maria Victoria Del Pozo Vindel","image":{"@type":"ImageObject","inLanguage":"en-GB","@id":"https:\/\/p28223.grupoamper.com\/en\/#\/schema\/person\/image\/","url":"https:\/\/secure.gravatar.com\/avatar\/c8eb3a2abdf0e175fcb40a96a47283720040014ac5fb9b6ea4658d8d6b726bda?s=96&d=mm&r=g","contentUrl":"https:\/\/secure.gravatar.com\/avatar\/c8eb3a2abdf0e175fcb40a96a47283720040014ac5fb9b6ea4658d8d6b726bda?s=96&d=mm&r=g","caption":"Maria Victoria Del Pozo Vindel"},"sameAs":["https:\/\/Proes"],"url":"https:\/\/www.proes.es\/en\/author\/marivi-pozo\/"}]}},"_links":{"self":[{"href":"https:\/\/www.proes.es\/en\/wp-json\/wp\/v2\/posts\/45952","targetHints":{"allow":["GET"]}}],"collection":[{"href":"https:\/\/www.proes.es\/en\/wp-json\/wp\/v2\/posts"}],"about":[{"href":"https:\/\/www.proes.es\/en\/wp-json\/wp\/v2\/types\/post"}],"author":[{"embeddable":true,"href":"https:\/\/www.proes.es\/en\/wp-json\/wp\/v2\/users\/13"}],"replies":[{"embeddable":true,"href":"https:\/\/www.proes.es\/en\/wp-json\/wp\/v2\/comments?post=45952"}],"version-history":[{"count":8,"href":"https:\/\/www.proes.es\/en\/wp-json\/wp\/v2\/posts\/45952\/revisions"}],"predecessor-version":[{"id":48669,"href":"https:\/\/www.proes.es\/en\/wp-json\/wp\/v2\/posts\/45952\/revisions\/48669"}],"wp:featuredmedia":[{"embeddable":true,"href":"https:\/\/www.proes.es\/en\/wp-json\/wp\/v2\/media\/30191"}],"wp:attachment":[{"href":"https:\/\/www.proes.es\/en\/wp-json\/wp\/v2\/media?parent=45952"}],"wp:term":[{"taxonomy":"category","embeddable":true,"href":"https:\/\/www.proes.es\/en\/wp-json\/wp\/v2\/categories?post=45952"},{"taxonomy":"post_tag","embeddable":true,"href":"https:\/\/www.proes.es\/en\/wp-json\/wp\/v2\/tags?post=45952"}],"curies":[{"name":"wp","href":"https:\/\/api.w.org\/{rel}","templated":true}]}}