{"id":46169,"date":"2024-02-13T09:38:51","date_gmt":"2024-02-13T08:38:51","guid":{"rendered":"https:\/\/www.proes.es\/?p=46169"},"modified":"2026-01-26T12:42:00","modified_gmt":"2026-01-26T11:42:00","slug":"plan-director-de-infraestructuras-de-la-autoridad-portuaria-de-la-bahia-de-algeciras","status":"publish","type":"post","link":"https:\/\/www.proes.es\/en\/plan-director-de-infraestructuras-de-la-autoridad-portuaria-de-la-bahia-de-algeciras\/","title":{"rendered":"Infrastructure Master Plan of the Port Authority of the Bay of Algeciras"},"content":{"rendered":"<div data-elementor-type=\"wp-post\" data-elementor-id=\"46169\" class=\"elementor elementor-46169\" data-elementor-post-type=\"post\">\n\t\t\t\t<div class=\"elementor-element elementor-element-3cdfe8a e-flex e-con-boxed e-con e-parent\" data-id=\"3cdfe8a\" data-element_type=\"container\">\n\t\t\t\t\t<div class=\"e-con-inner\">\n\t\t\t\t<div class=\"elementor-element elementor-element-33d9f86 elementor-widget elementor-widget-image\" data-id=\"33d9f86\" data-element_type=\"widget\" data-widget_type=\"image.default\">\n\t\t\t\t<div class=\"elementor-widget-container\">\n\t\t\t\t\t\t\t\t\t\t\t\t\t\t\t<img decoding=\"async\" src=\"https:\/\/p28223.grupoamper.com:443\/wp-content\/uploads\/2024\/02\/Algeciras.png\" title=\"Algeciras\" alt=\"Algeciras\" loading=\"lazy\" \/>\t\t\t\t\t\t\t\t\t\t\t\t\t\t\t<\/div>\n\t\t\t\t<\/div>\n\t\t\t\t\t<\/div>\n\t\t\t\t<\/div>\n\t\t<div class=\"elementor-element elementor-element-d37ad5a e-flex e-con-boxed e-con e-parent\" data-id=\"d37ad5a\" data-element_type=\"container\">\n\t\t\t\t\t<div class=\"e-con-inner\">\n\t\t<div class=\"elementor-element elementor-element-d49d1e0 e-con-full e-flex e-con e-child\" data-id=\"d49d1e0\" data-element_type=\"container\">\n\t\t\t\t<div class=\"elementor-element elementor-element-38c1739 elementor-widget elementor-widget-text-editor\" data-id=\"38c1739\" data-element_type=\"widget\" data-widget_type=\"text-editor.default\">\n\t\t\t\t<div class=\"elementor-widget-container\">\n\t\t\t\t\t\t\t\t\t<p style=\"text-align: center;\">315.000<\/p>\t\t\t\t\t\t\t\t<\/div>\n\t\t\t\t<\/div>\n\t\t\t\t<div class=\"elementor-element elementor-element-2ae89aa elementor-widget-divider--view-line elementor-widget elementor-widget-divider\" data-id=\"2ae89aa\" data-element_type=\"widget\" data-widget_type=\"divider.default\">\n\t\t\t\t<div class=\"elementor-widget-container\">\n\t\t\t\t\t\t\t<div class=\"elementor-divider\">\n\t\t\t<span class=\"elementor-divider-separator\">\n\t\t\t\t\t\t<\/span>\n\t\t<\/div>\n\t\t\t\t\t\t<\/div>\n\t\t\t\t<\/div>\n\t\t\t\t<div class=\"elementor-element elementor-element-facb681 elementor-widget elementor-widget-text-editor\" data-id=\"facb681\" data-element_type=\"widget\" data-widget_type=\"text-editor.default\">\n\t\t\t\t<div class=\"elementor-widget-container\">\n\t\t\t\t\t\t\t\t\t<p>passengers\u00a0<\/p>\t\t\t\t\t\t\t\t<\/div>\n\t\t\t\t<\/div>\n\t\t\t\t<\/div>\n\t\t<div class=\"elementor-element elementor-element-2f9e185 e-con-full e-flex e-con e-child\" data-id=\"2f9e185\" data-element_type=\"container\">\n\t\t\t\t<div class=\"elementor-element elementor-element-5021c4d elementor-widget elementor-widget-text-editor\" data-id=\"5021c4d\" data-element_type=\"widget\" data-widget_type=\"text-editor.default\">\n\t\t\t\t<div class=\"elementor-widget-container\">\n\t\t\t\t\t\t\t\t\t<p style=\"text-align: center;\">380.000 Teu<\/p>\t\t\t\t\t\t\t\t<\/div>\n\t\t\t\t<\/div>\n\t\t\t\t<div class=\"elementor-element elementor-element-0f3f9ce elementor-widget-divider--view-line elementor-widget elementor-widget-divider\" data-id=\"0f3f9ce\" data-element_type=\"widget\" data-widget_type=\"divider.default\">\n\t\t\t\t<div class=\"elementor-widget-container\">\n\t\t\t\t\t\t\t<div class=\"elementor-divider\">\n\t\t\t<span class=\"elementor-divider-separator\">\n\t\t\t\t\t\t<\/span>\n\t\t<\/div>\n\t\t\t\t\t\t<\/div>\n\t\t\t\t<\/div>\n\t\t\t\t<div class=\"elementor-element elementor-element-e69e077 elementor-widget elementor-widget-text-editor\" data-id=\"e69e077\" data-element_type=\"widget\" data-widget_type=\"text-editor.default\">\n\t\t\t\t<div class=\"elementor-widget-container\">\n\t\t\t\t\t\t\t\t\t<p>per year of containers<\/p>\t\t\t\t\t\t\t\t<\/div>\n\t\t\t\t<\/div>\n\t\t\t\t<\/div>\n\t\t\t\t\t<\/div>\n\t\t\t\t<\/div>\n\t\t<div class=\"elementor-element elementor-element-dac5cb7 e-flex e-con-boxed e-con e-parent\" data-id=\"dac5cb7\" data-element_type=\"container\">\n\t\t\t\t\t<div class=\"e-con-inner\">\n\t\t\t\t<div class=\"elementor-element elementor-element-a2134c5 elementor-widget__width-initial elementor-widget elementor-widget-text-editor\" data-id=\"a2134c5\" data-element_type=\"widget\" data-widget_type=\"text-editor.default\">\n\t\t\t\t<div class=\"elementor-widget-container\">\n\t\t\t\t\t\t\t\t\t<p>The objective of the project is the drafting of the Infrastructure Master Plan for the Port Authority of the Bay of Algeciras (APBA). To this end, the current situation of the port and its development needs in a time horizon of 10 to 15 years are evaluated. Several development alternatives are proposed, analyzing and selecting the most appropriate one.<\/p><p>All necessary aspects will be taken into account (infrastructure, traffic forecasting, environmental impact, port-city relationship, economic valuation, etc.).<\/p><p><span style=\"color: #002f53;\"><strong>Location:<\/strong><\/span> Algeciras, C\u00e1diz, Andaluc\u00eda<\/p><p><span style=\"color: #002f53;\"><strong>Date:<\/strong><\/span> 2014-2015<\/p><p><span style=\"color: #002f53;\"><strong>Scope of the project:<\/strong><\/span>\u00a0technical assistance for the development of the Port Authority's Master Plan<\/p>\t\t\t\t\t\t\t\t<\/div>\n\t\t\t\t<\/div>\n\t\t\t\t\t<\/div>\n\t\t\t\t<\/div>\n\t\t\t\t<\/div>","protected":false},"excerpt":{"rendered":"<p>315.000 pasajeros\u00a0 380.000 Teu anuales de contenedores El objetivo del proyecto es la redacci\u00f3n del Plan Director de Infraestructuras de la Autoridad Portuaria de la Bah\u00eda de Algeciras (APBA). Con ese fin, se procede a evaluar la situaci\u00f3n actual del puerto y sus necesidades de desarrollo en un horizonte temporal de 10 a 15 a\u00f1os. [&hellip;]<\/p>","protected":false},"author":13,"featured_media":49454,"comment_status":"closed","ping_status":"closed","sticky":false,"template":"","format":"standard","meta":{"footnotes":""},"categories":[76],"tags":[10],"class_list":["post-46169","post","type-post","status-publish","format-standard","has-post-thumbnail","hentry","category-diseno-de-infraestructuras-maritimas","tag-espana"],"yoast_head":"<!-- This site is optimized with the Yoast SEO plugin v26.8 - https:\/\/yoast.com\/product\/yoast-seo-wordpress\/ -->\n<title>Plan director de infraestructuras de la Autoridad Portuaria de la Bah\u00eda de Algeciras - Proes<\/title>\n<meta name=\"robots\" content=\"index, follow, max-snippet:-1, max-image-preview:large, max-video-preview:-1\" \/>\n<link rel=\"canonical\" href=\"https:\/\/p28223.grupoamper.com:443\/en\/plan-director-de-infraestructuras-de-la-autoridad-portuaria-de-la-bahia-de-algeciras\/\" \/>\n<meta property=\"og:locale\" content=\"en_GB\" \/>\n<meta property=\"og:type\" content=\"article\" \/>\n<meta property=\"og:title\" content=\"Plan director de infraestructuras de la Autoridad Portuaria de la Bah\u00eda de Algeciras - Proes\" \/>\n<meta property=\"og:description\" content=\"315.000 pasajeros\u00a0 380.000 Teu anuales de contenedores El objetivo del proyecto es la redacci\u00f3n del Plan Director de Infraestructuras de la Autoridad Portuaria de la Bah\u00eda de Algeciras (APBA). Con ese fin, se procede a evaluar la situaci\u00f3n actual del puerto y sus necesidades de desarrollo en un horizonte temporal de 10 a 15 a\u00f1os. [&hellip;]\" \/>\n<meta property=\"og:url\" content=\"https:\/\/p28223.grupoamper.com:443\/en\/plan-director-de-infraestructuras-de-la-autoridad-portuaria-de-la-bahia-de-algeciras\/\" \/>\n<meta property=\"og:site_name\" content=\"Proes\" \/>\n<meta property=\"article:published_time\" content=\"2024-02-13T08:38:51+00:00\" \/>\n<meta property=\"article:modified_time\" content=\"2026-01-26T11:42:00+00:00\" \/>\n<meta property=\"og:image\" content=\"https:\/\/p28223.grupoamper.com:443\/wp-content\/uploads\/2024\/02\/Algeciras.png\" \/>\n\t<meta property=\"og:image:width\" content=\"1949\" \/>\n\t<meta property=\"og:image:height\" content=\"634\" \/>\n\t<meta property=\"og:image:type\" content=\"image\/png\" \/>\n<meta name=\"author\" content=\"Maria Victoria Del Pozo Vindel\" \/>\n<meta name=\"twitter:card\" content=\"summary_large_image\" \/>\n<meta name=\"twitter:label1\" content=\"Written by\" \/>\n\t<meta name=\"twitter:data1\" content=\"Maria Victoria Del Pozo Vindel\" \/>\n\t<meta name=\"twitter:label2\" content=\"Estimated reading time\" \/>\n\t<meta name=\"twitter:data2\" content=\"1 minute\" \/>\n<script type=\"application\/ld+json\" class=\"yoast-schema-graph\">{\"@context\":\"https:\/\/schema.org\",\"@graph\":[{\"@type\":\"Article\",\"@id\":\"https:\/\/p28223.grupoamper.com:443\/en\/plan-director-de-infraestructuras-de-la-autoridad-portuaria-de-la-bahia-de-algeciras\/#article\",\"isPartOf\":{\"@id\":\"https:\/\/p28223.grupoamper.com:443\/en\/plan-director-de-infraestructuras-de-la-autoridad-portuaria-de-la-bahia-de-algeciras\/\"},\"author\":{\"name\":\"Maria Victoria Del Pozo Vindel\",\"@id\":\"https:\/\/p28223.grupoamper.com\/en\/#\/schema\/person\/97e415e7296dfb24d5c9c8cca875e830\"},\"headline\":\"Plan director de infraestructuras de la Autoridad Portuaria de la Bah\u00eda de Algeciras\",\"datePublished\":\"2024-02-13T08:38:51+00:00\",\"dateModified\":\"2026-01-26T11:42:00+00:00\",\"mainEntityOfPage\":{\"@id\":\"https:\/\/p28223.grupoamper.com:443\/en\/plan-director-de-infraestructuras-de-la-autoridad-portuaria-de-la-bahia-de-algeciras\/\"},\"wordCount\":136,\"publisher\":{\"@id\":\"https:\/\/p28223.grupoamper.com\/en\/#organization\"},\"image\":{\"@id\":\"https:\/\/p28223.grupoamper.com:443\/en\/plan-director-de-infraestructuras-de-la-autoridad-portuaria-de-la-bahia-de-algeciras\/#primaryimage\"},\"thumbnailUrl\":\"https:\/\/www.proes.es\/wp-content\/uploads\/2024\/02\/Algeciras.png\",\"keywords\":[\"Espa\u00f1a\"],\"articleSection\":[\"Dise\u00f1o de infraestructuras mar\u00edtimas\"],\"inLanguage\":\"en-GB\"},{\"@type\":\"WebPage\",\"@id\":\"https:\/\/p28223.grupoamper.com:443\/en\/plan-director-de-infraestructuras-de-la-autoridad-portuaria-de-la-bahia-de-algeciras\/\",\"url\":\"https:\/\/p28223.grupoamper.com:443\/en\/plan-director-de-infraestructuras-de-la-autoridad-portuaria-de-la-bahia-de-algeciras\/\",\"name\":\"Plan director de infraestructuras de la Autoridad Portuaria de la Bah\u00eda de Algeciras - Proes\",\"isPartOf\":{\"@id\":\"https:\/\/p28223.grupoamper.com\/en\/#website\"},\"primaryImageOfPage\":{\"@id\":\"https:\/\/p28223.grupoamper.com:443\/en\/plan-director-de-infraestructuras-de-la-autoridad-portuaria-de-la-bahia-de-algeciras\/#primaryimage\"},\"image\":{\"@id\":\"https:\/\/p28223.grupoamper.com:443\/en\/plan-director-de-infraestructuras-de-la-autoridad-portuaria-de-la-bahia-de-algeciras\/#primaryimage\"},\"thumbnailUrl\":\"https:\/\/www.proes.es\/wp-content\/uploads\/2024\/02\/Algeciras.png\",\"datePublished\":\"2024-02-13T08:38:51+00:00\",\"dateModified\":\"2026-01-26T11:42:00+00:00\",\"breadcrumb\":{\"@id\":\"https:\/\/p28223.grupoamper.com:443\/en\/plan-director-de-infraestructuras-de-la-autoridad-portuaria-de-la-bahia-de-algeciras\/#breadcrumb\"},\"inLanguage\":\"en-GB\",\"potentialAction\":[{\"@type\":\"ReadAction\",\"target\":[\"https:\/\/p28223.grupoamper.com:443\/en\/plan-director-de-infraestructuras-de-la-autoridad-portuaria-de-la-bahia-de-algeciras\/\"]}]},{\"@type\":\"ImageObject\",\"inLanguage\":\"en-GB\",\"@id\":\"https:\/\/p28223.grupoamper.com:443\/en\/plan-director-de-infraestructuras-de-la-autoridad-portuaria-de-la-bahia-de-algeciras\/#primaryimage\",\"url\":\"https:\/\/www.proes.es\/wp-content\/uploads\/2024\/02\/Algeciras.png\",\"contentUrl\":\"https:\/\/www.proes.es\/wp-content\/uploads\/2024\/02\/Algeciras.png\",\"width\":1949,\"height\":634},{\"@type\":\"BreadcrumbList\",\"@id\":\"https:\/\/p28223.grupoamper.com:443\/en\/plan-director-de-infraestructuras-de-la-autoridad-portuaria-de-la-bahia-de-algeciras\/#breadcrumb\",\"itemListElement\":[{\"@type\":\"ListItem\",\"position\":1,\"name\":\"Portada\",\"item\":\"https:\/\/p28223.grupoamper.com\/en\/\"},{\"@type\":\"ListItem\",\"position\":2,\"name\":\"Plan director de infraestructuras de la Autoridad Portuaria de la Bah\u00eda de Algeciras\"}]},{\"@type\":\"WebSite\",\"@id\":\"https:\/\/p28223.grupoamper.com\/en\/#website\",\"url\":\"https:\/\/p28223.grupoamper.com\/en\/\",\"name\":\"Proes\",\"description\":\"\",\"publisher\":{\"@id\":\"https:\/\/p28223.grupoamper.com\/en\/#organization\"},\"potentialAction\":[{\"@type\":\"SearchAction\",\"target\":{\"@type\":\"EntryPoint\",\"urlTemplate\":\"https:\/\/p28223.grupoamper.com\/en\/?s={search_term_string}\"},\"query-input\":{\"@type\":\"PropertyValueSpecification\",\"valueRequired\":true,\"valueName\":\"search_term_string\"}}],\"inLanguage\":\"en-GB\"},{\"@type\":\"Organization\",\"@id\":\"https:\/\/p28223.grupoamper.com\/en\/#organization\",\"name\":\"Proes\",\"url\":\"https:\/\/p28223.grupoamper.com\/en\/\",\"logo\":{\"@type\":\"ImageObject\",\"inLanguage\":\"en-GB\",\"@id\":\"https:\/\/p28223.grupoamper.com\/en\/#\/schema\/logo\/image\/\",\"url\":\"https:\/\/www.proes.es\/wp-content\/uploads\/2023\/05\/Logo-Proes.png\",\"contentUrl\":\"https:\/\/www.proes.es\/wp-content\/uploads\/2023\/05\/Logo-Proes.png\",\"width\":520,\"height\":140,\"caption\":\"Proes\"},\"image\":{\"@id\":\"https:\/\/p28223.grupoamper.com\/en\/#\/schema\/logo\/image\/\"}},{\"@type\":\"Person\",\"@id\":\"https:\/\/p28223.grupoamper.com\/en\/#\/schema\/person\/97e415e7296dfb24d5c9c8cca875e830\",\"name\":\"Maria Victoria Del Pozo Vindel\",\"image\":{\"@type\":\"ImageObject\",\"inLanguage\":\"en-GB\",\"@id\":\"https:\/\/p28223.grupoamper.com\/en\/#\/schema\/person\/image\/\",\"url\":\"https:\/\/secure.gravatar.com\/avatar\/c8eb3a2abdf0e175fcb40a96a47283720040014ac5fb9b6ea4658d8d6b726bda?s=96&d=mm&r=g\",\"contentUrl\":\"https:\/\/secure.gravatar.com\/avatar\/c8eb3a2abdf0e175fcb40a96a47283720040014ac5fb9b6ea4658d8d6b726bda?s=96&d=mm&r=g\",\"caption\":\"Maria Victoria Del Pozo Vindel\"},\"sameAs\":[\"https:\/\/Proes\"],\"url\":\"https:\/\/www.proes.es\/en\/author\/marivi-pozo\/\"}]}<\/script>\n<!-- \/ Yoast SEO plugin. -->","yoast_head_json":{"title":"Plan director de infraestructuras de la Autoridad Portuaria de la Bah\u00eda de Algeciras - Proes","robots":{"index":"index","follow":"follow","max-snippet":"max-snippet:-1","max-image-preview":"max-image-preview:large","max-video-preview":"max-video-preview:-1"},"canonical":"https:\/\/p28223.grupoamper.com:443\/en\/plan-director-de-infraestructuras-de-la-autoridad-portuaria-de-la-bahia-de-algeciras\/","og_locale":"en_GB","og_type":"article","og_title":"Plan director de infraestructuras de la Autoridad Portuaria de la Bah\u00eda de Algeciras - Proes","og_description":"315.000 pasajeros\u00a0 380.000 Teu anuales de contenedores El objetivo del proyecto es la redacci\u00f3n del Plan Director de Infraestructuras de la Autoridad Portuaria de la Bah\u00eda de Algeciras (APBA). Con ese fin, se procede a evaluar la situaci\u00f3n actual del puerto y sus necesidades de desarrollo en un horizonte temporal de 10 a 15 a\u00f1os. [&hellip;]","og_url":"https:\/\/p28223.grupoamper.com:443\/en\/plan-director-de-infraestructuras-de-la-autoridad-portuaria-de-la-bahia-de-algeciras\/","og_site_name":"Proes","article_published_time":"2024-02-13T08:38:51+00:00","article_modified_time":"2026-01-26T11:42:00+00:00","og_image":[{"width":1949,"height":634,"url":"https:\/\/p28223.grupoamper.com:443\/wp-content\/uploads\/2024\/02\/Algeciras.png","type":"image\/png"}],"author":"Maria Victoria Del Pozo Vindel","twitter_card":"summary_large_image","twitter_misc":{"Written by":"Maria Victoria Del Pozo Vindel","Estimated reading time":"1 minute"},"schema":{"@context":"https:\/\/schema.org","@graph":[{"@type":"Article","@id":"https:\/\/p28223.grupoamper.com:443\/en\/plan-director-de-infraestructuras-de-la-autoridad-portuaria-de-la-bahia-de-algeciras\/#article","isPartOf":{"@id":"https:\/\/p28223.grupoamper.com:443\/en\/plan-director-de-infraestructuras-de-la-autoridad-portuaria-de-la-bahia-de-algeciras\/"},"author":{"name":"Maria Victoria Del Pozo Vindel","@id":"https:\/\/p28223.grupoamper.com\/en\/#\/schema\/person\/97e415e7296dfb24d5c9c8cca875e830"},"headline":"Plan director de infraestructuras de la Autoridad Portuaria de la Bah\u00eda de Algeciras","datePublished":"2024-02-13T08:38:51+00:00","dateModified":"2026-01-26T11:42:00+00:00","mainEntityOfPage":{"@id":"https:\/\/p28223.grupoamper.com:443\/en\/plan-director-de-infraestructuras-de-la-autoridad-portuaria-de-la-bahia-de-algeciras\/"},"wordCount":136,"publisher":{"@id":"https:\/\/p28223.grupoamper.com\/en\/#organization"},"image":{"@id":"https:\/\/p28223.grupoamper.com:443\/en\/plan-director-de-infraestructuras-de-la-autoridad-portuaria-de-la-bahia-de-algeciras\/#primaryimage"},"thumbnailUrl":"https:\/\/www.proes.es\/wp-content\/uploads\/2024\/02\/Algeciras.png","keywords":["Espa\u00f1a"],"articleSection":["Dise\u00f1o de infraestructuras mar\u00edtimas"],"inLanguage":"en-GB"},{"@type":"WebPage","@id":"https:\/\/p28223.grupoamper.com:443\/en\/plan-director-de-infraestructuras-de-la-autoridad-portuaria-de-la-bahia-de-algeciras\/","url":"https:\/\/p28223.grupoamper.com:443\/en\/plan-director-de-infraestructuras-de-la-autoridad-portuaria-de-la-bahia-de-algeciras\/","name":"Plan director de infraestructuras de la Autoridad Portuaria de la Bah\u00eda de Algeciras - Proes","isPartOf":{"@id":"https:\/\/p28223.grupoamper.com\/en\/#website"},"primaryImageOfPage":{"@id":"https:\/\/p28223.grupoamper.com:443\/en\/plan-director-de-infraestructuras-de-la-autoridad-portuaria-de-la-bahia-de-algeciras\/#primaryimage"},"image":{"@id":"https:\/\/p28223.grupoamper.com:443\/en\/plan-director-de-infraestructuras-de-la-autoridad-portuaria-de-la-bahia-de-algeciras\/#primaryimage"},"thumbnailUrl":"https:\/\/www.proes.es\/wp-content\/uploads\/2024\/02\/Algeciras.png","datePublished":"2024-02-13T08:38:51+00:00","dateModified":"2026-01-26T11:42:00+00:00","breadcrumb":{"@id":"https:\/\/p28223.grupoamper.com:443\/en\/plan-director-de-infraestructuras-de-la-autoridad-portuaria-de-la-bahia-de-algeciras\/#breadcrumb"},"inLanguage":"en-GB","potentialAction":[{"@type":"ReadAction","target":["https:\/\/p28223.grupoamper.com:443\/en\/plan-director-de-infraestructuras-de-la-autoridad-portuaria-de-la-bahia-de-algeciras\/"]}]},{"@type":"ImageObject","inLanguage":"en-GB","@id":"https:\/\/p28223.grupoamper.com:443\/en\/plan-director-de-infraestructuras-de-la-autoridad-portuaria-de-la-bahia-de-algeciras\/#primaryimage","url":"https:\/\/www.proes.es\/wp-content\/uploads\/2024\/02\/Algeciras.png","contentUrl":"https:\/\/www.proes.es\/wp-content\/uploads\/2024\/02\/Algeciras.png","width":1949,"height":634},{"@type":"BreadcrumbList","@id":"https:\/\/p28223.grupoamper.com:443\/en\/plan-director-de-infraestructuras-de-la-autoridad-portuaria-de-la-bahia-de-algeciras\/#breadcrumb","itemListElement":[{"@type":"ListItem","position":1,"name":"Portada","item":"https:\/\/p28223.grupoamper.com\/en\/"},{"@type":"ListItem","position":2,"name":"Plan director de infraestructuras de la Autoridad Portuaria de la Bah\u00eda de Algeciras"}]},{"@type":"WebSite","@id":"https:\/\/p28223.grupoamper.com\/en\/#website","url":"https:\/\/p28223.grupoamper.com\/en\/","name":"Proes,","description":"","publisher":{"@id":"https:\/\/p28223.grupoamper.com\/en\/#organization"},"potentialAction":[{"@type":"SearchAction","target":{"@type":"EntryPoint","urlTemplate":"https:\/\/p28223.grupoamper.com\/en\/?s={search_term_string}"},"query-input":{"@type":"PropertyValueSpecification","valueRequired":true,"valueName":"search_term_string"}}],"inLanguage":"en-GB"},{"@type":"Organization","@id":"https:\/\/p28223.grupoamper.com\/en\/#organization","name":"Proes,","url":"https:\/\/p28223.grupoamper.com\/en\/","logo":{"@type":"ImageObject","inLanguage":"en-GB","@id":"https:\/\/p28223.grupoamper.com\/en\/#\/schema\/logo\/image\/","url":"https:\/\/www.proes.es\/wp-content\/uploads\/2023\/05\/Logo-Proes.png","contentUrl":"https:\/\/www.proes.es\/wp-content\/uploads\/2023\/05\/Logo-Proes.png","width":520,"height":140,"caption":"Proes"},"image":{"@id":"https:\/\/p28223.grupoamper.com\/en\/#\/schema\/logo\/image\/"}},{"@type":"Person","@id":"https:\/\/p28223.grupoamper.com\/en\/#\/schema\/person\/97e415e7296dfb24d5c9c8cca875e830","name":"Maria Victoria Del Pozo Vindel","image":{"@type":"ImageObject","inLanguage":"en-GB","@id":"https:\/\/p28223.grupoamper.com\/en\/#\/schema\/person\/image\/","url":"https:\/\/secure.gravatar.com\/avatar\/c8eb3a2abdf0e175fcb40a96a47283720040014ac5fb9b6ea4658d8d6b726bda?s=96&d=mm&r=g","contentUrl":"https:\/\/secure.gravatar.com\/avatar\/c8eb3a2abdf0e175fcb40a96a47283720040014ac5fb9b6ea4658d8d6b726bda?s=96&d=mm&r=g","caption":"Maria Victoria Del Pozo Vindel"},"sameAs":["https:\/\/Proes"],"url":"https:\/\/www.proes.es\/en\/author\/marivi-pozo\/"}]}},"_links":{"self":[{"href":"https:\/\/www.proes.es\/en\/wp-json\/wp\/v2\/posts\/46169","targetHints":{"allow":["GET"]}}],"collection":[{"href":"https:\/\/www.proes.es\/en\/wp-json\/wp\/v2\/posts"}],"about":[{"href":"https:\/\/www.proes.es\/en\/wp-json\/wp\/v2\/types\/post"}],"author":[{"embeddable":true,"href":"https:\/\/www.proes.es\/en\/wp-json\/wp\/v2\/users\/13"}],"replies":[{"embeddable":true,"href":"https:\/\/www.proes.es\/en\/wp-json\/wp\/v2\/comments?post=46169"}],"version-history":[{"count":10,"href":"https:\/\/www.proes.es\/en\/wp-json\/wp\/v2\/posts\/46169\/revisions"}],"predecessor-version":[{"id":49457,"href":"https:\/\/www.proes.es\/en\/wp-json\/wp\/v2\/posts\/46169\/revisions\/49457"}],"wp:featuredmedia":[{"embeddable":true,"href":"https:\/\/www.proes.es\/en\/wp-json\/wp\/v2\/media\/49454"}],"wp:attachment":[{"href":"https:\/\/www.proes.es\/en\/wp-json\/wp\/v2\/media?parent=46169"}],"wp:term":[{"taxonomy":"category","embeddable":true,"href":"https:\/\/www.proes.es\/en\/wp-json\/wp\/v2\/categories?post=46169"},{"taxonomy":"post_tag","embeddable":true,"href":"https:\/\/www.proes.es\/en\/wp-json\/wp\/v2\/tags?post=46169"}],"curies":[{"name":"wp","href":"https:\/\/api.w.org\/{rel}","templated":true}]}}