{"id":46196,"date":"2024-02-13T10:07:41","date_gmt":"2024-02-13T09:07:41","guid":{"rendered":"https:\/\/www.proes.es\/?p=46196"},"modified":"2024-07-02T13:07:43","modified_gmt":"2024-07-02T11:07:43","slug":"proyecto-y-asistencia-tecnica-del-nuevo-rack-de-tuberias-en-el-pantalan-reina-sofia-del-puerto-de-huelva","status":"publish","type":"post","link":"https:\/\/www.proes.es\/en\/proyecto-y-asistencia-tecnica-del-nuevo-rack-de-tuberias-en-el-pantalan-reina-sofia-del-puerto-de-huelva\/","title":{"rendered":"Project and technical assistance for the new pipe rack on the Reina Sofia pontoon in the port of Huelva"},"content":{"rendered":"<div data-elementor-type=\"wp-post\" data-elementor-id=\"46196\" class=\"elementor elementor-46196\" data-elementor-post-type=\"post\">\n\t\t\t\t<div class=\"elementor-element elementor-element-3cdfe8a e-flex e-con-boxed e-con e-parent\" data-id=\"3cdfe8a\" data-element_type=\"container\">\n\t\t\t\t\t<div class=\"e-con-inner\">\n\t\t\t\t<div class=\"elementor-element elementor-element-33d9f86 elementor-widget elementor-widget-image\" data-id=\"33d9f86\" data-element_type=\"widget\" data-widget_type=\"image.default\">\n\t\t\t\t<div class=\"elementor-widget-container\">\n\t\t\t\t\t\t\t\t\t\t\t\t\t\t\t<img fetchpriority=\"high\" decoding=\"async\" width=\"2560\" height=\"1920\" src=\"https:\/\/www.proes.es\/wp-content\/uploads\/2021\/03\/IMG_3637-scaled.jpg\" class=\"attachment-full size-full wp-image-30248\" alt=\"\" srcset=\"https:\/\/www.proes.es\/wp-content\/uploads\/2021\/03\/IMG_3637-scaled.jpg 2560w, https:\/\/www.proes.es\/wp-content\/uploads\/2021\/03\/IMG_3637-300x225.jpg 300w, https:\/\/www.proes.es\/wp-content\/uploads\/2021\/03\/IMG_3637-1024x768.jpg 1024w, https:\/\/www.proes.es\/wp-content\/uploads\/2021\/03\/IMG_3637-768x576.jpg 768w, https:\/\/www.proes.es\/wp-content\/uploads\/2021\/03\/IMG_3637-1536x1152.jpg 1536w, https:\/\/www.proes.es\/wp-content\/uploads\/2021\/03\/IMG_3637-2048x1536.jpg 2048w\" sizes=\"(max-width: 2560px) 100vw, 2560px\" \/>\t\t\t\t\t\t\t\t\t\t\t\t\t\t\t<\/div>\n\t\t\t\t<\/div>\n\t\t\t\t\t<\/div>\n\t\t\t\t<\/div>\n\t\t<div class=\"elementor-element elementor-element-dac5cb7 e-flex e-con-boxed e-con e-parent\" data-id=\"dac5cb7\" data-element_type=\"container\">\n\t\t\t\t\t<div class=\"e-con-inner\">\n\t\t\t\t<div class=\"elementor-element elementor-element-a2134c5 elementor-widget__width-initial elementor-widget elementor-widget-text-editor\" data-id=\"a2134c5\" data-element_type=\"widget\" data-widget_type=\"text-editor.default\">\n\t\t\t\t<div class=\"elementor-widget-container\">\n\t\t\t\t\t\t\t\t\t<p>Debido al aumento de la demanda en la operaci\u00f3n de nuevos productos por v\u00eda mar\u00edtima, surge la necesidad de ampliaci\u00f3n del rack de tuber\u00edas del Pantal\u00e1n Reina Sof\u00eda en la Refiner\u00eda de La R\u00e1bida en el puerto de Huelva.<\/p><p>Este aumento de necesidades implica la adecuaci\u00f3n de la instalaci\u00f3n existente para poder dar servicio a la ampliaci\u00f3n de la instalaci\u00f3n. Por ello, se encarga a Proes el desarrollo del proyecto constructivo y la posterior asistencia t\u00e9cnica a la construcci\u00f3n de un nuevo rack de tuber\u00edas sobre el existente que cubriera estas necesidades. La asistencia t\u00e9cnica incluye la supervisi\u00f3n por hitos de los trabajos y el apoyo de oficina a los cuestiones que surgen durante la ejecuci\u00f3n.<\/p><p><span style=\"color: #002f53;\"><strong>Location:<\/strong><\/span> pantal\u00e1n Reina Sof\u00eda, puerto exterior de la r\u00eda de Huelva<\/p><p><span style=\"color: #002f53;\"><strong>Date:<\/strong><\/span> 2007<\/p><p><span style=\"color: #002f53;\"><strong>Scope of the project:<\/strong>\u00a0<\/span>proyecto y asistencia t\u00e9cnica<\/p>\t\t\t\t\t\t\t\t<\/div>\n\t\t\t\t<\/div>\n\t\t\t\t\t<\/div>\n\t\t\t\t<\/div>\n\t\t\t\t<\/div>","protected":false},"excerpt":{"rendered":"<p>Debido al aumento de la demanda en la operaci\u00f3n de nuevos productos por v\u00eda mar\u00edtima, surge la necesidad de ampliaci\u00f3n del rack de tuber\u00edas del Pantal\u00e1n Reina Sof\u00eda en la Refiner\u00eda de La R\u00e1bida en el puerto de Huelva. Este aumento de necesidades implica la adecuaci\u00f3n de la instalaci\u00f3n existente para poder dar servicio a [&hellip;]<\/p>","protected":false},"author":13,"featured_media":30248,"comment_status":"closed","ping_status":"closed","sticky":false,"template":"","format":"standard","meta":{"footnotes":""},"categories":[76],"tags":[10],"class_list":["post-46196","post","type-post","status-publish","format-standard","has-post-thumbnail","hentry","category-diseno-de-infraestructuras-maritimas","tag-espana"],"yoast_head":"<!-- This site is optimized with the Yoast SEO plugin v26.8 - https:\/\/yoast.com\/product\/yoast-seo-wordpress\/ -->\n<title>Proyecto y asistencia t\u00e9cnica del nuevo rack de tuber\u00edas en el pantal\u00e1n Reina Sof\u00eda del puerto de Huelva - Proes<\/title>\n<meta name=\"robots\" content=\"index, follow, max-snippet:-1, max-image-preview:large, max-video-preview:-1\" \/>\n<link rel=\"canonical\" href=\"https:\/\/www.proes.es\/en\/proyecto-y-asistencia-tecnica-del-nuevo-rack-de-tuberias-en-el-pantalan-reina-sofia-del-puerto-de-huelva\/\" \/>\n<meta property=\"og:locale\" content=\"en_GB\" \/>\n<meta property=\"og:type\" content=\"article\" \/>\n<meta property=\"og:title\" content=\"Proyecto y asistencia t\u00e9cnica del nuevo rack de tuber\u00edas en el pantal\u00e1n Reina Sof\u00eda del puerto de Huelva - Proes\" \/>\n<meta property=\"og:description\" content=\"Debido al aumento de la demanda en la operaci\u00f3n de nuevos productos por v\u00eda mar\u00edtima, surge la necesidad de ampliaci\u00f3n del rack de tuber\u00edas del Pantal\u00e1n Reina Sof\u00eda en la Refiner\u00eda de La R\u00e1bida en el puerto de Huelva. Este aumento de necesidades implica la adecuaci\u00f3n de la instalaci\u00f3n existente para poder dar servicio a [&hellip;]\" \/>\n<meta property=\"og:url\" content=\"https:\/\/www.proes.es\/en\/proyecto-y-asistencia-tecnica-del-nuevo-rack-de-tuberias-en-el-pantalan-reina-sofia-del-puerto-de-huelva\/\" \/>\n<meta property=\"og:site_name\" content=\"Proes\" \/>\n<meta property=\"article:published_time\" content=\"2024-02-13T09:07:41+00:00\" \/>\n<meta property=\"article:modified_time\" content=\"2024-07-02T11:07:43+00:00\" \/>\n<meta property=\"og:image\" content=\"https:\/\/www.proes.es\/wp-content\/uploads\/2021\/03\/IMG_3637-scaled.jpg\" \/>\n\t<meta property=\"og:image:width\" content=\"2560\" \/>\n\t<meta property=\"og:image:height\" content=\"1920\" \/>\n\t<meta property=\"og:image:type\" content=\"image\/jpeg\" \/>\n<meta name=\"author\" content=\"Maria Victoria Del Pozo Vindel\" \/>\n<meta name=\"twitter:card\" content=\"summary_large_image\" \/>\n<meta name=\"twitter:label1\" content=\"Written by\" \/>\n\t<meta name=\"twitter:data1\" content=\"Maria Victoria Del Pozo Vindel\" \/>\n\t<meta name=\"twitter:label2\" content=\"Estimated reading time\" \/>\n\t<meta name=\"twitter:data2\" content=\"1 minute\" \/>\n<script type=\"application\/ld+json\" class=\"yoast-schema-graph\">{\"@context\":\"https:\/\/schema.org\",\"@graph\":[{\"@type\":\"Article\",\"@id\":\"https:\/\/www.proes.es\/proyecto-y-asistencia-tecnica-del-nuevo-rack-de-tuberias-en-el-pantalan-reina-sofia-del-puerto-de-huelva\/#article\",\"isPartOf\":{\"@id\":\"https:\/\/www.proes.es\/proyecto-y-asistencia-tecnica-del-nuevo-rack-de-tuberias-en-el-pantalan-reina-sofia-del-puerto-de-huelva\/\"},\"author\":{\"name\":\"Maria Victoria Del Pozo Vindel\",\"@id\":\"https:\/\/p28223.grupoamper.com\/en\/#\/schema\/person\/97e415e7296dfb24d5c9c8cca875e830\"},\"headline\":\"Proyecto y asistencia t\u00e9cnica del nuevo rack de tuber\u00edas en el pantal\u00e1n Reina Sof\u00eda del puerto de Huelva\",\"datePublished\":\"2024-02-13T09:07:41+00:00\",\"dateModified\":\"2024-07-02T11:07:43+00:00\",\"mainEntityOfPage\":{\"@id\":\"https:\/\/www.proes.es\/proyecto-y-asistencia-tecnica-del-nuevo-rack-de-tuberias-en-el-pantalan-reina-sofia-del-puerto-de-huelva\/\"},\"wordCount\":181,\"publisher\":{\"@id\":\"https:\/\/p28223.grupoamper.com\/en\/#organization\"},\"image\":{\"@id\":\"https:\/\/www.proes.es\/proyecto-y-asistencia-tecnica-del-nuevo-rack-de-tuberias-en-el-pantalan-reina-sofia-del-puerto-de-huelva\/#primaryimage\"},\"thumbnailUrl\":\"https:\/\/www.proes.es\/wp-content\/uploads\/2021\/03\/IMG_3637-scaled.jpg\",\"keywords\":[\"Espa\u00f1a\"],\"articleSection\":[\"Dise\u00f1o de infraestructuras mar\u00edtimas\"],\"inLanguage\":\"en-GB\"},{\"@type\":\"WebPage\",\"@id\":\"https:\/\/www.proes.es\/proyecto-y-asistencia-tecnica-del-nuevo-rack-de-tuberias-en-el-pantalan-reina-sofia-del-puerto-de-huelva\/\",\"url\":\"https:\/\/www.proes.es\/proyecto-y-asistencia-tecnica-del-nuevo-rack-de-tuberias-en-el-pantalan-reina-sofia-del-puerto-de-huelva\/\",\"name\":\"Proyecto y asistencia t\u00e9cnica del nuevo rack de tuber\u00edas en el pantal\u00e1n Reina Sof\u00eda del puerto de Huelva - Proes\",\"isPartOf\":{\"@id\":\"https:\/\/p28223.grupoamper.com\/en\/#website\"},\"primaryImageOfPage\":{\"@id\":\"https:\/\/www.proes.es\/proyecto-y-asistencia-tecnica-del-nuevo-rack-de-tuberias-en-el-pantalan-reina-sofia-del-puerto-de-huelva\/#primaryimage\"},\"image\":{\"@id\":\"https:\/\/www.proes.es\/proyecto-y-asistencia-tecnica-del-nuevo-rack-de-tuberias-en-el-pantalan-reina-sofia-del-puerto-de-huelva\/#primaryimage\"},\"thumbnailUrl\":\"https:\/\/www.proes.es\/wp-content\/uploads\/2021\/03\/IMG_3637-scaled.jpg\",\"datePublished\":\"2024-02-13T09:07:41+00:00\",\"dateModified\":\"2024-07-02T11:07:43+00:00\",\"breadcrumb\":{\"@id\":\"https:\/\/www.proes.es\/proyecto-y-asistencia-tecnica-del-nuevo-rack-de-tuberias-en-el-pantalan-reina-sofia-del-puerto-de-huelva\/#breadcrumb\"},\"inLanguage\":\"en-GB\",\"potentialAction\":[{\"@type\":\"ReadAction\",\"target\":[\"https:\/\/www.proes.es\/proyecto-y-asistencia-tecnica-del-nuevo-rack-de-tuberias-en-el-pantalan-reina-sofia-del-puerto-de-huelva\/\"]}]},{\"@type\":\"ImageObject\",\"inLanguage\":\"en-GB\",\"@id\":\"https:\/\/www.proes.es\/proyecto-y-asistencia-tecnica-del-nuevo-rack-de-tuberias-en-el-pantalan-reina-sofia-del-puerto-de-huelva\/#primaryimage\",\"url\":\"https:\/\/www.proes.es\/wp-content\/uploads\/2021\/03\/IMG_3637-scaled.jpg\",\"contentUrl\":\"https:\/\/www.proes.es\/wp-content\/uploads\/2021\/03\/IMG_3637-scaled.jpg\",\"width\":2560,\"height\":1920},{\"@type\":\"BreadcrumbList\",\"@id\":\"https:\/\/www.proes.es\/proyecto-y-asistencia-tecnica-del-nuevo-rack-de-tuberias-en-el-pantalan-reina-sofia-del-puerto-de-huelva\/#breadcrumb\",\"itemListElement\":[{\"@type\":\"ListItem\",\"position\":1,\"name\":\"Portada\",\"item\":\"https:\/\/p28223.grupoamper.com\/en\/\"},{\"@type\":\"ListItem\",\"position\":2,\"name\":\"Proyecto y asistencia t\u00e9cnica del nuevo rack de tuber\u00edas en el pantal\u00e1n Reina Sof\u00eda del puerto de Huelva\"}]},{\"@type\":\"WebSite\",\"@id\":\"https:\/\/p28223.grupoamper.com\/en\/#website\",\"url\":\"https:\/\/p28223.grupoamper.com\/en\/\",\"name\":\"Proes\",\"description\":\"\",\"publisher\":{\"@id\":\"https:\/\/p28223.grupoamper.com\/en\/#organization\"},\"potentialAction\":[{\"@type\":\"SearchAction\",\"target\":{\"@type\":\"EntryPoint\",\"urlTemplate\":\"https:\/\/p28223.grupoamper.com\/en\/?s={search_term_string}\"},\"query-input\":{\"@type\":\"PropertyValueSpecification\",\"valueRequired\":true,\"valueName\":\"search_term_string\"}}],\"inLanguage\":\"en-GB\"},{\"@type\":\"Organization\",\"@id\":\"https:\/\/p28223.grupoamper.com\/en\/#organization\",\"name\":\"Proes\",\"url\":\"https:\/\/p28223.grupoamper.com\/en\/\",\"logo\":{\"@type\":\"ImageObject\",\"inLanguage\":\"en-GB\",\"@id\":\"https:\/\/p28223.grupoamper.com\/en\/#\/schema\/logo\/image\/\",\"url\":\"https:\/\/www.proes.es\/wp-content\/uploads\/2023\/05\/Logo-Proes.png\",\"contentUrl\":\"https:\/\/www.proes.es\/wp-content\/uploads\/2023\/05\/Logo-Proes.png\",\"width\":520,\"height\":140,\"caption\":\"Proes\"},\"image\":{\"@id\":\"https:\/\/p28223.grupoamper.com\/en\/#\/schema\/logo\/image\/\"}},{\"@type\":\"Person\",\"@id\":\"https:\/\/p28223.grupoamper.com\/en\/#\/schema\/person\/97e415e7296dfb24d5c9c8cca875e830\",\"name\":\"Maria Victoria Del Pozo Vindel\",\"image\":{\"@type\":\"ImageObject\",\"inLanguage\":\"en-GB\",\"@id\":\"https:\/\/p28223.grupoamper.com\/en\/#\/schema\/person\/image\/\",\"url\":\"https:\/\/secure.gravatar.com\/avatar\/c8eb3a2abdf0e175fcb40a96a47283720040014ac5fb9b6ea4658d8d6b726bda?s=96&d=mm&r=g\",\"contentUrl\":\"https:\/\/secure.gravatar.com\/avatar\/c8eb3a2abdf0e175fcb40a96a47283720040014ac5fb9b6ea4658d8d6b726bda?s=96&d=mm&r=g\",\"caption\":\"Maria Victoria Del Pozo Vindel\"},\"sameAs\":[\"https:\/\/Proes\"],\"url\":\"https:\/\/www.proes.es\/en\/author\/marivi-pozo\/\"}]}<\/script>\n<!-- \/ Yoast SEO plugin. -->","yoast_head_json":{"title":"Proyecto y asistencia t\u00e9cnica del nuevo rack de tuber\u00edas en el pantal\u00e1n Reina Sof\u00eda del puerto de Huelva - Proes","robots":{"index":"index","follow":"follow","max-snippet":"max-snippet:-1","max-image-preview":"max-image-preview:large","max-video-preview":"max-video-preview:-1"},"canonical":"https:\/\/www.proes.es\/en\/proyecto-y-asistencia-tecnica-del-nuevo-rack-de-tuberias-en-el-pantalan-reina-sofia-del-puerto-de-huelva\/","og_locale":"en_GB","og_type":"article","og_title":"Proyecto y asistencia t\u00e9cnica del nuevo rack de tuber\u00edas en el pantal\u00e1n Reina Sof\u00eda del puerto de Huelva - Proes","og_description":"Debido al aumento de la demanda en la operaci\u00f3n de nuevos productos por v\u00eda mar\u00edtima, surge la necesidad de ampliaci\u00f3n del rack de tuber\u00edas del Pantal\u00e1n Reina Sof\u00eda en la Refiner\u00eda de La R\u00e1bida en el puerto de Huelva. Este aumento de necesidades implica la adecuaci\u00f3n de la instalaci\u00f3n existente para poder dar servicio a [&hellip;]","og_url":"https:\/\/www.proes.es\/en\/proyecto-y-asistencia-tecnica-del-nuevo-rack-de-tuberias-en-el-pantalan-reina-sofia-del-puerto-de-huelva\/","og_site_name":"Proes","article_published_time":"2024-02-13T09:07:41+00:00","article_modified_time":"2024-07-02T11:07:43+00:00","og_image":[{"width":2560,"height":1920,"url":"https:\/\/www.proes.es\/wp-content\/uploads\/2021\/03\/IMG_3637-scaled.jpg","type":"image\/jpeg"}],"author":"Maria Victoria Del Pozo Vindel","twitter_card":"summary_large_image","twitter_misc":{"Written by":"Maria Victoria Del Pozo Vindel","Estimated reading time":"1 minute"},"schema":{"@context":"https:\/\/schema.org","@graph":[{"@type":"Article","@id":"https:\/\/www.proes.es\/proyecto-y-asistencia-tecnica-del-nuevo-rack-de-tuberias-en-el-pantalan-reina-sofia-del-puerto-de-huelva\/#article","isPartOf":{"@id":"https:\/\/www.proes.es\/proyecto-y-asistencia-tecnica-del-nuevo-rack-de-tuberias-en-el-pantalan-reina-sofia-del-puerto-de-huelva\/"},"author":{"name":"Maria Victoria Del Pozo Vindel","@id":"https:\/\/p28223.grupoamper.com\/en\/#\/schema\/person\/97e415e7296dfb24d5c9c8cca875e830"},"headline":"Proyecto y asistencia t\u00e9cnica del nuevo rack de tuber\u00edas en el pantal\u00e1n Reina Sof\u00eda del puerto de Huelva","datePublished":"2024-02-13T09:07:41+00:00","dateModified":"2024-07-02T11:07:43+00:00","mainEntityOfPage":{"@id":"https:\/\/www.proes.es\/proyecto-y-asistencia-tecnica-del-nuevo-rack-de-tuberias-en-el-pantalan-reina-sofia-del-puerto-de-huelva\/"},"wordCount":181,"publisher":{"@id":"https:\/\/p28223.grupoamper.com\/en\/#organization"},"image":{"@id":"https:\/\/www.proes.es\/proyecto-y-asistencia-tecnica-del-nuevo-rack-de-tuberias-en-el-pantalan-reina-sofia-del-puerto-de-huelva\/#primaryimage"},"thumbnailUrl":"https:\/\/www.proes.es\/wp-content\/uploads\/2021\/03\/IMG_3637-scaled.jpg","keywords":["Espa\u00f1a"],"articleSection":["Dise\u00f1o de infraestructuras mar\u00edtimas"],"inLanguage":"en-GB"},{"@type":"WebPage","@id":"https:\/\/www.proes.es\/proyecto-y-asistencia-tecnica-del-nuevo-rack-de-tuberias-en-el-pantalan-reina-sofia-del-puerto-de-huelva\/","url":"https:\/\/www.proes.es\/proyecto-y-asistencia-tecnica-del-nuevo-rack-de-tuberias-en-el-pantalan-reina-sofia-del-puerto-de-huelva\/","name":"Proyecto y asistencia t\u00e9cnica del nuevo rack de tuber\u00edas en el pantal\u00e1n Reina Sof\u00eda del puerto de Huelva - Proes","isPartOf":{"@id":"https:\/\/p28223.grupoamper.com\/en\/#website"},"primaryImageOfPage":{"@id":"https:\/\/www.proes.es\/proyecto-y-asistencia-tecnica-del-nuevo-rack-de-tuberias-en-el-pantalan-reina-sofia-del-puerto-de-huelva\/#primaryimage"},"image":{"@id":"https:\/\/www.proes.es\/proyecto-y-asistencia-tecnica-del-nuevo-rack-de-tuberias-en-el-pantalan-reina-sofia-del-puerto-de-huelva\/#primaryimage"},"thumbnailUrl":"https:\/\/www.proes.es\/wp-content\/uploads\/2021\/03\/IMG_3637-scaled.jpg","datePublished":"2024-02-13T09:07:41+00:00","dateModified":"2024-07-02T11:07:43+00:00","breadcrumb":{"@id":"https:\/\/www.proes.es\/proyecto-y-asistencia-tecnica-del-nuevo-rack-de-tuberias-en-el-pantalan-reina-sofia-del-puerto-de-huelva\/#breadcrumb"},"inLanguage":"en-GB","potentialAction":[{"@type":"ReadAction","target":["https:\/\/www.proes.es\/proyecto-y-asistencia-tecnica-del-nuevo-rack-de-tuberias-en-el-pantalan-reina-sofia-del-puerto-de-huelva\/"]}]},{"@type":"ImageObject","inLanguage":"en-GB","@id":"https:\/\/www.proes.es\/proyecto-y-asistencia-tecnica-del-nuevo-rack-de-tuberias-en-el-pantalan-reina-sofia-del-puerto-de-huelva\/#primaryimage","url":"https:\/\/www.proes.es\/wp-content\/uploads\/2021\/03\/IMG_3637-scaled.jpg","contentUrl":"https:\/\/www.proes.es\/wp-content\/uploads\/2021\/03\/IMG_3637-scaled.jpg","width":2560,"height":1920},{"@type":"BreadcrumbList","@id":"https:\/\/www.proes.es\/proyecto-y-asistencia-tecnica-del-nuevo-rack-de-tuberias-en-el-pantalan-reina-sofia-del-puerto-de-huelva\/#breadcrumb","itemListElement":[{"@type":"ListItem","position":1,"name":"Portada","item":"https:\/\/p28223.grupoamper.com\/en\/"},{"@type":"ListItem","position":2,"name":"Proyecto y asistencia t\u00e9cnica del nuevo rack de tuber\u00edas en el pantal\u00e1n Reina Sof\u00eda del puerto de Huelva"}]},{"@type":"WebSite","@id":"https:\/\/p28223.grupoamper.com\/en\/#website","url":"https:\/\/p28223.grupoamper.com\/en\/","name":"Proes,","description":"","publisher":{"@id":"https:\/\/p28223.grupoamper.com\/en\/#organization"},"potentialAction":[{"@type":"SearchAction","target":{"@type":"EntryPoint","urlTemplate":"https:\/\/p28223.grupoamper.com\/en\/?s={search_term_string}"},"query-input":{"@type":"PropertyValueSpecification","valueRequired":true,"valueName":"search_term_string"}}],"inLanguage":"en-GB"},{"@type":"Organization","@id":"https:\/\/p28223.grupoamper.com\/en\/#organization","name":"Proes,","url":"https:\/\/p28223.grupoamper.com\/en\/","logo":{"@type":"ImageObject","inLanguage":"en-GB","@id":"https:\/\/p28223.grupoamper.com\/en\/#\/schema\/logo\/image\/","url":"https:\/\/www.proes.es\/wp-content\/uploads\/2023\/05\/Logo-Proes.png","contentUrl":"https:\/\/www.proes.es\/wp-content\/uploads\/2023\/05\/Logo-Proes.png","width":520,"height":140,"caption":"Proes"},"image":{"@id":"https:\/\/p28223.grupoamper.com\/en\/#\/schema\/logo\/image\/"}},{"@type":"Person","@id":"https:\/\/p28223.grupoamper.com\/en\/#\/schema\/person\/97e415e7296dfb24d5c9c8cca875e830","name":"Maria Victoria Del Pozo Vindel","image":{"@type":"ImageObject","inLanguage":"en-GB","@id":"https:\/\/p28223.grupoamper.com\/en\/#\/schema\/person\/image\/","url":"https:\/\/secure.gravatar.com\/avatar\/c8eb3a2abdf0e175fcb40a96a47283720040014ac5fb9b6ea4658d8d6b726bda?s=96&d=mm&r=g","contentUrl":"https:\/\/secure.gravatar.com\/avatar\/c8eb3a2abdf0e175fcb40a96a47283720040014ac5fb9b6ea4658d8d6b726bda?s=96&d=mm&r=g","caption":"Maria Victoria Del Pozo Vindel"},"sameAs":["https:\/\/Proes"],"url":"https:\/\/www.proes.es\/en\/author\/marivi-pozo\/"}]}},"_links":{"self":[{"href":"https:\/\/www.proes.es\/en\/wp-json\/wp\/v2\/posts\/46196","targetHints":{"allow":["GET"]}}],"collection":[{"href":"https:\/\/www.proes.es\/en\/wp-json\/wp\/v2\/posts"}],"about":[{"href":"https:\/\/www.proes.es\/en\/wp-json\/wp\/v2\/types\/post"}],"author":[{"embeddable":true,"href":"https:\/\/www.proes.es\/en\/wp-json\/wp\/v2\/users\/13"}],"replies":[{"embeddable":true,"href":"https:\/\/www.proes.es\/en\/wp-json\/wp\/v2\/comments?post=46196"}],"version-history":[{"count":7,"href":"https:\/\/www.proes.es\/en\/wp-json\/wp\/v2\/posts\/46196\/revisions"}],"predecessor-version":[{"id":47018,"href":"https:\/\/www.proes.es\/en\/wp-json\/wp\/v2\/posts\/46196\/revisions\/47018"}],"wp:featuredmedia":[{"embeddable":true,"href":"https:\/\/www.proes.es\/en\/wp-json\/wp\/v2\/media\/30248"}],"wp:attachment":[{"href":"https:\/\/www.proes.es\/en\/wp-json\/wp\/v2\/media?parent=46196"}],"wp:term":[{"taxonomy":"category","embeddable":true,"href":"https:\/\/www.proes.es\/en\/wp-json\/wp\/v2\/categories?post=46196"},{"taxonomy":"post_tag","embeddable":true,"href":"https:\/\/www.proes.es\/en\/wp-json\/wp\/v2\/tags?post=46196"}],"curies":[{"name":"wp","href":"https:\/\/api.w.org\/{rel}","templated":true}]}}