{"id":46208,"date":"2024-02-13T11:23:08","date_gmt":"2024-02-13T10:23:08","guid":{"rendered":"https:\/\/www.proes.es\/?p=46208"},"modified":"2024-07-02T13:07:31","modified_gmt":"2024-07-02T11:07:31","slug":"direccion-de-obra-y-asistencia-tecnica-de-un-nuevo-atraque-en-el-pantalan-reina-sofia-del-puerto-de-huelva","status":"publish","type":"post","link":"https:\/\/www.proes.es\/en\/direccion-de-obra-y-asistencia-tecnica-de-un-nuevo-atraque-en-el-pantalan-reina-sofia-del-puerto-de-huelva\/","title":{"rendered":"Project management and technical assistance for a new berth at the Reina Sofia jetty in the port of Huelva"},"content":{"rendered":"<div data-elementor-type=\"wp-post\" data-elementor-id=\"46208\" class=\"elementor elementor-46208\" data-elementor-post-type=\"post\">\n\t\t\t\t<div class=\"elementor-element elementor-element-3cdfe8a e-flex e-con-boxed e-con e-parent\" data-id=\"3cdfe8a\" data-element_type=\"container\">\n\t\t\t\t\t<div class=\"e-con-inner\">\n\t\t\t\t<div class=\"elementor-element elementor-element-33d9f86 elementor-widget elementor-widget-image\" data-id=\"33d9f86\" data-element_type=\"widget\" data-widget_type=\"image.default\">\n\t\t\t\t<div class=\"elementor-widget-container\">\n\t\t\t\t\t\t\t\t\t\t\t\t\t\t\t<img fetchpriority=\"high\" decoding=\"async\" width=\"2560\" height=\"1906\" src=\"https:\/\/www.proes.es\/wp-content\/uploads\/2023\/07\/Foto-3_By-courtesy-of-CEPSA-scaled.jpg\" class=\"attachment-full size-full wp-image-35930\" alt=\"\" srcset=\"https:\/\/www.proes.es\/wp-content\/uploads\/2023\/07\/Foto-3_By-courtesy-of-CEPSA-scaled.jpg 2560w, https:\/\/www.proes.es\/wp-content\/uploads\/2023\/07\/Foto-3_By-courtesy-of-CEPSA-300x223.jpg 300w, https:\/\/www.proes.es\/wp-content\/uploads\/2023\/07\/Foto-3_By-courtesy-of-CEPSA-1024x762.jpg 1024w, https:\/\/www.proes.es\/wp-content\/uploads\/2023\/07\/Foto-3_By-courtesy-of-CEPSA-768x572.jpg 768w, https:\/\/www.proes.es\/wp-content\/uploads\/2023\/07\/Foto-3_By-courtesy-of-CEPSA-1536x1144.jpg 1536w, https:\/\/www.proes.es\/wp-content\/uploads\/2023\/07\/Foto-3_By-courtesy-of-CEPSA-2048x1525.jpg 2048w, https:\/\/www.proes.es\/wp-content\/uploads\/2023\/07\/Foto-3_By-courtesy-of-CEPSA-16x12.jpg 16w\" sizes=\"(max-width: 2560px) 100vw, 2560px\" \/>\t\t\t\t\t\t\t\t\t\t\t\t\t\t\t<\/div>\n\t\t\t\t<\/div>\n\t\t\t\t\t<\/div>\n\t\t\t\t<\/div>\n\t\t<div class=\"elementor-element elementor-element-d37ad5a e-flex e-con-boxed e-con e-parent\" data-id=\"d37ad5a\" data-element_type=\"container\">\n\t\t\t\t\t<div class=\"e-con-inner\">\n\t\t<div class=\"elementor-element elementor-element-d49d1e0 e-con-full e-flex e-con e-child\" data-id=\"d49d1e0\" data-element_type=\"container\">\n\t\t\t\t<div class=\"elementor-element elementor-element-38c1739 elementor-widget elementor-widget-text-editor\" data-id=\"38c1739\" data-element_type=\"widget\" data-widget_type=\"text-editor.default\">\n\t\t\t\t<div class=\"elementor-widget-container\">\n\t\t\t\t\t\t\t\t\t<p style=\"text-align: center;\">10.343.000 \u20ac<\/p>\t\t\t\t\t\t\t\t<\/div>\n\t\t\t\t<\/div>\n\t\t\t\t<div class=\"elementor-element elementor-element-2ae89aa elementor-widget-divider--view-line elementor-widget elementor-widget-divider\" data-id=\"2ae89aa\" data-element_type=\"widget\" data-widget_type=\"divider.default\">\n\t\t\t\t<div class=\"elementor-widget-container\">\n\t\t\t\t\t\t\t<div class=\"elementor-divider\">\n\t\t\t<span class=\"elementor-divider-separator\">\n\t\t\t\t\t\t<\/span>\n\t\t<\/div>\n\t\t\t\t\t\t<\/div>\n\t\t\t\t<\/div>\n\t\t\t\t<div class=\"elementor-element elementor-element-facb681 elementor-widget elementor-widget-text-editor\" data-id=\"facb681\" data-element_type=\"widget\" data-widget_type=\"text-editor.default\">\n\t\t\t\t<div class=\"elementor-widget-container\">\n\t\t\t\t\t\t\t\t\t<p>Budget&nbsp;<\/p>\t\t\t\t\t\t\t\t<\/div>\n\t\t\t\t<\/div>\n\t\t\t\t<\/div>\n\t\t\t\t\t<\/div>\n\t\t\t\t<\/div>\n\t\t<div class=\"elementor-element elementor-element-dac5cb7 e-flex e-con-boxed e-con e-parent\" data-id=\"dac5cb7\" data-element_type=\"container\">\n\t\t\t\t\t<div class=\"e-con-inner\">\n\t\t\t\t<div class=\"elementor-element elementor-element-a2134c5 elementor-widget__width-initial elementor-widget elementor-widget-text-editor\" data-id=\"a2134c5\" data-element_type=\"widget\" data-widget_type=\"text-editor.default\">\n\t\t\t\t<div class=\"elementor-widget-container\">\n\t\t\t\t\t\t\t\t\t<p>The purpose of the project is to define the works carried out for the construction of a new berthing front on the left bank of the Huelva estuary, to provide service to the vessels operating on that jetty.<\/p><p>It is a new berthing front in extension of the east berth of the Reina Sofia jetty, advanced by 95 m, but maintaining the same alignment. The separation between the central axes of the existing jetty and the new one is approximately 525 m, with a draft of 13 m in the berthing pit.<\/p><p><span style=\"color: #002f53;\"><strong>Location:<\/strong><\/span>\u00a0Reina Sof\u00eda jetty, Huelva estuary<\/p><p><span style=\"color: #002f53;\"><strong>Date:<\/strong><\/span> 2008-2010<\/p><p><span style=\"color: #002f53;\"><strong>Scope of the project:<\/strong><\/span>\u00a0project management and technical assistance<\/p>\t\t\t\t\t\t\t\t<\/div>\n\t\t\t\t<\/div>\n\t\t\t\t\t<\/div>\n\t\t\t\t<\/div>\n\t\t\t\t<\/div>","protected":false},"excerpt":{"rendered":"<p>10.343.000 \u20ac PEM&nbsp; El proyecto tiene por objeto la definici\u00f3n de las obras realizadas para la construcci\u00f3n de un nuevo frente de atraque en la margen izquierda de la r\u00eda de Huelva, para dar servicio a los buques que operan en dicho pantal\u00e1n. Se trata de un nuevo frente de atraque en prolongaci\u00f3n con el [&hellip;]<\/p>","protected":false},"author":13,"featured_media":35930,"comment_status":"closed","ping_status":"closed","sticky":false,"template":"","format":"standard","meta":{"footnotes":""},"categories":[76],"tags":[10],"class_list":["post-46208","post","type-post","status-publish","format-standard","has-post-thumbnail","hentry","category-diseno-de-infraestructuras-maritimas","tag-espana"],"yoast_head":"<!-- This site is optimized with the Yoast SEO plugin v26.8 - https:\/\/yoast.com\/product\/yoast-seo-wordpress\/ -->\n<title>Direcci\u00f3n de obra y asistencia t\u00e9cnica de un nuevo atraque en el pantal\u00e1n Reina Sof\u00eda del puerto de Huelva - Proes<\/title>\n<meta name=\"robots\" content=\"index, follow, max-snippet:-1, max-image-preview:large, max-video-preview:-1\" \/>\n<link rel=\"canonical\" href=\"https:\/\/p28223.grupoamper.com\/direccion-de-obra-y-asistencia-tecnica-de-un-nuevo-atraque-en-el-pantalan-reina-sofia-del-puerto-de-huelva\/\" \/>\n<meta property=\"og:locale\" content=\"en_GB\" \/>\n<meta property=\"og:type\" content=\"article\" \/>\n<meta property=\"og:title\" content=\"Direcci\u00f3n de obra y asistencia t\u00e9cnica de un nuevo atraque en el pantal\u00e1n Reina Sof\u00eda del puerto de Huelva - Proes\" \/>\n<meta property=\"og:description\" content=\"10.343.000 \u20ac PEM&nbsp; El proyecto tiene por objeto la definici\u00f3n de las obras realizadas para la construcci\u00f3n de un nuevo frente de atraque en la margen izquierda de la r\u00eda de Huelva, para dar servicio a los buques que operan en dicho pantal\u00e1n. Se trata de un nuevo frente de atraque en prolongaci\u00f3n con el [&hellip;]\" \/>\n<meta property=\"og:url\" content=\"https:\/\/p28223.grupoamper.com\/direccion-de-obra-y-asistencia-tecnica-de-un-nuevo-atraque-en-el-pantalan-reina-sofia-del-puerto-de-huelva\/\" \/>\n<meta property=\"og:site_name\" content=\"Proes\" \/>\n<meta property=\"article:published_time\" content=\"2024-02-13T10:23:08+00:00\" \/>\n<meta property=\"article:modified_time\" content=\"2024-07-02T11:07:31+00:00\" \/>\n<meta property=\"og:image\" content=\"https:\/\/p28223.grupoamper.com\/wp-content\/uploads\/2023\/07\/Foto-3_By-courtesy-of-CEPSA-scaled.jpg\" \/>\n\t<meta property=\"og:image:width\" content=\"2560\" \/>\n\t<meta property=\"og:image:height\" content=\"1906\" \/>\n\t<meta property=\"og:image:type\" content=\"image\/jpeg\" \/>\n<meta name=\"author\" content=\"Maria Victoria Del Pozo Vindel\" \/>\n<meta name=\"twitter:card\" content=\"summary_large_image\" \/>\n<meta name=\"twitter:label1\" content=\"Written by\" \/>\n\t<meta name=\"twitter:data1\" content=\"Maria Victoria Del Pozo Vindel\" \/>\n\t<meta name=\"twitter:label2\" content=\"Estimated reading time\" \/>\n\t<meta name=\"twitter:data2\" content=\"1 minute\" \/>\n<script type=\"application\/ld+json\" class=\"yoast-schema-graph\">{\"@context\":\"https:\/\/schema.org\",\"@graph\":[{\"@type\":\"Article\",\"@id\":\"https:\/\/p28223.grupoamper.com\/direccion-de-obra-y-asistencia-tecnica-de-un-nuevo-atraque-en-el-pantalan-reina-sofia-del-puerto-de-huelva\/#article\",\"isPartOf\":{\"@id\":\"https:\/\/p28223.grupoamper.com\/direccion-de-obra-y-asistencia-tecnica-de-un-nuevo-atraque-en-el-pantalan-reina-sofia-del-puerto-de-huelva\/\"},\"author\":{\"name\":\"Maria Victoria Del Pozo Vindel\",\"@id\":\"https:\/\/p28223.grupoamper.com\/en\/#\/schema\/person\/97e415e7296dfb24d5c9c8cca875e830\"},\"headline\":\"Direcci\u00f3n de obra y asistencia t\u00e9cnica de un nuevo atraque en el pantal\u00e1n Reina Sof\u00eda del puerto de Huelva\",\"datePublished\":\"2024-02-13T10:23:08+00:00\",\"dateModified\":\"2024-07-02T11:07:31+00:00\",\"mainEntityOfPage\":{\"@id\":\"https:\/\/p28223.grupoamper.com\/direccion-de-obra-y-asistencia-tecnica-de-un-nuevo-atraque-en-el-pantalan-reina-sofia-del-puerto-de-huelva\/\"},\"wordCount\":151,\"publisher\":{\"@id\":\"https:\/\/p28223.grupoamper.com\/en\/#organization\"},\"image\":{\"@id\":\"https:\/\/p28223.grupoamper.com\/direccion-de-obra-y-asistencia-tecnica-de-un-nuevo-atraque-en-el-pantalan-reina-sofia-del-puerto-de-huelva\/#primaryimage\"},\"thumbnailUrl\":\"https:\/\/www.proes.es\/wp-content\/uploads\/2023\/07\/Foto-3_By-courtesy-of-CEPSA-scaled.jpg\",\"keywords\":[\"Espa\u00f1a\"],\"articleSection\":[\"Dise\u00f1o de infraestructuras mar\u00edtimas\"],\"inLanguage\":\"en-GB\"},{\"@type\":\"WebPage\",\"@id\":\"https:\/\/p28223.grupoamper.com\/direccion-de-obra-y-asistencia-tecnica-de-un-nuevo-atraque-en-el-pantalan-reina-sofia-del-puerto-de-huelva\/\",\"url\":\"https:\/\/p28223.grupoamper.com\/direccion-de-obra-y-asistencia-tecnica-de-un-nuevo-atraque-en-el-pantalan-reina-sofia-del-puerto-de-huelva\/\",\"name\":\"Direcci\u00f3n de obra y asistencia t\u00e9cnica de un nuevo atraque en el pantal\u00e1n Reina Sof\u00eda del puerto de Huelva - Proes\",\"isPartOf\":{\"@id\":\"https:\/\/p28223.grupoamper.com\/en\/#website\"},\"primaryImageOfPage\":{\"@id\":\"https:\/\/p28223.grupoamper.com\/direccion-de-obra-y-asistencia-tecnica-de-un-nuevo-atraque-en-el-pantalan-reina-sofia-del-puerto-de-huelva\/#primaryimage\"},\"image\":{\"@id\":\"https:\/\/p28223.grupoamper.com\/direccion-de-obra-y-asistencia-tecnica-de-un-nuevo-atraque-en-el-pantalan-reina-sofia-del-puerto-de-huelva\/#primaryimage\"},\"thumbnailUrl\":\"https:\/\/www.proes.es\/wp-content\/uploads\/2023\/07\/Foto-3_By-courtesy-of-CEPSA-scaled.jpg\",\"datePublished\":\"2024-02-13T10:23:08+00:00\",\"dateModified\":\"2024-07-02T11:07:31+00:00\",\"breadcrumb\":{\"@id\":\"https:\/\/p28223.grupoamper.com\/direccion-de-obra-y-asistencia-tecnica-de-un-nuevo-atraque-en-el-pantalan-reina-sofia-del-puerto-de-huelva\/#breadcrumb\"},\"inLanguage\":\"en-GB\",\"potentialAction\":[{\"@type\":\"ReadAction\",\"target\":[\"https:\/\/p28223.grupoamper.com\/direccion-de-obra-y-asistencia-tecnica-de-un-nuevo-atraque-en-el-pantalan-reina-sofia-del-puerto-de-huelva\/\"]}]},{\"@type\":\"ImageObject\",\"inLanguage\":\"en-GB\",\"@id\":\"https:\/\/p28223.grupoamper.com\/direccion-de-obra-y-asistencia-tecnica-de-un-nuevo-atraque-en-el-pantalan-reina-sofia-del-puerto-de-huelva\/#primaryimage\",\"url\":\"https:\/\/www.proes.es\/wp-content\/uploads\/2023\/07\/Foto-3_By-courtesy-of-CEPSA-scaled.jpg\",\"contentUrl\":\"https:\/\/www.proes.es\/wp-content\/uploads\/2023\/07\/Foto-3_By-courtesy-of-CEPSA-scaled.jpg\",\"width\":2560,\"height\":1906},{\"@type\":\"BreadcrumbList\",\"@id\":\"https:\/\/p28223.grupoamper.com\/direccion-de-obra-y-asistencia-tecnica-de-un-nuevo-atraque-en-el-pantalan-reina-sofia-del-puerto-de-huelva\/#breadcrumb\",\"itemListElement\":[{\"@type\":\"ListItem\",\"position\":1,\"name\":\"Portada\",\"item\":\"https:\/\/p28223.grupoamper.com\/en\/\"},{\"@type\":\"ListItem\",\"position\":2,\"name\":\"Direcci\u00f3n de obra y asistencia t\u00e9cnica de un nuevo atraque en el pantal\u00e1n Reina Sof\u00eda del puerto de Huelva\"}]},{\"@type\":\"WebSite\",\"@id\":\"https:\/\/p28223.grupoamper.com\/en\/#website\",\"url\":\"https:\/\/p28223.grupoamper.com\/en\/\",\"name\":\"Proes\",\"description\":\"\",\"publisher\":{\"@id\":\"https:\/\/p28223.grupoamper.com\/en\/#organization\"},\"potentialAction\":[{\"@type\":\"SearchAction\",\"target\":{\"@type\":\"EntryPoint\",\"urlTemplate\":\"https:\/\/p28223.grupoamper.com\/en\/?s={search_term_string}\"},\"query-input\":{\"@type\":\"PropertyValueSpecification\",\"valueRequired\":true,\"valueName\":\"search_term_string\"}}],\"inLanguage\":\"en-GB\"},{\"@type\":\"Organization\",\"@id\":\"https:\/\/p28223.grupoamper.com\/en\/#organization\",\"name\":\"Proes\",\"url\":\"https:\/\/p28223.grupoamper.com\/en\/\",\"logo\":{\"@type\":\"ImageObject\",\"inLanguage\":\"en-GB\",\"@id\":\"https:\/\/p28223.grupoamper.com\/en\/#\/schema\/logo\/image\/\",\"url\":\"https:\/\/www.proes.es\/wp-content\/uploads\/2023\/05\/Logo-Proes.png\",\"contentUrl\":\"https:\/\/www.proes.es\/wp-content\/uploads\/2023\/05\/Logo-Proes.png\",\"width\":520,\"height\":140,\"caption\":\"Proes\"},\"image\":{\"@id\":\"https:\/\/p28223.grupoamper.com\/en\/#\/schema\/logo\/image\/\"}},{\"@type\":\"Person\",\"@id\":\"https:\/\/p28223.grupoamper.com\/en\/#\/schema\/person\/97e415e7296dfb24d5c9c8cca875e830\",\"name\":\"Maria Victoria Del Pozo Vindel\",\"image\":{\"@type\":\"ImageObject\",\"inLanguage\":\"en-GB\",\"@id\":\"https:\/\/p28223.grupoamper.com\/en\/#\/schema\/person\/image\/\",\"url\":\"https:\/\/secure.gravatar.com\/avatar\/c8eb3a2abdf0e175fcb40a96a47283720040014ac5fb9b6ea4658d8d6b726bda?s=96&d=mm&r=g\",\"contentUrl\":\"https:\/\/secure.gravatar.com\/avatar\/c8eb3a2abdf0e175fcb40a96a47283720040014ac5fb9b6ea4658d8d6b726bda?s=96&d=mm&r=g\",\"caption\":\"Maria Victoria Del Pozo Vindel\"},\"sameAs\":[\"https:\/\/Proes\"],\"url\":\"https:\/\/www.proes.es\/en\/author\/marivi-pozo\/\"}]}<\/script>\n<!-- \/ Yoast SEO plugin. -->","yoast_head_json":{"title":"Direcci\u00f3n de obra y asistencia t\u00e9cnica de un nuevo atraque en el pantal\u00e1n Reina Sof\u00eda del puerto de Huelva - Proes","robots":{"index":"index","follow":"follow","max-snippet":"max-snippet:-1","max-image-preview":"max-image-preview:large","max-video-preview":"max-video-preview:-1"},"canonical":"https:\/\/p28223.grupoamper.com\/direccion-de-obra-y-asistencia-tecnica-de-un-nuevo-atraque-en-el-pantalan-reina-sofia-del-puerto-de-huelva\/","og_locale":"en_GB","og_type":"article","og_title":"Direcci\u00f3n de obra y asistencia t\u00e9cnica de un nuevo atraque en el pantal\u00e1n Reina Sof\u00eda del puerto de Huelva - Proes","og_description":"10.343.000 \u20ac PEM&nbsp; El proyecto tiene por objeto la definici\u00f3n de las obras realizadas para la construcci\u00f3n de un nuevo frente de atraque en la margen izquierda de la r\u00eda de Huelva, para dar servicio a los buques que operan en dicho pantal\u00e1n. Se trata de un nuevo frente de atraque en prolongaci\u00f3n con el [&hellip;]","og_url":"https:\/\/p28223.grupoamper.com\/direccion-de-obra-y-asistencia-tecnica-de-un-nuevo-atraque-en-el-pantalan-reina-sofia-del-puerto-de-huelva\/","og_site_name":"Proes","article_published_time":"2024-02-13T10:23:08+00:00","article_modified_time":"2024-07-02T11:07:31+00:00","og_image":[{"width":2560,"height":1906,"url":"https:\/\/p28223.grupoamper.com\/wp-content\/uploads\/2023\/07\/Foto-3_By-courtesy-of-CEPSA-scaled.jpg","type":"image\/jpeg"}],"author":"Maria Victoria Del Pozo Vindel","twitter_card":"summary_large_image","twitter_misc":{"Written by":"Maria Victoria Del Pozo Vindel","Estimated reading time":"1 minute"},"schema":{"@context":"https:\/\/schema.org","@graph":[{"@type":"Article","@id":"https:\/\/p28223.grupoamper.com\/direccion-de-obra-y-asistencia-tecnica-de-un-nuevo-atraque-en-el-pantalan-reina-sofia-del-puerto-de-huelva\/#article","isPartOf":{"@id":"https:\/\/p28223.grupoamper.com\/direccion-de-obra-y-asistencia-tecnica-de-un-nuevo-atraque-en-el-pantalan-reina-sofia-del-puerto-de-huelva\/"},"author":{"name":"Maria Victoria Del Pozo Vindel","@id":"https:\/\/p28223.grupoamper.com\/en\/#\/schema\/person\/97e415e7296dfb24d5c9c8cca875e830"},"headline":"Direcci\u00f3n de obra y asistencia t\u00e9cnica de un nuevo atraque en el pantal\u00e1n Reina Sof\u00eda del puerto de Huelva","datePublished":"2024-02-13T10:23:08+00:00","dateModified":"2024-07-02T11:07:31+00:00","mainEntityOfPage":{"@id":"https:\/\/p28223.grupoamper.com\/direccion-de-obra-y-asistencia-tecnica-de-un-nuevo-atraque-en-el-pantalan-reina-sofia-del-puerto-de-huelva\/"},"wordCount":151,"publisher":{"@id":"https:\/\/p28223.grupoamper.com\/en\/#organization"},"image":{"@id":"https:\/\/p28223.grupoamper.com\/direccion-de-obra-y-asistencia-tecnica-de-un-nuevo-atraque-en-el-pantalan-reina-sofia-del-puerto-de-huelva\/#primaryimage"},"thumbnailUrl":"https:\/\/www.proes.es\/wp-content\/uploads\/2023\/07\/Foto-3_By-courtesy-of-CEPSA-scaled.jpg","keywords":["Espa\u00f1a"],"articleSection":["Dise\u00f1o de infraestructuras mar\u00edtimas"],"inLanguage":"en-GB"},{"@type":"WebPage","@id":"https:\/\/p28223.grupoamper.com\/direccion-de-obra-y-asistencia-tecnica-de-un-nuevo-atraque-en-el-pantalan-reina-sofia-del-puerto-de-huelva\/","url":"https:\/\/p28223.grupoamper.com\/direccion-de-obra-y-asistencia-tecnica-de-un-nuevo-atraque-en-el-pantalan-reina-sofia-del-puerto-de-huelva\/","name":"Direcci\u00f3n de obra y asistencia t\u00e9cnica de un nuevo atraque en el pantal\u00e1n Reina Sof\u00eda del puerto de Huelva - Proes","isPartOf":{"@id":"https:\/\/p28223.grupoamper.com\/en\/#website"},"primaryImageOfPage":{"@id":"https:\/\/p28223.grupoamper.com\/direccion-de-obra-y-asistencia-tecnica-de-un-nuevo-atraque-en-el-pantalan-reina-sofia-del-puerto-de-huelva\/#primaryimage"},"image":{"@id":"https:\/\/p28223.grupoamper.com\/direccion-de-obra-y-asistencia-tecnica-de-un-nuevo-atraque-en-el-pantalan-reina-sofia-del-puerto-de-huelva\/#primaryimage"},"thumbnailUrl":"https:\/\/www.proes.es\/wp-content\/uploads\/2023\/07\/Foto-3_By-courtesy-of-CEPSA-scaled.jpg","datePublished":"2024-02-13T10:23:08+00:00","dateModified":"2024-07-02T11:07:31+00:00","breadcrumb":{"@id":"https:\/\/p28223.grupoamper.com\/direccion-de-obra-y-asistencia-tecnica-de-un-nuevo-atraque-en-el-pantalan-reina-sofia-del-puerto-de-huelva\/#breadcrumb"},"inLanguage":"en-GB","potentialAction":[{"@type":"ReadAction","target":["https:\/\/p28223.grupoamper.com\/direccion-de-obra-y-asistencia-tecnica-de-un-nuevo-atraque-en-el-pantalan-reina-sofia-del-puerto-de-huelva\/"]}]},{"@type":"ImageObject","inLanguage":"en-GB","@id":"https:\/\/p28223.grupoamper.com\/direccion-de-obra-y-asistencia-tecnica-de-un-nuevo-atraque-en-el-pantalan-reina-sofia-del-puerto-de-huelva\/#primaryimage","url":"https:\/\/www.proes.es\/wp-content\/uploads\/2023\/07\/Foto-3_By-courtesy-of-CEPSA-scaled.jpg","contentUrl":"https:\/\/www.proes.es\/wp-content\/uploads\/2023\/07\/Foto-3_By-courtesy-of-CEPSA-scaled.jpg","width":2560,"height":1906},{"@type":"BreadcrumbList","@id":"https:\/\/p28223.grupoamper.com\/direccion-de-obra-y-asistencia-tecnica-de-un-nuevo-atraque-en-el-pantalan-reina-sofia-del-puerto-de-huelva\/#breadcrumb","itemListElement":[{"@type":"ListItem","position":1,"name":"Portada","item":"https:\/\/p28223.grupoamper.com\/en\/"},{"@type":"ListItem","position":2,"name":"Direcci\u00f3n de obra y asistencia t\u00e9cnica de un nuevo atraque en el pantal\u00e1n Reina Sof\u00eda del puerto de Huelva"}]},{"@type":"WebSite","@id":"https:\/\/p28223.grupoamper.com\/en\/#website","url":"https:\/\/p28223.grupoamper.com\/en\/","name":"Proes,","description":"","publisher":{"@id":"https:\/\/p28223.grupoamper.com\/en\/#organization"},"potentialAction":[{"@type":"SearchAction","target":{"@type":"EntryPoint","urlTemplate":"https:\/\/p28223.grupoamper.com\/en\/?s={search_term_string}"},"query-input":{"@type":"PropertyValueSpecification","valueRequired":true,"valueName":"search_term_string"}}],"inLanguage":"en-GB"},{"@type":"Organization","@id":"https:\/\/p28223.grupoamper.com\/en\/#organization","name":"Proes,","url":"https:\/\/p28223.grupoamper.com\/en\/","logo":{"@type":"ImageObject","inLanguage":"en-GB","@id":"https:\/\/p28223.grupoamper.com\/en\/#\/schema\/logo\/image\/","url":"https:\/\/www.proes.es\/wp-content\/uploads\/2023\/05\/Logo-Proes.png","contentUrl":"https:\/\/www.proes.es\/wp-content\/uploads\/2023\/05\/Logo-Proes.png","width":520,"height":140,"caption":"Proes"},"image":{"@id":"https:\/\/p28223.grupoamper.com\/en\/#\/schema\/logo\/image\/"}},{"@type":"Person","@id":"https:\/\/p28223.grupoamper.com\/en\/#\/schema\/person\/97e415e7296dfb24d5c9c8cca875e830","name":"Maria Victoria Del Pozo Vindel","image":{"@type":"ImageObject","inLanguage":"en-GB","@id":"https:\/\/p28223.grupoamper.com\/en\/#\/schema\/person\/image\/","url":"https:\/\/secure.gravatar.com\/avatar\/c8eb3a2abdf0e175fcb40a96a47283720040014ac5fb9b6ea4658d8d6b726bda?s=96&d=mm&r=g","contentUrl":"https:\/\/secure.gravatar.com\/avatar\/c8eb3a2abdf0e175fcb40a96a47283720040014ac5fb9b6ea4658d8d6b726bda?s=96&d=mm&r=g","caption":"Maria Victoria Del Pozo Vindel"},"sameAs":["https:\/\/Proes"],"url":"https:\/\/www.proes.es\/en\/author\/marivi-pozo\/"}]}},"_links":{"self":[{"href":"https:\/\/www.proes.es\/en\/wp-json\/wp\/v2\/posts\/46208","targetHints":{"allow":["GET"]}}],"collection":[{"href":"https:\/\/www.proes.es\/en\/wp-json\/wp\/v2\/posts"}],"about":[{"href":"https:\/\/www.proes.es\/en\/wp-json\/wp\/v2\/types\/post"}],"author":[{"embeddable":true,"href":"https:\/\/www.proes.es\/en\/wp-json\/wp\/v2\/users\/13"}],"replies":[{"embeddable":true,"href":"https:\/\/www.proes.es\/en\/wp-json\/wp\/v2\/comments?post=46208"}],"version-history":[{"count":7,"href":"https:\/\/www.proes.es\/en\/wp-json\/wp\/v2\/posts\/46208\/revisions"}],"predecessor-version":[{"id":47015,"href":"https:\/\/www.proes.es\/en\/wp-json\/wp\/v2\/posts\/46208\/revisions\/47015"}],"wp:featuredmedia":[{"embeddable":true,"href":"https:\/\/www.proes.es\/en\/wp-json\/wp\/v2\/media\/35930"}],"wp:attachment":[{"href":"https:\/\/www.proes.es\/en\/wp-json\/wp\/v2\/media?parent=46208"}],"wp:term":[{"taxonomy":"category","embeddable":true,"href":"https:\/\/www.proes.es\/en\/wp-json\/wp\/v2\/categories?post=46208"},{"taxonomy":"post_tag","embeddable":true,"href":"https:\/\/www.proes.es\/en\/wp-json\/wp\/v2\/tags?post=46208"}],"curies":[{"name":"wp","href":"https:\/\/api.w.org\/{rel}","templated":true}]}}