{"id":46231,"date":"2024-02-13T12:11:28","date_gmt":"2024-02-13T11:11:28","guid":{"rendered":"https:\/\/www.proes.es\/?p=46231"},"modified":"2024-07-02T13:07:17","modified_gmt":"2024-07-02T11:07:17","slug":"armado-del-cajon-de-celdas-circulares-del-puerto-de-ciutadella-menorca-2","status":"publish","type":"post","link":"https:\/\/www.proes.es\/en\/armado-del-cajon-de-celdas-circulares-del-puerto-de-ciutadella-menorca-2\/","title":{"rendered":"Reinforcement of the circular cells box at the port of Ciutadella, Menorca"},"content":{"rendered":"<div data-elementor-type=\"wp-post\" data-elementor-id=\"46231\" class=\"elementor elementor-46231\" data-elementor-post-type=\"post\">\n\t\t\t\t<div class=\"elementor-element elementor-element-3cdfe8a e-flex e-con-boxed e-con e-parent\" data-id=\"3cdfe8a\" data-element_type=\"container\">\n\t\t\t\t\t<div class=\"e-con-inner\">\n\t\t\t\t<div class=\"elementor-element elementor-element-33d9f86 elementor-widget elementor-widget-image\" data-id=\"33d9f86\" data-element_type=\"widget\" data-widget_type=\"image.default\">\n\t\t\t\t<div class=\"elementor-widget-container\">\n\t\t\t\t\t\t\t\t\t\t\t\t\t\t\t<img fetchpriority=\"high\" decoding=\"async\" width=\"1200\" height=\"675\" src=\"https:\/\/p28223.grupoamper.com\/wp-content\/uploads\/2021\/03\/vista-aerea-del-puerto-de-ciutadella.jpg\" class=\"attachment-full size-full wp-image-30286\" alt=\"\" srcset=\"https:\/\/p28223.grupoamper.com\/wp-content\/uploads\/2021\/03\/vista-aerea-del-puerto-de-ciutadella.jpg 1200w, https:\/\/p28223.grupoamper.com\/wp-content\/uploads\/2021\/03\/vista-aerea-del-puerto-de-ciutadella-300x169.jpg 300w, https:\/\/p28223.grupoamper.com\/wp-content\/uploads\/2021\/03\/vista-aerea-del-puerto-de-ciutadella-1024x576.jpg 1024w, https:\/\/p28223.grupoamper.com\/wp-content\/uploads\/2021\/03\/vista-aerea-del-puerto-de-ciutadella-768x432.jpg 768w\" sizes=\"(max-width: 1200px) 100vw, 1200px\" \/>\t\t\t\t\t\t\t\t\t\t\t\t\t\t\t<\/div>\n\t\t\t\t<\/div>\n\t\t\t\t\t<\/div>\n\t\t\t\t<\/div>\n\t\t<div class=\"elementor-element elementor-element-d37ad5a e-flex e-con-boxed e-con e-parent\" data-id=\"d37ad5a\" data-element_type=\"container\">\n\t\t\t\t\t<div class=\"e-con-inner\">\n\t\t<div class=\"elementor-element elementor-element-d49d1e0 e-con-full e-flex e-con e-child\" data-id=\"d49d1e0\" data-element_type=\"container\">\n\t\t\t\t<div class=\"elementor-element elementor-element-38c1739 elementor-widget elementor-widget-text-editor\" data-id=\"38c1739\" data-element_type=\"widget\" data-widget_type=\"text-editor.default\">\n\t\t\t\t<div class=\"elementor-widget-container\">\n\t\t\t\t\t\t\t\t\t<p style=\"text-align: center;\">29,70 m<\/p>\t\t\t\t\t\t\t\t<\/div>\n\t\t\t\t<\/div>\n\t\t\t\t<div class=\"elementor-element elementor-element-2ae89aa elementor-widget-divider--view-line elementor-widget elementor-widget-divider\" data-id=\"2ae89aa\" data-element_type=\"widget\" data-widget_type=\"divider.default\">\n\t\t\t\t<div class=\"elementor-widget-container\">\n\t\t\t\t\t\t\t<div class=\"elementor-divider\">\n\t\t\t<span class=\"elementor-divider-separator\">\n\t\t\t\t\t\t<\/span>\n\t\t<\/div>\n\t\t\t\t\t\t<\/div>\n\t\t\t\t<\/div>\n\t\t\t\t<div class=\"elementor-element elementor-element-facb681 elementor-widget elementor-widget-text-editor\" data-id=\"facb681\" data-element_type=\"widget\" data-widget_type=\"text-editor.default\">\n\t\t\t\t<div class=\"elementor-widget-container\">\n\t\t\t\t\t\t\t\t\t<p>overall lenght\u00a0<\/p>\t\t\t\t\t\t\t\t<\/div>\n\t\t\t\t<\/div>\n\t\t\t\t<\/div>\n\t\t<div class=\"elementor-element elementor-element-2f9e185 e-con-full e-flex e-con e-child\" data-id=\"2f9e185\" data-element_type=\"container\">\n\t\t\t\t<div class=\"elementor-element elementor-element-5021c4d elementor-widget elementor-widget-text-editor\" data-id=\"5021c4d\" data-element_type=\"widget\" data-widget_type=\"text-editor.default\">\n\t\t\t\t<div class=\"elementor-widget-container\">\n\t\t\t\t\t\t\t\t\t<p style=\"text-align: center;\">3,51 m<\/p>\t\t\t\t\t\t\t\t<\/div>\n\t\t\t\t<\/div>\n\t\t\t\t<div class=\"elementor-element elementor-element-0f3f9ce elementor-widget-divider--view-line elementor-widget elementor-widget-divider\" data-id=\"0f3f9ce\" data-element_type=\"widget\" data-widget_type=\"divider.default\">\n\t\t\t\t<div class=\"elementor-widget-container\">\n\t\t\t\t\t\t\t<div class=\"elementor-divider\">\n\t\t\t<span class=\"elementor-divider-separator\">\n\t\t\t\t\t\t<\/span>\n\t\t<\/div>\n\t\t\t\t\t\t<\/div>\n\t\t\t\t<\/div>\n\t\t\t\t<div class=\"elementor-element elementor-element-e69e077 elementor-widget elementor-widget-text-editor\" data-id=\"e69e077\" data-element_type=\"widget\" data-widget_type=\"text-editor.default\">\n\t\t\t\t<div class=\"elementor-widget-container\">\n\t\t\t\t\t\t\t\t\t<p>circular cell diameter<\/p>\t\t\t\t\t\t\t\t<\/div>\n\t\t\t\t<\/div>\n\t\t\t\t<\/div>\n\t\t\t\t\t<\/div>\n\t\t\t\t<\/div>\n\t\t<div class=\"elementor-element elementor-element-dac5cb7 e-flex e-con-boxed e-con e-parent\" data-id=\"dac5cb7\" data-element_type=\"container\">\n\t\t\t\t\t<div class=\"e-con-inner\">\n\t\t\t\t<div class=\"elementor-element elementor-element-a2134c5 elementor-widget__width-initial elementor-widget elementor-widget-text-editor\" data-id=\"a2134c5\" data-element_type=\"widget\" data-widget_type=\"text-editor.default\">\n\t\t\t\t<div class=\"elementor-widget-container\">\n\t\t\t\t\t\t\t\t\t<p>The objective of the project is the structural calculation and definition of the reinforcement of the caissons that make up the inner dock of the port, for which a three-dimensional finite element model has been developed.<\/p><p>In the calculation of the stresses exerted on the caisson it is necessary to evaluate the different combinations of the load hypotheses. The evaluation of the design actions of the shelter is carried out according to ROM 0.2-90 Actions in the dimensioning of port works.<\/p><p><span style=\"color: #002f53;\"><strong>Location:<\/strong><\/span>\u00a0port of Ciutadella, Menorca, Balearic Islands<\/p><p><span style=\"color: #002f53;\"><strong>Date:<\/strong><\/span> 2007-2008<\/p><p><span style=\"color: #002f53;\"><strong>Scope of the project:<\/strong><\/span>\u00a0calculation of caisson assembly<\/p><p><span style=\"color: #002f53;\"><strong>Significant data:<\/strong>\u00a0<\/span>length overall 29.70 m, beam in sill 11.5 m, sill overhang 0.745 m, depth 13.75 m, diameter of circular cell 3.51 m<\/p>\t\t\t\t\t\t\t\t<\/div>\n\t\t\t\t<\/div>\n\t\t\t\t\t<\/div>\n\t\t\t\t<\/div>\n\t\t\t\t<\/div>","protected":false},"excerpt":{"rendered":"<p>29,70 m eslora total\u00a0 3,51 m di\u00e1metro de celda circular El proyecto tiene como objetivo el c\u00e1lculo estructural y definici\u00f3n de armadura los cajones que conforman el dique interior del puerto, para lo cual se ha desarrollado un modelo tridimensional de elementos finitos. En el c\u00e1lculo de los esfuerzos que se ejercen sobre el caj\u00f3n [&hellip;]<\/p>","protected":false},"author":13,"featured_media":30286,"comment_status":"closed","ping_status":"closed","sticky":false,"template":"","format":"standard","meta":{"footnotes":""},"categories":[76],"tags":[10],"class_list":["post-46231","post","type-post","status-publish","format-standard","has-post-thumbnail","hentry","category-diseno-de-infraestructuras-maritimas","tag-espana"],"yoast_head":"<!-- This site is optimized with the Yoast SEO plugin v26.8 - https:\/\/yoast.com\/product\/yoast-seo-wordpress\/ -->\n<title>Armado del caj\u00f3n de celdas circulares del puerto de Ciutadella, Menorca - Proes<\/title>\n<meta name=\"robots\" content=\"index, follow, max-snippet:-1, max-image-preview:large, max-video-preview:-1\" \/>\n<link rel=\"canonical\" href=\"https:\/\/p28223.grupoamper.com\/armado-del-cajon-de-celdas-circulares-del-puerto-de-ciutadella-menorca-2\/\" \/>\n<meta property=\"og:locale\" content=\"en_GB\" \/>\n<meta property=\"og:type\" content=\"article\" \/>\n<meta property=\"og:title\" content=\"Armado del caj\u00f3n de celdas circulares del puerto de Ciutadella, Menorca - Proes\" \/>\n<meta property=\"og:description\" content=\"29,70 m eslora total\u00a0 3,51 m di\u00e1metro de celda circular El proyecto tiene como objetivo el c\u00e1lculo estructural y definici\u00f3n de armadura los cajones que conforman el dique interior del puerto, para lo cual se ha desarrollado un modelo tridimensional de elementos finitos. En el c\u00e1lculo de los esfuerzos que se ejercen sobre el caj\u00f3n [&hellip;]\" \/>\n<meta property=\"og:url\" content=\"https:\/\/p28223.grupoamper.com\/armado-del-cajon-de-celdas-circulares-del-puerto-de-ciutadella-menorca-2\/\" \/>\n<meta property=\"og:site_name\" content=\"Proes\" \/>\n<meta property=\"article:published_time\" content=\"2024-02-13T11:11:28+00:00\" \/>\n<meta property=\"article:modified_time\" content=\"2024-07-02T11:07:17+00:00\" \/>\n<meta property=\"og:image\" content=\"https:\/\/p28223.grupoamper.com\/wp-content\/uploads\/2021\/03\/vista-aerea-del-puerto-de-ciutadella.jpg\" \/>\n\t<meta property=\"og:image:width\" content=\"1200\" \/>\n\t<meta property=\"og:image:height\" content=\"675\" \/>\n\t<meta property=\"og:image:type\" content=\"image\/jpeg\" \/>\n<meta name=\"author\" content=\"Maria Victoria Del Pozo Vindel\" \/>\n<meta name=\"twitter:card\" content=\"summary_large_image\" \/>\n<meta name=\"twitter:label1\" content=\"Written by\" \/>\n\t<meta name=\"twitter:data1\" content=\"Maria Victoria Del Pozo Vindel\" \/>\n\t<meta name=\"twitter:label2\" content=\"Estimated reading time\" \/>\n\t<meta name=\"twitter:data2\" content=\"1 minute\" \/>\n<script type=\"application\/ld+json\" class=\"yoast-schema-graph\">{\"@context\":\"https:\/\/schema.org\",\"@graph\":[{\"@type\":\"Article\",\"@id\":\"https:\/\/p28223.grupoamper.com\/armado-del-cajon-de-celdas-circulares-del-puerto-de-ciutadella-menorca-2\/#article\",\"isPartOf\":{\"@id\":\"https:\/\/p28223.grupoamper.com\/armado-del-cajon-de-celdas-circulares-del-puerto-de-ciutadella-menorca-2\/\"},\"author\":{\"name\":\"Maria Victoria Del Pozo Vindel\",\"@id\":\"https:\/\/p28223.grupoamper.com\/en\/#\/schema\/person\/97e415e7296dfb24d5c9c8cca875e830\"},\"headline\":\"Armado del caj\u00f3n de celdas circulares del puerto de Ciutadella, Menorca\",\"datePublished\":\"2024-02-13T11:11:28+00:00\",\"dateModified\":\"2024-07-02T11:07:17+00:00\",\"mainEntityOfPage\":{\"@id\":\"https:\/\/p28223.grupoamper.com\/armado-del-cajon-de-celdas-circulares-del-puerto-de-ciutadella-menorca-2\/\"},\"wordCount\":152,\"publisher\":{\"@id\":\"https:\/\/p28223.grupoamper.com\/en\/#organization\"},\"image\":{\"@id\":\"https:\/\/p28223.grupoamper.com\/armado-del-cajon-de-celdas-circulares-del-puerto-de-ciutadella-menorca-2\/#primaryimage\"},\"thumbnailUrl\":\"https:\/\/www.proes.es\/wp-content\/uploads\/2021\/03\/vista-aerea-del-puerto-de-ciutadella.jpg\",\"keywords\":[\"Espa\u00f1a\"],\"articleSection\":[\"Dise\u00f1o de infraestructuras mar\u00edtimas\"],\"inLanguage\":\"en-GB\"},{\"@type\":\"WebPage\",\"@id\":\"https:\/\/p28223.grupoamper.com\/armado-del-cajon-de-celdas-circulares-del-puerto-de-ciutadella-menorca-2\/\",\"url\":\"https:\/\/p28223.grupoamper.com\/armado-del-cajon-de-celdas-circulares-del-puerto-de-ciutadella-menorca-2\/\",\"name\":\"Armado del caj\u00f3n de celdas circulares del puerto de Ciutadella, Menorca - Proes\",\"isPartOf\":{\"@id\":\"https:\/\/p28223.grupoamper.com\/en\/#website\"},\"primaryImageOfPage\":{\"@id\":\"https:\/\/p28223.grupoamper.com\/armado-del-cajon-de-celdas-circulares-del-puerto-de-ciutadella-menorca-2\/#primaryimage\"},\"image\":{\"@id\":\"https:\/\/p28223.grupoamper.com\/armado-del-cajon-de-celdas-circulares-del-puerto-de-ciutadella-menorca-2\/#primaryimage\"},\"thumbnailUrl\":\"https:\/\/www.proes.es\/wp-content\/uploads\/2021\/03\/vista-aerea-del-puerto-de-ciutadella.jpg\",\"datePublished\":\"2024-02-13T11:11:28+00:00\",\"dateModified\":\"2024-07-02T11:07:17+00:00\",\"breadcrumb\":{\"@id\":\"https:\/\/p28223.grupoamper.com\/armado-del-cajon-de-celdas-circulares-del-puerto-de-ciutadella-menorca-2\/#breadcrumb\"},\"inLanguage\":\"en-GB\",\"potentialAction\":[{\"@type\":\"ReadAction\",\"target\":[\"https:\/\/p28223.grupoamper.com\/armado-del-cajon-de-celdas-circulares-del-puerto-de-ciutadella-menorca-2\/\"]}]},{\"@type\":\"ImageObject\",\"inLanguage\":\"en-GB\",\"@id\":\"https:\/\/p28223.grupoamper.com\/armado-del-cajon-de-celdas-circulares-del-puerto-de-ciutadella-menorca-2\/#primaryimage\",\"url\":\"https:\/\/www.proes.es\/wp-content\/uploads\/2021\/03\/vista-aerea-del-puerto-de-ciutadella.jpg\",\"contentUrl\":\"https:\/\/www.proes.es\/wp-content\/uploads\/2021\/03\/vista-aerea-del-puerto-de-ciutadella.jpg\",\"width\":1200,\"height\":675},{\"@type\":\"BreadcrumbList\",\"@id\":\"https:\/\/p28223.grupoamper.com\/armado-del-cajon-de-celdas-circulares-del-puerto-de-ciutadella-menorca-2\/#breadcrumb\",\"itemListElement\":[{\"@type\":\"ListItem\",\"position\":1,\"name\":\"Portada\",\"item\":\"https:\/\/p28223.grupoamper.com\/en\/\"},{\"@type\":\"ListItem\",\"position\":2,\"name\":\"Armado del caj\u00f3n de celdas circulares del puerto de Ciutadella, Menorca\"}]},{\"@type\":\"WebSite\",\"@id\":\"https:\/\/p28223.grupoamper.com\/en\/#website\",\"url\":\"https:\/\/p28223.grupoamper.com\/en\/\",\"name\":\"Proes\",\"description\":\"\",\"publisher\":{\"@id\":\"https:\/\/p28223.grupoamper.com\/en\/#organization\"},\"potentialAction\":[{\"@type\":\"SearchAction\",\"target\":{\"@type\":\"EntryPoint\",\"urlTemplate\":\"https:\/\/p28223.grupoamper.com\/en\/?s={search_term_string}\"},\"query-input\":{\"@type\":\"PropertyValueSpecification\",\"valueRequired\":true,\"valueName\":\"search_term_string\"}}],\"inLanguage\":\"en-GB\"},{\"@type\":\"Organization\",\"@id\":\"https:\/\/p28223.grupoamper.com\/en\/#organization\",\"name\":\"Proes\",\"url\":\"https:\/\/p28223.grupoamper.com\/en\/\",\"logo\":{\"@type\":\"ImageObject\",\"inLanguage\":\"en-GB\",\"@id\":\"https:\/\/p28223.grupoamper.com\/en\/#\/schema\/logo\/image\/\",\"url\":\"https:\/\/www.proes.es\/wp-content\/uploads\/2023\/05\/Logo-Proes.png\",\"contentUrl\":\"https:\/\/www.proes.es\/wp-content\/uploads\/2023\/05\/Logo-Proes.png\",\"width\":520,\"height\":140,\"caption\":\"Proes\"},\"image\":{\"@id\":\"https:\/\/p28223.grupoamper.com\/en\/#\/schema\/logo\/image\/\"}},{\"@type\":\"Person\",\"@id\":\"https:\/\/p28223.grupoamper.com\/en\/#\/schema\/person\/97e415e7296dfb24d5c9c8cca875e830\",\"name\":\"Maria Victoria Del Pozo Vindel\",\"image\":{\"@type\":\"ImageObject\",\"inLanguage\":\"en-GB\",\"@id\":\"https:\/\/p28223.grupoamper.com\/en\/#\/schema\/person\/image\/\",\"url\":\"https:\/\/secure.gravatar.com\/avatar\/c8eb3a2abdf0e175fcb40a96a47283720040014ac5fb9b6ea4658d8d6b726bda?s=96&d=mm&r=g\",\"contentUrl\":\"https:\/\/secure.gravatar.com\/avatar\/c8eb3a2abdf0e175fcb40a96a47283720040014ac5fb9b6ea4658d8d6b726bda?s=96&d=mm&r=g\",\"caption\":\"Maria Victoria Del Pozo Vindel\"},\"sameAs\":[\"https:\/\/Proes\"],\"url\":\"https:\/\/www.proes.es\/en\/author\/marivi-pozo\/\"}]}<\/script>\n<!-- \/ Yoast SEO plugin. -->","yoast_head_json":{"title":"Armado del caj\u00f3n de celdas circulares del puerto de Ciutadella, Menorca - Proes","robots":{"index":"index","follow":"follow","max-snippet":"max-snippet:-1","max-image-preview":"max-image-preview:large","max-video-preview":"max-video-preview:-1"},"canonical":"https:\/\/p28223.grupoamper.com\/armado-del-cajon-de-celdas-circulares-del-puerto-de-ciutadella-menorca-2\/","og_locale":"en_GB","og_type":"article","og_title":"Armado del caj\u00f3n de celdas circulares del puerto de Ciutadella, Menorca - Proes","og_description":"29,70 m eslora total\u00a0 3,51 m di\u00e1metro de celda circular El proyecto tiene como objetivo el c\u00e1lculo estructural y definici\u00f3n de armadura los cajones que conforman el dique interior del puerto, para lo cual se ha desarrollado un modelo tridimensional de elementos finitos. En el c\u00e1lculo de los esfuerzos que se ejercen sobre el caj\u00f3n [&hellip;]","og_url":"https:\/\/p28223.grupoamper.com\/armado-del-cajon-de-celdas-circulares-del-puerto-de-ciutadella-menorca-2\/","og_site_name":"Proes","article_published_time":"2024-02-13T11:11:28+00:00","article_modified_time":"2024-07-02T11:07:17+00:00","og_image":[{"width":1200,"height":675,"url":"https:\/\/p28223.grupoamper.com\/wp-content\/uploads\/2021\/03\/vista-aerea-del-puerto-de-ciutadella.jpg","type":"image\/jpeg"}],"author":"Maria Victoria Del Pozo Vindel","twitter_card":"summary_large_image","twitter_misc":{"Written by":"Maria Victoria Del Pozo Vindel","Estimated reading time":"1 minute"},"schema":{"@context":"https:\/\/schema.org","@graph":[{"@type":"Article","@id":"https:\/\/p28223.grupoamper.com\/armado-del-cajon-de-celdas-circulares-del-puerto-de-ciutadella-menorca-2\/#article","isPartOf":{"@id":"https:\/\/p28223.grupoamper.com\/armado-del-cajon-de-celdas-circulares-del-puerto-de-ciutadella-menorca-2\/"},"author":{"name":"Maria Victoria Del Pozo Vindel","@id":"https:\/\/p28223.grupoamper.com\/en\/#\/schema\/person\/97e415e7296dfb24d5c9c8cca875e830"},"headline":"Armado del caj\u00f3n de celdas circulares del puerto de Ciutadella, Menorca","datePublished":"2024-02-13T11:11:28+00:00","dateModified":"2024-07-02T11:07:17+00:00","mainEntityOfPage":{"@id":"https:\/\/p28223.grupoamper.com\/armado-del-cajon-de-celdas-circulares-del-puerto-de-ciutadella-menorca-2\/"},"wordCount":152,"publisher":{"@id":"https:\/\/p28223.grupoamper.com\/en\/#organization"},"image":{"@id":"https:\/\/p28223.grupoamper.com\/armado-del-cajon-de-celdas-circulares-del-puerto-de-ciutadella-menorca-2\/#primaryimage"},"thumbnailUrl":"https:\/\/www.proes.es\/wp-content\/uploads\/2021\/03\/vista-aerea-del-puerto-de-ciutadella.jpg","keywords":["Espa\u00f1a"],"articleSection":["Dise\u00f1o de infraestructuras mar\u00edtimas"],"inLanguage":"en-GB"},{"@type":"WebPage","@id":"https:\/\/p28223.grupoamper.com\/armado-del-cajon-de-celdas-circulares-del-puerto-de-ciutadella-menorca-2\/","url":"https:\/\/p28223.grupoamper.com\/armado-del-cajon-de-celdas-circulares-del-puerto-de-ciutadella-menorca-2\/","name":"Armado del caj\u00f3n de celdas circulares del puerto de Ciutadella, Menorca - Proes","isPartOf":{"@id":"https:\/\/p28223.grupoamper.com\/en\/#website"},"primaryImageOfPage":{"@id":"https:\/\/p28223.grupoamper.com\/armado-del-cajon-de-celdas-circulares-del-puerto-de-ciutadella-menorca-2\/#primaryimage"},"image":{"@id":"https:\/\/p28223.grupoamper.com\/armado-del-cajon-de-celdas-circulares-del-puerto-de-ciutadella-menorca-2\/#primaryimage"},"thumbnailUrl":"https:\/\/www.proes.es\/wp-content\/uploads\/2021\/03\/vista-aerea-del-puerto-de-ciutadella.jpg","datePublished":"2024-02-13T11:11:28+00:00","dateModified":"2024-07-02T11:07:17+00:00","breadcrumb":{"@id":"https:\/\/p28223.grupoamper.com\/armado-del-cajon-de-celdas-circulares-del-puerto-de-ciutadella-menorca-2\/#breadcrumb"},"inLanguage":"en-GB","potentialAction":[{"@type":"ReadAction","target":["https:\/\/p28223.grupoamper.com\/armado-del-cajon-de-celdas-circulares-del-puerto-de-ciutadella-menorca-2\/"]}]},{"@type":"ImageObject","inLanguage":"en-GB","@id":"https:\/\/p28223.grupoamper.com\/armado-del-cajon-de-celdas-circulares-del-puerto-de-ciutadella-menorca-2\/#primaryimage","url":"https:\/\/www.proes.es\/wp-content\/uploads\/2021\/03\/vista-aerea-del-puerto-de-ciutadella.jpg","contentUrl":"https:\/\/www.proes.es\/wp-content\/uploads\/2021\/03\/vista-aerea-del-puerto-de-ciutadella.jpg","width":1200,"height":675},{"@type":"BreadcrumbList","@id":"https:\/\/p28223.grupoamper.com\/armado-del-cajon-de-celdas-circulares-del-puerto-de-ciutadella-menorca-2\/#breadcrumb","itemListElement":[{"@type":"ListItem","position":1,"name":"Portada","item":"https:\/\/p28223.grupoamper.com\/en\/"},{"@type":"ListItem","position":2,"name":"Armado del caj\u00f3n de celdas circulares del puerto de Ciutadella, Menorca"}]},{"@type":"WebSite","@id":"https:\/\/p28223.grupoamper.com\/en\/#website","url":"https:\/\/p28223.grupoamper.com\/en\/","name":"Proes,","description":"","publisher":{"@id":"https:\/\/p28223.grupoamper.com\/en\/#organization"},"potentialAction":[{"@type":"SearchAction","target":{"@type":"EntryPoint","urlTemplate":"https:\/\/p28223.grupoamper.com\/en\/?s={search_term_string}"},"query-input":{"@type":"PropertyValueSpecification","valueRequired":true,"valueName":"search_term_string"}}],"inLanguage":"en-GB"},{"@type":"Organization","@id":"https:\/\/p28223.grupoamper.com\/en\/#organization","name":"Proes,","url":"https:\/\/p28223.grupoamper.com\/en\/","logo":{"@type":"ImageObject","inLanguage":"en-GB","@id":"https:\/\/p28223.grupoamper.com\/en\/#\/schema\/logo\/image\/","url":"https:\/\/www.proes.es\/wp-content\/uploads\/2023\/05\/Logo-Proes.png","contentUrl":"https:\/\/www.proes.es\/wp-content\/uploads\/2023\/05\/Logo-Proes.png","width":520,"height":140,"caption":"Proes"},"image":{"@id":"https:\/\/p28223.grupoamper.com\/en\/#\/schema\/logo\/image\/"}},{"@type":"Person","@id":"https:\/\/p28223.grupoamper.com\/en\/#\/schema\/person\/97e415e7296dfb24d5c9c8cca875e830","name":"Maria Victoria Del Pozo Vindel","image":{"@type":"ImageObject","inLanguage":"en-GB","@id":"https:\/\/p28223.grupoamper.com\/en\/#\/schema\/person\/image\/","url":"https:\/\/secure.gravatar.com\/avatar\/c8eb3a2abdf0e175fcb40a96a47283720040014ac5fb9b6ea4658d8d6b726bda?s=96&d=mm&r=g","contentUrl":"https:\/\/secure.gravatar.com\/avatar\/c8eb3a2abdf0e175fcb40a96a47283720040014ac5fb9b6ea4658d8d6b726bda?s=96&d=mm&r=g","caption":"Maria Victoria Del Pozo Vindel"},"sameAs":["https:\/\/Proes"],"url":"https:\/\/www.proes.es\/en\/author\/marivi-pozo\/"}]}},"_links":{"self":[{"href":"https:\/\/www.proes.es\/en\/wp-json\/wp\/v2\/posts\/46231","targetHints":{"allow":["GET"]}}],"collection":[{"href":"https:\/\/www.proes.es\/en\/wp-json\/wp\/v2\/posts"}],"about":[{"href":"https:\/\/www.proes.es\/en\/wp-json\/wp\/v2\/types\/post"}],"author":[{"embeddable":true,"href":"https:\/\/www.proes.es\/en\/wp-json\/wp\/v2\/users\/13"}],"replies":[{"embeddable":true,"href":"https:\/\/www.proes.es\/en\/wp-json\/wp\/v2\/comments?post=46231"}],"version-history":[{"count":7,"href":"https:\/\/www.proes.es\/en\/wp-json\/wp\/v2\/posts\/46231\/revisions"}],"predecessor-version":[{"id":47012,"href":"https:\/\/www.proes.es\/en\/wp-json\/wp\/v2\/posts\/46231\/revisions\/47012"}],"wp:featuredmedia":[{"embeddable":true,"href":"https:\/\/www.proes.es\/en\/wp-json\/wp\/v2\/media\/30286"}],"wp:attachment":[{"href":"https:\/\/www.proes.es\/en\/wp-json\/wp\/v2\/media?parent=46231"}],"wp:term":[{"taxonomy":"category","embeddable":true,"href":"https:\/\/www.proes.es\/en\/wp-json\/wp\/v2\/categories?post=46231"},{"taxonomy":"post_tag","embeddable":true,"href":"https:\/\/www.proes.es\/en\/wp-json\/wp\/v2\/tags?post=46231"}],"curies":[{"name":"wp","href":"https:\/\/api.w.org\/{rel}","templated":true}]}}