{"id":46256,"date":"2024-02-13T12:38:03","date_gmt":"2024-02-13T11:38:03","guid":{"rendered":"https:\/\/www.proes.es\/?p=46256"},"modified":"2025-05-19T11:27:05","modified_gmt":"2025-05-19T09:27:05","slug":"proyecto-de-licitacion-del-muelle-de-la-granadilla-santa-cruz-de-tenerife","status":"publish","type":"post","link":"https:\/\/www.proes.es\/en\/proyecto-de-licitacion-del-muelle-de-la-granadilla-santa-cruz-de-tenerife\/","title":{"rendered":"Bidding project for the La Granadilla wharf, Santa Cruz de Tenerife"},"content":{"rendered":"<div data-elementor-type=\"wp-post\" data-elementor-id=\"46256\" class=\"elementor elementor-46256\" data-elementor-post-type=\"post\">\n\t\t\t\t<div class=\"elementor-element elementor-element-3cdfe8a e-flex e-con-boxed e-con e-parent\" data-id=\"3cdfe8a\" data-element_type=\"container\">\n\t\t\t\t\t<div class=\"e-con-inner\">\n\t\t\t\t<div class=\"elementor-element elementor-element-33d9f86 elementor-widget elementor-widget-image\" data-id=\"33d9f86\" data-element_type=\"widget\" data-widget_type=\"image.default\">\n\t\t\t\t<div class=\"elementor-widget-container\">\n\t\t\t\t\t\t\t\t\t\t\t\t\t\t\t<img fetchpriority=\"high\" decoding=\"async\" width=\"1200\" height=\"675\" src=\"https:\/\/www.proes.es\/wp-content\/uploads\/2021\/03\/granadilla.jpg\" class=\"attachment-full size-full wp-image-38449\" alt=\"\" srcset=\"https:\/\/www.proes.es\/wp-content\/uploads\/2021\/03\/granadilla.jpg 1200w, https:\/\/www.proes.es\/wp-content\/uploads\/2021\/03\/granadilla-300x169.jpg 300w, https:\/\/www.proes.es\/wp-content\/uploads\/2021\/03\/granadilla-1024x576.jpg 1024w, https:\/\/www.proes.es\/wp-content\/uploads\/2021\/03\/granadilla-768x432.jpg 768w, https:\/\/www.proes.es\/wp-content\/uploads\/2021\/03\/granadilla-18x10.jpg 18w\" sizes=\"(max-width: 1200px) 100vw, 1200px\" \/>\t\t\t\t\t\t\t\t\t\t\t\t\t\t\t<\/div>\n\t\t\t\t<\/div>\n\t\t\t\t\t<\/div>\n\t\t\t\t<\/div>\n\t\t<div class=\"elementor-element elementor-element-d37ad5a e-flex e-con-boxed e-con e-parent\" data-id=\"d37ad5a\" data-element_type=\"container\">\n\t\t\t\t\t<div class=\"e-con-inner\">\n\t\t<div class=\"elementor-element elementor-element-d49d1e0 e-con-full e-flex e-con e-child\" data-id=\"d49d1e0\" data-element_type=\"container\">\n\t\t\t\t<div class=\"elementor-element elementor-element-38c1739 elementor-widget elementor-widget-text-editor\" data-id=\"38c1739\" data-element_type=\"widget\" data-widget_type=\"text-editor.default\">\n\t\t\t\t<div class=\"elementor-widget-container\">\n\t\t\t\t\t\t\t\t\t<p style=\"text-align: center;\">1.150 m<\/p>\t\t\t\t\t\t\t\t<\/div>\n\t\t\t\t<\/div>\n\t\t\t\t<div class=\"elementor-element elementor-element-2ae89aa elementor-widget-divider--view-line elementor-widget elementor-widget-divider\" data-id=\"2ae89aa\" data-element_type=\"widget\" data-widget_type=\"divider.default\">\n\t\t\t\t<div class=\"elementor-widget-container\">\n\t\t\t\t\t\t\t<div class=\"elementor-divider\">\n\t\t\t<span class=\"elementor-divider-separator\">\n\t\t\t\t\t\t<\/span>\n\t\t<\/div>\n\t\t\t\t\t\t<\/div>\n\t\t\t\t<\/div>\n\t\t\t\t<div class=\"elementor-element elementor-element-facb681 elementor-widget elementor-widget-text-editor\" data-id=\"facb681\" data-element_type=\"widget\" data-widget_type=\"text-editor.default\">\n\t\t\t\t<div class=\"elementor-widget-container\">\n\t\t\t\t\t\t\t\t\t<p>contradique\u00a0<\/p>\t\t\t\t\t\t\t\t<\/div>\n\t\t\t\t<\/div>\n\t\t\t\t<\/div>\n\t\t<div class=\"elementor-element elementor-element-2f9e185 e-con-full e-flex e-con e-child\" data-id=\"2f9e185\" data-element_type=\"container\">\n\t\t\t\t<div class=\"elementor-element elementor-element-5021c4d elementor-widget elementor-widget-text-editor\" data-id=\"5021c4d\" data-element_type=\"widget\" data-widget_type=\"text-editor.default\">\n\t\t\t\t<div class=\"elementor-widget-container\">\n\t\t\t\t\t\t\t\t\t<p style=\"text-align: center;\">2.512 m<\/p>\t\t\t\t\t\t\t\t<\/div>\n\t\t\t\t<\/div>\n\t\t\t\t<div class=\"elementor-element elementor-element-0f3f9ce elementor-widget-divider--view-line elementor-widget elementor-widget-divider\" data-id=\"0f3f9ce\" data-element_type=\"widget\" data-widget_type=\"divider.default\">\n\t\t\t\t<div class=\"elementor-widget-container\">\n\t\t\t\t\t\t\t<div class=\"elementor-divider\">\n\t\t\t<span class=\"elementor-divider-separator\">\n\t\t\t\t\t\t<\/span>\n\t\t<\/div>\n\t\t\t\t\t\t<\/div>\n\t\t\t\t<\/div>\n\t\t\t\t<div class=\"elementor-element elementor-element-e69e077 elementor-widget elementor-widget-text-editor\" data-id=\"e69e077\" data-element_type=\"widget\" data-widget_type=\"text-editor.default\">\n\t\t\t\t<div class=\"elementor-widget-container\">\n\t\t\t\t\t\t\t\t\t<p>dique exterior<\/p>\t\t\t\t\t\t\t\t<\/div>\n\t\t\t\t<\/div>\n\t\t\t\t<\/div>\n\t\t\t\t\t<\/div>\n\t\t\t\t<\/div>\n\t\t<div class=\"elementor-element elementor-element-dac5cb7 e-flex e-con-boxed e-con e-parent\" data-id=\"dac5cb7\" data-element_type=\"container\">\n\t\t\t\t\t<div class=\"e-con-inner\">\n\t\t\t\t<div class=\"elementor-element elementor-element-a2134c5 elementor-widget__width-initial elementor-widget elementor-widget-text-editor\" data-id=\"a2134c5\" data-element_type=\"widget\" data-widget_type=\"text-editor.default\">\n\t\t\t\t<div class=\"elementor-widget-container\">\n\t\t\t\t\t\t\t\t\t<p>El puerto Industrial de Granadilla es un puerto situado en el municipio de Granadilla de Abona en el sureste de la isla de Tenerife (Canarias, Espa\u00f1a). Se trata de una obra complementaria del puerto de Santa Cruz de Tenerife y destinada a dotar de instalaciones necesarias a distintos tipos de tr\u00e1fico, captar nuevos tr\u00e1ficos y cubrir incrementos. Constituye el mayor puerto industrial del archipi\u00e9lago canario.<\/p><p>\u00a0<\/p><p><span style=\"color: #002f53;\"><strong>Location:<\/strong><\/span> granadilla de Abona, Tenerife, Canarias<\/p><p><span style=\"color: #002f53;\"><strong>Date:<\/strong><\/span> 2012<\/p><p><span style=\"color: #002f53;\"><strong>Scope of the project:<\/strong><\/span> proyecto de licitaci\u00f3n del muelle de La Granadilla.<\/p><p class=\"MsoNormal\" style=\"margin-bottom: 6.0pt; line-height: normal;\">\u00a0<\/p>\t\t\t\t\t\t\t\t<\/div>\n\t\t\t\t<\/div>\n\t\t\t\t\t<\/div>\n\t\t\t\t<\/div>\n\t\t\t\t<\/div>","protected":false},"excerpt":{"rendered":"<p>1.150 m contradique\u00a0 2.512 m dique exterior El puerto Industrial de Granadilla es un puerto situado en el municipio de Granadilla de Abona en el sureste de la isla de Tenerife (Canarias, Espa\u00f1a). Se trata de una obra complementaria del puerto de Santa Cruz de Tenerife y destinada a dotar de instalaciones necesarias a distintos [&hellip;]<\/p>","protected":false},"author":13,"featured_media":38449,"comment_status":"closed","ping_status":"closed","sticky":false,"template":"","format":"standard","meta":{"footnotes":""},"categories":[76],"tags":[10],"class_list":["post-46256","post","type-post","status-publish","format-standard","has-post-thumbnail","hentry","category-diseno-de-infraestructuras-maritimas","tag-espana"],"yoast_head":"<!-- This site is optimized with the Yoast SEO plugin v26.8 - https:\/\/yoast.com\/product\/yoast-seo-wordpress\/ -->\n<title>Proyecto de licitaci\u00f3n del muelle de La Granadilla, Santa Cruz de Tenerife - Proes<\/title>\n<meta name=\"robots\" content=\"index, follow, max-snippet:-1, max-image-preview:large, max-video-preview:-1\" \/>\n<link rel=\"canonical\" href=\"https:\/\/p28223.grupoamper.com\/en\/proyecto-de-licitacion-del-muelle-de-la-granadilla-santa-cruz-de-tenerife\/\" \/>\n<meta property=\"og:locale\" content=\"en_GB\" \/>\n<meta property=\"og:type\" content=\"article\" \/>\n<meta property=\"og:title\" content=\"Proyecto de licitaci\u00f3n del muelle de La Granadilla, Santa Cruz de Tenerife - Proes\" \/>\n<meta property=\"og:description\" content=\"1.150 m contradique\u00a0 2.512 m dique exterior El puerto Industrial de Granadilla es un puerto situado en el municipio de Granadilla de Abona en el sureste de la isla de Tenerife (Canarias, Espa\u00f1a). Se trata de una obra complementaria del puerto de Santa Cruz de Tenerife y destinada a dotar de instalaciones necesarias a distintos [&hellip;]\" \/>\n<meta property=\"og:url\" content=\"https:\/\/p28223.grupoamper.com\/en\/proyecto-de-licitacion-del-muelle-de-la-granadilla-santa-cruz-de-tenerife\/\" \/>\n<meta property=\"og:site_name\" content=\"Proes\" \/>\n<meta property=\"article:published_time\" content=\"2024-02-13T11:38:03+00:00\" \/>\n<meta property=\"article:modified_time\" content=\"2025-05-19T09:27:05+00:00\" \/>\n<meta property=\"og:image\" content=\"https:\/\/p28223.grupoamper.com\/wp-content\/uploads\/2021\/03\/granadilla.jpg\" \/>\n\t<meta property=\"og:image:width\" content=\"1200\" \/>\n\t<meta property=\"og:image:height\" content=\"675\" \/>\n\t<meta property=\"og:image:type\" content=\"image\/jpeg\" \/>\n<meta name=\"author\" content=\"Maria Victoria Del Pozo Vindel\" \/>\n<meta name=\"twitter:card\" content=\"summary_large_image\" \/>\n<meta name=\"twitter:label1\" content=\"Written by\" \/>\n\t<meta name=\"twitter:data1\" content=\"Maria Victoria Del Pozo Vindel\" \/>\n<script type=\"application\/ld+json\" class=\"yoast-schema-graph\">{\"@context\":\"https:\/\/schema.org\",\"@graph\":[{\"@type\":\"Article\",\"@id\":\"https:\/\/p28223.grupoamper.com\/en\/proyecto-de-licitacion-del-muelle-de-la-granadilla-santa-cruz-de-tenerife\/#article\",\"isPartOf\":{\"@id\":\"https:\/\/p28223.grupoamper.com\/en\/proyecto-de-licitacion-del-muelle-de-la-granadilla-santa-cruz-de-tenerife\/\"},\"author\":{\"name\":\"Maria Victoria Del Pozo Vindel\",\"@id\":\"https:\/\/p28223.grupoamper.com\/en\/#\/schema\/person\/97e415e7296dfb24d5c9c8cca875e830\"},\"headline\":\"Proyecto de licitaci\u00f3n del muelle de La Granadilla, Santa Cruz de Tenerife\",\"datePublished\":\"2024-02-13T11:38:03+00:00\",\"dateModified\":\"2025-05-19T09:27:05+00:00\",\"mainEntityOfPage\":{\"@id\":\"https:\/\/p28223.grupoamper.com\/en\/proyecto-de-licitacion-del-muelle-de-la-granadilla-santa-cruz-de-tenerife\/\"},\"wordCount\":107,\"publisher\":{\"@id\":\"https:\/\/p28223.grupoamper.com\/en\/#organization\"},\"image\":{\"@id\":\"https:\/\/p28223.grupoamper.com\/en\/proyecto-de-licitacion-del-muelle-de-la-granadilla-santa-cruz-de-tenerife\/#primaryimage\"},\"thumbnailUrl\":\"https:\/\/www.proes.es\/wp-content\/uploads\/2021\/03\/granadilla.jpg\",\"keywords\":[\"Espa\u00f1a\"],\"articleSection\":[\"Dise\u00f1o de infraestructuras mar\u00edtimas\"],\"inLanguage\":\"en-GB\"},{\"@type\":\"WebPage\",\"@id\":\"https:\/\/p28223.grupoamper.com\/en\/proyecto-de-licitacion-del-muelle-de-la-granadilla-santa-cruz-de-tenerife\/\",\"url\":\"https:\/\/p28223.grupoamper.com\/en\/proyecto-de-licitacion-del-muelle-de-la-granadilla-santa-cruz-de-tenerife\/\",\"name\":\"Proyecto de licitaci\u00f3n del muelle de La Granadilla, Santa Cruz de Tenerife - Proes\",\"isPartOf\":{\"@id\":\"https:\/\/p28223.grupoamper.com\/en\/#website\"},\"primaryImageOfPage\":{\"@id\":\"https:\/\/p28223.grupoamper.com\/en\/proyecto-de-licitacion-del-muelle-de-la-granadilla-santa-cruz-de-tenerife\/#primaryimage\"},\"image\":{\"@id\":\"https:\/\/p28223.grupoamper.com\/en\/proyecto-de-licitacion-del-muelle-de-la-granadilla-santa-cruz-de-tenerife\/#primaryimage\"},\"thumbnailUrl\":\"https:\/\/www.proes.es\/wp-content\/uploads\/2021\/03\/granadilla.jpg\",\"datePublished\":\"2024-02-13T11:38:03+00:00\",\"dateModified\":\"2025-05-19T09:27:05+00:00\",\"breadcrumb\":{\"@id\":\"https:\/\/p28223.grupoamper.com\/en\/proyecto-de-licitacion-del-muelle-de-la-granadilla-santa-cruz-de-tenerife\/#breadcrumb\"},\"inLanguage\":\"en-GB\",\"potentialAction\":[{\"@type\":\"ReadAction\",\"target\":[\"https:\/\/p28223.grupoamper.com\/en\/proyecto-de-licitacion-del-muelle-de-la-granadilla-santa-cruz-de-tenerife\/\"]}]},{\"@type\":\"ImageObject\",\"inLanguage\":\"en-GB\",\"@id\":\"https:\/\/p28223.grupoamper.com\/en\/proyecto-de-licitacion-del-muelle-de-la-granadilla-santa-cruz-de-tenerife\/#primaryimage\",\"url\":\"https:\/\/www.proes.es\/wp-content\/uploads\/2021\/03\/granadilla.jpg\",\"contentUrl\":\"https:\/\/www.proes.es\/wp-content\/uploads\/2021\/03\/granadilla.jpg\",\"width\":1200,\"height\":675},{\"@type\":\"BreadcrumbList\",\"@id\":\"https:\/\/p28223.grupoamper.com\/en\/proyecto-de-licitacion-del-muelle-de-la-granadilla-santa-cruz-de-tenerife\/#breadcrumb\",\"itemListElement\":[{\"@type\":\"ListItem\",\"position\":1,\"name\":\"Portada\",\"item\":\"https:\/\/p28223.grupoamper.com\/en\/\"},{\"@type\":\"ListItem\",\"position\":2,\"name\":\"Proyecto de licitaci\u00f3n del muelle de La Granadilla, Santa Cruz de Tenerife\"}]},{\"@type\":\"WebSite\",\"@id\":\"https:\/\/p28223.grupoamper.com\/en\/#website\",\"url\":\"https:\/\/p28223.grupoamper.com\/en\/\",\"name\":\"Proes\",\"description\":\"\",\"publisher\":{\"@id\":\"https:\/\/p28223.grupoamper.com\/en\/#organization\"},\"potentialAction\":[{\"@type\":\"SearchAction\",\"target\":{\"@type\":\"EntryPoint\",\"urlTemplate\":\"https:\/\/p28223.grupoamper.com\/en\/?s={search_term_string}\"},\"query-input\":{\"@type\":\"PropertyValueSpecification\",\"valueRequired\":true,\"valueName\":\"search_term_string\"}}],\"inLanguage\":\"en-GB\"},{\"@type\":\"Organization\",\"@id\":\"https:\/\/p28223.grupoamper.com\/en\/#organization\",\"name\":\"Proes\",\"url\":\"https:\/\/p28223.grupoamper.com\/en\/\",\"logo\":{\"@type\":\"ImageObject\",\"inLanguage\":\"en-GB\",\"@id\":\"https:\/\/p28223.grupoamper.com\/en\/#\/schema\/logo\/image\/\",\"url\":\"https:\/\/www.proes.es\/wp-content\/uploads\/2023\/05\/Logo-Proes.png\",\"contentUrl\":\"https:\/\/www.proes.es\/wp-content\/uploads\/2023\/05\/Logo-Proes.png\",\"width\":520,\"height\":140,\"caption\":\"Proes\"},\"image\":{\"@id\":\"https:\/\/p28223.grupoamper.com\/en\/#\/schema\/logo\/image\/\"}},{\"@type\":\"Person\",\"@id\":\"https:\/\/p28223.grupoamper.com\/en\/#\/schema\/person\/97e415e7296dfb24d5c9c8cca875e830\",\"name\":\"Maria Victoria Del Pozo Vindel\",\"image\":{\"@type\":\"ImageObject\",\"inLanguage\":\"en-GB\",\"@id\":\"https:\/\/p28223.grupoamper.com\/en\/#\/schema\/person\/image\/\",\"url\":\"https:\/\/secure.gravatar.com\/avatar\/c8eb3a2abdf0e175fcb40a96a47283720040014ac5fb9b6ea4658d8d6b726bda?s=96&d=mm&r=g\",\"contentUrl\":\"https:\/\/secure.gravatar.com\/avatar\/c8eb3a2abdf0e175fcb40a96a47283720040014ac5fb9b6ea4658d8d6b726bda?s=96&d=mm&r=g\",\"caption\":\"Maria Victoria Del Pozo Vindel\"},\"sameAs\":[\"https:\/\/Proes\"],\"url\":\"https:\/\/www.proes.es\/en\/author\/marivi-pozo\/\"}]}<\/script>\n<!-- \/ Yoast SEO plugin. -->","yoast_head_json":{"title":"Proyecto de licitaci\u00f3n del muelle de La Granadilla, Santa Cruz de Tenerife - Proes","robots":{"index":"index","follow":"follow","max-snippet":"max-snippet:-1","max-image-preview":"max-image-preview:large","max-video-preview":"max-video-preview:-1"},"canonical":"https:\/\/p28223.grupoamper.com\/en\/proyecto-de-licitacion-del-muelle-de-la-granadilla-santa-cruz-de-tenerife\/","og_locale":"en_GB","og_type":"article","og_title":"Proyecto de licitaci\u00f3n del muelle de La Granadilla, Santa Cruz de Tenerife - Proes","og_description":"1.150 m contradique\u00a0 2.512 m dique exterior El puerto Industrial de Granadilla es un puerto situado en el municipio de Granadilla de Abona en el sureste de la isla de Tenerife (Canarias, Espa\u00f1a). Se trata de una obra complementaria del puerto de Santa Cruz de Tenerife y destinada a dotar de instalaciones necesarias a distintos [&hellip;]","og_url":"https:\/\/p28223.grupoamper.com\/en\/proyecto-de-licitacion-del-muelle-de-la-granadilla-santa-cruz-de-tenerife\/","og_site_name":"Proes","article_published_time":"2024-02-13T11:38:03+00:00","article_modified_time":"2025-05-19T09:27:05+00:00","og_image":[{"width":1200,"height":675,"url":"https:\/\/p28223.grupoamper.com\/wp-content\/uploads\/2021\/03\/granadilla.jpg","type":"image\/jpeg"}],"author":"Maria Victoria Del Pozo Vindel","twitter_card":"summary_large_image","twitter_misc":{"Written by":"Maria Victoria Del Pozo Vindel"},"schema":{"@context":"https:\/\/schema.org","@graph":[{"@type":"Article","@id":"https:\/\/p28223.grupoamper.com\/en\/proyecto-de-licitacion-del-muelle-de-la-granadilla-santa-cruz-de-tenerife\/#article","isPartOf":{"@id":"https:\/\/p28223.grupoamper.com\/en\/proyecto-de-licitacion-del-muelle-de-la-granadilla-santa-cruz-de-tenerife\/"},"author":{"name":"Maria Victoria Del Pozo Vindel","@id":"https:\/\/p28223.grupoamper.com\/en\/#\/schema\/person\/97e415e7296dfb24d5c9c8cca875e830"},"headline":"Proyecto de licitaci\u00f3n del muelle de La Granadilla, Santa Cruz de Tenerife","datePublished":"2024-02-13T11:38:03+00:00","dateModified":"2025-05-19T09:27:05+00:00","mainEntityOfPage":{"@id":"https:\/\/p28223.grupoamper.com\/en\/proyecto-de-licitacion-del-muelle-de-la-granadilla-santa-cruz-de-tenerife\/"},"wordCount":107,"publisher":{"@id":"https:\/\/p28223.grupoamper.com\/en\/#organization"},"image":{"@id":"https:\/\/p28223.grupoamper.com\/en\/proyecto-de-licitacion-del-muelle-de-la-granadilla-santa-cruz-de-tenerife\/#primaryimage"},"thumbnailUrl":"https:\/\/www.proes.es\/wp-content\/uploads\/2021\/03\/granadilla.jpg","keywords":["Espa\u00f1a"],"articleSection":["Dise\u00f1o de infraestructuras mar\u00edtimas"],"inLanguage":"en-GB"},{"@type":"WebPage","@id":"https:\/\/p28223.grupoamper.com\/en\/proyecto-de-licitacion-del-muelle-de-la-granadilla-santa-cruz-de-tenerife\/","url":"https:\/\/p28223.grupoamper.com\/en\/proyecto-de-licitacion-del-muelle-de-la-granadilla-santa-cruz-de-tenerife\/","name":"Proyecto de licitaci\u00f3n del muelle de La Granadilla, Santa Cruz de Tenerife - Proes","isPartOf":{"@id":"https:\/\/p28223.grupoamper.com\/en\/#website"},"primaryImageOfPage":{"@id":"https:\/\/p28223.grupoamper.com\/en\/proyecto-de-licitacion-del-muelle-de-la-granadilla-santa-cruz-de-tenerife\/#primaryimage"},"image":{"@id":"https:\/\/p28223.grupoamper.com\/en\/proyecto-de-licitacion-del-muelle-de-la-granadilla-santa-cruz-de-tenerife\/#primaryimage"},"thumbnailUrl":"https:\/\/www.proes.es\/wp-content\/uploads\/2021\/03\/granadilla.jpg","datePublished":"2024-02-13T11:38:03+00:00","dateModified":"2025-05-19T09:27:05+00:00","breadcrumb":{"@id":"https:\/\/p28223.grupoamper.com\/en\/proyecto-de-licitacion-del-muelle-de-la-granadilla-santa-cruz-de-tenerife\/#breadcrumb"},"inLanguage":"en-GB","potentialAction":[{"@type":"ReadAction","target":["https:\/\/p28223.grupoamper.com\/en\/proyecto-de-licitacion-del-muelle-de-la-granadilla-santa-cruz-de-tenerife\/"]}]},{"@type":"ImageObject","inLanguage":"en-GB","@id":"https:\/\/p28223.grupoamper.com\/en\/proyecto-de-licitacion-del-muelle-de-la-granadilla-santa-cruz-de-tenerife\/#primaryimage","url":"https:\/\/www.proes.es\/wp-content\/uploads\/2021\/03\/granadilla.jpg","contentUrl":"https:\/\/www.proes.es\/wp-content\/uploads\/2021\/03\/granadilla.jpg","width":1200,"height":675},{"@type":"BreadcrumbList","@id":"https:\/\/p28223.grupoamper.com\/en\/proyecto-de-licitacion-del-muelle-de-la-granadilla-santa-cruz-de-tenerife\/#breadcrumb","itemListElement":[{"@type":"ListItem","position":1,"name":"Portada","item":"https:\/\/p28223.grupoamper.com\/en\/"},{"@type":"ListItem","position":2,"name":"Proyecto de licitaci\u00f3n del muelle de La Granadilla, Santa Cruz de Tenerife"}]},{"@type":"WebSite","@id":"https:\/\/p28223.grupoamper.com\/en\/#website","url":"https:\/\/p28223.grupoamper.com\/en\/","name":"Proes,","description":"","publisher":{"@id":"https:\/\/p28223.grupoamper.com\/en\/#organization"},"potentialAction":[{"@type":"SearchAction","target":{"@type":"EntryPoint","urlTemplate":"https:\/\/p28223.grupoamper.com\/en\/?s={search_term_string}"},"query-input":{"@type":"PropertyValueSpecification","valueRequired":true,"valueName":"search_term_string"}}],"inLanguage":"en-GB"},{"@type":"Organization","@id":"https:\/\/p28223.grupoamper.com\/en\/#organization","name":"Proes,","url":"https:\/\/p28223.grupoamper.com\/en\/","logo":{"@type":"ImageObject","inLanguage":"en-GB","@id":"https:\/\/p28223.grupoamper.com\/en\/#\/schema\/logo\/image\/","url":"https:\/\/www.proes.es\/wp-content\/uploads\/2023\/05\/Logo-Proes.png","contentUrl":"https:\/\/www.proes.es\/wp-content\/uploads\/2023\/05\/Logo-Proes.png","width":520,"height":140,"caption":"Proes"},"image":{"@id":"https:\/\/p28223.grupoamper.com\/en\/#\/schema\/logo\/image\/"}},{"@type":"Person","@id":"https:\/\/p28223.grupoamper.com\/en\/#\/schema\/person\/97e415e7296dfb24d5c9c8cca875e830","name":"Maria Victoria Del Pozo Vindel","image":{"@type":"ImageObject","inLanguage":"en-GB","@id":"https:\/\/p28223.grupoamper.com\/en\/#\/schema\/person\/image\/","url":"https:\/\/secure.gravatar.com\/avatar\/c8eb3a2abdf0e175fcb40a96a47283720040014ac5fb9b6ea4658d8d6b726bda?s=96&d=mm&r=g","contentUrl":"https:\/\/secure.gravatar.com\/avatar\/c8eb3a2abdf0e175fcb40a96a47283720040014ac5fb9b6ea4658d8d6b726bda?s=96&d=mm&r=g","caption":"Maria Victoria Del Pozo Vindel"},"sameAs":["https:\/\/Proes"],"url":"https:\/\/www.proes.es\/en\/author\/marivi-pozo\/"}]}},"_links":{"self":[{"href":"https:\/\/www.proes.es\/en\/wp-json\/wp\/v2\/posts\/46256","targetHints":{"allow":["GET"]}}],"collection":[{"href":"https:\/\/www.proes.es\/en\/wp-json\/wp\/v2\/posts"}],"about":[{"href":"https:\/\/www.proes.es\/en\/wp-json\/wp\/v2\/types\/post"}],"author":[{"embeddable":true,"href":"https:\/\/www.proes.es\/en\/wp-json\/wp\/v2\/users\/13"}],"replies":[{"embeddable":true,"href":"https:\/\/www.proes.es\/en\/wp-json\/wp\/v2\/comments?post=46256"}],"version-history":[{"count":10,"href":"https:\/\/www.proes.es\/en\/wp-json\/wp\/v2\/posts\/46256\/revisions"}],"predecessor-version":[{"id":48661,"href":"https:\/\/www.proes.es\/en\/wp-json\/wp\/v2\/posts\/46256\/revisions\/48661"}],"wp:featuredmedia":[{"embeddable":true,"href":"https:\/\/www.proes.es\/en\/wp-json\/wp\/v2\/media\/38449"}],"wp:attachment":[{"href":"https:\/\/www.proes.es\/en\/wp-json\/wp\/v2\/media?parent=46256"}],"wp:term":[{"taxonomy":"category","embeddable":true,"href":"https:\/\/www.proes.es\/en\/wp-json\/wp\/v2\/categories?post=46256"},{"taxonomy":"post_tag","embeddable":true,"href":"https:\/\/www.proes.es\/en\/wp-json\/wp\/v2\/tags?post=46256"}],"curies":[{"name":"wp","href":"https:\/\/api.w.org\/{rel}","templated":true}]}}