{"id":46281,"date":"2024-02-13T13:42:37","date_gmt":"2024-02-13T12:42:37","guid":{"rendered":"https:\/\/www.proes.es\/?p=46281"},"modified":"2024-07-02T12:59:23","modified_gmt":"2024-07-02T10:59:23","slug":"estudio-hidrologico-e-hidraulico-en-villanueva-de-perales-madrid-2","status":"publish","type":"post","link":"https:\/\/www.proes.es\/en\/estudio-hidrologico-e-hidraulico-en-villanueva-de-perales-madrid-2\/","title":{"rendered":"Hydrological and hydraulic study in Villanueva de Perales, Madrid."},"content":{"rendered":"<div data-elementor-type=\"wp-post\" data-elementor-id=\"46281\" class=\"elementor elementor-46281\" data-elementor-post-type=\"post\">\n\t\t\t\t<div class=\"elementor-element elementor-element-3cdfe8a e-flex e-con-boxed e-con e-parent\" data-id=\"3cdfe8a\" data-element_type=\"container\">\n\t\t\t\t\t<div class=\"e-con-inner\">\n\t\t\t\t<div class=\"elementor-element elementor-element-33d9f86 elementor-widget elementor-widget-image\" data-id=\"33d9f86\" data-element_type=\"widget\" data-widget_type=\"image.default\">\n\t\t\t\t<div class=\"elementor-widget-container\">\n\t\t\t\t\t\t\t\t\t\t\t\t\t\t\t<img fetchpriority=\"high\" decoding=\"async\" width=\"1232\" height=\"853\" src=\"https:\/\/www.proes.es\/wp-content\/uploads\/2021\/03\/PERALES.jpg\" class=\"attachment-full size-full wp-image-30258\" alt=\"\" srcset=\"https:\/\/www.proes.es\/wp-content\/uploads\/2021\/03\/PERALES.jpg 1232w, https:\/\/www.proes.es\/wp-content\/uploads\/2021\/03\/PERALES-300x208.jpg 300w, https:\/\/www.proes.es\/wp-content\/uploads\/2021\/03\/PERALES-1024x709.jpg 1024w, https:\/\/www.proes.es\/wp-content\/uploads\/2021\/03\/PERALES-768x532.jpg 768w\" sizes=\"(max-width: 1232px) 100vw, 1232px\" \/>\t\t\t\t\t\t\t\t\t\t\t\t\t\t\t<\/div>\n\t\t\t\t<\/div>\n\t\t\t\t\t<\/div>\n\t\t\t\t<\/div>\n\t\t<div class=\"elementor-element elementor-element-dac5cb7 e-flex e-con-boxed e-con e-parent\" data-id=\"dac5cb7\" data-element_type=\"container\">\n\t\t\t\t\t<div class=\"e-con-inner\">\n\t\t\t\t<div class=\"elementor-element elementor-element-a2134c5 elementor-widget__width-initial elementor-widget elementor-widget-text-editor\" data-id=\"a2134c5\" data-element_type=\"widget\" data-widget_type=\"text-editor.default\">\n\t\t\t\t<div class=\"elementor-widget-container\">\n\t\t\t\t\t\t\t\t\t<p>The main objective of this study is the hydrological and hydraulic analysis for the determination of the 500-year flood level of the Chorrera de Peral Merino riverbed as it passes through the property located at Calle Julio \u00c1lvarez, s\/n, UE 5, in Villanueva de Perales (Madrid), in order to develop the urban planning currently in force in this locality.<\/p><p>With this objective in mind, flood flows and flood plains have been studied for return periods of 5, 100 and 500 years, both in current and future situations. Based on hydraulic modeling, these flows are converted into flood zone limits and floodplains for the two phases of the study.<\/p><p><span style=\"color: #002f53;\"><strong>Location:<\/strong><\/span> Julio \u00c1lvarez Street, U.E. 5, Villanueva de Perales, Madrid<\/p><p><span style=\"color: #002f53;\"><strong>Date:<\/strong><\/span> 2007-2008<\/p><p><span style=\"color: #002f53;\"><strong>Scope of the project:<\/strong><\/span>\u00a0hydrological, hydraulic and maximum rainfall study. Proposal of channeling alternatives.<\/p>\t\t\t\t\t\t\t\t<\/div>\n\t\t\t\t<\/div>\n\t\t\t\t\t<\/div>\n\t\t\t\t<\/div>\n\t\t\t\t<\/div>","protected":false},"excerpt":{"rendered":"<p>El presente estudio tiene como objetivo principal el an\u00e1lisis hidrol\u00f3gico e hidr\u00e1ulico para la determinaci\u00f3n del nivel de avenida de 500 a\u00f1os, del cauce de la Chorrera de Peral Merino a su paso por la finca situada en la Calle Julio \u00c1lvarez, s\/n, UE 5, en Villanueva de Perales (Madrid), con el objeto de desarrollar [&hellip;]<\/p>","protected":false},"author":13,"featured_media":30258,"comment_status":"closed","ping_status":"closed","sticky":false,"template":"","format":"standard","meta":{"footnotes":""},"categories":[68],"tags":[10],"class_list":["post-46281","post","type-post","status-publish","format-standard","has-post-thumbnail","hentry","category-agua","tag-espana"],"yoast_head":"<!-- This site is optimized with the Yoast SEO plugin v26.8 - https:\/\/yoast.com\/product\/yoast-seo-wordpress\/ -->\n<title>Estudio hidrol\u00f3gico e hidr\u00e1ulico en Villanueva de Perales, Madrid - Proes<\/title>\n<meta name=\"robots\" content=\"index, follow, max-snippet:-1, max-image-preview:large, max-video-preview:-1\" \/>\n<link rel=\"canonical\" href=\"https:\/\/www.proes.es\/en\/estudio-hidrologico-e-hidraulico-en-villanueva-de-perales-madrid-2\/\" \/>\n<meta property=\"og:locale\" content=\"en_GB\" \/>\n<meta property=\"og:type\" content=\"article\" \/>\n<meta property=\"og:title\" content=\"Estudio hidrol\u00f3gico e hidr\u00e1ulico en Villanueva de Perales, Madrid - Proes\" \/>\n<meta property=\"og:description\" content=\"El presente estudio tiene como objetivo principal el an\u00e1lisis hidrol\u00f3gico e hidr\u00e1ulico para la determinaci\u00f3n del nivel de avenida de 500 a\u00f1os, del cauce de la Chorrera de Peral Merino a su paso por la finca situada en la Calle Julio \u00c1lvarez, s\/n, UE 5, en Villanueva de Perales (Madrid), con el objeto de desarrollar [&hellip;]\" \/>\n<meta property=\"og:url\" content=\"https:\/\/www.proes.es\/en\/estudio-hidrologico-e-hidraulico-en-villanueva-de-perales-madrid-2\/\" \/>\n<meta property=\"og:site_name\" content=\"Proes\" \/>\n<meta property=\"article:published_time\" content=\"2024-02-13T12:42:37+00:00\" \/>\n<meta property=\"article:modified_time\" content=\"2024-07-02T10:59:23+00:00\" \/>\n<meta property=\"og:image\" content=\"https:\/\/www.proes.es\/wp-content\/uploads\/2021\/03\/PERALES.jpg\" \/>\n\t<meta property=\"og:image:width\" content=\"1232\" \/>\n\t<meta property=\"og:image:height\" content=\"853\" \/>\n\t<meta property=\"og:image:type\" content=\"image\/jpeg\" \/>\n<meta name=\"author\" content=\"Maria Victoria Del Pozo Vindel\" \/>\n<meta name=\"twitter:card\" content=\"summary_large_image\" \/>\n<meta name=\"twitter:label1\" content=\"Written by\" \/>\n\t<meta name=\"twitter:data1\" content=\"Maria Victoria Del Pozo Vindel\" \/>\n\t<meta name=\"twitter:label2\" content=\"Estimated reading time\" \/>\n\t<meta name=\"twitter:data2\" content=\"1 minute\" \/>\n<script type=\"application\/ld+json\" class=\"yoast-schema-graph\">{\"@context\":\"https:\/\/schema.org\",\"@graph\":[{\"@type\":\"Article\",\"@id\":\"https:\/\/www.proes.es\/en\/estudio-hidrologico-e-hidraulico-en-villanueva-de-perales-madrid-2\/#article\",\"isPartOf\":{\"@id\":\"https:\/\/www.proes.es\/en\/estudio-hidrologico-e-hidraulico-en-villanueva-de-perales-madrid-2\/\"},\"author\":{\"name\":\"Maria Victoria Del Pozo Vindel\",\"@id\":\"https:\/\/p28223.grupoamper.com\/en\/#\/schema\/person\/97e415e7296dfb24d5c9c8cca875e830\"},\"headline\":\"Estudio hidrol\u00f3gico e hidr\u00e1ulico en Villanueva de Perales, Madrid\",\"datePublished\":\"2024-02-13T12:42:37+00:00\",\"dateModified\":\"2024-07-02T10:59:23+00:00\",\"mainEntityOfPage\":{\"@id\":\"https:\/\/www.proes.es\/en\/estudio-hidrologico-e-hidraulico-en-villanueva-de-perales-madrid-2\/\"},\"wordCount\":171,\"publisher\":{\"@id\":\"https:\/\/p28223.grupoamper.com\/en\/#organization\"},\"image\":{\"@id\":\"https:\/\/www.proes.es\/en\/estudio-hidrologico-e-hidraulico-en-villanueva-de-perales-madrid-2\/#primaryimage\"},\"thumbnailUrl\":\"https:\/\/www.proes.es\/wp-content\/uploads\/2021\/03\/PERALES.jpg\",\"keywords\":[\"Espa\u00f1a\"],\"articleSection\":[\"Agua\"],\"inLanguage\":\"en-GB\"},{\"@type\":\"WebPage\",\"@id\":\"https:\/\/www.proes.es\/en\/estudio-hidrologico-e-hidraulico-en-villanueva-de-perales-madrid-2\/\",\"url\":\"https:\/\/www.proes.es\/en\/estudio-hidrologico-e-hidraulico-en-villanueva-de-perales-madrid-2\/\",\"name\":\"Estudio hidrol\u00f3gico e hidr\u00e1ulico en Villanueva de Perales, Madrid - Proes\",\"isPartOf\":{\"@id\":\"https:\/\/p28223.grupoamper.com\/en\/#website\"},\"primaryImageOfPage\":{\"@id\":\"https:\/\/www.proes.es\/en\/estudio-hidrologico-e-hidraulico-en-villanueva-de-perales-madrid-2\/#primaryimage\"},\"image\":{\"@id\":\"https:\/\/www.proes.es\/en\/estudio-hidrologico-e-hidraulico-en-villanueva-de-perales-madrid-2\/#primaryimage\"},\"thumbnailUrl\":\"https:\/\/www.proes.es\/wp-content\/uploads\/2021\/03\/PERALES.jpg\",\"datePublished\":\"2024-02-13T12:42:37+00:00\",\"dateModified\":\"2024-07-02T10:59:23+00:00\",\"breadcrumb\":{\"@id\":\"https:\/\/www.proes.es\/en\/estudio-hidrologico-e-hidraulico-en-villanueva-de-perales-madrid-2\/#breadcrumb\"},\"inLanguage\":\"en-GB\",\"potentialAction\":[{\"@type\":\"ReadAction\",\"target\":[\"https:\/\/www.proes.es\/en\/estudio-hidrologico-e-hidraulico-en-villanueva-de-perales-madrid-2\/\"]}]},{\"@type\":\"ImageObject\",\"inLanguage\":\"en-GB\",\"@id\":\"https:\/\/www.proes.es\/en\/estudio-hidrologico-e-hidraulico-en-villanueva-de-perales-madrid-2\/#primaryimage\",\"url\":\"https:\/\/www.proes.es\/wp-content\/uploads\/2021\/03\/PERALES.jpg\",\"contentUrl\":\"https:\/\/www.proes.es\/wp-content\/uploads\/2021\/03\/PERALES.jpg\",\"width\":1232,\"height\":853},{\"@type\":\"BreadcrumbList\",\"@id\":\"https:\/\/www.proes.es\/en\/estudio-hidrologico-e-hidraulico-en-villanueva-de-perales-madrid-2\/#breadcrumb\",\"itemListElement\":[{\"@type\":\"ListItem\",\"position\":1,\"name\":\"Portada\",\"item\":\"https:\/\/p28223.grupoamper.com\/en\/\"},{\"@type\":\"ListItem\",\"position\":2,\"name\":\"Estudio hidrol\u00f3gico e hidr\u00e1ulico en Villanueva de Perales, Madrid\"}]},{\"@type\":\"WebSite\",\"@id\":\"https:\/\/p28223.grupoamper.com\/en\/#website\",\"url\":\"https:\/\/p28223.grupoamper.com\/en\/\",\"name\":\"Proes\",\"description\":\"\",\"publisher\":{\"@id\":\"https:\/\/p28223.grupoamper.com\/en\/#organization\"},\"potentialAction\":[{\"@type\":\"SearchAction\",\"target\":{\"@type\":\"EntryPoint\",\"urlTemplate\":\"https:\/\/p28223.grupoamper.com\/en\/?s={search_term_string}\"},\"query-input\":{\"@type\":\"PropertyValueSpecification\",\"valueRequired\":true,\"valueName\":\"search_term_string\"}}],\"inLanguage\":\"en-GB\"},{\"@type\":\"Organization\",\"@id\":\"https:\/\/p28223.grupoamper.com\/en\/#organization\",\"name\":\"Proes\",\"url\":\"https:\/\/p28223.grupoamper.com\/en\/\",\"logo\":{\"@type\":\"ImageObject\",\"inLanguage\":\"en-GB\",\"@id\":\"https:\/\/p28223.grupoamper.com\/en\/#\/schema\/logo\/image\/\",\"url\":\"https:\/\/www.proes.es\/wp-content\/uploads\/2023\/05\/Logo-Proes.png\",\"contentUrl\":\"https:\/\/www.proes.es\/wp-content\/uploads\/2023\/05\/Logo-Proes.png\",\"width\":520,\"height\":140,\"caption\":\"Proes\"},\"image\":{\"@id\":\"https:\/\/p28223.grupoamper.com\/en\/#\/schema\/logo\/image\/\"}},{\"@type\":\"Person\",\"@id\":\"https:\/\/p28223.grupoamper.com\/en\/#\/schema\/person\/97e415e7296dfb24d5c9c8cca875e830\",\"name\":\"Maria Victoria Del Pozo Vindel\",\"image\":{\"@type\":\"ImageObject\",\"inLanguage\":\"en-GB\",\"@id\":\"https:\/\/p28223.grupoamper.com\/en\/#\/schema\/person\/image\/\",\"url\":\"https:\/\/secure.gravatar.com\/avatar\/c8eb3a2abdf0e175fcb40a96a47283720040014ac5fb9b6ea4658d8d6b726bda?s=96&d=mm&r=g\",\"contentUrl\":\"https:\/\/secure.gravatar.com\/avatar\/c8eb3a2abdf0e175fcb40a96a47283720040014ac5fb9b6ea4658d8d6b726bda?s=96&d=mm&r=g\",\"caption\":\"Maria Victoria Del Pozo Vindel\"},\"sameAs\":[\"https:\/\/Proes\"],\"url\":\"https:\/\/www.proes.es\/en\/author\/marivi-pozo\/\"}]}<\/script>\n<!-- \/ Yoast SEO plugin. -->","yoast_head_json":{"title":"Estudio hidrol\u00f3gico e hidr\u00e1ulico en Villanueva de Perales, Madrid - Proes","robots":{"index":"index","follow":"follow","max-snippet":"max-snippet:-1","max-image-preview":"max-image-preview:large","max-video-preview":"max-video-preview:-1"},"canonical":"https:\/\/www.proes.es\/en\/estudio-hidrologico-e-hidraulico-en-villanueva-de-perales-madrid-2\/","og_locale":"en_GB","og_type":"article","og_title":"Estudio hidrol\u00f3gico e hidr\u00e1ulico en Villanueva de Perales, Madrid - Proes","og_description":"El presente estudio tiene como objetivo principal el an\u00e1lisis hidrol\u00f3gico e hidr\u00e1ulico para la determinaci\u00f3n del nivel de avenida de 500 a\u00f1os, del cauce de la Chorrera de Peral Merino a su paso por la finca situada en la Calle Julio \u00c1lvarez, s\/n, UE 5, en Villanueva de Perales (Madrid), con el objeto de desarrollar [&hellip;]","og_url":"https:\/\/www.proes.es\/en\/estudio-hidrologico-e-hidraulico-en-villanueva-de-perales-madrid-2\/","og_site_name":"Proes","article_published_time":"2024-02-13T12:42:37+00:00","article_modified_time":"2024-07-02T10:59:23+00:00","og_image":[{"width":1232,"height":853,"url":"https:\/\/www.proes.es\/wp-content\/uploads\/2021\/03\/PERALES.jpg","type":"image\/jpeg"}],"author":"Maria Victoria Del Pozo Vindel","twitter_card":"summary_large_image","twitter_misc":{"Written by":"Maria Victoria Del Pozo Vindel","Estimated reading time":"1 minute"},"schema":{"@context":"https:\/\/schema.org","@graph":[{"@type":"Article","@id":"https:\/\/www.proes.es\/en\/estudio-hidrologico-e-hidraulico-en-villanueva-de-perales-madrid-2\/#article","isPartOf":{"@id":"https:\/\/www.proes.es\/en\/estudio-hidrologico-e-hidraulico-en-villanueva-de-perales-madrid-2\/"},"author":{"name":"Maria Victoria Del Pozo Vindel","@id":"https:\/\/p28223.grupoamper.com\/en\/#\/schema\/person\/97e415e7296dfb24d5c9c8cca875e830"},"headline":"Estudio hidrol\u00f3gico e hidr\u00e1ulico en Villanueva de Perales, Madrid","datePublished":"2024-02-13T12:42:37+00:00","dateModified":"2024-07-02T10:59:23+00:00","mainEntityOfPage":{"@id":"https:\/\/www.proes.es\/en\/estudio-hidrologico-e-hidraulico-en-villanueva-de-perales-madrid-2\/"},"wordCount":171,"publisher":{"@id":"https:\/\/p28223.grupoamper.com\/en\/#organization"},"image":{"@id":"https:\/\/www.proes.es\/en\/estudio-hidrologico-e-hidraulico-en-villanueva-de-perales-madrid-2\/#primaryimage"},"thumbnailUrl":"https:\/\/www.proes.es\/wp-content\/uploads\/2021\/03\/PERALES.jpg","keywords":["Espa\u00f1a"],"articleSection":["Agua"],"inLanguage":"en-GB"},{"@type":"WebPage","@id":"https:\/\/www.proes.es\/en\/estudio-hidrologico-e-hidraulico-en-villanueva-de-perales-madrid-2\/","url":"https:\/\/www.proes.es\/en\/estudio-hidrologico-e-hidraulico-en-villanueva-de-perales-madrid-2\/","name":"Estudio hidrol\u00f3gico e hidr\u00e1ulico en Villanueva de Perales, Madrid - Proes","isPartOf":{"@id":"https:\/\/p28223.grupoamper.com\/en\/#website"},"primaryImageOfPage":{"@id":"https:\/\/www.proes.es\/en\/estudio-hidrologico-e-hidraulico-en-villanueva-de-perales-madrid-2\/#primaryimage"},"image":{"@id":"https:\/\/www.proes.es\/en\/estudio-hidrologico-e-hidraulico-en-villanueva-de-perales-madrid-2\/#primaryimage"},"thumbnailUrl":"https:\/\/www.proes.es\/wp-content\/uploads\/2021\/03\/PERALES.jpg","datePublished":"2024-02-13T12:42:37+00:00","dateModified":"2024-07-02T10:59:23+00:00","breadcrumb":{"@id":"https:\/\/www.proes.es\/en\/estudio-hidrologico-e-hidraulico-en-villanueva-de-perales-madrid-2\/#breadcrumb"},"inLanguage":"en-GB","potentialAction":[{"@type":"ReadAction","target":["https:\/\/www.proes.es\/en\/estudio-hidrologico-e-hidraulico-en-villanueva-de-perales-madrid-2\/"]}]},{"@type":"ImageObject","inLanguage":"en-GB","@id":"https:\/\/www.proes.es\/en\/estudio-hidrologico-e-hidraulico-en-villanueva-de-perales-madrid-2\/#primaryimage","url":"https:\/\/www.proes.es\/wp-content\/uploads\/2021\/03\/PERALES.jpg","contentUrl":"https:\/\/www.proes.es\/wp-content\/uploads\/2021\/03\/PERALES.jpg","width":1232,"height":853},{"@type":"BreadcrumbList","@id":"https:\/\/www.proes.es\/en\/estudio-hidrologico-e-hidraulico-en-villanueva-de-perales-madrid-2\/#breadcrumb","itemListElement":[{"@type":"ListItem","position":1,"name":"Portada","item":"https:\/\/p28223.grupoamper.com\/en\/"},{"@type":"ListItem","position":2,"name":"Estudio hidrol\u00f3gico e hidr\u00e1ulico en Villanueva de Perales, Madrid"}]},{"@type":"WebSite","@id":"https:\/\/p28223.grupoamper.com\/en\/#website","url":"https:\/\/p28223.grupoamper.com\/en\/","name":"Proes,","description":"","publisher":{"@id":"https:\/\/p28223.grupoamper.com\/en\/#organization"},"potentialAction":[{"@type":"SearchAction","target":{"@type":"EntryPoint","urlTemplate":"https:\/\/p28223.grupoamper.com\/en\/?s={search_term_string}"},"query-input":{"@type":"PropertyValueSpecification","valueRequired":true,"valueName":"search_term_string"}}],"inLanguage":"en-GB"},{"@type":"Organization","@id":"https:\/\/p28223.grupoamper.com\/en\/#organization","name":"Proes,","url":"https:\/\/p28223.grupoamper.com\/en\/","logo":{"@type":"ImageObject","inLanguage":"en-GB","@id":"https:\/\/p28223.grupoamper.com\/en\/#\/schema\/logo\/image\/","url":"https:\/\/www.proes.es\/wp-content\/uploads\/2023\/05\/Logo-Proes.png","contentUrl":"https:\/\/www.proes.es\/wp-content\/uploads\/2023\/05\/Logo-Proes.png","width":520,"height":140,"caption":"Proes"},"image":{"@id":"https:\/\/p28223.grupoamper.com\/en\/#\/schema\/logo\/image\/"}},{"@type":"Person","@id":"https:\/\/p28223.grupoamper.com\/en\/#\/schema\/person\/97e415e7296dfb24d5c9c8cca875e830","name":"Maria Victoria Del Pozo Vindel","image":{"@type":"ImageObject","inLanguage":"en-GB","@id":"https:\/\/p28223.grupoamper.com\/en\/#\/schema\/person\/image\/","url":"https:\/\/secure.gravatar.com\/avatar\/c8eb3a2abdf0e175fcb40a96a47283720040014ac5fb9b6ea4658d8d6b726bda?s=96&d=mm&r=g","contentUrl":"https:\/\/secure.gravatar.com\/avatar\/c8eb3a2abdf0e175fcb40a96a47283720040014ac5fb9b6ea4658d8d6b726bda?s=96&d=mm&r=g","caption":"Maria Victoria Del Pozo Vindel"},"sameAs":["https:\/\/Proes"],"url":"https:\/\/www.proes.es\/en\/author\/marivi-pozo\/"}]}},"_links":{"self":[{"href":"https:\/\/www.proes.es\/en\/wp-json\/wp\/v2\/posts\/46281","targetHints":{"allow":["GET"]}}],"collection":[{"href":"https:\/\/www.proes.es\/en\/wp-json\/wp\/v2\/posts"}],"about":[{"href":"https:\/\/www.proes.es\/en\/wp-json\/wp\/v2\/types\/post"}],"author":[{"embeddable":true,"href":"https:\/\/www.proes.es\/en\/wp-json\/wp\/v2\/users\/13"}],"replies":[{"embeddable":true,"href":"https:\/\/www.proes.es\/en\/wp-json\/wp\/v2\/comments?post=46281"}],"version-history":[{"count":7,"href":"https:\/\/www.proes.es\/en\/wp-json\/wp\/v2\/posts\/46281\/revisions"}],"predecessor-version":[{"id":46946,"href":"https:\/\/www.proes.es\/en\/wp-json\/wp\/v2\/posts\/46281\/revisions\/46946"}],"wp:featuredmedia":[{"embeddable":true,"href":"https:\/\/www.proes.es\/en\/wp-json\/wp\/v2\/media\/30258"}],"wp:attachment":[{"href":"https:\/\/www.proes.es\/en\/wp-json\/wp\/v2\/media?parent=46281"}],"wp:term":[{"taxonomy":"category","embeddable":true,"href":"https:\/\/www.proes.es\/en\/wp-json\/wp\/v2\/categories?post=46281"},{"taxonomy":"post_tag","embeddable":true,"href":"https:\/\/www.proes.es\/en\/wp-json\/wp\/v2\/tags?post=46281"}],"curies":[{"name":"wp","href":"https:\/\/api.w.org\/{rel}","templated":true}]}}