{"id":46287,"date":"2024-02-13T13:46:51","date_gmt":"2024-02-13T12:46:51","guid":{"rendered":"https:\/\/www.proes.es\/?p=46287"},"modified":"2026-01-26T14:21:44","modified_gmt":"2026-01-26T13:21:44","slug":"inspeccion-de-centrales-hidroelectricas-en-la-coruna-2","status":"publish","type":"post","link":"https:\/\/www.proes.es\/en\/inspeccion-de-centrales-hidroelectricas-en-la-coruna-2\/","title":{"rendered":"Inspection of hydroelectric power plants in La Coru\u00f1a"},"content":{"rendered":"<div data-elementor-type=\"wp-post\" data-elementor-id=\"46287\" class=\"elementor elementor-46287\" data-elementor-post-type=\"post\">\n\t\t\t\t<div class=\"elementor-element elementor-element-3cdfe8a e-flex e-con-boxed e-con e-parent\" data-id=\"3cdfe8a\" data-element_type=\"container\">\n\t\t\t\t\t<div class=\"e-con-inner\">\n\t\t\t\t<div class=\"elementor-element elementor-element-33d9f86 elementor-widget elementor-widget-image\" data-id=\"33d9f86\" data-element_type=\"widget\" data-widget_type=\"image.default\">\n\t\t\t\t<div class=\"elementor-widget-container\">\n\t\t\t\t\t\t\t\t\t\t\t\t\t\t\t<img fetchpriority=\"high\" decoding=\"async\" width=\"2560\" height=\"1920\" src=\"https:\/\/www.proes.es\/wp-content\/uploads\/2024\/02\/DSCN1951-scaled.jpg\" class=\"attachment-full size-full wp-image-49489\" alt=\"\" srcset=\"https:\/\/www.proes.es\/wp-content\/uploads\/2024\/02\/DSCN1951-scaled.jpg 2560w, https:\/\/www.proes.es\/wp-content\/uploads\/2024\/02\/DSCN1951-300x225.jpg 300w, https:\/\/www.proes.es\/wp-content\/uploads\/2024\/02\/DSCN1951-1024x768.jpg 1024w, https:\/\/www.proes.es\/wp-content\/uploads\/2024\/02\/DSCN1951-768x576.jpg 768w, https:\/\/www.proes.es\/wp-content\/uploads\/2024\/02\/DSCN1951-1536x1152.jpg 1536w, https:\/\/www.proes.es\/wp-content\/uploads\/2024\/02\/DSCN1951-2048x1536.jpg 2048w, https:\/\/www.proes.es\/wp-content\/uploads\/2024\/02\/DSCN1951-16x12.jpg 16w\" sizes=\"(max-width: 2560px) 100vw, 2560px\" \/>\t\t\t\t\t\t\t\t\t\t\t\t\t\t\t<\/div>\n\t\t\t\t<\/div>\n\t\t\t\t\t<\/div>\n\t\t\t\t<\/div>\n\t\t<div class=\"elementor-element elementor-element-d37ad5a e-flex e-con-boxed e-con e-parent\" data-id=\"d37ad5a\" data-element_type=\"container\">\n\t\t\t\t\t<div class=\"e-con-inner\">\n\t\t<div class=\"elementor-element elementor-element-d49d1e0 e-con-full e-flex e-con e-child\" data-id=\"d49d1e0\" data-element_type=\"container\">\n\t\t\t\t<div class=\"elementor-element elementor-element-38c1739 elementor-widget elementor-widget-text-editor\" data-id=\"38c1739\" data-element_type=\"widget\" data-widget_type=\"text-editor.default\">\n\t\t\t\t<div class=\"elementor-widget-container\">\n\t\t\t\t\t\t\t\t\t<p style=\"text-align: center;\">6 hydroelectric power stations<\/p>\t\t\t\t\t\t\t\t<\/div>\n\t\t\t\t<\/div>\n\t\t\t\t<div class=\"elementor-element elementor-element-2ae89aa elementor-widget-divider--view-line elementor-widget elementor-widget-divider\" data-id=\"2ae89aa\" data-element_type=\"widget\" data-widget_type=\"divider.default\">\n\t\t\t\t<div class=\"elementor-widget-container\">\n\t\t\t\t\t\t\t<div class=\"elementor-divider\">\n\t\t\t<span class=\"elementor-divider-separator\">\n\t\t\t\t\t\t<\/span>\n\t\t<\/div>\n\t\t\t\t\t\t<\/div>\n\t\t\t\t<\/div>\n\t\t\t\t<div class=\"elementor-element elementor-element-facb681 elementor-widget elementor-widget-text-editor\" data-id=\"facb681\" data-element_type=\"widget\" data-widget_type=\"text-editor.default\">\n\t\t\t\t<div class=\"elementor-widget-container\">\n\t\t\t\t\t\t\t\t\t<p>to be inspected\u00a0<\/p>\t\t\t\t\t\t\t\t<\/div>\n\t\t\t\t<\/div>\n\t\t\t\t<\/div>\n\t\t\t\t\t<\/div>\n\t\t\t\t<\/div>\n\t\t<div class=\"elementor-element elementor-element-dac5cb7 e-flex e-con-boxed e-con e-parent\" data-id=\"dac5cb7\" data-element_type=\"container\">\n\t\t\t\t\t<div class=\"e-con-inner\">\n\t\t\t\t<div class=\"elementor-element elementor-element-a2134c5 elementor-widget__width-initial elementor-widget elementor-widget-text-editor\" data-id=\"a2134c5\" data-element_type=\"widget\" data-widget_type=\"text-editor.default\">\n\t\t\t\t<div class=\"elementor-widget-container\">\n\t\t\t\t\t\t\t\t\t<p>The project consists of the inspection of the civil works of hydroelectric power plants in La Coru\u00f1a. These are the Fervenza hydroelectric power station and dam, together with those at Ponte Oliveira, Castrelo, Santa Eugenia I and II, and Nuevo Pindo.<\/p><p>After visiting various plant locations, a report is drawn up containing a description of each specific civil works site and its condition. This report is accompanied by the corresponding photo gallery. Finally, the work is completed with the opinion of a specialised technical advisor from Altermia.<\/p><p><span style=\"color: #002f53;\"><strong>Location:<\/strong><\/span> La Coru\u00f1a<\/p><p><span style=\"color: #002f53;\"><strong>Date:<\/strong><\/span> 2009<\/p><p><span style=\"color: #002f53;\"><strong>Scope of the project:<\/strong><\/span>\u00a0inspection of civil works related to various hydroelectric power plants<\/p>\t\t\t\t\t\t\t\t<\/div>\n\t\t\t\t<\/div>\n\t\t\t\t\t<\/div>\n\t\t\t\t<\/div>\n\t\t\t\t<\/div>","protected":false},"excerpt":{"rendered":"<p>6 centrales a inspeccionar\u00a0 El proyecto consiste en la inspecci\u00f3n de la obra civil de centrales hidroel\u00e9ctricas en la Coru\u00f1a. \u00c9stas son la central hidroel\u00e9ctrica de Fervenza y la presa, junto con las de Ponte Oliveira, Castrelo, Santa Eugenia I y II, y Nuevo Pindo. Despu\u00e9s de realizar visitas a los diversos emplazamientos de las [&hellip;]<\/p>","protected":false},"author":13,"featured_media":49489,"comment_status":"closed","ping_status":"closed","sticky":false,"template":"","format":"standard","meta":{"footnotes":""},"categories":[68],"tags":[10],"class_list":["post-46287","post","type-post","status-publish","format-standard","has-post-thumbnail","hentry","category-agua","tag-espana"],"yoast_head":"<!-- This site is optimized with the Yoast SEO plugin v26.8 - https:\/\/yoast.com\/product\/yoast-seo-wordpress\/ -->\n<title>Inspecci\u00f3n de centrales hidroel\u00e9ctricas en La Coru\u00f1a - Proes<\/title>\n<meta name=\"robots\" content=\"index, follow, max-snippet:-1, max-image-preview:large, max-video-preview:-1\" \/>\n<link rel=\"canonical\" href=\"https:\/\/www.proes.es\/en\/inspeccion-de-centrales-hidroelectricas-en-la-coruna-2\/\" \/>\n<meta property=\"og:locale\" content=\"en_GB\" \/>\n<meta property=\"og:type\" content=\"article\" \/>\n<meta property=\"og:title\" content=\"Inspecci\u00f3n de centrales hidroel\u00e9ctricas en La Coru\u00f1a - Proes\" \/>\n<meta property=\"og:description\" content=\"6 centrales a inspeccionar\u00a0 El proyecto consiste en la inspecci\u00f3n de la obra civil de centrales hidroel\u00e9ctricas en la Coru\u00f1a. \u00c9stas son la central hidroel\u00e9ctrica de Fervenza y la presa, junto con las de Ponte Oliveira, Castrelo, Santa Eugenia I y II, y Nuevo Pindo. Despu\u00e9s de realizar visitas a los diversos emplazamientos de las [&hellip;]\" \/>\n<meta property=\"og:url\" content=\"https:\/\/www.proes.es\/en\/inspeccion-de-centrales-hidroelectricas-en-la-coruna-2\/\" \/>\n<meta property=\"og:site_name\" content=\"Proes\" \/>\n<meta property=\"article:published_time\" content=\"2024-02-13T12:46:51+00:00\" \/>\n<meta property=\"article:modified_time\" content=\"2026-01-26T13:21:44+00:00\" \/>\n<meta property=\"og:image\" content=\"https:\/\/www.proes.es\/wp-content\/uploads\/2024\/02\/DSCN1951-scaled.jpg\" \/>\n\t<meta property=\"og:image:width\" content=\"2560\" \/>\n\t<meta property=\"og:image:height\" content=\"1920\" \/>\n\t<meta property=\"og:image:type\" content=\"image\/jpeg\" \/>\n<meta name=\"author\" content=\"Maria Victoria Del Pozo Vindel\" \/>\n<meta name=\"twitter:card\" content=\"summary_large_image\" \/>\n<meta name=\"twitter:label1\" content=\"Written by\" \/>\n\t<meta name=\"twitter:data1\" content=\"Maria Victoria Del Pozo Vindel\" \/>\n\t<meta name=\"twitter:label2\" content=\"Estimated reading time\" \/>\n\t<meta name=\"twitter:data2\" content=\"1 minute\" \/>\n<script type=\"application\/ld+json\" class=\"yoast-schema-graph\">{\"@context\":\"https:\/\/schema.org\",\"@graph\":[{\"@type\":\"Article\",\"@id\":\"https:\/\/www.proes.es\/en\/inspeccion-de-centrales-hidroelectricas-en-la-coruna-2\/#article\",\"isPartOf\":{\"@id\":\"https:\/\/www.proes.es\/en\/inspeccion-de-centrales-hidroelectricas-en-la-coruna-2\/\"},\"author\":{\"name\":\"Maria Victoria Del Pozo Vindel\",\"@id\":\"https:\/\/p28223.grupoamper.com\/en\/#\/schema\/person\/97e415e7296dfb24d5c9c8cca875e830\"},\"headline\":\"Inspecci\u00f3n de centrales hidroel\u00e9ctricas en La Coru\u00f1a\",\"datePublished\":\"2024-02-13T12:46:51+00:00\",\"dateModified\":\"2026-01-26T13:21:44+00:00\",\"mainEntityOfPage\":{\"@id\":\"https:\/\/www.proes.es\/en\/inspeccion-de-centrales-hidroelectricas-en-la-coruna-2\/\"},\"wordCount\":143,\"publisher\":{\"@id\":\"https:\/\/p28223.grupoamper.com\/en\/#organization\"},\"image\":{\"@id\":\"https:\/\/www.proes.es\/en\/inspeccion-de-centrales-hidroelectricas-en-la-coruna-2\/#primaryimage\"},\"thumbnailUrl\":\"https:\/\/www.proes.es\/wp-content\/uploads\/2024\/02\/DSCN1951-scaled.jpg\",\"keywords\":[\"Espa\u00f1a\"],\"articleSection\":[\"Agua\"],\"inLanguage\":\"en-GB\"},{\"@type\":\"WebPage\",\"@id\":\"https:\/\/www.proes.es\/en\/inspeccion-de-centrales-hidroelectricas-en-la-coruna-2\/\",\"url\":\"https:\/\/www.proes.es\/en\/inspeccion-de-centrales-hidroelectricas-en-la-coruna-2\/\",\"name\":\"Inspecci\u00f3n de centrales hidroel\u00e9ctricas en La Coru\u00f1a - Proes\",\"isPartOf\":{\"@id\":\"https:\/\/p28223.grupoamper.com\/en\/#website\"},\"primaryImageOfPage\":{\"@id\":\"https:\/\/www.proes.es\/en\/inspeccion-de-centrales-hidroelectricas-en-la-coruna-2\/#primaryimage\"},\"image\":{\"@id\":\"https:\/\/www.proes.es\/en\/inspeccion-de-centrales-hidroelectricas-en-la-coruna-2\/#primaryimage\"},\"thumbnailUrl\":\"https:\/\/www.proes.es\/wp-content\/uploads\/2024\/02\/DSCN1951-scaled.jpg\",\"datePublished\":\"2024-02-13T12:46:51+00:00\",\"dateModified\":\"2026-01-26T13:21:44+00:00\",\"breadcrumb\":{\"@id\":\"https:\/\/www.proes.es\/en\/inspeccion-de-centrales-hidroelectricas-en-la-coruna-2\/#breadcrumb\"},\"inLanguage\":\"en-GB\",\"potentialAction\":[{\"@type\":\"ReadAction\",\"target\":[\"https:\/\/www.proes.es\/en\/inspeccion-de-centrales-hidroelectricas-en-la-coruna-2\/\"]}]},{\"@type\":\"ImageObject\",\"inLanguage\":\"en-GB\",\"@id\":\"https:\/\/www.proes.es\/en\/inspeccion-de-centrales-hidroelectricas-en-la-coruna-2\/#primaryimage\",\"url\":\"https:\/\/www.proes.es\/wp-content\/uploads\/2024\/02\/DSCN1951-scaled.jpg\",\"contentUrl\":\"https:\/\/www.proes.es\/wp-content\/uploads\/2024\/02\/DSCN1951-scaled.jpg\",\"width\":2560,\"height\":1920},{\"@type\":\"BreadcrumbList\",\"@id\":\"https:\/\/www.proes.es\/en\/inspeccion-de-centrales-hidroelectricas-en-la-coruna-2\/#breadcrumb\",\"itemListElement\":[{\"@type\":\"ListItem\",\"position\":1,\"name\":\"Portada\",\"item\":\"https:\/\/p28223.grupoamper.com\/en\/\"},{\"@type\":\"ListItem\",\"position\":2,\"name\":\"Inspecci\u00f3n de centrales hidroel\u00e9ctricas en La Coru\u00f1a\"}]},{\"@type\":\"WebSite\",\"@id\":\"https:\/\/p28223.grupoamper.com\/en\/#website\",\"url\":\"https:\/\/p28223.grupoamper.com\/en\/\",\"name\":\"Proes\",\"description\":\"\",\"publisher\":{\"@id\":\"https:\/\/p28223.grupoamper.com\/en\/#organization\"},\"potentialAction\":[{\"@type\":\"SearchAction\",\"target\":{\"@type\":\"EntryPoint\",\"urlTemplate\":\"https:\/\/p28223.grupoamper.com\/en\/?s={search_term_string}\"},\"query-input\":{\"@type\":\"PropertyValueSpecification\",\"valueRequired\":true,\"valueName\":\"search_term_string\"}}],\"inLanguage\":\"en-GB\"},{\"@type\":\"Organization\",\"@id\":\"https:\/\/p28223.grupoamper.com\/en\/#organization\",\"name\":\"Proes\",\"url\":\"https:\/\/p28223.grupoamper.com\/en\/\",\"logo\":{\"@type\":\"ImageObject\",\"inLanguage\":\"en-GB\",\"@id\":\"https:\/\/p28223.grupoamper.com\/en\/#\/schema\/logo\/image\/\",\"url\":\"https:\/\/www.proes.es\/wp-content\/uploads\/2023\/05\/Logo-Proes.png\",\"contentUrl\":\"https:\/\/www.proes.es\/wp-content\/uploads\/2023\/05\/Logo-Proes.png\",\"width\":520,\"height\":140,\"caption\":\"Proes\"},\"image\":{\"@id\":\"https:\/\/p28223.grupoamper.com\/en\/#\/schema\/logo\/image\/\"}},{\"@type\":\"Person\",\"@id\":\"https:\/\/p28223.grupoamper.com\/en\/#\/schema\/person\/97e415e7296dfb24d5c9c8cca875e830\",\"name\":\"Maria Victoria Del Pozo Vindel\",\"image\":{\"@type\":\"ImageObject\",\"inLanguage\":\"en-GB\",\"@id\":\"https:\/\/p28223.grupoamper.com\/en\/#\/schema\/person\/image\/\",\"url\":\"https:\/\/secure.gravatar.com\/avatar\/c8eb3a2abdf0e175fcb40a96a47283720040014ac5fb9b6ea4658d8d6b726bda?s=96&d=mm&r=g\",\"contentUrl\":\"https:\/\/secure.gravatar.com\/avatar\/c8eb3a2abdf0e175fcb40a96a47283720040014ac5fb9b6ea4658d8d6b726bda?s=96&d=mm&r=g\",\"caption\":\"Maria Victoria Del Pozo Vindel\"},\"sameAs\":[\"https:\/\/Proes\"],\"url\":\"https:\/\/www.proes.es\/en\/author\/marivi-pozo\/\"}]}<\/script>\n<!-- \/ Yoast SEO plugin. -->","yoast_head_json":{"title":"Inspecci\u00f3n de centrales hidroel\u00e9ctricas en La Coru\u00f1a - Proes","robots":{"index":"index","follow":"follow","max-snippet":"max-snippet:-1","max-image-preview":"max-image-preview:large","max-video-preview":"max-video-preview:-1"},"canonical":"https:\/\/www.proes.es\/en\/inspeccion-de-centrales-hidroelectricas-en-la-coruna-2\/","og_locale":"en_GB","og_type":"article","og_title":"Inspecci\u00f3n de centrales hidroel\u00e9ctricas en La Coru\u00f1a - Proes","og_description":"6 centrales a inspeccionar\u00a0 El proyecto consiste en la inspecci\u00f3n de la obra civil de centrales hidroel\u00e9ctricas en la Coru\u00f1a. \u00c9stas son la central hidroel\u00e9ctrica de Fervenza y la presa, junto con las de Ponte Oliveira, Castrelo, Santa Eugenia I y II, y Nuevo Pindo. Despu\u00e9s de realizar visitas a los diversos emplazamientos de las [&hellip;]","og_url":"https:\/\/www.proes.es\/en\/inspeccion-de-centrales-hidroelectricas-en-la-coruna-2\/","og_site_name":"Proes","article_published_time":"2024-02-13T12:46:51+00:00","article_modified_time":"2026-01-26T13:21:44+00:00","og_image":[{"width":2560,"height":1920,"url":"https:\/\/www.proes.es\/wp-content\/uploads\/2024\/02\/DSCN1951-scaled.jpg","type":"image\/jpeg"}],"author":"Maria Victoria Del Pozo Vindel","twitter_card":"summary_large_image","twitter_misc":{"Written by":"Maria Victoria Del Pozo Vindel","Estimated reading time":"1 minute"},"schema":{"@context":"https:\/\/schema.org","@graph":[{"@type":"Article","@id":"https:\/\/www.proes.es\/en\/inspeccion-de-centrales-hidroelectricas-en-la-coruna-2\/#article","isPartOf":{"@id":"https:\/\/www.proes.es\/en\/inspeccion-de-centrales-hidroelectricas-en-la-coruna-2\/"},"author":{"name":"Maria Victoria Del Pozo Vindel","@id":"https:\/\/p28223.grupoamper.com\/en\/#\/schema\/person\/97e415e7296dfb24d5c9c8cca875e830"},"headline":"Inspecci\u00f3n de centrales hidroel\u00e9ctricas en La Coru\u00f1a","datePublished":"2024-02-13T12:46:51+00:00","dateModified":"2026-01-26T13:21:44+00:00","mainEntityOfPage":{"@id":"https:\/\/www.proes.es\/en\/inspeccion-de-centrales-hidroelectricas-en-la-coruna-2\/"},"wordCount":143,"publisher":{"@id":"https:\/\/p28223.grupoamper.com\/en\/#organization"},"image":{"@id":"https:\/\/www.proes.es\/en\/inspeccion-de-centrales-hidroelectricas-en-la-coruna-2\/#primaryimage"},"thumbnailUrl":"https:\/\/www.proes.es\/wp-content\/uploads\/2024\/02\/DSCN1951-scaled.jpg","keywords":["Espa\u00f1a"],"articleSection":["Agua"],"inLanguage":"en-GB"},{"@type":"WebPage","@id":"https:\/\/www.proes.es\/en\/inspeccion-de-centrales-hidroelectricas-en-la-coruna-2\/","url":"https:\/\/www.proes.es\/en\/inspeccion-de-centrales-hidroelectricas-en-la-coruna-2\/","name":"Inspecci\u00f3n de centrales hidroel\u00e9ctricas en La Coru\u00f1a - Proes","isPartOf":{"@id":"https:\/\/p28223.grupoamper.com\/en\/#website"},"primaryImageOfPage":{"@id":"https:\/\/www.proes.es\/en\/inspeccion-de-centrales-hidroelectricas-en-la-coruna-2\/#primaryimage"},"image":{"@id":"https:\/\/www.proes.es\/en\/inspeccion-de-centrales-hidroelectricas-en-la-coruna-2\/#primaryimage"},"thumbnailUrl":"https:\/\/www.proes.es\/wp-content\/uploads\/2024\/02\/DSCN1951-scaled.jpg","datePublished":"2024-02-13T12:46:51+00:00","dateModified":"2026-01-26T13:21:44+00:00","breadcrumb":{"@id":"https:\/\/www.proes.es\/en\/inspeccion-de-centrales-hidroelectricas-en-la-coruna-2\/#breadcrumb"},"inLanguage":"en-GB","potentialAction":[{"@type":"ReadAction","target":["https:\/\/www.proes.es\/en\/inspeccion-de-centrales-hidroelectricas-en-la-coruna-2\/"]}]},{"@type":"ImageObject","inLanguage":"en-GB","@id":"https:\/\/www.proes.es\/en\/inspeccion-de-centrales-hidroelectricas-en-la-coruna-2\/#primaryimage","url":"https:\/\/www.proes.es\/wp-content\/uploads\/2024\/02\/DSCN1951-scaled.jpg","contentUrl":"https:\/\/www.proes.es\/wp-content\/uploads\/2024\/02\/DSCN1951-scaled.jpg","width":2560,"height":1920},{"@type":"BreadcrumbList","@id":"https:\/\/www.proes.es\/en\/inspeccion-de-centrales-hidroelectricas-en-la-coruna-2\/#breadcrumb","itemListElement":[{"@type":"ListItem","position":1,"name":"Portada","item":"https:\/\/p28223.grupoamper.com\/en\/"},{"@type":"ListItem","position":2,"name":"Inspecci\u00f3n de centrales hidroel\u00e9ctricas en La Coru\u00f1a"}]},{"@type":"WebSite","@id":"https:\/\/p28223.grupoamper.com\/en\/#website","url":"https:\/\/p28223.grupoamper.com\/en\/","name":"Proes,","description":"","publisher":{"@id":"https:\/\/p28223.grupoamper.com\/en\/#organization"},"potentialAction":[{"@type":"SearchAction","target":{"@type":"EntryPoint","urlTemplate":"https:\/\/p28223.grupoamper.com\/en\/?s={search_term_string}"},"query-input":{"@type":"PropertyValueSpecification","valueRequired":true,"valueName":"search_term_string"}}],"inLanguage":"en-GB"},{"@type":"Organization","@id":"https:\/\/p28223.grupoamper.com\/en\/#organization","name":"Proes,","url":"https:\/\/p28223.grupoamper.com\/en\/","logo":{"@type":"ImageObject","inLanguage":"en-GB","@id":"https:\/\/p28223.grupoamper.com\/en\/#\/schema\/logo\/image\/","url":"https:\/\/www.proes.es\/wp-content\/uploads\/2023\/05\/Logo-Proes.png","contentUrl":"https:\/\/www.proes.es\/wp-content\/uploads\/2023\/05\/Logo-Proes.png","width":520,"height":140,"caption":"Proes"},"image":{"@id":"https:\/\/p28223.grupoamper.com\/en\/#\/schema\/logo\/image\/"}},{"@type":"Person","@id":"https:\/\/p28223.grupoamper.com\/en\/#\/schema\/person\/97e415e7296dfb24d5c9c8cca875e830","name":"Maria Victoria Del Pozo Vindel","image":{"@type":"ImageObject","inLanguage":"en-GB","@id":"https:\/\/p28223.grupoamper.com\/en\/#\/schema\/person\/image\/","url":"https:\/\/secure.gravatar.com\/avatar\/c8eb3a2abdf0e175fcb40a96a47283720040014ac5fb9b6ea4658d8d6b726bda?s=96&d=mm&r=g","contentUrl":"https:\/\/secure.gravatar.com\/avatar\/c8eb3a2abdf0e175fcb40a96a47283720040014ac5fb9b6ea4658d8d6b726bda?s=96&d=mm&r=g","caption":"Maria Victoria Del Pozo Vindel"},"sameAs":["https:\/\/Proes"],"url":"https:\/\/www.proes.es\/en\/author\/marivi-pozo\/"}]}},"_links":{"self":[{"href":"https:\/\/www.proes.es\/en\/wp-json\/wp\/v2\/posts\/46287","targetHints":{"allow":["GET"]}}],"collection":[{"href":"https:\/\/www.proes.es\/en\/wp-json\/wp\/v2\/posts"}],"about":[{"href":"https:\/\/www.proes.es\/en\/wp-json\/wp\/v2\/types\/post"}],"author":[{"embeddable":true,"href":"https:\/\/www.proes.es\/en\/wp-json\/wp\/v2\/users\/13"}],"replies":[{"embeddable":true,"href":"https:\/\/www.proes.es\/en\/wp-json\/wp\/v2\/comments?post=46287"}],"version-history":[{"count":10,"href":"https:\/\/www.proes.es\/en\/wp-json\/wp\/v2\/posts\/46287\/revisions"}],"predecessor-version":[{"id":49492,"href":"https:\/\/www.proes.es\/en\/wp-json\/wp\/v2\/posts\/46287\/revisions\/49492"}],"wp:featuredmedia":[{"embeddable":true,"href":"https:\/\/www.proes.es\/en\/wp-json\/wp\/v2\/media\/49489"}],"wp:attachment":[{"href":"https:\/\/www.proes.es\/en\/wp-json\/wp\/v2\/media?parent=46287"}],"wp:term":[{"taxonomy":"category","embeddable":true,"href":"https:\/\/www.proes.es\/en\/wp-json\/wp\/v2\/categories?post=46287"},{"taxonomy":"post_tag","embeddable":true,"href":"https:\/\/www.proes.es\/en\/wp-json\/wp\/v2\/tags?post=46287"}],"curies":[{"name":"wp","href":"https:\/\/api.w.org\/{rel}","templated":true}]}}